{"id":49682,"date":"2011-08-06T23:36:23","date_gmt":"2011-08-06T22:36:23","guid":{"rendered":"http:\/\/www.visit-ulcinj.com\/blog\/?p=49682"},"modified":"2011-08-06T23:36:23","modified_gmt":"2011-08-06T22:36:23","slug":"skena-verore-e-ulqinit-hapet-me-balet-klasik","status":"publish","type":"post","link":"https:\/\/www.visit-ulcinj.com\/blog\/2011\/08\/06\/skena-verore-e-ulqinit-hapet-me-balet-klasik\/","title":{"rendered":"Skena verore e Ulqinit hapet me balet klasik"},"content":{"rendered":"<p><a href=\"http:\/\/www.visit-ulcinj.com\/blog\/wp-content\/uploads\/2011\/08\/Skena-verore-e-Ulqinit-2011.jpg\"><img loading=\"lazy\" class=\"alignleft size-full wp-image-49683\" title=\"Skena verore e Ulqinit 2011\" src=\"http:\/\/www.visit-ulcinj.com\/blog\/wp-content\/uploads\/2011\/08\/Skena-verore-e-Ulqinit-2011.jpg\" alt=\"\" width=\"508\" height=\"367\" \/><\/a>Ulqin, 3 gusht &#8211; Para nj\u00eb auditoriumi t\u00eb madh, vendor\u00eb e turist\u00eb, n\u00eb mbr\u00ebmjen e s\u00eb h\u00ebn\u00ebs n\u00eb Kalan\u00eb 2500-vje\u00e7are, nisi festivali kulturor tradicional \u201cSkena verore\u201d. Balerin\u00ebve nga Tirana, me shfaqjen e tyre u takoi t\u00eb shkelnin t\u00eb par\u00ebt sken\u00ebn e vendosur n\u00eb Kala. N\u00eb koreografi t\u00eb Suzana Frash\u00ebrit ata soll\u00ebn nj\u00eb shfaqje t\u00eb baletit klasik. M\u00eb pas skena\u00a0 takoi ansamblin vendor \u201cGrupi i burrave\u201d q\u00eb solli k\u00ebng\u00eb ulqinake. Edicioni i 24-t do t\u00eb zgjas\u00eb 25 dit\u00eb, dhe gjat\u00eb k\u00ebsaj kohe n\u00eb \u201cSken\u00ebn verore\u201d t\u00eb Ulqinit do t\u00eb ngjiten artist\u00eb nga Kosova, Shqip\u00ebria, Ukraina etj. Akademia e Arteve nga Tirana do t\u00eb prezantohet me komedin\u00eb \u201cDuke pritur t\u00eb h\u00ebn\u00ebn\u201d, Teatri AKT nga Prishtina me dram\u00ebn \u201cOficiri im i vog\u00ebl\u201d, \u00c7un Laj\u00e7i me monodram\u00ebn \u201cK\u00ebng\u00ebt e Ali Binakut\u201d, Teatri i Qytetit t\u00eb Prizrenit me mbr\u00ebmjen poetike \u201cIken duke ardhur\u201d, por n\u00eb k\u00ebt\u00eb sken\u00eb do t\u00eb ngjiten edhe ansamble teatrore nga qytete t\u00eb ndryshme t\u00eb Malit t\u00eb Zi. \u201cNdon\u00ebse edhe Ulqinin, sikund\u00ebr edhe mjediset e tjera, e ka p\u00ebrfshir\u00eb kriza financiare, ne n\u00eb asnj\u00eb m\u00ebnyr\u00eb nuk kemi hequr dor\u00eb nga organizimi i festivalit \u2018Skena verore\u2019, sepse \u00ebsht\u00eb simbol i k\u00ebtij qyteti t\u00eb lasht\u00eb\u201d, ka th\u00ebn\u00eb kryetari i Komun\u00ebs s\u00eb Ulqinit, G\u00ebzim Hajdinaga, me rastin e hapjes.<\/p>\n<p>Mbr\u00ebmja letrare multikulturore \u201cPoetika\u201d, karvani me artin krijues t\u00eb femr\u00ebs, t\u00eb organizuar nga OJQ \u201cHarmonia\u201d e Ulqinit, do t\u00eb jet\u00eb po ashtu n\u00eb repertorin e \u201cSken\u00ebs verore\u201d.<\/p>\n<p><strong>KOHA NET<\/strong><\/p>\n","protected":false},"excerpt":{"rendered":"<p>Ulqin, 3 gusht &#8211; Para nj\u00eb auditoriumi t\u00eb madh, vendor\u00eb e turist\u00eb, n\u00eb mbr\u00ebmjen e s\u00eb h\u00ebn\u00ebs n\u00eb Kalan\u00eb 2500-vje\u00e7are, nisi festivali kulturor tradicional \u201cSkena verore\u201d. Balerin\u00ebve nga Tirana, me shfaqjen e tyre u takoi t\u00eb shkelnin t\u00eb par\u00ebt sken\u00ebn e vendosur n\u00eb Kala. N\u00eb koreografi t\u00eb Suzana Frash\u00ebrit ata soll\u00ebn nj\u00eb shfaqje t\u00eb baletit [&hellip;]<\/p>\n","protected":false},"author":1,"featured_media":0,"comment_status":"open","ping_status":"closed","sticky":false,"template":"","format":"standard","meta":{"spay_email":"","jetpack_publicize_message":"","jetpack_is_tweetstorm":false,"jetpack_publicize_feature_enabled":true},"categories":[4],"tags":[18993],"jetpack_publicize_connections":[],"yoast_head":"<!-- This site is optimized with the Yoast SEO plugin v19.1 - https:\/\/yoast.com\/wordpress\/plugins\/seo\/ -->\n<title>Skena verore e Ulqinit hapet me balet klasik - Lajme nga Ulqini<\/title>\n<meta name=\"description\" content=\"Ulqin, 3 gusht - Para nj\u00eb auditoriumi t\u00eb madh, vendor\u00eb e turist\u00eb, n\u00eb mbr\u00ebmjen e s\u00eb h\u00ebn\u00ebs n\u00eb Kalan\u00eb 2500-vje\u00e7are, nisi festivali kulturor tradicional\" \/>\n<meta name=\"robots\" content=\"index, follow, max-snippet:-1, max-image-preview:large, max-video-preview:-1\" \/>\n<link rel=\"canonical\" href=\"https:\/\/www.visit-ulcinj.com\/blog\/2011\/08\/06\/skena-verore-e-ulqinit-hapet-me-balet-klasik\/\" \/>\n<meta property=\"og:locale\" content=\"en_US\" \/>\n<meta property=\"og:type\" content=\"article\" \/>\n<meta property=\"og:title\" content=\"Skena verore e Ulqinit hapet me balet klasik - Lajme nga Ulqini\" \/>\n<meta property=\"og:description\" content=\"Ulqin, 3 gusht - Para nj\u00eb auditoriumi t\u00eb madh, vendor\u00eb e turist\u00eb, n\u00eb mbr\u00ebmjen e s\u00eb h\u00ebn\u00ebs n\u00eb Kalan\u00eb 2500-vje\u00e7are, nisi festivali kulturor tradicional\" \/>\n<meta property=\"og:url\" content=\"https:\/\/www.visit-ulcinj.com\/blog\/2011\/08\/06\/skena-verore-e-ulqinit-hapet-me-balet-klasik\/\" \/>\n<meta property=\"og:site_name\" content=\"Lajme nga Ulqini\" \/>\n<meta property=\"article:published_time\" content=\"2011-08-06T22:36:23+00:00\" \/>\n<meta property=\"og:image\" content=\"http:\/\/www.visit-ulcinj.com\/blog\/wp-content\/uploads\/2011\/08\/Skena-verore-e-Ulqinit-2011.jpg\" \/>\n<meta name=\"twitter:label1\" content=\"Written by\" \/>\n\t<meta name=\"twitter:data1\" content=\"ulqini\" \/>\n\t<meta name=\"twitter:label2\" content=\"Est. reading time\" \/>\n\t<meta name=\"twitter:data2\" content=\"1 minute\" \/>\n<script type=\"application\/ld+json\" class=\"yoast-schema-graph\">{\"@context\":\"https:\/\/schema.org\",\"@graph\":[{\"@type\":\"WebSite\",\"@id\":\"https:\/\/www.visit-ulcinj.com\/blog\/#website\",\"url\":\"https:\/\/www.visit-ulcinj.com\/blog\/\",\"name\":\"Lajme nga Ulqini\",\"description\":\"Lajme,Vijesti,Ulqini,Ulqin,Crna Gora,Mali i Zi\",\"potentialAction\":[{\"@type\":\"SearchAction\",\"target\":{\"@type\":\"EntryPoint\",\"urlTemplate\":\"https:\/\/www.visit-ulcinj.com\/blog\/?s={search_term_string}\"},\"query-input\":\"required name=search_term_string\"}],\"inLanguage\":\"en-US\"},{\"@type\":\"ImageObject\",\"inLanguage\":\"en-US\",\"@id\":\"https:\/\/www.visit-ulcinj.com\/blog\/2011\/08\/06\/skena-verore-e-ulqinit-hapet-me-balet-klasik\/#primaryimage\",\"url\":\"https:\/\/www.visit-ulcinj.com\/blog\/wp-content\/uploads\/2011\/08\/Skena-verore-e-Ulqinit-2011.jpg\",\"contentUrl\":\"https:\/\/www.visit-ulcinj.com\/blog\/wp-content\/uploads\/2011\/08\/Skena-verore-e-Ulqinit-2011.jpg\",\"width\":\"629\",\"height\":\"367\"},{\"@type\":\"WebPage\",\"@id\":\"https:\/\/www.visit-ulcinj.com\/blog\/2011\/08\/06\/skena-verore-e-ulqinit-hapet-me-balet-klasik\/#webpage\",\"url\":\"https:\/\/www.visit-ulcinj.com\/blog\/2011\/08\/06\/skena-verore-e-ulqinit-hapet-me-balet-klasik\/\",\"name\":\"Skena verore e Ulqinit hapet me balet klasik - Lajme nga Ulqini\",\"isPartOf\":{\"@id\":\"https:\/\/www.visit-ulcinj.com\/blog\/#website\"},\"primaryImageOfPage\":{\"@id\":\"https:\/\/www.visit-ulcinj.com\/blog\/2011\/08\/06\/skena-verore-e-ulqinit-hapet-me-balet-klasik\/#primaryimage\"},\"datePublished\":\"2011-08-06T22:36:23+00:00\",\"dateModified\":\"2011-08-06T22:36:23+00:00\",\"author\":{\"@id\":\"https:\/\/www.visit-ulcinj.com\/blog\/#\/schema\/person\/dcab619c614d3038751c63bc2aadc06d\"},\"description\":\"Ulqin, 3 gusht - Para nj\u00eb auditoriumi t\u00eb madh, vendor\u00eb e turist\u00eb, n\u00eb mbr\u00ebmjen e s\u00eb h\u00ebn\u00ebs n\u00eb Kalan\u00eb 2500-vje\u00e7are, nisi festivali kulturor tradicional\",\"breadcrumb\":{\"@id\":\"https:\/\/www.visit-ulcinj.com\/blog\/2011\/08\/06\/skena-verore-e-ulqinit-hapet-me-balet-klasik\/#breadcrumb\"},\"inLanguage\":\"en-US\",\"potentialAction\":[{\"@type\":\"ReadAction\",\"target\":[\"https:\/\/www.visit-ulcinj.com\/blog\/2011\/08\/06\/skena-verore-e-ulqinit-hapet-me-balet-klasik\/\"]}]},{\"@type\":\"BreadcrumbList\",\"@id\":\"https:\/\/www.visit-ulcinj.com\/blog\/2011\/08\/06\/skena-verore-e-ulqinit-hapet-me-balet-klasik\/#breadcrumb\",\"itemListElement\":[{\"@type\":\"ListItem\",\"position\":1,\"name\":\"Skena verore e Ulqinit hapet me balet klasik\"}]},{\"@type\":\"Person\",\"@id\":\"https:\/\/www.visit-ulcinj.com\/blog\/#\/schema\/person\/dcab619c614d3038751c63bc2aadc06d\",\"name\":\"ulqini\",\"sameAs\":[\"http:\/\/www.visit-ulcinj.com\"],\"url\":\"https:\/\/www.visit-ulcinj.com\/blog\/author\/admin\/\"}]}<\/script>\n<!-- \/ Yoast SEO plugin. -->","yoast_head_json":{"title":"Skena verore e Ulqinit hapet me balet klasik - Lajme nga Ulqini","description":"Ulqin, 3 gusht - Para nj\u00eb auditoriumi t\u00eb madh, vendor\u00eb e turist\u00eb, n\u00eb mbr\u00ebmjen e s\u00eb h\u00ebn\u00ebs n\u00eb Kalan\u00eb 2500-vje\u00e7are, nisi festivali kulturor tradicional","robots":{"index":"index","follow":"follow","max-snippet":"max-snippet:-1","max-image-preview":"max-image-preview:large","max-video-preview":"max-video-preview:-1"},"canonical":"https:\/\/www.visit-ulcinj.com\/blog\/2011\/08\/06\/skena-verore-e-ulqinit-hapet-me-balet-klasik\/","og_locale":"en_US","og_type":"article","og_title":"Skena verore e Ulqinit hapet me balet klasik - Lajme nga Ulqini","og_description":"Ulqin, 3 gusht - Para nj\u00eb auditoriumi t\u00eb madh, vendor\u00eb e turist\u00eb, n\u00eb mbr\u00ebmjen e s\u00eb h\u00ebn\u00ebs n\u00eb Kalan\u00eb 2500-vje\u00e7are, nisi festivali kulturor tradicional","og_url":"https:\/\/www.visit-ulcinj.com\/blog\/2011\/08\/06\/skena-verore-e-ulqinit-hapet-me-balet-klasik\/","og_site_name":"Lajme nga Ulqini","article_published_time":"2011-08-06T22:36:23+00:00","og_image":[{"url":"http:\/\/www.visit-ulcinj.com\/blog\/wp-content\/uploads\/2011\/08\/Skena-verore-e-Ulqinit-2011.jpg"}],"twitter_misc":{"Written by":"ulqini","Est. reading time":"1 minute"},"schema":{"@context":"https:\/\/schema.org","@graph":[{"@type":"WebSite","@id":"https:\/\/www.visit-ulcinj.com\/blog\/#website","url":"https:\/\/www.visit-ulcinj.com\/blog\/","name":"Lajme nga Ulqini","description":"Lajme,Vijesti,Ulqini,Ulqin,Crna Gora,Mali i Zi","potentialAction":[{"@type":"SearchAction","target":{"@type":"EntryPoint","urlTemplate":"https:\/\/www.visit-ulcinj.com\/blog\/?s={search_term_string}"},"query-input":"required name=search_term_string"}],"inLanguage":"en-US"},{"@type":"ImageObject","inLanguage":"en-US","@id":"https:\/\/www.visit-ulcinj.com\/blog\/2011\/08\/06\/skena-verore-e-ulqinit-hapet-me-balet-klasik\/#primaryimage","url":"https:\/\/www.visit-ulcinj.com\/blog\/wp-content\/uploads\/2011\/08\/Skena-verore-e-Ulqinit-2011.jpg","contentUrl":"https:\/\/www.visit-ulcinj.com\/blog\/wp-content\/uploads\/2011\/08\/Skena-verore-e-Ulqinit-2011.jpg","width":"629","height":"367"},{"@type":"WebPage","@id":"https:\/\/www.visit-ulcinj.com\/blog\/2011\/08\/06\/skena-verore-e-ulqinit-hapet-me-balet-klasik\/#webpage","url":"https:\/\/www.visit-ulcinj.com\/blog\/2011\/08\/06\/skena-verore-e-ulqinit-hapet-me-balet-klasik\/","name":"Skena verore e Ulqinit hapet me balet klasik - Lajme nga Ulqini","isPartOf":{"@id":"https:\/\/www.visit-ulcinj.com\/blog\/#website"},"primaryImageOfPage":{"@id":"https:\/\/www.visit-ulcinj.com\/blog\/2011\/08\/06\/skena-verore-e-ulqinit-hapet-me-balet-klasik\/#primaryimage"},"datePublished":"2011-08-06T22:36:23+00:00","dateModified":"2011-08-06T22:36:23+00:00","author":{"@id":"https:\/\/www.visit-ulcinj.com\/blog\/#\/schema\/person\/dcab619c614d3038751c63bc2aadc06d"},"description":"Ulqin, 3 gusht - Para nj\u00eb auditoriumi t\u00eb madh, vendor\u00eb e turist\u00eb, n\u00eb mbr\u00ebmjen e s\u00eb h\u00ebn\u00ebs n\u00eb Kalan\u00eb 2500-vje\u00e7are, nisi festivali kulturor tradicional","breadcrumb":{"@id":"https:\/\/www.visit-ulcinj.com\/blog\/2011\/08\/06\/skena-verore-e-ulqinit-hapet-me-balet-klasik\/#breadcrumb"},"inLanguage":"en-US","potentialAction":[{"@type":"ReadAction","target":["https:\/\/www.visit-ulcinj.com\/blog\/2011\/08\/06\/skena-verore-e-ulqinit-hapet-me-balet-klasik\/"]}]},{"@type":"BreadcrumbList","@id":"https:\/\/www.visit-ulcinj.com\/blog\/2011\/08\/06\/skena-verore-e-ulqinit-hapet-me-balet-klasik\/#breadcrumb","itemListElement":[{"@type":"ListItem","position":1,"name":"Skena verore e Ulqinit hapet me balet klasik"}]},{"@type":"Person","@id":"https:\/\/www.visit-ulcinj.com\/blog\/#\/schema\/person\/dcab619c614d3038751c63bc2aadc06d","name":"ulqini","sameAs":["http:\/\/www.visit-ulcinj.com"],"url":"https:\/\/www.visit-ulcinj.com\/blog\/author\/admin\/"}]}},"jetpack_featured_media_url":"","jetpack_sharing_enabled":true,"jetpack_shortlink":"https:\/\/wp.me\/pe6lTn-cVk","_links":{"self":[{"href":"https:\/\/www.visit-ulcinj.com\/blog\/wp-json\/wp\/v2\/posts\/49682"}],"collection":[{"href":"https:\/\/www.visit-ulcinj.com\/blog\/wp-json\/wp\/v2\/posts"}],"about":[{"href":"https:\/\/www.visit-ulcinj.com\/blog\/wp-json\/wp\/v2\/types\/post"}],"author":[{"embeddable":true,"href":"https:\/\/www.visit-ulcinj.com\/blog\/wp-json\/wp\/v2\/users\/1"}],"replies":[{"embeddable":true,"href":"https:\/\/www.visit-ulcinj.com\/blog\/wp-json\/wp\/v2\/comments?post=49682"}],"version-history":[{"count":1,"href":"https:\/\/www.visit-ulcinj.com\/blog\/wp-json\/wp\/v2\/posts\/49682\/revisions"}],"predecessor-version":[{"id":49684,"href":"https:\/\/www.visit-ulcinj.com\/blog\/wp-json\/wp\/v2\/posts\/49682\/revisions\/49684"}],"wp:attachment":[{"href":"https:\/\/www.visit-ulcinj.com\/blog\/wp-json\/wp\/v2\/media?parent=49682"}],"wp:term":[{"taxonomy":"category","embeddable":true,"href":"https:\/\/www.visit-ulcinj.com\/blog\/wp-json\/wp\/v2\/categories?post=49682"},{"taxonomy":"post_tag","embeddable":true,"href":"https:\/\/www.visit-ulcinj.com\/blog\/wp-json\/wp\/v2\/tags?post=49682"}],"curies":[{"name":"wp","href":"https:\/\/api.w.org\/{rel}","templated":true}]}}