{"id":49685,"date":"2011-08-06T23:47:35","date_gmt":"2011-08-06T22:47:35","guid":{"rendered":"http:\/\/www.visit-ulcinj.com\/blog\/?p=49685"},"modified":"2011-08-06T23:48:25","modified_gmt":"2011-08-06T22:48:25","slug":"perurohet-linja-400-kw-shqiperi-mali-i-zi","status":"publish","type":"post","link":"https:\/\/www.visit-ulcinj.com\/blog\/2011\/08\/06\/perurohet-linja-400-kw-shqiperi-mali-i-zi\/","title":{"rendered":"P\u00ebrurohet linja 400 kw Shqip\u00ebri-Mali i Zi"},"content":{"rendered":"<p><strong><a href=\"http:\/\/www.visit-ulcinj.com\/blog\/wp-content\/uploads\/2011\/08\/P\u00ebrurohet-linja-400-kw-Shqip\u00ebri-Mali-i-Zi.jpg\"><img loading=\"lazy\" class=\"alignleft size-full wp-image-49686\" title=\"P\u00ebrurohet linja 400 kw Shqip\u00ebri-Mali i Zi\" src=\"http:\/\/www.visit-ulcinj.com\/blog\/wp-content\/uploads\/2011\/08\/P\u00ebrurohet-linja-400-kw-Shqip\u00ebri-Mali-i-Zi.jpg\" alt=\"\" width=\"490\" height=\"292\" \/><\/a>Kryeministri Sali Berisha ka marr\u00eb pjes\u00eb n\u00eb ceremonin\u00eb e p\u00ebrurimit t\u00eb linj\u00ebs s\u00eb transmetimit 400 kilovolt Shqip\u00ebri-Mal i Zi, t\u00eb cilin ai e quajti startin e realizimit t\u00eb nj\u00eb projekti madhor p\u00ebr zhvillimin e vendit n\u00eb fush\u00ebn e energjis\u00eb.<\/strong><\/p>\n<p>Investimi me vler\u00eb 43 milion\u00eb euro i financuar nga qeveria gjermane sipas kryeministrit \u00ebsht\u00eb nj\u00eb tjet\u00ebr element i r\u00ebnd\u00ebsish\u00ebm n\u00eb projektin e qeveris\u00eb \u201cShqiperia vend i zhvilluar deri n\u00eb 2017\u201d.<\/p>\n<p>\u201cS\u00eb shpejti do t\u00eb filloj\u00eb punimet p\u00ebr linj\u00ebn me Kosov\u00ebn, Tiran\u00eb-Prishtin\u00eb dhe m\u00eb pas Tiran\u00eb-Shkup, Unaza e Jugut dhe disa rind\u00ebrtime t\u00eb tjera p\u00ebr rrjetin energjitik, e b\u00ebjn\u00eb Shqip\u00ebrin\u00eb me nj\u00eb sistem energjitik p\u00ebr t\u00eb mb\u00ebshtetur plot\u00ebsisht rritjen dhe zhvillimin e shpejt\u00eb, por jan\u00eb dhe nj\u00eb baz\u00eb e shk\u00eblqyer p\u00ebr realizmin e nj\u00eb projekti t\u00eb ve\u00e7ant\u00eb. Shqip\u00ebria superfuqi e vog\u00ebl energjitike n\u00eb rajon\u201d, tha kryeministri Berisha.<\/p>\n<p>Kryeministri Berisha tha se qeveria do t\u00eb vazhdoj\u00eb investimet n\u00eb k\u00ebt\u00eb fush\u00eb p\u00ebrmes t\u00eb cilave sipas tij do t\u00eb finalizohet nj\u00eb tjet\u00ebr projekt \u201cShqip\u00ebria superfuqi e vog\u00ebl energjitike n\u00eb Ballkan\u201d.<\/p>\n<p><strong>TOP CHANNEL<br \/>\n<!--YouTube Error: bad URL entered-->\u00a0<\/strong><\/p>\n","protected":false},"excerpt":{"rendered":"<p>Kryeministri Sali Berisha ka marr\u00eb pjes\u00eb n\u00eb ceremonin\u00eb e p\u00ebrurimit t\u00eb linj\u00ebs s\u00eb transmetimit 400 kilovolt Shqip\u00ebri-Mal i Zi, t\u00eb cilin ai e quajti startin e realizimit t\u00eb nj\u00eb projekti madhor p\u00ebr zhvillimin e vendit n\u00eb fush\u00ebn e energjis\u00eb. Investimi me vler\u00eb 43 milion\u00eb euro i financuar nga qeveria gjermane sipas kryeministrit \u00ebsht\u00eb nj\u00eb tjet\u00ebr [&hellip;]<\/p>\n","protected":false},"author":1,"featured_media":0,"comment_status":"open","ping_status":"closed","sticky":false,"template":"","format":"standard","meta":{"spay_email":"","jetpack_publicize_message":"","jetpack_is_tweetstorm":false,"jetpack_publicize_feature_enabled":true},"categories":[10],"tags":[95,354],"jetpack_publicize_connections":[],"yoast_head":"<!-- This site is optimized with the Yoast SEO plugin v19.1 - https:\/\/yoast.com\/wordpress\/plugins\/seo\/ -->\n<title>P\u00ebrurohet linja 400 kw Shqip\u00ebri-Mali i Zi - Lajme nga Ulqini<\/title>\n<meta name=\"description\" content=\"Kryeministri Sali Berisha ka marr\u00eb pjes\u00eb n\u00eb ceremonin\u00eb e p\u00ebrurimit t\u00eb linj\u00ebs s\u00eb transmetimit 400 kilovolt Shqip\u00ebri-Mal i Zi, t\u00eb cilin ai e quajti startin\" \/>\n<meta name=\"robots\" content=\"index, follow, max-snippet:-1, max-image-preview:large, max-video-preview:-1\" \/>\n<link rel=\"canonical\" href=\"https:\/\/www.visit-ulcinj.com\/blog\/2011\/08\/06\/perurohet-linja-400-kw-shqiperi-mali-i-zi\/\" \/>\n<meta property=\"og:locale\" content=\"en_US\" \/>\n<meta property=\"og:type\" content=\"article\" \/>\n<meta property=\"og:title\" content=\"P\u00ebrurohet linja 400 kw Shqip\u00ebri-Mali i Zi - Lajme nga Ulqini\" \/>\n<meta property=\"og:description\" content=\"Kryeministri Sali Berisha ka marr\u00eb pjes\u00eb n\u00eb ceremonin\u00eb e p\u00ebrurimit t\u00eb linj\u00ebs s\u00eb transmetimit 400 kilovolt Shqip\u00ebri-Mal i Zi, t\u00eb cilin ai e quajti startin\" \/>\n<meta property=\"og:url\" content=\"https:\/\/www.visit-ulcinj.com\/blog\/2011\/08\/06\/perurohet-linja-400-kw-shqiperi-mali-i-zi\/\" \/>\n<meta property=\"og:site_name\" content=\"Lajme nga Ulqini\" \/>\n<meta property=\"article:published_time\" content=\"2011-08-06T22:47:35+00:00\" \/>\n<meta property=\"article:modified_time\" content=\"2011-08-06T22:48:25+00:00\" \/>\n<meta name=\"twitter:label1\" content=\"Written by\" \/>\n\t<meta name=\"twitter:data1\" content=\"ulqini\" \/>\n\t<meta name=\"twitter:label2\" content=\"Est. reading time\" \/>\n\t<meta name=\"twitter:data2\" content=\"1 minute\" \/>\n<script type=\"application\/ld+json\" class=\"yoast-schema-graph\">{\"@context\":\"https:\/\/schema.org\",\"@graph\":[{\"@type\":\"WebSite\",\"@id\":\"https:\/\/www.visit-ulcinj.com\/blog\/#website\",\"url\":\"https:\/\/www.visit-ulcinj.com\/blog\/\",\"name\":\"Lajme nga Ulqini\",\"description\":\"Lajme,Vijesti,Ulqini,Ulqin,Crna Gora,Mali i Zi\",\"potentialAction\":[{\"@type\":\"SearchAction\",\"target\":{\"@type\":\"EntryPoint\",\"urlTemplate\":\"https:\/\/www.visit-ulcinj.com\/blog\/?s={search_term_string}\"},\"query-input\":\"required name=search_term_string\"}],\"inLanguage\":\"en-US\"},{\"@type\":\"WebPage\",\"@id\":\"https:\/\/www.visit-ulcinj.com\/blog\/2011\/08\/06\/perurohet-linja-400-kw-shqiperi-mali-i-zi\/#webpage\",\"url\":\"https:\/\/www.visit-ulcinj.com\/blog\/2011\/08\/06\/perurohet-linja-400-kw-shqiperi-mali-i-zi\/\",\"name\":\"P\u00ebrurohet linja 400 kw Shqip\u00ebri-Mali i Zi - Lajme nga Ulqini\",\"isPartOf\":{\"@id\":\"https:\/\/www.visit-ulcinj.com\/blog\/#website\"},\"datePublished\":\"2011-08-06T22:47:35+00:00\",\"dateModified\":\"2011-08-06T22:48:25+00:00\",\"author\":{\"@id\":\"https:\/\/www.visit-ulcinj.com\/blog\/#\/schema\/person\/dcab619c614d3038751c63bc2aadc06d\"},\"description\":\"Kryeministri Sali Berisha ka marr\u00eb pjes\u00eb n\u00eb ceremonin\u00eb e p\u00ebrurimit t\u00eb linj\u00ebs s\u00eb transmetimit 400 kilovolt Shqip\u00ebri-Mal i Zi, t\u00eb cilin ai e quajti startin\",\"breadcrumb\":{\"@id\":\"https:\/\/www.visit-ulcinj.com\/blog\/2011\/08\/06\/perurohet-linja-400-kw-shqiperi-mali-i-zi\/#breadcrumb\"},\"inLanguage\":\"en-US\",\"potentialAction\":[{\"@type\":\"ReadAction\",\"target\":[\"https:\/\/www.visit-ulcinj.com\/blog\/2011\/08\/06\/perurohet-linja-400-kw-shqiperi-mali-i-zi\/\"]}]},{\"@type\":\"BreadcrumbList\",\"@id\":\"https:\/\/www.visit-ulcinj.com\/blog\/2011\/08\/06\/perurohet-linja-400-kw-shqiperi-mali-i-zi\/#breadcrumb\",\"itemListElement\":[{\"@type\":\"ListItem\",\"position\":1,\"name\":\"P\u00ebrurohet linja 400 kw Shqip\u00ebri-Mali i Zi\"}]},{\"@type\":\"Person\",\"@id\":\"https:\/\/www.visit-ulcinj.com\/blog\/#\/schema\/person\/dcab619c614d3038751c63bc2aadc06d\",\"name\":\"ulqini\",\"sameAs\":[\"http:\/\/www.visit-ulcinj.com\"],\"url\":\"https:\/\/www.visit-ulcinj.com\/blog\/author\/admin\/\"}]}<\/script>\n<!-- \/ Yoast SEO plugin. -->","yoast_head_json":{"title":"P\u00ebrurohet linja 400 kw Shqip\u00ebri-Mali i Zi - Lajme nga Ulqini","description":"Kryeministri Sali Berisha ka marr\u00eb pjes\u00eb n\u00eb ceremonin\u00eb e p\u00ebrurimit t\u00eb linj\u00ebs s\u00eb transmetimit 400 kilovolt Shqip\u00ebri-Mal i Zi, t\u00eb cilin ai e quajti startin","robots":{"index":"index","follow":"follow","max-snippet":"max-snippet:-1","max-image-preview":"max-image-preview:large","max-video-preview":"max-video-preview:-1"},"canonical":"https:\/\/www.visit-ulcinj.com\/blog\/2011\/08\/06\/perurohet-linja-400-kw-shqiperi-mali-i-zi\/","og_locale":"en_US","og_type":"article","og_title":"P\u00ebrurohet linja 400 kw Shqip\u00ebri-Mali i Zi - Lajme nga Ulqini","og_description":"Kryeministri Sali Berisha ka marr\u00eb pjes\u00eb n\u00eb ceremonin\u00eb e p\u00ebrurimit t\u00eb linj\u00ebs s\u00eb transmetimit 400 kilovolt Shqip\u00ebri-Mal i Zi, t\u00eb cilin ai e quajti startin","og_url":"https:\/\/www.visit-ulcinj.com\/blog\/2011\/08\/06\/perurohet-linja-400-kw-shqiperi-mali-i-zi\/","og_site_name":"Lajme nga Ulqini","article_published_time":"2011-08-06T22:47:35+00:00","article_modified_time":"2011-08-06T22:48:25+00:00","twitter_misc":{"Written by":"ulqini","Est. reading time":"1 minute"},"schema":{"@context":"https:\/\/schema.org","@graph":[{"@type":"WebSite","@id":"https:\/\/www.visit-ulcinj.com\/blog\/#website","url":"https:\/\/www.visit-ulcinj.com\/blog\/","name":"Lajme nga Ulqini","description":"Lajme,Vijesti,Ulqini,Ulqin,Crna Gora,Mali i Zi","potentialAction":[{"@type":"SearchAction","target":{"@type":"EntryPoint","urlTemplate":"https:\/\/www.visit-ulcinj.com\/blog\/?s={search_term_string}"},"query-input":"required name=search_term_string"}],"inLanguage":"en-US"},{"@type":"WebPage","@id":"https:\/\/www.visit-ulcinj.com\/blog\/2011\/08\/06\/perurohet-linja-400-kw-shqiperi-mali-i-zi\/#webpage","url":"https:\/\/www.visit-ulcinj.com\/blog\/2011\/08\/06\/perurohet-linja-400-kw-shqiperi-mali-i-zi\/","name":"P\u00ebrurohet linja 400 kw Shqip\u00ebri-Mali i Zi - Lajme nga Ulqini","isPartOf":{"@id":"https:\/\/www.visit-ulcinj.com\/blog\/#website"},"datePublished":"2011-08-06T22:47:35+00:00","dateModified":"2011-08-06T22:48:25+00:00","author":{"@id":"https:\/\/www.visit-ulcinj.com\/blog\/#\/schema\/person\/dcab619c614d3038751c63bc2aadc06d"},"description":"Kryeministri Sali Berisha ka marr\u00eb pjes\u00eb n\u00eb ceremonin\u00eb e p\u00ebrurimit t\u00eb linj\u00ebs s\u00eb transmetimit 400 kilovolt Shqip\u00ebri-Mal i Zi, t\u00eb cilin ai e quajti startin","breadcrumb":{"@id":"https:\/\/www.visit-ulcinj.com\/blog\/2011\/08\/06\/perurohet-linja-400-kw-shqiperi-mali-i-zi\/#breadcrumb"},"inLanguage":"en-US","potentialAction":[{"@type":"ReadAction","target":["https:\/\/www.visit-ulcinj.com\/blog\/2011\/08\/06\/perurohet-linja-400-kw-shqiperi-mali-i-zi\/"]}]},{"@type":"BreadcrumbList","@id":"https:\/\/www.visit-ulcinj.com\/blog\/2011\/08\/06\/perurohet-linja-400-kw-shqiperi-mali-i-zi\/#breadcrumb","itemListElement":[{"@type":"ListItem","position":1,"name":"P\u00ebrurohet linja 400 kw Shqip\u00ebri-Mali i Zi"}]},{"@type":"Person","@id":"https:\/\/www.visit-ulcinj.com\/blog\/#\/schema\/person\/dcab619c614d3038751c63bc2aadc06d","name":"ulqini","sameAs":["http:\/\/www.visit-ulcinj.com"],"url":"https:\/\/www.visit-ulcinj.com\/blog\/author\/admin\/"}]}},"jetpack_featured_media_url":"","jetpack_sharing_enabled":true,"jetpack_shortlink":"https:\/\/wp.me\/pe6lTn-cVn","_links":{"self":[{"href":"https:\/\/www.visit-ulcinj.com\/blog\/wp-json\/wp\/v2\/posts\/49685"}],"collection":[{"href":"https:\/\/www.visit-ulcinj.com\/blog\/wp-json\/wp\/v2\/posts"}],"about":[{"href":"https:\/\/www.visit-ulcinj.com\/blog\/wp-json\/wp\/v2\/types\/post"}],"author":[{"embeddable":true,"href":"https:\/\/www.visit-ulcinj.com\/blog\/wp-json\/wp\/v2\/users\/1"}],"replies":[{"embeddable":true,"href":"https:\/\/www.visit-ulcinj.com\/blog\/wp-json\/wp\/v2\/comments?post=49685"}],"version-history":[{"count":4,"href":"https:\/\/www.visit-ulcinj.com\/blog\/wp-json\/wp\/v2\/posts\/49685\/revisions"}],"predecessor-version":[{"id":49690,"href":"https:\/\/www.visit-ulcinj.com\/blog\/wp-json\/wp\/v2\/posts\/49685\/revisions\/49690"}],"wp:attachment":[{"href":"https:\/\/www.visit-ulcinj.com\/blog\/wp-json\/wp\/v2\/media?parent=49685"}],"wp:term":[{"taxonomy":"category","embeddable":true,"href":"https:\/\/www.visit-ulcinj.com\/blog\/wp-json\/wp\/v2\/categories?post=49685"},{"taxonomy":"post_tag","embeddable":true,"href":"https:\/\/www.visit-ulcinj.com\/blog\/wp-json\/wp\/v2\/tags?post=49685"}],"curies":[{"name":"wp","href":"https:\/\/api.w.org\/{rel}","templated":true}]}}