{"id":497,"date":"2008-02-12T13:04:39","date_gmt":"2008-02-12T18:04:39","guid":{"rendered":"http:\/\/www.visit-ulcinj.com\/blog\/2008\/02\/12\/kryetari-i-ld-ne-mz-mehmet-bardhi-pershendet-fitoren-e-boris-tadiqit-ne-zgjedhjet-presidenciale-ne-serbi\/"},"modified":"2008-02-15T17:15:08","modified_gmt":"2008-02-15T22:15:08","slug":"kryetari-i-ld-ne-mz-mehmet-bardhi-pershendet-fitoren-e-boris-tadiqit-ne-zgjedhjet-presidenciale-ne-serbi","status":"publish","type":"post","link":"https:\/\/www.visit-ulcinj.com\/blog\/2008\/02\/12\/kryetari-i-ld-ne-mz-mehmet-bardhi-pershendet-fitoren-e-boris-tadiqit-ne-zgjedhjet-presidenciale-ne-serbi\/","title":{"rendered":"Kryetari i LD n\u00eb MZ, Mehmet Bardhi, p\u00ebrsh\u00ebndet fitoren e boris tadiqit n\u00eb zgjedhjet presidenciale n\u00eb serbi"},"content":{"rendered":"<p><strong>Fitore kund\u00ebr izolimit<\/strong><\/p>\n<p><font size=\"2\" face=\"Verdana\"><a href=\"http:\/\/www.visit-ulcinj.com\/blog\/wp-content\/uploads\/2008\/02\/mehmet-bardhi1.jpg\" title=\"Mehmet Bardhi1\"><\/a><img loading=\"lazy\" border=\"0\" vspace=\"2\" align=\"left\" width=\"140\" src=\"http:\/\/www.visit-ulcinj.com\/blog\/wp-content\/uploads\/2008\/02\/mehmet-bardhi1.thumbnail.jpg\" hspace=\"2\" alt=\"Mehmet Bardhi1\" height=\"140\" \/>Ulqin &#8211; Kryetari i LD n\u00eb MZ, Mehmet Bardhi, ka p\u00ebrsh\u00ebndetur rizgjedhjen e Boris Tadiqit p\u00ebr kryetar t\u00eb Serbis\u00eb, duke th\u00ebn\u00eb se kjo p\u00ebr momentin mund t\u00eb jet\u00eb m\u00eb shum\u00eb se fitore.<br \/>\n&#8220;Fitorja e ngusht\u00eb e kryetarit t\u00eb deritash\u00ebm Tadiq, p\u00ebr m\u00eb tep\u00ebr ndaj Tomisllav Nikoliqit, p\u00ebrfaq\u00ebsuesit t\u00eb radikalit Sheshel, n\u00eb k\u00ebt\u00eb koh\u00eb mund t\u00eb jet\u00eb m\u00eb tep\u00ebr se fitore, ndoshta jo aq e fuqishme sa do t\u00eb duhej t\u00eb ishte p\u00ebrcaktimi politik proeuropian, por q\u00eb sigurisht p\u00ebrb\u00ebn fitore kund\u00ebr <!--more-->izolimit&#8221;, ka th\u00ebn\u00eb Bardhi.<br \/>\nSipas tij, Serbia ka shp\u00ebtuar edhe nj\u00eb her\u00eb n\u00eb momentin e fundit.<br \/>\n&#8220;Me k\u00ebt\u00eb Serbia ka treguar se megjithat\u00eb shumica \u00ebsht\u00eb e orientuar drejt rrug\u00ebs europiane&#8221;, \u00ebsht\u00eb shprehur Bardhi.<br \/>\nKryetari i LD n\u00eb MZ e ka ftuar Presidentin serb Tadiq q\u00eb t\u00eb pranoj\u00eb realitetin dhe t\u00eb njoh\u00eb pavar\u00ebsin\u00eb e Kosov\u00ebs.<br \/>\n&#8220;Mendoj se presidenti Tadiq duhet t\u00eb gjej\u00eb fuqin\u00eb politike dhe vullnetin njer\u00ebzor q\u00eb Serbia t`i pranoj\u00eb fqinjt\u00eb ashtu si\u00e7 jan\u00eb dhe se \u00ebsht\u00eb koha e fundit q\u00eb t\u00eb pranoj\u00eb dhe t`u tregoj\u00eb t\u00eb gjith\u00ebve se ka vend q\u00eb t\u00eb sundoj\u00eb e drejta. Realiteti \u00ebsht\u00eb fakt. Kosova nuk \u00ebsht\u00eb pjes\u00eb e Serbis\u00eb. Kosova \u00ebsht\u00eb p\u00ebrcaktuar qart\u00eb p\u00ebr integrimet euroatlantike. Mendoj se as Serbia nuk duhet t\u00eb zgjedh\u00eb ndonj\u00eb rrug\u00eb t\u00eb gabuar. Edhe Serbia e ka vendin n\u00eb Europ\u00ebn e bashkuar demokratike dhe t\u00eb prosperuar&#8221;, ka th\u00ebn\u00eb Bardhi.<\/font><font size=\"2\" face=\"Verdana\">(Kohapress)<\/font><\/p>\n","protected":false},"excerpt":{"rendered":"<p><img width=\"140\" height=\"140 \"src=\"http:\/\/www.visit-ulcinj.com\/blog\/wp-content\/uploads\/2008\/02\/mehmet-bardhi1.thumbnail.jpg\"  alt=\"Mehmet Bardhi1\"><\/p>\n","protected":false},"author":1,"featured_media":0,"comment_status":"open","ping_status":"closed","sticky":false,"template":"","format":"standard","meta":{"spay_email":"","jetpack_publicize_message":"","jetpack_is_tweetstorm":false,"jetpack_publicize_feature_enabled":true},"categories":[12],"tags":[1422,1425,1130,49,325,503,896,1424,1423,347,792,1131,200],"jetpack_publicize_connections":[],"yoast_head":"<!-- This site is optimized with the Yoast SEO plugin v19.1 - https:\/\/yoast.com\/wordpress\/plugins\/seo\/ -->\n<title>Kryetari i LD n\u00eb MZ, Mehmet Bardhi, p\u00ebrsh\u00ebndet fitoren e boris tadiqit n\u00eb zgjedhjet presidenciale n\u00eb serbi - Lajme nga Ulqini<\/title>\n<meta name=\"robots\" content=\"index, follow, max-snippet:-1, max-image-preview:large, max-video-preview:-1\" \/>\n<link rel=\"canonical\" href=\"https:\/\/www.visit-ulcinj.com\/blog\/2008\/02\/12\/kryetari-i-ld-ne-mz-mehmet-bardhi-pershendet-fitoren-e-boris-tadiqit-ne-zgjedhjet-presidenciale-ne-serbi\/\" \/>\n<meta property=\"og:locale\" content=\"en_US\" \/>\n<meta property=\"og:type\" content=\"article\" \/>\n<meta property=\"og:title\" content=\"Kryetari i LD n\u00eb MZ, Mehmet Bardhi, p\u00ebrsh\u00ebndet fitoren e boris tadiqit n\u00eb zgjedhjet presidenciale n\u00eb serbi - Lajme nga Ulqini\" \/>\n<meta property=\"og:url\" content=\"https:\/\/www.visit-ulcinj.com\/blog\/2008\/02\/12\/kryetari-i-ld-ne-mz-mehmet-bardhi-pershendet-fitoren-e-boris-tadiqit-ne-zgjedhjet-presidenciale-ne-serbi\/\" \/>\n<meta property=\"og:site_name\" content=\"Lajme nga Ulqini\" \/>\n<meta property=\"article:published_time\" content=\"2008-02-12T18:04:39+00:00\" \/>\n<meta property=\"article:modified_time\" content=\"2008-02-15T22:15:08+00:00\" \/>\n<meta property=\"og:image\" content=\"http:\/\/www.visit-ulcinj.com\/blog\/wp-content\/uploads\/2008\/02\/mehmet-bardhi1.thumbnail.jpg\" \/>\n<meta name=\"twitter:label1\" content=\"Written by\" \/>\n\t<meta name=\"twitter:data1\" content=\"ulqini\" \/>\n\t<meta name=\"twitter:label2\" content=\"Est. reading time\" \/>\n\t<meta name=\"twitter:data2\" content=\"1 minute\" \/>\n<script type=\"application\/ld+json\" class=\"yoast-schema-graph\">{\"@context\":\"https:\/\/schema.org\",\"@graph\":[{\"@type\":\"WebSite\",\"@id\":\"https:\/\/www.visit-ulcinj.com\/blog\/#website\",\"url\":\"https:\/\/www.visit-ulcinj.com\/blog\/\",\"name\":\"Lajme nga Ulqini\",\"description\":\"Lajme,Vijesti,Ulqini,Ulqin,Crna Gora,Mali i Zi\",\"potentialAction\":[{\"@type\":\"SearchAction\",\"target\":{\"@type\":\"EntryPoint\",\"urlTemplate\":\"https:\/\/www.visit-ulcinj.com\/blog\/?s={search_term_string}\"},\"query-input\":\"required name=search_term_string\"}],\"inLanguage\":\"en-US\"},{\"@type\":\"ImageObject\",\"inLanguage\":\"en-US\",\"@id\":\"https:\/\/www.visit-ulcinj.com\/blog\/2008\/02\/12\/kryetari-i-ld-ne-mz-mehmet-bardhi-pershendet-fitoren-e-boris-tadiqit-ne-zgjedhjet-presidenciale-ne-serbi\/#primaryimage\",\"url\":\"http:\/\/www.visit-ulcinj.com\/blog\/wp-content\/uploads\/2008\/02\/mehmet-bardhi1.thumbnail.jpg\",\"contentUrl\":\"http:\/\/www.visit-ulcinj.com\/blog\/wp-content\/uploads\/2008\/02\/mehmet-bardhi1.thumbnail.jpg\"},{\"@type\":\"WebPage\",\"@id\":\"https:\/\/www.visit-ulcinj.com\/blog\/2008\/02\/12\/kryetari-i-ld-ne-mz-mehmet-bardhi-pershendet-fitoren-e-boris-tadiqit-ne-zgjedhjet-presidenciale-ne-serbi\/#webpage\",\"url\":\"https:\/\/www.visit-ulcinj.com\/blog\/2008\/02\/12\/kryetari-i-ld-ne-mz-mehmet-bardhi-pershendet-fitoren-e-boris-tadiqit-ne-zgjedhjet-presidenciale-ne-serbi\/\",\"name\":\"Kryetari i LD n\u00eb MZ, Mehmet Bardhi, p\u00ebrsh\u00ebndet fitoren e boris tadiqit n\u00eb zgjedhjet presidenciale n\u00eb serbi - Lajme nga Ulqini\",\"isPartOf\":{\"@id\":\"https:\/\/www.visit-ulcinj.com\/blog\/#website\"},\"primaryImageOfPage\":{\"@id\":\"https:\/\/www.visit-ulcinj.com\/blog\/2008\/02\/12\/kryetari-i-ld-ne-mz-mehmet-bardhi-pershendet-fitoren-e-boris-tadiqit-ne-zgjedhjet-presidenciale-ne-serbi\/#primaryimage\"},\"datePublished\":\"2008-02-12T18:04:39+00:00\",\"dateModified\":\"2008-02-15T22:15:08+00:00\",\"author\":{\"@id\":\"https:\/\/www.visit-ulcinj.com\/blog\/#\/schema\/person\/dcab619c614d3038751c63bc2aadc06d\"},\"breadcrumb\":{\"@id\":\"https:\/\/www.visit-ulcinj.com\/blog\/2008\/02\/12\/kryetari-i-ld-ne-mz-mehmet-bardhi-pershendet-fitoren-e-boris-tadiqit-ne-zgjedhjet-presidenciale-ne-serbi\/#breadcrumb\"},\"inLanguage\":\"en-US\",\"potentialAction\":[{\"@type\":\"ReadAction\",\"target\":[\"https:\/\/www.visit-ulcinj.com\/blog\/2008\/02\/12\/kryetari-i-ld-ne-mz-mehmet-bardhi-pershendet-fitoren-e-boris-tadiqit-ne-zgjedhjet-presidenciale-ne-serbi\/\"]}]},{\"@type\":\"BreadcrumbList\",\"@id\":\"https:\/\/www.visit-ulcinj.com\/blog\/2008\/02\/12\/kryetari-i-ld-ne-mz-mehmet-bardhi-pershendet-fitoren-e-boris-tadiqit-ne-zgjedhjet-presidenciale-ne-serbi\/#breadcrumb\",\"itemListElement\":[{\"@type\":\"ListItem\",\"position\":1,\"name\":\"Kryetari i LD n\u00eb MZ, Mehmet Bardhi, p\u00ebrsh\u00ebndet fitoren e boris tadiqit n\u00eb zgjedhjet presidenciale n\u00eb serbi\"}]},{\"@type\":\"Person\",\"@id\":\"https:\/\/www.visit-ulcinj.com\/blog\/#\/schema\/person\/dcab619c614d3038751c63bc2aadc06d\",\"name\":\"ulqini\",\"sameAs\":[\"http:\/\/www.visit-ulcinj.com\"],\"url\":\"https:\/\/www.visit-ulcinj.com\/blog\/author\/admin\/\"}]}<\/script>\n<!-- \/ Yoast SEO plugin. -->","yoast_head_json":{"title":"Kryetari i LD n\u00eb MZ, Mehmet Bardhi, p\u00ebrsh\u00ebndet fitoren e boris tadiqit n\u00eb zgjedhjet presidenciale n\u00eb serbi - Lajme nga Ulqini","robots":{"index":"index","follow":"follow","max-snippet":"max-snippet:-1","max-image-preview":"max-image-preview:large","max-video-preview":"max-video-preview:-1"},"canonical":"https:\/\/www.visit-ulcinj.com\/blog\/2008\/02\/12\/kryetari-i-ld-ne-mz-mehmet-bardhi-pershendet-fitoren-e-boris-tadiqit-ne-zgjedhjet-presidenciale-ne-serbi\/","og_locale":"en_US","og_type":"article","og_title":"Kryetari i LD n\u00eb MZ, Mehmet Bardhi, p\u00ebrsh\u00ebndet fitoren e boris tadiqit n\u00eb zgjedhjet presidenciale n\u00eb serbi - Lajme nga Ulqini","og_url":"https:\/\/www.visit-ulcinj.com\/blog\/2008\/02\/12\/kryetari-i-ld-ne-mz-mehmet-bardhi-pershendet-fitoren-e-boris-tadiqit-ne-zgjedhjet-presidenciale-ne-serbi\/","og_site_name":"Lajme nga Ulqini","article_published_time":"2008-02-12T18:04:39+00:00","article_modified_time":"2008-02-15T22:15:08+00:00","og_image":[{"url":"http:\/\/www.visit-ulcinj.com\/blog\/wp-content\/uploads\/2008\/02\/mehmet-bardhi1.thumbnail.jpg"}],"twitter_misc":{"Written by":"ulqini","Est. reading time":"1 minute"},"schema":{"@context":"https:\/\/schema.org","@graph":[{"@type":"WebSite","@id":"https:\/\/www.visit-ulcinj.com\/blog\/#website","url":"https:\/\/www.visit-ulcinj.com\/blog\/","name":"Lajme nga Ulqini","description":"Lajme,Vijesti,Ulqini,Ulqin,Crna Gora,Mali i Zi","potentialAction":[{"@type":"SearchAction","target":{"@type":"EntryPoint","urlTemplate":"https:\/\/www.visit-ulcinj.com\/blog\/?s={search_term_string}"},"query-input":"required name=search_term_string"}],"inLanguage":"en-US"},{"@type":"ImageObject","inLanguage":"en-US","@id":"https:\/\/www.visit-ulcinj.com\/blog\/2008\/02\/12\/kryetari-i-ld-ne-mz-mehmet-bardhi-pershendet-fitoren-e-boris-tadiqit-ne-zgjedhjet-presidenciale-ne-serbi\/#primaryimage","url":"http:\/\/www.visit-ulcinj.com\/blog\/wp-content\/uploads\/2008\/02\/mehmet-bardhi1.thumbnail.jpg","contentUrl":"http:\/\/www.visit-ulcinj.com\/blog\/wp-content\/uploads\/2008\/02\/mehmet-bardhi1.thumbnail.jpg"},{"@type":"WebPage","@id":"https:\/\/www.visit-ulcinj.com\/blog\/2008\/02\/12\/kryetari-i-ld-ne-mz-mehmet-bardhi-pershendet-fitoren-e-boris-tadiqit-ne-zgjedhjet-presidenciale-ne-serbi\/#webpage","url":"https:\/\/www.visit-ulcinj.com\/blog\/2008\/02\/12\/kryetari-i-ld-ne-mz-mehmet-bardhi-pershendet-fitoren-e-boris-tadiqit-ne-zgjedhjet-presidenciale-ne-serbi\/","name":"Kryetari i LD n\u00eb MZ, Mehmet Bardhi, p\u00ebrsh\u00ebndet fitoren e boris tadiqit n\u00eb zgjedhjet presidenciale n\u00eb serbi - Lajme nga Ulqini","isPartOf":{"@id":"https:\/\/www.visit-ulcinj.com\/blog\/#website"},"primaryImageOfPage":{"@id":"https:\/\/www.visit-ulcinj.com\/blog\/2008\/02\/12\/kryetari-i-ld-ne-mz-mehmet-bardhi-pershendet-fitoren-e-boris-tadiqit-ne-zgjedhjet-presidenciale-ne-serbi\/#primaryimage"},"datePublished":"2008-02-12T18:04:39+00:00","dateModified":"2008-02-15T22:15:08+00:00","author":{"@id":"https:\/\/www.visit-ulcinj.com\/blog\/#\/schema\/person\/dcab619c614d3038751c63bc2aadc06d"},"breadcrumb":{"@id":"https:\/\/www.visit-ulcinj.com\/blog\/2008\/02\/12\/kryetari-i-ld-ne-mz-mehmet-bardhi-pershendet-fitoren-e-boris-tadiqit-ne-zgjedhjet-presidenciale-ne-serbi\/#breadcrumb"},"inLanguage":"en-US","potentialAction":[{"@type":"ReadAction","target":["https:\/\/www.visit-ulcinj.com\/blog\/2008\/02\/12\/kryetari-i-ld-ne-mz-mehmet-bardhi-pershendet-fitoren-e-boris-tadiqit-ne-zgjedhjet-presidenciale-ne-serbi\/"]}]},{"@type":"BreadcrumbList","@id":"https:\/\/www.visit-ulcinj.com\/blog\/2008\/02\/12\/kryetari-i-ld-ne-mz-mehmet-bardhi-pershendet-fitoren-e-boris-tadiqit-ne-zgjedhjet-presidenciale-ne-serbi\/#breadcrumb","itemListElement":[{"@type":"ListItem","position":1,"name":"Kryetari i LD n\u00eb MZ, Mehmet Bardhi, p\u00ebrsh\u00ebndet fitoren e boris tadiqit n\u00eb zgjedhjet presidenciale n\u00eb serbi"}]},{"@type":"Person","@id":"https:\/\/www.visit-ulcinj.com\/blog\/#\/schema\/person\/dcab619c614d3038751c63bc2aadc06d","name":"ulqini","sameAs":["http:\/\/www.visit-ulcinj.com"],"url":"https:\/\/www.visit-ulcinj.com\/blog\/author\/admin\/"}]}},"jetpack_featured_media_url":"","jetpack_sharing_enabled":true,"jetpack_shortlink":"https:\/\/wp.me\/pe6lTn-81","_links":{"self":[{"href":"https:\/\/www.visit-ulcinj.com\/blog\/wp-json\/wp\/v2\/posts\/497"}],"collection":[{"href":"https:\/\/www.visit-ulcinj.com\/blog\/wp-json\/wp\/v2\/posts"}],"about":[{"href":"https:\/\/www.visit-ulcinj.com\/blog\/wp-json\/wp\/v2\/types\/post"}],"author":[{"embeddable":true,"href":"https:\/\/www.visit-ulcinj.com\/blog\/wp-json\/wp\/v2\/users\/1"}],"replies":[{"embeddable":true,"href":"https:\/\/www.visit-ulcinj.com\/blog\/wp-json\/wp\/v2\/comments?post=497"}],"version-history":[{"count":0,"href":"https:\/\/www.visit-ulcinj.com\/blog\/wp-json\/wp\/v2\/posts\/497\/revisions"}],"wp:attachment":[{"href":"https:\/\/www.visit-ulcinj.com\/blog\/wp-json\/wp\/v2\/media?parent=497"}],"wp:term":[{"taxonomy":"category","embeddable":true,"href":"https:\/\/www.visit-ulcinj.com\/blog\/wp-json\/wp\/v2\/categories?post=497"},{"taxonomy":"post_tag","embeddable":true,"href":"https:\/\/www.visit-ulcinj.com\/blog\/wp-json\/wp\/v2\/tags?post=497"}],"curies":[{"name":"wp","href":"https:\/\/api.w.org\/{rel}","templated":true}]}}