{"id":49750,"date":"2011-08-07T19:55:05","date_gmt":"2011-08-07T18:55:05","guid":{"rendered":"http:\/\/www.visit-ulcinj.com\/blog\/?p=49750"},"modified":"2011-08-07T19:55:05","modified_gmt":"2011-08-07T18:55:05","slug":"shasi-mikprites-i-poeteve-shqiptare","status":"publish","type":"post","link":"https:\/\/www.visit-ulcinj.com\/blog\/2011\/08\/07\/shasi-mikprites-i-poeteve-shqiptare\/","title":{"rendered":"Shasi, mikprit\u00ebs i poet\u00ebve shqiptar\u00eb"},"content":{"rendered":"<div id=\"attachment_49753\" style=\"width: 518px\" class=\"wp-caption alignleft\"><a href=\"http:\/\/www.visit-ulcinj.com\/blog\/wp-content\/uploads\/2011\/08\/Dita-e-poezise-shqipe-Shasi-2011.jpg\"><img aria-describedby=\"caption-attachment-49753\" loading=\"lazy\" class=\"size-full wp-image-49753 \" title=\"Dita e poezise shqipe, Shasi 2011\" src=\"http:\/\/www.visit-ulcinj.com\/blog\/wp-content\/uploads\/2011\/08\/Dita-e-poezise-shqipe-Shasi-2011.jpg\" alt=\"\" width=\"508\" height=\"370\" \/><\/a><p id=\"caption-attachment-49753\" class=\"wp-caption-text\">Foto nga Arkiva: Tahir Tahiri<\/p><\/div>\n<p>T\u00eb organizuar nga K\u00ebshilli Nacional i Shqiptar\u00ebve n\u00eb Malin e Zi dhe organizata joqeveritare &#8220;Harmonia&#8221;, t\u00eb shtun\u00ebn nisin takimet letrare mbar\u00ebkomb\u00ebtare \u201cDita e poezis\u00eb shqipe, Shasi 2011\u201d, njofton Kosova Live.<\/p>\n<div id=\"attachment_49751\" style=\"width: 518px\" class=\"wp-caption alignleft\"><a href=\"http:\/\/www.visit-ulcinj.com\/blog\/wp-content\/uploads\/2011\/08\/Dita-e-poezise-shqipe-Shasi-2011.1.jpg\"><img aria-describedby=\"caption-attachment-49751\" loading=\"lazy\" class=\"size-full wp-image-49751 \" title=\"Dita e poezise shqipe, Shasi 2011.1\" src=\"http:\/\/www.visit-ulcinj.com\/blog\/wp-content\/uploads\/2011\/08\/Dita-e-poezise-shqipe-Shasi-2011.1.jpg\" alt=\"\" width=\"508\" height=\"340\" \/><\/a><p id=\"caption-attachment-49751\" class=\"wp-caption-text\">Foto nga Arkiva: Tahir Tahiri<\/p><\/div>\n<p>Koordinatori kryesor i k\u00ebtij manifestimi Ibrahim Berjashi ka treguar se mysafiri special t\u00eb takimeve t\u00eb k\u00ebtij viti do t\u00eb jet\u00eb shkrimtari nga Kosova akademiku Jusuf Buxhovi. P\u00ebr krijimtarin\u00eb e gj\u00ebr\u00eb t\u00eb tij do t\u00eb flas\u00eb kritikui i letersis\u00eb bashk\u00ebkohore Ramadan Musliu.<br \/>\nN\u00eb vitin 2005 n\u00eb kuad\u00ebr t\u00eb t\u00eb nj\u00ebjtit manifestim u organizua mbr\u00ebmje autoriale, me shkrimtarin tashm\u00eb t\u00eb ndjer\u00eb Din Mehmeti i cili p\u00ebr liqenin e Shasit ishte shprehur: &#8220;Liqeni i Shasit \u00ebsht\u00eb nj\u00eb poezi univerzale&#8221;.<\/p>\n<div id=\"attachment_49752\" style=\"width: 518px\" class=\"wp-caption alignleft\"><a href=\"http:\/\/www.visit-ulcinj.com\/blog\/wp-content\/uploads\/2011\/08\/Dita-e-poezise-shqipe-Shasi-2011.2.jpg\"><img aria-describedby=\"caption-attachment-49752\" loading=\"lazy\" class=\"size-full wp-image-49752 \" title=\"Dita e poezise shqipe, Shasi 2011.2\" src=\"http:\/\/www.visit-ulcinj.com\/blog\/wp-content\/uploads\/2011\/08\/Dita-e-poezise-shqipe-Shasi-2011.2.jpg\" alt=\"\" width=\"508\" height=\"340\" \/><\/a><p id=\"caption-attachment-49752\" class=\"wp-caption-text\">Foto nga Arkiva: Tahir Tahiri<\/p><\/div>\n<p>Manifestimi qendror mbahet n\u00eb mbr\u00ebmjen e s\u00eb dieles n\u00eb ambientet ekzotike, jo vet\u00ebm t\u00eb komun\u00ebs s\u00eb Ulqinit, por edhe t\u00eb vendeve t\u00eb rajonit.<\/p>\n<p><strong>Promul Ulqin<\/strong><\/p>\n","protected":false},"excerpt":{"rendered":"<p>T\u00eb organizuar nga K\u00ebshilli Nacional i Shqiptar\u00ebve n\u00eb Malin e Zi dhe organizata joqeveritare &#8220;Harmonia&#8221;, t\u00eb shtun\u00ebn nisin takimet letrare mbar\u00ebkomb\u00ebtare \u201cDita e poezis\u00eb shqipe, Shasi 2011\u201d, njofton Kosova Live. Koordinatori kryesor i k\u00ebtij manifestimi Ibrahim Berjashi ka treguar se mysafiri special t\u00eb takimeve t\u00eb k\u00ebtij viti do t\u00eb jet\u00eb shkrimtari nga Kosova akademiku Jusuf [&hellip;]<\/p>\n","protected":false},"author":1,"featured_media":0,"comment_status":"open","ping_status":"closed","sticky":false,"template":"","format":"standard","meta":{"spay_email":"","jetpack_publicize_message":"","jetpack_is_tweetstorm":false,"jetpack_publicize_feature_enabled":true},"categories":[4],"tags":[19014,19013],"jetpack_publicize_connections":[],"yoast_head":"<!-- This site is optimized with the Yoast SEO plugin v19.1 - https:\/\/yoast.com\/wordpress\/plugins\/seo\/ -->\n<title>Shasi, mikprit\u00ebs i poet\u00ebve shqiptar\u00eb - Lajme nga Ulqini<\/title>\n<meta name=\"description\" content=\"T\u00eb organizuar nga K\u00ebshilli Nacional i Shqiptar\u00ebve n\u00eb Malin e Zi dhe organizata joqeveritare &quot;Harmonia&quot;, t\u00eb shtun\u00ebn nisin takimet letrare mbar\u00ebkomb\u00ebtare\" \/>\n<meta name=\"robots\" content=\"index, follow, max-snippet:-1, max-image-preview:large, max-video-preview:-1\" \/>\n<link rel=\"canonical\" href=\"https:\/\/www.visit-ulcinj.com\/blog\/2011\/08\/07\/shasi-mikprites-i-poeteve-shqiptare\/\" \/>\n<meta property=\"og:locale\" content=\"en_US\" \/>\n<meta property=\"og:type\" content=\"article\" \/>\n<meta property=\"og:title\" content=\"Shasi, mikprit\u00ebs i poet\u00ebve shqiptar\u00eb - Lajme nga Ulqini\" \/>\n<meta property=\"og:description\" content=\"T\u00eb organizuar nga K\u00ebshilli Nacional i Shqiptar\u00ebve n\u00eb Malin e Zi dhe organizata joqeveritare &quot;Harmonia&quot;, t\u00eb shtun\u00ebn nisin takimet letrare mbar\u00ebkomb\u00ebtare\" \/>\n<meta property=\"og:url\" content=\"https:\/\/www.visit-ulcinj.com\/blog\/2011\/08\/07\/shasi-mikprites-i-poeteve-shqiptare\/\" \/>\n<meta property=\"og:site_name\" content=\"Lajme nga Ulqini\" \/>\n<meta property=\"article:published_time\" content=\"2011-08-07T18:55:05+00:00\" \/>\n<meta property=\"og:image\" content=\"http:\/\/www.visit-ulcinj.com\/blog\/wp-content\/uploads\/2011\/08\/Dita-e-poezise-shqipe-Shasi-2011.jpg\" \/>\n<meta name=\"twitter:label1\" content=\"Written by\" \/>\n\t<meta name=\"twitter:data1\" content=\"ulqini\" \/>\n\t<meta name=\"twitter:label2\" content=\"Est. reading time\" \/>\n\t<meta name=\"twitter:data2\" content=\"1 minute\" \/>\n<script type=\"application\/ld+json\" class=\"yoast-schema-graph\">{\"@context\":\"https:\/\/schema.org\",\"@graph\":[{\"@type\":\"WebSite\",\"@id\":\"https:\/\/www.visit-ulcinj.com\/blog\/#website\",\"url\":\"https:\/\/www.visit-ulcinj.com\/blog\/\",\"name\":\"Lajme nga Ulqini\",\"description\":\"Lajme,Vijesti,Ulqini,Ulqin,Crna Gora,Mali i Zi\",\"potentialAction\":[{\"@type\":\"SearchAction\",\"target\":{\"@type\":\"EntryPoint\",\"urlTemplate\":\"https:\/\/www.visit-ulcinj.com\/blog\/?s={search_term_string}\"},\"query-input\":\"required name=search_term_string\"}],\"inLanguage\":\"en-US\"},{\"@type\":\"ImageObject\",\"inLanguage\":\"en-US\",\"@id\":\"https:\/\/www.visit-ulcinj.com\/blog\/2011\/08\/07\/shasi-mikprites-i-poeteve-shqiptare\/#primaryimage\",\"url\":\"https:\/\/www.visit-ulcinj.com\/blog\/wp-content\/uploads\/2011\/08\/Dita-e-poezise-shqipe-Shasi-2011.jpg\",\"contentUrl\":\"https:\/\/www.visit-ulcinj.com\/blog\/wp-content\/uploads\/2011\/08\/Dita-e-poezise-shqipe-Shasi-2011.jpg\",\"width\":\"720\",\"height\":\"540\"},{\"@type\":\"WebPage\",\"@id\":\"https:\/\/www.visit-ulcinj.com\/blog\/2011\/08\/07\/shasi-mikprites-i-poeteve-shqiptare\/#webpage\",\"url\":\"https:\/\/www.visit-ulcinj.com\/blog\/2011\/08\/07\/shasi-mikprites-i-poeteve-shqiptare\/\",\"name\":\"Shasi, mikprit\u00ebs i poet\u00ebve shqiptar\u00eb - Lajme nga Ulqini\",\"isPartOf\":{\"@id\":\"https:\/\/www.visit-ulcinj.com\/blog\/#website\"},\"primaryImageOfPage\":{\"@id\":\"https:\/\/www.visit-ulcinj.com\/blog\/2011\/08\/07\/shasi-mikprites-i-poeteve-shqiptare\/#primaryimage\"},\"datePublished\":\"2011-08-07T18:55:05+00:00\",\"dateModified\":\"2011-08-07T18:55:05+00:00\",\"author\":{\"@id\":\"https:\/\/www.visit-ulcinj.com\/blog\/#\/schema\/person\/dcab619c614d3038751c63bc2aadc06d\"},\"description\":\"T\u00eb organizuar nga K\u00ebshilli Nacional i Shqiptar\u00ebve n\u00eb Malin e Zi dhe organizata joqeveritare \\\"Harmonia\\\", t\u00eb shtun\u00ebn nisin takimet letrare mbar\u00ebkomb\u00ebtare\",\"breadcrumb\":{\"@id\":\"https:\/\/www.visit-ulcinj.com\/blog\/2011\/08\/07\/shasi-mikprites-i-poeteve-shqiptare\/#breadcrumb\"},\"inLanguage\":\"en-US\",\"potentialAction\":[{\"@type\":\"ReadAction\",\"target\":[\"https:\/\/www.visit-ulcinj.com\/blog\/2011\/08\/07\/shasi-mikprites-i-poeteve-shqiptare\/\"]}]},{\"@type\":\"BreadcrumbList\",\"@id\":\"https:\/\/www.visit-ulcinj.com\/blog\/2011\/08\/07\/shasi-mikprites-i-poeteve-shqiptare\/#breadcrumb\",\"itemListElement\":[{\"@type\":\"ListItem\",\"position\":1,\"name\":\"Shasi, mikprit\u00ebs i poet\u00ebve shqiptar\u00eb\"}]},{\"@type\":\"Person\",\"@id\":\"https:\/\/www.visit-ulcinj.com\/blog\/#\/schema\/person\/dcab619c614d3038751c63bc2aadc06d\",\"name\":\"ulqini\",\"sameAs\":[\"http:\/\/www.visit-ulcinj.com\"],\"url\":\"https:\/\/www.visit-ulcinj.com\/blog\/author\/admin\/\"}]}<\/script>\n<!-- \/ Yoast SEO plugin. -->","yoast_head_json":{"title":"Shasi, mikprit\u00ebs i poet\u00ebve shqiptar\u00eb - Lajme nga Ulqini","description":"T\u00eb organizuar nga K\u00ebshilli Nacional i Shqiptar\u00ebve n\u00eb Malin e Zi dhe organizata joqeveritare \"Harmonia\", t\u00eb shtun\u00ebn nisin takimet letrare mbar\u00ebkomb\u00ebtare","robots":{"index":"index","follow":"follow","max-snippet":"max-snippet:-1","max-image-preview":"max-image-preview:large","max-video-preview":"max-video-preview:-1"},"canonical":"https:\/\/www.visit-ulcinj.com\/blog\/2011\/08\/07\/shasi-mikprites-i-poeteve-shqiptare\/","og_locale":"en_US","og_type":"article","og_title":"Shasi, mikprit\u00ebs i poet\u00ebve shqiptar\u00eb - Lajme nga Ulqini","og_description":"T\u00eb organizuar nga K\u00ebshilli Nacional i Shqiptar\u00ebve n\u00eb Malin e Zi dhe organizata joqeveritare \"Harmonia\", t\u00eb shtun\u00ebn nisin takimet letrare mbar\u00ebkomb\u00ebtare","og_url":"https:\/\/www.visit-ulcinj.com\/blog\/2011\/08\/07\/shasi-mikprites-i-poeteve-shqiptare\/","og_site_name":"Lajme nga Ulqini","article_published_time":"2011-08-07T18:55:05+00:00","og_image":[{"url":"http:\/\/www.visit-ulcinj.com\/blog\/wp-content\/uploads\/2011\/08\/Dita-e-poezise-shqipe-Shasi-2011.jpg"}],"twitter_misc":{"Written by":"ulqini","Est. reading time":"1 minute"},"schema":{"@context":"https:\/\/schema.org","@graph":[{"@type":"WebSite","@id":"https:\/\/www.visit-ulcinj.com\/blog\/#website","url":"https:\/\/www.visit-ulcinj.com\/blog\/","name":"Lajme nga Ulqini","description":"Lajme,Vijesti,Ulqini,Ulqin,Crna Gora,Mali i Zi","potentialAction":[{"@type":"SearchAction","target":{"@type":"EntryPoint","urlTemplate":"https:\/\/www.visit-ulcinj.com\/blog\/?s={search_term_string}"},"query-input":"required name=search_term_string"}],"inLanguage":"en-US"},{"@type":"ImageObject","inLanguage":"en-US","@id":"https:\/\/www.visit-ulcinj.com\/blog\/2011\/08\/07\/shasi-mikprites-i-poeteve-shqiptare\/#primaryimage","url":"https:\/\/www.visit-ulcinj.com\/blog\/wp-content\/uploads\/2011\/08\/Dita-e-poezise-shqipe-Shasi-2011.jpg","contentUrl":"https:\/\/www.visit-ulcinj.com\/blog\/wp-content\/uploads\/2011\/08\/Dita-e-poezise-shqipe-Shasi-2011.jpg","width":"720","height":"540"},{"@type":"WebPage","@id":"https:\/\/www.visit-ulcinj.com\/blog\/2011\/08\/07\/shasi-mikprites-i-poeteve-shqiptare\/#webpage","url":"https:\/\/www.visit-ulcinj.com\/blog\/2011\/08\/07\/shasi-mikprites-i-poeteve-shqiptare\/","name":"Shasi, mikprit\u00ebs i poet\u00ebve shqiptar\u00eb - Lajme nga Ulqini","isPartOf":{"@id":"https:\/\/www.visit-ulcinj.com\/blog\/#website"},"primaryImageOfPage":{"@id":"https:\/\/www.visit-ulcinj.com\/blog\/2011\/08\/07\/shasi-mikprites-i-poeteve-shqiptare\/#primaryimage"},"datePublished":"2011-08-07T18:55:05+00:00","dateModified":"2011-08-07T18:55:05+00:00","author":{"@id":"https:\/\/www.visit-ulcinj.com\/blog\/#\/schema\/person\/dcab619c614d3038751c63bc2aadc06d"},"description":"T\u00eb organizuar nga K\u00ebshilli Nacional i Shqiptar\u00ebve n\u00eb Malin e Zi dhe organizata joqeveritare \"Harmonia\", t\u00eb shtun\u00ebn nisin takimet letrare mbar\u00ebkomb\u00ebtare","breadcrumb":{"@id":"https:\/\/www.visit-ulcinj.com\/blog\/2011\/08\/07\/shasi-mikprites-i-poeteve-shqiptare\/#breadcrumb"},"inLanguage":"en-US","potentialAction":[{"@type":"ReadAction","target":["https:\/\/www.visit-ulcinj.com\/blog\/2011\/08\/07\/shasi-mikprites-i-poeteve-shqiptare\/"]}]},{"@type":"BreadcrumbList","@id":"https:\/\/www.visit-ulcinj.com\/blog\/2011\/08\/07\/shasi-mikprites-i-poeteve-shqiptare\/#breadcrumb","itemListElement":[{"@type":"ListItem","position":1,"name":"Shasi, mikprit\u00ebs i poet\u00ebve shqiptar\u00eb"}]},{"@type":"Person","@id":"https:\/\/www.visit-ulcinj.com\/blog\/#\/schema\/person\/dcab619c614d3038751c63bc2aadc06d","name":"ulqini","sameAs":["http:\/\/www.visit-ulcinj.com"],"url":"https:\/\/www.visit-ulcinj.com\/blog\/author\/admin\/"}]}},"jetpack_featured_media_url":"","jetpack_sharing_enabled":true,"jetpack_shortlink":"https:\/\/wp.me\/pe6lTn-cWq","_links":{"self":[{"href":"https:\/\/www.visit-ulcinj.com\/blog\/wp-json\/wp\/v2\/posts\/49750"}],"collection":[{"href":"https:\/\/www.visit-ulcinj.com\/blog\/wp-json\/wp\/v2\/posts"}],"about":[{"href":"https:\/\/www.visit-ulcinj.com\/blog\/wp-json\/wp\/v2\/types\/post"}],"author":[{"embeddable":true,"href":"https:\/\/www.visit-ulcinj.com\/blog\/wp-json\/wp\/v2\/users\/1"}],"replies":[{"embeddable":true,"href":"https:\/\/www.visit-ulcinj.com\/blog\/wp-json\/wp\/v2\/comments?post=49750"}],"version-history":[{"count":1,"href":"https:\/\/www.visit-ulcinj.com\/blog\/wp-json\/wp\/v2\/posts\/49750\/revisions"}],"predecessor-version":[{"id":49754,"href":"https:\/\/www.visit-ulcinj.com\/blog\/wp-json\/wp\/v2\/posts\/49750\/revisions\/49754"}],"wp:attachment":[{"href":"https:\/\/www.visit-ulcinj.com\/blog\/wp-json\/wp\/v2\/media?parent=49750"}],"wp:term":[{"taxonomy":"category","embeddable":true,"href":"https:\/\/www.visit-ulcinj.com\/blog\/wp-json\/wp\/v2\/categories?post=49750"},{"taxonomy":"post_tag","embeddable":true,"href":"https:\/\/www.visit-ulcinj.com\/blog\/wp-json\/wp\/v2\/tags?post=49750"}],"curies":[{"name":"wp","href":"https:\/\/api.w.org\/{rel}","templated":true}]}}