{"id":49760,"date":"2011-08-08T08:44:51","date_gmt":"2011-08-08T07:44:51","guid":{"rendered":"http:\/\/www.visit-ulcinj.com\/blog\/?p=49760"},"modified":"2011-08-08T08:44:51","modified_gmt":"2011-08-08T07:44:51","slug":"gazeta-zeri-me-i-kerkuari-ne-ulqin","status":"publish","type":"post","link":"https:\/\/www.visit-ulcinj.com\/blog\/2011\/08\/08\/gazeta-zeri-me-i-kerkuari-ne-ulqin\/","title":{"rendered":"Gazeta Z\u00ebri m\u00eb i k\u00ebrkuari n\u00eb Ulqin"},"content":{"rendered":"<p><a href=\"http:\/\/www.visit-ulcinj.com\/blog\/wp-content\/uploads\/2011\/08\/Zeri-i-dites-ballina.gif\"><img loading=\"lazy\" class=\"alignleft size-full wp-image-49761\" title=\"Zeri-i-dites-ballina\" src=\"http:\/\/www.visit-ulcinj.com\/blog\/wp-content\/uploads\/2011\/08\/Zeri-i-dites-ballina.gif\" alt=\"\" width=\"253\" height=\"355\" srcset=\"https:\/\/www.visit-ulcinj.com\/blog\/wp-content\/uploads\/2011\/08\/Zeri-i-dites-ballina.gif 253w, https:\/\/www.visit-ulcinj.com\/blog\/wp-content\/uploads\/2011\/08\/Zeri-i-dites-ballina-213x300.gif 213w\" sizes=\"(max-width: 253px) 100vw, 253px\" \/><\/a>Gazeta \u201cZ\u00ebri\u201d, jo vet\u00ebm q\u00eb \u00ebsht\u00eb nj\u00ebra nga gazetat m\u00eb t\u00eb shitura n\u00eb Kosov\u00eb, por gjithashtu \u00ebsht\u00eb edhe gazeta m\u00eb e k\u00ebrkuar nga pushuesit q\u00eb jan\u00eb duke i kaluar dit\u00ebt e ngrohta n\u00eb Ulqin. T\u00eb shumt\u00eb jan\u00eb ata q\u00eb mund t\u00eb shihen duke lexuar gazet\u00ebn \u201cZ\u00ebri\u201d, nd\u00ebrsa edhe shit\u00ebsit e gazetave n\u00ebp\u00ebr plazhet e Ulqinit, thon\u00eb se \u201cZ\u00ebri\u201d \u00ebsht\u00eb gazeta q\u00eb shitet e para nga t\u00eb gjitha gazetat tjera. Edhe atje loja shp\u00ebrblyese vazhdon t\u00eb t\u00ebrheq\u00eb v\u00ebmendjen dhe ata q\u00eb e blejn\u00eb, fillimisht e g\u00ebrvishin kuponin e loj\u00ebs.<\/p>\n<p>\u201cUn\u00eb tashm\u00eb tet\u00eb dit\u00eb jam me familje k\u00ebtu n\u00eb Ulqin dhe nuk kalon dit\u00eb pa e bler\u00eb \u2018Z\u00ebri\u2019-in, sepse \u00ebsht\u00eb nj\u00eb gazet\u00eb, e cila t\u00eb informon drejt dhe sakt\u00eb. Po ashtu, ndoshta m\u00eb prin fati q\u00eb t\u00eb fitoj edhe ndonj\u00eb shp\u00ebrblim\u201d, \u00ebsht\u00eb shprehur Leutrim Gashi\u201d, student i Juridikut. Edhe p\u00ebr Genta Refikun, e cila me disa shoqe t\u00eb saj po pushonte n\u00eb Ulqin, \u2018Z\u00ebri\u2019 mbetet gazeta e saj e preferuar edhe n\u00eb Ulqin, e sidomos i p\u00eblqejn\u00eb faqet arg\u00ebtuese, por edhe sporti.<\/p>\n<p>\u201cJam adhuruese e madhe e faqeve t\u00eb VIP-ve, por edhe e sportit dhe n\u00eb \u2018Z\u00ebri\u2019 mund t\u00eb gjej informacione t\u00eb bollshme. Un\u00eb s\u00eb bashku me shoqet e mia e lexojm\u00eb rregullisht \u2018Z\u00ebri\u2019-n k\u00ebtu n\u00eb plazh, sa her\u00eb q\u00eb nuk jemi n\u00eb uj\u00eb. Po ashtu, shpresojm\u00eb se do t\u00eb fitojm\u00eb edhe ndonj\u00eb shp\u00ebrblim\u201d, ka deklaruar Genta. \u201cZ\u00ebri\u201d-n mund ta shoh\u00ebsh edhe n\u00eb duart e m\u00ebrgimtar\u00ebve tan\u00eb, t\u00eb cil\u00ebt gjithashtu kan\u00eb vendosur q\u00eb t\u00eb pushojn\u00eb n\u00eb Ulqin. \u201c\u00cbsht\u00eb nj\u00eb gazet\u00eb v\u00ebrtet interesante dhe me nj\u00eb shtrirje t\u00eb gjer\u00eb t\u00eb rubrikave.<\/p>\n<p>Un\u00eb sa her\u00eb q\u00eb kam mund\u00ebsi e blej \u2018Z\u00ebri\u2019-n edhe n\u00eb Gjermani, ku jetoj dhe punoj, nd\u00ebrsa prej se jam n\u00eb Ulqin, e blej \u00e7do dit\u00eb. \u00cbsht\u00eb interesant edhe loja shp\u00ebrblyese, edhe pse nuk shpresoj t\u00eb fitoj di\u00e7ka, pasi nuk kam fat n\u00eb k\u00ebt\u00eb drejtim, sepse jam m\u00ebsuar vet\u00ebm me djers\u00eb t\u00eb fitoj\u201d, ka th\u00ebn\u00eb Sadik Berisha nga Gjilani.<\/p>\n<p><strong>L.Xhema<\/strong><br \/>\n<strong>Z\u00cbRI<\/strong><\/p>\n","protected":false},"excerpt":{"rendered":"<p>Gazeta \u201cZ\u00ebri\u201d, jo vet\u00ebm q\u00eb \u00ebsht\u00eb nj\u00ebra nga gazetat m\u00eb t\u00eb shitura n\u00eb Kosov\u00eb, por gjithashtu \u00ebsht\u00eb edhe gazeta m\u00eb e k\u00ebrkuar nga pushuesit q\u00eb jan\u00eb duke i kaluar dit\u00ebt e ngrohta n\u00eb Ulqin. T\u00eb shumt\u00eb jan\u00eb ata q\u00eb mund t\u00eb shihen duke lexuar gazet\u00ebn \u201cZ\u00ebri\u201d, nd\u00ebrsa edhe shit\u00ebsit e gazetave n\u00ebp\u00ebr plazhet e Ulqinit, [&hellip;]<\/p>\n","protected":false},"author":1,"featured_media":0,"comment_status":"open","ping_status":"closed","sticky":false,"template":"","format":"standard","meta":{"spay_email":"","jetpack_publicize_message":"","jetpack_is_tweetstorm":false,"jetpack_publicize_feature_enabled":true},"categories":[12],"tags":[1333,19015],"jetpack_publicize_connections":[],"yoast_head":"<!-- This site is optimized with the Yoast SEO plugin v19.1 - https:\/\/yoast.com\/wordpress\/plugins\/seo\/ -->\n<title>Gazeta Z\u00ebri m\u00eb i k\u00ebrkuari n\u00eb Ulqin - Lajme nga Ulqini<\/title>\n<meta name=\"description\" content=\"Gazeta \u201cZ\u00ebri\u201d, jo vet\u00ebm q\u00eb \u00ebsht\u00eb nj\u00ebra nga gazetat m\u00eb t\u00eb shitura n\u00eb Kosov\u00eb, por gjithashtu \u00ebsht\u00eb edhe gazeta m\u00eb e k\u00ebrkuar nga pushuesit q\u00eb jan\u00eb duke i\" \/>\n<meta name=\"robots\" content=\"index, follow, max-snippet:-1, max-image-preview:large, max-video-preview:-1\" \/>\n<link rel=\"canonical\" href=\"https:\/\/www.visit-ulcinj.com\/blog\/2011\/08\/08\/gazeta-zeri-me-i-kerkuari-ne-ulqin\/\" \/>\n<meta property=\"og:locale\" content=\"en_US\" \/>\n<meta property=\"og:type\" content=\"article\" \/>\n<meta property=\"og:title\" content=\"Gazeta Z\u00ebri m\u00eb i k\u00ebrkuari n\u00eb Ulqin - Lajme nga Ulqini\" \/>\n<meta property=\"og:description\" content=\"Gazeta \u201cZ\u00ebri\u201d, jo vet\u00ebm q\u00eb \u00ebsht\u00eb nj\u00ebra nga gazetat m\u00eb t\u00eb shitura n\u00eb Kosov\u00eb, por gjithashtu \u00ebsht\u00eb edhe gazeta m\u00eb e k\u00ebrkuar nga pushuesit q\u00eb jan\u00eb duke i\" \/>\n<meta property=\"og:url\" content=\"https:\/\/www.visit-ulcinj.com\/blog\/2011\/08\/08\/gazeta-zeri-me-i-kerkuari-ne-ulqin\/\" \/>\n<meta property=\"og:site_name\" content=\"Lajme nga Ulqini\" \/>\n<meta property=\"article:published_time\" content=\"2011-08-08T07:44:51+00:00\" \/>\n<meta property=\"og:image\" content=\"http:\/\/www.visit-ulcinj.com\/blog\/wp-content\/uploads\/2011\/08\/Zeri-i-dites-ballina.gif\" \/>\n<meta name=\"twitter:label1\" content=\"Written by\" \/>\n\t<meta name=\"twitter:data1\" content=\"ulqini\" \/>\n\t<meta name=\"twitter:label2\" content=\"Est. reading time\" \/>\n\t<meta name=\"twitter:data2\" content=\"2 minutes\" \/>\n<script type=\"application\/ld+json\" class=\"yoast-schema-graph\">{\"@context\":\"https:\/\/schema.org\",\"@graph\":[{\"@type\":\"WebSite\",\"@id\":\"https:\/\/www.visit-ulcinj.com\/blog\/#website\",\"url\":\"https:\/\/www.visit-ulcinj.com\/blog\/\",\"name\":\"Lajme nga Ulqini\",\"description\":\"Lajme,Vijesti,Ulqini,Ulqin,Crna Gora,Mali i Zi\",\"potentialAction\":[{\"@type\":\"SearchAction\",\"target\":{\"@type\":\"EntryPoint\",\"urlTemplate\":\"https:\/\/www.visit-ulcinj.com\/blog\/?s={search_term_string}\"},\"query-input\":\"required name=search_term_string\"}],\"inLanguage\":\"en-US\"},{\"@type\":\"ImageObject\",\"inLanguage\":\"en-US\",\"@id\":\"https:\/\/www.visit-ulcinj.com\/blog\/2011\/08\/08\/gazeta-zeri-me-i-kerkuari-ne-ulqin\/#primaryimage\",\"url\":\"https:\/\/www.visit-ulcinj.com\/blog\/wp-content\/uploads\/2011\/08\/Zeri-i-dites-ballina.gif\",\"contentUrl\":\"https:\/\/www.visit-ulcinj.com\/blog\/wp-content\/uploads\/2011\/08\/Zeri-i-dites-ballina.gif\",\"width\":\"253\",\"height\":\"355\"},{\"@type\":\"WebPage\",\"@id\":\"https:\/\/www.visit-ulcinj.com\/blog\/2011\/08\/08\/gazeta-zeri-me-i-kerkuari-ne-ulqin\/#webpage\",\"url\":\"https:\/\/www.visit-ulcinj.com\/blog\/2011\/08\/08\/gazeta-zeri-me-i-kerkuari-ne-ulqin\/\",\"name\":\"Gazeta Z\u00ebri m\u00eb i k\u00ebrkuari n\u00eb Ulqin - Lajme nga Ulqini\",\"isPartOf\":{\"@id\":\"https:\/\/www.visit-ulcinj.com\/blog\/#website\"},\"primaryImageOfPage\":{\"@id\":\"https:\/\/www.visit-ulcinj.com\/blog\/2011\/08\/08\/gazeta-zeri-me-i-kerkuari-ne-ulqin\/#primaryimage\"},\"datePublished\":\"2011-08-08T07:44:51+00:00\",\"dateModified\":\"2011-08-08T07:44:51+00:00\",\"author\":{\"@id\":\"https:\/\/www.visit-ulcinj.com\/blog\/#\/schema\/person\/dcab619c614d3038751c63bc2aadc06d\"},\"description\":\"Gazeta \u201cZ\u00ebri\u201d, jo vet\u00ebm q\u00eb \u00ebsht\u00eb nj\u00ebra nga gazetat m\u00eb t\u00eb shitura n\u00eb Kosov\u00eb, por gjithashtu \u00ebsht\u00eb edhe gazeta m\u00eb e k\u00ebrkuar nga pushuesit q\u00eb jan\u00eb duke i\",\"breadcrumb\":{\"@id\":\"https:\/\/www.visit-ulcinj.com\/blog\/2011\/08\/08\/gazeta-zeri-me-i-kerkuari-ne-ulqin\/#breadcrumb\"},\"inLanguage\":\"en-US\",\"potentialAction\":[{\"@type\":\"ReadAction\",\"target\":[\"https:\/\/www.visit-ulcinj.com\/blog\/2011\/08\/08\/gazeta-zeri-me-i-kerkuari-ne-ulqin\/\"]}]},{\"@type\":\"BreadcrumbList\",\"@id\":\"https:\/\/www.visit-ulcinj.com\/blog\/2011\/08\/08\/gazeta-zeri-me-i-kerkuari-ne-ulqin\/#breadcrumb\",\"itemListElement\":[{\"@type\":\"ListItem\",\"position\":1,\"name\":\"Gazeta Z\u00ebri m\u00eb i k\u00ebrkuari n\u00eb Ulqin\"}]},{\"@type\":\"Person\",\"@id\":\"https:\/\/www.visit-ulcinj.com\/blog\/#\/schema\/person\/dcab619c614d3038751c63bc2aadc06d\",\"name\":\"ulqini\",\"sameAs\":[\"http:\/\/www.visit-ulcinj.com\"],\"url\":\"https:\/\/www.visit-ulcinj.com\/blog\/author\/admin\/\"}]}<\/script>\n<!-- \/ Yoast SEO plugin. -->","yoast_head_json":{"title":"Gazeta Z\u00ebri m\u00eb i k\u00ebrkuari n\u00eb Ulqin - Lajme nga Ulqini","description":"Gazeta \u201cZ\u00ebri\u201d, jo vet\u00ebm q\u00eb \u00ebsht\u00eb nj\u00ebra nga gazetat m\u00eb t\u00eb shitura n\u00eb Kosov\u00eb, por gjithashtu \u00ebsht\u00eb edhe gazeta m\u00eb e k\u00ebrkuar nga pushuesit q\u00eb jan\u00eb duke i","robots":{"index":"index","follow":"follow","max-snippet":"max-snippet:-1","max-image-preview":"max-image-preview:large","max-video-preview":"max-video-preview:-1"},"canonical":"https:\/\/www.visit-ulcinj.com\/blog\/2011\/08\/08\/gazeta-zeri-me-i-kerkuari-ne-ulqin\/","og_locale":"en_US","og_type":"article","og_title":"Gazeta Z\u00ebri m\u00eb i k\u00ebrkuari n\u00eb Ulqin - Lajme nga Ulqini","og_description":"Gazeta \u201cZ\u00ebri\u201d, jo vet\u00ebm q\u00eb \u00ebsht\u00eb nj\u00ebra nga gazetat m\u00eb t\u00eb shitura n\u00eb Kosov\u00eb, por gjithashtu \u00ebsht\u00eb edhe gazeta m\u00eb e k\u00ebrkuar nga pushuesit q\u00eb jan\u00eb duke i","og_url":"https:\/\/www.visit-ulcinj.com\/blog\/2011\/08\/08\/gazeta-zeri-me-i-kerkuari-ne-ulqin\/","og_site_name":"Lajme nga Ulqini","article_published_time":"2011-08-08T07:44:51+00:00","og_image":[{"url":"http:\/\/www.visit-ulcinj.com\/blog\/wp-content\/uploads\/2011\/08\/Zeri-i-dites-ballina.gif"}],"twitter_misc":{"Written by":"ulqini","Est. reading time":"2 minutes"},"schema":{"@context":"https:\/\/schema.org","@graph":[{"@type":"WebSite","@id":"https:\/\/www.visit-ulcinj.com\/blog\/#website","url":"https:\/\/www.visit-ulcinj.com\/blog\/","name":"Lajme nga Ulqini","description":"Lajme,Vijesti,Ulqini,Ulqin,Crna Gora,Mali i Zi","potentialAction":[{"@type":"SearchAction","target":{"@type":"EntryPoint","urlTemplate":"https:\/\/www.visit-ulcinj.com\/blog\/?s={search_term_string}"},"query-input":"required name=search_term_string"}],"inLanguage":"en-US"},{"@type":"ImageObject","inLanguage":"en-US","@id":"https:\/\/www.visit-ulcinj.com\/blog\/2011\/08\/08\/gazeta-zeri-me-i-kerkuari-ne-ulqin\/#primaryimage","url":"https:\/\/www.visit-ulcinj.com\/blog\/wp-content\/uploads\/2011\/08\/Zeri-i-dites-ballina.gif","contentUrl":"https:\/\/www.visit-ulcinj.com\/blog\/wp-content\/uploads\/2011\/08\/Zeri-i-dites-ballina.gif","width":"253","height":"355"},{"@type":"WebPage","@id":"https:\/\/www.visit-ulcinj.com\/blog\/2011\/08\/08\/gazeta-zeri-me-i-kerkuari-ne-ulqin\/#webpage","url":"https:\/\/www.visit-ulcinj.com\/blog\/2011\/08\/08\/gazeta-zeri-me-i-kerkuari-ne-ulqin\/","name":"Gazeta Z\u00ebri m\u00eb i k\u00ebrkuari n\u00eb Ulqin - Lajme nga Ulqini","isPartOf":{"@id":"https:\/\/www.visit-ulcinj.com\/blog\/#website"},"primaryImageOfPage":{"@id":"https:\/\/www.visit-ulcinj.com\/blog\/2011\/08\/08\/gazeta-zeri-me-i-kerkuari-ne-ulqin\/#primaryimage"},"datePublished":"2011-08-08T07:44:51+00:00","dateModified":"2011-08-08T07:44:51+00:00","author":{"@id":"https:\/\/www.visit-ulcinj.com\/blog\/#\/schema\/person\/dcab619c614d3038751c63bc2aadc06d"},"description":"Gazeta \u201cZ\u00ebri\u201d, jo vet\u00ebm q\u00eb \u00ebsht\u00eb nj\u00ebra nga gazetat m\u00eb t\u00eb shitura n\u00eb Kosov\u00eb, por gjithashtu \u00ebsht\u00eb edhe gazeta m\u00eb e k\u00ebrkuar nga pushuesit q\u00eb jan\u00eb duke i","breadcrumb":{"@id":"https:\/\/www.visit-ulcinj.com\/blog\/2011\/08\/08\/gazeta-zeri-me-i-kerkuari-ne-ulqin\/#breadcrumb"},"inLanguage":"en-US","potentialAction":[{"@type":"ReadAction","target":["https:\/\/www.visit-ulcinj.com\/blog\/2011\/08\/08\/gazeta-zeri-me-i-kerkuari-ne-ulqin\/"]}]},{"@type":"BreadcrumbList","@id":"https:\/\/www.visit-ulcinj.com\/blog\/2011\/08\/08\/gazeta-zeri-me-i-kerkuari-ne-ulqin\/#breadcrumb","itemListElement":[{"@type":"ListItem","position":1,"name":"Gazeta Z\u00ebri m\u00eb i k\u00ebrkuari n\u00eb Ulqin"}]},{"@type":"Person","@id":"https:\/\/www.visit-ulcinj.com\/blog\/#\/schema\/person\/dcab619c614d3038751c63bc2aadc06d","name":"ulqini","sameAs":["http:\/\/www.visit-ulcinj.com"],"url":"https:\/\/www.visit-ulcinj.com\/blog\/author\/admin\/"}]}},"jetpack_featured_media_url":"","jetpack_sharing_enabled":true,"jetpack_shortlink":"https:\/\/wp.me\/pe6lTn-cWA","_links":{"self":[{"href":"https:\/\/www.visit-ulcinj.com\/blog\/wp-json\/wp\/v2\/posts\/49760"}],"collection":[{"href":"https:\/\/www.visit-ulcinj.com\/blog\/wp-json\/wp\/v2\/posts"}],"about":[{"href":"https:\/\/www.visit-ulcinj.com\/blog\/wp-json\/wp\/v2\/types\/post"}],"author":[{"embeddable":true,"href":"https:\/\/www.visit-ulcinj.com\/blog\/wp-json\/wp\/v2\/users\/1"}],"replies":[{"embeddable":true,"href":"https:\/\/www.visit-ulcinj.com\/blog\/wp-json\/wp\/v2\/comments?post=49760"}],"version-history":[{"count":1,"href":"https:\/\/www.visit-ulcinj.com\/blog\/wp-json\/wp\/v2\/posts\/49760\/revisions"}],"predecessor-version":[{"id":49762,"href":"https:\/\/www.visit-ulcinj.com\/blog\/wp-json\/wp\/v2\/posts\/49760\/revisions\/49762"}],"wp:attachment":[{"href":"https:\/\/www.visit-ulcinj.com\/blog\/wp-json\/wp\/v2\/media?parent=49760"}],"wp:term":[{"taxonomy":"category","embeddable":true,"href":"https:\/\/www.visit-ulcinj.com\/blog\/wp-json\/wp\/v2\/categories?post=49760"},{"taxonomy":"post_tag","embeddable":true,"href":"https:\/\/www.visit-ulcinj.com\/blog\/wp-json\/wp\/v2\/tags?post=49760"}],"curies":[{"name":"wp","href":"https:\/\/api.w.org\/{rel}","templated":true}]}}