{"id":49763,"date":"2011-08-08T09:03:09","date_gmt":"2011-08-08T08:03:09","guid":{"rendered":"http:\/\/www.visit-ulcinj.com\/blog\/?p=49763"},"modified":"2011-08-08T09:04:26","modified_gmt":"2011-08-08T08:04:26","slug":"eliza-dushku-kerkon-shtetesi-shqiptare","status":"publish","type":"post","link":"https:\/\/www.visit-ulcinj.com\/blog\/2011\/08\/08\/eliza-dushku-kerkon-shtetesi-shqiptare\/","title":{"rendered":"Eliza Dushku k\u00ebrkon shtet\u00ebsi shqiptare"},"content":{"rendered":"<p><strong><a href=\"http:\/\/www.visit-ulcinj.com\/blog\/wp-content\/uploads\/2011\/08\/ELIZA-DUSHKU_SHTETSI-SHQIPTARE.jpg\"><img loading=\"lazy\" class=\"alignleft size-full wp-image-49764\" title=\"ELIZA DUSHKU_SHTETSI SHQIPTARE\" src=\"http:\/\/www.visit-ulcinj.com\/blog\/wp-content\/uploads\/2011\/08\/ELIZA-DUSHKU_SHTETSI-SHQIPTARE.jpg\" alt=\"\" width=\"330\" height=\"221\" \/><\/a>Aktorja e njohur me origjin\u00eb shqiptare, Eliza Dushku, mb\u00ebrriti dje n\u00eb Shqip\u00ebri, k\u00ebsaj here p\u00ebr t\u2019u ndjer\u00eb t\u00ebr\u00ebsisht shqiptare.<\/strong><\/p>\n<p>E shoq\u00ebruar nga disa producent\u00eb dhe grupe xhirimi t\u00eb disa televizioneve amerikane, Eliza Dushku tha para mediave shqiptare se do t\u00eb promovoj\u00eb imazhin e Shqip\u00ebris\u00eb. Ajo nuk e fshehu edhe nj\u00eb k\u00ebrkes\u00eb t\u00eb saj p\u00ebr t\u00eb marr\u00eb shtet\u00ebsin\u00eb shqiptare, t\u00eb cil\u00ebn e tregoi edhe p\u00ebrpara fotograf\u00ebve.<\/p>\n<p>Ajo u prit n\u00eb aeroportin nd\u00ebrkomb\u00ebtar \u201cN\u00ebn\u00eb Tereza\u201d n\u00eb Rinas nga n\u00ebnkryetarja e Bashkis\u00eb s\u00eb Tiran\u00ebs, Jorida Tabaku. Aktorja e mir\u00ebnjohur u shpreh se do t\u00eb udh\u00ebtoj\u00eb n\u00eb qytetet m\u00eb t\u00eb bukura shqiptare, si dhe ve\u00e7an\u00ebrisht n\u00eb Kor\u00e7\u00eb, nga \u00ebsht\u00eb origjina e saj, nj\u00eb qytet q\u00eb ajo nuk ka qen\u00eb asnj\u00ebher\u00eb n\u00eb jet\u00ebn e saj. \u201cPo bashk\u00ebpunojm\u00eb me producent\u00eb nga \u201cLonely Planet\u201d apo \u201cTravel Channel\u201d, sepse duam t\u00eb p\u00ebrgatisim di\u00e7ka q\u00eb t\u00eb tregoj\u00eb se sa e mahnitshme \u00ebsht\u00eb Shqip\u00ebria. Gjithashtu, s\u2019kam pasur kurr\u00eb mund\u00ebsi t\u00eb shkoj n\u00eb Kor\u00e7\u00eb, nga e cila \u00ebsht\u00eb babai im\u201d, tha Dushku dhe m\u00eb pas ajo firmosi k\u00ebrkes\u00ebn p\u00ebr t\u00eb pasur pasaport\u00eb shqiptare, duke qen\u00eb k\u00ebshtu edhe zyrtarisht nj\u00eb shtetase shqiptare. M\u00ebsohet se pjes\u00eb e k\u00ebtij prodhimi do t\u00eb jen\u00eb edhe shqiptar\u00ebt e tjer\u00eb t\u00eb famsh\u00ebm, Inva Mula e aktori Blerim Destani.<\/p>\n<p>E pyetur n\u00ebse ky udh\u00ebtim do ta frym\u00ebzoj\u00eb t\u00eb b\u00ebj\u00eb nj\u00eb tjet\u00ebr tatuazh me simbolet shqiptare, Eliza \u00ebsht\u00eb p\u00ebrgjigjur duke th\u00ebn\u00eb se tatuazhet nuk ia p\u00eblqen i dashuri. \u201cDua shum\u00eb, por i dashuri im nuk \u00ebsht\u00eb se i p\u00eblqen, megjithat\u00eb nuk i dihet\u201d.<\/p>\n<p><strong><a href=\"http:\/\/www.visit-ulcinj.com\/blog\/wp-content\/uploads\/2011\/08\/Basha-Eliza-Dushku-duke-shetitur-ne-Tirane.jpg\"><img loading=\"lazy\" class=\"alignleft size-full wp-image-49765\" title=\"Basha-Eliza-Dushku-duke-shetitur-ne-Tirane\" src=\"http:\/\/www.visit-ulcinj.com\/blog\/wp-content\/uploads\/2011\/08\/Basha-Eliza-Dushku-duke-shetitur-ne-Tirane.jpg\" alt=\"\" width=\"330\" height=\"230\" \/><\/a>Aktorja e njohur \u00ebsht\u00eb takuar me kryebashkiakun e Tiran\u00ebs, Lulzim Basha.<\/strong><\/p>\n<p>N\u00eb nj\u00eb deklarat\u00eb t\u00eb p\u00ebrbashk\u00ebt p\u00ebr mediat Basha i ka propozuar asaj t\u00eb jet\u00eb ambasadore nderi e Tiran\u00ebs, n\u00eb kuad\u00ebr t\u00eb promovimit t\u00eb Shqip\u00ebris\u00eb n\u00eb bot\u00eb, ka raportuar BalkanWeb.<\/p>\n<p>\u201cUn\u00eb jam shum\u00eb i lumtur q\u00eb Eliza ndodhet n\u00eb Tiran\u00eb dhe besoj se flas edhe n\u00eb em\u00ebr t\u00eb gjith\u00eb qytetar\u00ebve t\u00eb Tran\u00ebs, q\u00eb e kemi pritur k\u00ebt\u00eb vizit\u00eb me shum\u00eb k\u00ebnaq\u00ebsi. T\u00eb gjith\u00eb jemi entuziast\u00eb p\u00ebr vizit\u00eb ne saj. Pavar\u00ebsisht q\u00eb do sh\u00ebrbej\u00eb p\u00ebr ta vendosur Tiran\u00ebn fillimisht n\u00eb hart\u00ebn turistike t\u00eb bot\u00ebs. Kam pasur nderin t\u2019i propozoj sot dhe k\u00ebnaq\u00ebsin\u00eb q\u00eb ajo pranoi, t\u00eb jet\u00eb ambasadore nderi e Tiran\u00ebs n\u00eb bot\u00eb e ngarkuar p\u00ebr artet, kultur\u00ebn dhe turizmin\u201d, u shpreh Basha menj\u00ebher\u00eb pas takimit me aktoren.<\/p>\n<p>Nd\u00ebrsa aktorja ka b\u00ebr\u00eb dhe nj\u00ebher\u00eb me dije projektin e saj p\u00ebr t\u00eb promovuar n\u00eb bot\u00eb turizmin shqiptar. \u201cShqip\u00ebria \u00ebsht\u00eb vend turistik. Kam vizituar deri tani Tiran\u00ebn dhe njer\u00ebzit k\u00ebu jan\u00eb shum\u00eb t\u00eb mir\u00eb. Do filloj turin nga Korca p\u00ebr t\u00eb promovuar turizmin shqiptar me an\u00eb t\u00eb nj\u00eb dokumentari\u201d, shtoi aktorja.<\/p>\n<p>Dushku firmosi dje pas mb\u00ebrritjes n\u00eb aeroport k\u00ebrkes\u00ebn e saj p\u00ebr t\u00eb pasur pasaport\u00eb shqiptare, per te qen\u00eb k\u00ebshtu edhe zyrtarisht nj\u00eb shtetase shqiptare.<\/p>\n<p>Nd\u00ebrsa aktorja Eliza Dushku u shpreh e k\u00ebnaqur p\u00ebr k\u00ebt\u00eb vizit\u00eb n\u00eb Shqip\u00ebri dhe deklaroi se turin e saj do e filloj\u00eb nga qytetit i Kor\u00e7\u00ebs, ku do t\u00eb paraqitet dokumentari p\u00ebr promovimin e turizmit p\u00ebr vendin. M\u00eb pas Dushku, do t\u00eb vijoj\u00eb vizit\u00ebn e saj n\u00eb qytete t\u00eb tjera t\u00eb Shqip\u00ebris\u00eb.<\/p>\n<p>Aktorja Eliza Dushku ka l\u00ebn\u00eb pas angazhimet kinematografike n\u00eb Hollivud dhe \u00ebsht\u00eb rikthyer n\u00eb Shqip\u00ebri, n\u00eb vendin e t\u00eb par\u00ebve t\u00eb saj, por k\u00ebsaj here m\u00eb nj\u00eb mision. P\u00ebr 10 dit\u00eb me radh\u00eb, e shoq\u00ebruar nga nj\u00eb grup xhirimi amerikan, aktorja 31 vje\u00e7are do t\u00eb udh\u00ebtoj n\u00ebp\u00ebr Shqip\u00ebri p\u00ebr t\u00eb dokumentuar bukurit\u00eb dhe vlerat e vendit t\u00eb origjin\u00ebs q\u00eb e p\u00ebrmend me krenari sa her\u00eb q\u00eb i jepet rasti.<\/p>\n<p>Bashk\u00eb me Eliz\u00ebn n\u00eb realizimin e dokumentarit p\u00ebr Shqip\u00ebrin\u00eb do t\u00eb kontribuojn\u00eb dhe artist\u00eb t\u00eb tjer\u00eb me fam\u00eb bot\u00ebrore si soprano Inva Mula, fotografi Fadil Berisha dhe aktori Blerim Destani.<\/p>\n<p>Eliza u lind m\u00eb 30 dhjetor 1980 n\u00eb Boston. Babai i saj \u00ebsht\u00eb shqiptar nga Kor\u00e7a, nd\u00ebrsa n\u00ebna daneze.<\/p>\n<p><strong>Panorama<\/strong><\/p>\n","protected":false},"excerpt":{"rendered":"<p>Aktorja e njohur me origjin\u00eb shqiptare, Eliza Dushku, mb\u00ebrriti dje n\u00eb Shqip\u00ebri, k\u00ebsaj here p\u00ebr t\u2019u ndjer\u00eb t\u00ebr\u00ebsisht shqiptare. E shoq\u00ebruar nga disa producent\u00eb dhe grupe xhirimi t\u00eb disa televizioneve amerikane, Eliza Dushku tha para mediave shqiptare se do t\u00eb promovoj\u00eb imazhin e Shqip\u00ebris\u00eb. Ajo nuk e fshehu edhe nj\u00eb k\u00ebrkes\u00eb t\u00eb saj p\u00ebr t\u00eb [&hellip;]<\/p>\n","protected":false},"author":1,"featured_media":0,"comment_status":"open","ping_status":"closed","sticky":false,"template":"","format":"standard","meta":{"spay_email":"","jetpack_publicize_message":"","jetpack_is_tweetstorm":false,"jetpack_publicize_feature_enabled":true},"categories":[1],"tags":[5352],"jetpack_publicize_connections":[],"yoast_head":"<!-- This site is optimized with the Yoast SEO plugin v19.1 - https:\/\/yoast.com\/wordpress\/plugins\/seo\/ -->\n<title>Eliza Dushku k\u00ebrkon shtet\u00ebsi shqiptare - Lajme nga Ulqini<\/title>\n<meta name=\"description\" content=\"Aktorja e njohur me origjin\u00eb shqiptare, Eliza Dushku, mb\u00ebrriti dje n\u00eb Shqip\u00ebri, k\u00ebsaj here p\u00ebr t\u2019u ndjer\u00eb t\u00ebr\u00ebsisht shqiptare. E shoq\u00ebruar nga disa\" \/>\n<meta name=\"robots\" content=\"index, follow, max-snippet:-1, max-image-preview:large, max-video-preview:-1\" \/>\n<link rel=\"canonical\" href=\"https:\/\/www.visit-ulcinj.com\/blog\/2011\/08\/08\/eliza-dushku-kerkon-shtetesi-shqiptare\/\" \/>\n<meta property=\"og:locale\" content=\"en_US\" \/>\n<meta property=\"og:type\" content=\"article\" \/>\n<meta property=\"og:title\" content=\"Eliza Dushku k\u00ebrkon shtet\u00ebsi shqiptare - Lajme nga Ulqini\" \/>\n<meta property=\"og:description\" content=\"Aktorja e njohur me origjin\u00eb shqiptare, Eliza Dushku, mb\u00ebrriti dje n\u00eb Shqip\u00ebri, k\u00ebsaj here p\u00ebr t\u2019u ndjer\u00eb t\u00ebr\u00ebsisht shqiptare. E shoq\u00ebruar nga disa\" \/>\n<meta property=\"og:url\" content=\"https:\/\/www.visit-ulcinj.com\/blog\/2011\/08\/08\/eliza-dushku-kerkon-shtetesi-shqiptare\/\" \/>\n<meta property=\"og:site_name\" content=\"Lajme nga Ulqini\" \/>\n<meta property=\"article:published_time\" content=\"2011-08-08T08:03:09+00:00\" \/>\n<meta property=\"article:modified_time\" content=\"2011-08-08T08:04:26+00:00\" \/>\n<meta property=\"og:image\" content=\"http:\/\/www.visit-ulcinj.com\/blog\/wp-content\/uploads\/2011\/08\/ELIZA-DUSHKU_SHTETSI-SHQIPTARE.jpg\" \/>\n<meta name=\"twitter:label1\" content=\"Written by\" \/>\n\t<meta name=\"twitter:data1\" content=\"ulqini\" \/>\n\t<meta name=\"twitter:label2\" content=\"Est. reading time\" \/>\n\t<meta name=\"twitter:data2\" content=\"4 minutes\" \/>\n<script type=\"application\/ld+json\" class=\"yoast-schema-graph\">{\"@context\":\"https:\/\/schema.org\",\"@graph\":[{\"@type\":\"WebSite\",\"@id\":\"https:\/\/www.visit-ulcinj.com\/blog\/#website\",\"url\":\"https:\/\/www.visit-ulcinj.com\/blog\/\",\"name\":\"Lajme nga Ulqini\",\"description\":\"Lajme,Vijesti,Ulqini,Ulqin,Crna Gora,Mali i Zi\",\"potentialAction\":[{\"@type\":\"SearchAction\",\"target\":{\"@type\":\"EntryPoint\",\"urlTemplate\":\"https:\/\/www.visit-ulcinj.com\/blog\/?s={search_term_string}\"},\"query-input\":\"required name=search_term_string\"}],\"inLanguage\":\"en-US\"},{\"@type\":\"ImageObject\",\"inLanguage\":\"en-US\",\"@id\":\"https:\/\/www.visit-ulcinj.com\/blog\/2011\/08\/08\/eliza-dushku-kerkon-shtetesi-shqiptare\/#primaryimage\",\"url\":\"http:\/\/www.visit-ulcinj.com\/blog\/wp-content\/uploads\/2011\/08\/ELIZA-DUSHKU_SHTETSI-SHQIPTARE.jpg\",\"contentUrl\":\"http:\/\/www.visit-ulcinj.com\/blog\/wp-content\/uploads\/2011\/08\/ELIZA-DUSHKU_SHTETSI-SHQIPTARE.jpg\"},{\"@type\":\"WebPage\",\"@id\":\"https:\/\/www.visit-ulcinj.com\/blog\/2011\/08\/08\/eliza-dushku-kerkon-shtetesi-shqiptare\/#webpage\",\"url\":\"https:\/\/www.visit-ulcinj.com\/blog\/2011\/08\/08\/eliza-dushku-kerkon-shtetesi-shqiptare\/\",\"name\":\"Eliza Dushku k\u00ebrkon shtet\u00ebsi shqiptare - Lajme nga Ulqini\",\"isPartOf\":{\"@id\":\"https:\/\/www.visit-ulcinj.com\/blog\/#website\"},\"primaryImageOfPage\":{\"@id\":\"https:\/\/www.visit-ulcinj.com\/blog\/2011\/08\/08\/eliza-dushku-kerkon-shtetesi-shqiptare\/#primaryimage\"},\"datePublished\":\"2011-08-08T08:03:09+00:00\",\"dateModified\":\"2011-08-08T08:04:26+00:00\",\"author\":{\"@id\":\"https:\/\/www.visit-ulcinj.com\/blog\/#\/schema\/person\/dcab619c614d3038751c63bc2aadc06d\"},\"description\":\"Aktorja e njohur me origjin\u00eb shqiptare, Eliza Dushku, mb\u00ebrriti dje n\u00eb Shqip\u00ebri, k\u00ebsaj here p\u00ebr t\u2019u ndjer\u00eb t\u00ebr\u00ebsisht shqiptare. E shoq\u00ebruar nga disa\",\"breadcrumb\":{\"@id\":\"https:\/\/www.visit-ulcinj.com\/blog\/2011\/08\/08\/eliza-dushku-kerkon-shtetesi-shqiptare\/#breadcrumb\"},\"inLanguage\":\"en-US\",\"potentialAction\":[{\"@type\":\"ReadAction\",\"target\":[\"https:\/\/www.visit-ulcinj.com\/blog\/2011\/08\/08\/eliza-dushku-kerkon-shtetesi-shqiptare\/\"]}]},{\"@type\":\"BreadcrumbList\",\"@id\":\"https:\/\/www.visit-ulcinj.com\/blog\/2011\/08\/08\/eliza-dushku-kerkon-shtetesi-shqiptare\/#breadcrumb\",\"itemListElement\":[{\"@type\":\"ListItem\",\"position\":1,\"name\":\"Eliza Dushku k\u00ebrkon shtet\u00ebsi shqiptare\"}]},{\"@type\":\"Person\",\"@id\":\"https:\/\/www.visit-ulcinj.com\/blog\/#\/schema\/person\/dcab619c614d3038751c63bc2aadc06d\",\"name\":\"ulqini\",\"sameAs\":[\"http:\/\/www.visit-ulcinj.com\"],\"url\":\"https:\/\/www.visit-ulcinj.com\/blog\/author\/admin\/\"}]}<\/script>\n<!-- \/ Yoast SEO plugin. -->","yoast_head_json":{"title":"Eliza Dushku k\u00ebrkon shtet\u00ebsi shqiptare - Lajme nga Ulqini","description":"Aktorja e njohur me origjin\u00eb shqiptare, Eliza Dushku, mb\u00ebrriti dje n\u00eb Shqip\u00ebri, k\u00ebsaj here p\u00ebr t\u2019u ndjer\u00eb t\u00ebr\u00ebsisht shqiptare. E shoq\u00ebruar nga disa","robots":{"index":"index","follow":"follow","max-snippet":"max-snippet:-1","max-image-preview":"max-image-preview:large","max-video-preview":"max-video-preview:-1"},"canonical":"https:\/\/www.visit-ulcinj.com\/blog\/2011\/08\/08\/eliza-dushku-kerkon-shtetesi-shqiptare\/","og_locale":"en_US","og_type":"article","og_title":"Eliza Dushku k\u00ebrkon shtet\u00ebsi shqiptare - Lajme nga Ulqini","og_description":"Aktorja e njohur me origjin\u00eb shqiptare, Eliza Dushku, mb\u00ebrriti dje n\u00eb Shqip\u00ebri, k\u00ebsaj here p\u00ebr t\u2019u ndjer\u00eb t\u00ebr\u00ebsisht shqiptare. E shoq\u00ebruar nga disa","og_url":"https:\/\/www.visit-ulcinj.com\/blog\/2011\/08\/08\/eliza-dushku-kerkon-shtetesi-shqiptare\/","og_site_name":"Lajme nga Ulqini","article_published_time":"2011-08-08T08:03:09+00:00","article_modified_time":"2011-08-08T08:04:26+00:00","og_image":[{"url":"http:\/\/www.visit-ulcinj.com\/blog\/wp-content\/uploads\/2011\/08\/ELIZA-DUSHKU_SHTETSI-SHQIPTARE.jpg"}],"twitter_misc":{"Written by":"ulqini","Est. reading time":"4 minutes"},"schema":{"@context":"https:\/\/schema.org","@graph":[{"@type":"WebSite","@id":"https:\/\/www.visit-ulcinj.com\/blog\/#website","url":"https:\/\/www.visit-ulcinj.com\/blog\/","name":"Lajme nga Ulqini","description":"Lajme,Vijesti,Ulqini,Ulqin,Crna Gora,Mali i Zi","potentialAction":[{"@type":"SearchAction","target":{"@type":"EntryPoint","urlTemplate":"https:\/\/www.visit-ulcinj.com\/blog\/?s={search_term_string}"},"query-input":"required name=search_term_string"}],"inLanguage":"en-US"},{"@type":"ImageObject","inLanguage":"en-US","@id":"https:\/\/www.visit-ulcinj.com\/blog\/2011\/08\/08\/eliza-dushku-kerkon-shtetesi-shqiptare\/#primaryimage","url":"http:\/\/www.visit-ulcinj.com\/blog\/wp-content\/uploads\/2011\/08\/ELIZA-DUSHKU_SHTETSI-SHQIPTARE.jpg","contentUrl":"http:\/\/www.visit-ulcinj.com\/blog\/wp-content\/uploads\/2011\/08\/ELIZA-DUSHKU_SHTETSI-SHQIPTARE.jpg"},{"@type":"WebPage","@id":"https:\/\/www.visit-ulcinj.com\/blog\/2011\/08\/08\/eliza-dushku-kerkon-shtetesi-shqiptare\/#webpage","url":"https:\/\/www.visit-ulcinj.com\/blog\/2011\/08\/08\/eliza-dushku-kerkon-shtetesi-shqiptare\/","name":"Eliza Dushku k\u00ebrkon shtet\u00ebsi shqiptare - Lajme nga Ulqini","isPartOf":{"@id":"https:\/\/www.visit-ulcinj.com\/blog\/#website"},"primaryImageOfPage":{"@id":"https:\/\/www.visit-ulcinj.com\/blog\/2011\/08\/08\/eliza-dushku-kerkon-shtetesi-shqiptare\/#primaryimage"},"datePublished":"2011-08-08T08:03:09+00:00","dateModified":"2011-08-08T08:04:26+00:00","author":{"@id":"https:\/\/www.visit-ulcinj.com\/blog\/#\/schema\/person\/dcab619c614d3038751c63bc2aadc06d"},"description":"Aktorja e njohur me origjin\u00eb shqiptare, Eliza Dushku, mb\u00ebrriti dje n\u00eb Shqip\u00ebri, k\u00ebsaj here p\u00ebr t\u2019u ndjer\u00eb t\u00ebr\u00ebsisht shqiptare. E shoq\u00ebruar nga disa","breadcrumb":{"@id":"https:\/\/www.visit-ulcinj.com\/blog\/2011\/08\/08\/eliza-dushku-kerkon-shtetesi-shqiptare\/#breadcrumb"},"inLanguage":"en-US","potentialAction":[{"@type":"ReadAction","target":["https:\/\/www.visit-ulcinj.com\/blog\/2011\/08\/08\/eliza-dushku-kerkon-shtetesi-shqiptare\/"]}]},{"@type":"BreadcrumbList","@id":"https:\/\/www.visit-ulcinj.com\/blog\/2011\/08\/08\/eliza-dushku-kerkon-shtetesi-shqiptare\/#breadcrumb","itemListElement":[{"@type":"ListItem","position":1,"name":"Eliza Dushku k\u00ebrkon shtet\u00ebsi shqiptare"}]},{"@type":"Person","@id":"https:\/\/www.visit-ulcinj.com\/blog\/#\/schema\/person\/dcab619c614d3038751c63bc2aadc06d","name":"ulqini","sameAs":["http:\/\/www.visit-ulcinj.com"],"url":"https:\/\/www.visit-ulcinj.com\/blog\/author\/admin\/"}]}},"jetpack_featured_media_url":"","jetpack_sharing_enabled":true,"jetpack_shortlink":"https:\/\/wp.me\/pe6lTn-cWD","_links":{"self":[{"href":"https:\/\/www.visit-ulcinj.com\/blog\/wp-json\/wp\/v2\/posts\/49763"}],"collection":[{"href":"https:\/\/www.visit-ulcinj.com\/blog\/wp-json\/wp\/v2\/posts"}],"about":[{"href":"https:\/\/www.visit-ulcinj.com\/blog\/wp-json\/wp\/v2\/types\/post"}],"author":[{"embeddable":true,"href":"https:\/\/www.visit-ulcinj.com\/blog\/wp-json\/wp\/v2\/users\/1"}],"replies":[{"embeddable":true,"href":"https:\/\/www.visit-ulcinj.com\/blog\/wp-json\/wp\/v2\/comments?post=49763"}],"version-history":[{"count":2,"href":"https:\/\/www.visit-ulcinj.com\/blog\/wp-json\/wp\/v2\/posts\/49763\/revisions"}],"predecessor-version":[{"id":49767,"href":"https:\/\/www.visit-ulcinj.com\/blog\/wp-json\/wp\/v2\/posts\/49763\/revisions\/49767"}],"wp:attachment":[{"href":"https:\/\/www.visit-ulcinj.com\/blog\/wp-json\/wp\/v2\/media?parent=49763"}],"wp:term":[{"taxonomy":"category","embeddable":true,"href":"https:\/\/www.visit-ulcinj.com\/blog\/wp-json\/wp\/v2\/categories?post=49763"},{"taxonomy":"post_tag","embeddable":true,"href":"https:\/\/www.visit-ulcinj.com\/blog\/wp-json\/wp\/v2\/tags?post=49763"}],"curies":[{"name":"wp","href":"https:\/\/api.w.org\/{rel}","templated":true}]}}