{"id":49770,"date":"2011-08-10T22:17:18","date_gmt":"2011-08-10T21:17:18","guid":{"rendered":"http:\/\/www.visit-ulcinj.com\/blog\/?p=49770"},"modified":"2011-08-11T08:09:45","modified_gmt":"2011-08-11T07:09:45","slug":"kristina-elezaj-se-bashku-me-noizyn","status":"publish","type":"post","link":"https:\/\/www.visit-ulcinj.com\/blog\/2011\/08\/10\/kristina-elezaj-se-bashku-me-noizyn\/","title":{"rendered":"Kristina Elezaj s\u00eb bashku me Noizyn"},"content":{"rendered":"<p><a href=\"http:\/\/www.visit-ulcinj.com\/blog\/wp-content\/uploads\/2011\/08\/Kristina-Elezaj_Noizy.jpg\"><img loading=\"lazy\" class=\"alignleft size-full wp-image-49771\" title=\"Kristina Elezaj_Noizy\" src=\"http:\/\/www.visit-ulcinj.com\/blog\/wp-content\/uploads\/2011\/08\/Kristina-Elezaj_Noizy.jpg\" alt=\"\" width=\"490\" height=\"604\" \/><\/a>K\u00ebng\u00ebtarja e njohur Kristin\u00eb Elezaj \u00ebsht\u00eb rikthyer n\u00eb SHBA pas pushimeve q\u00eb ka kaluar n\u00eb vendlindjen e saj n\u00eb Ulqin, ajo nuk ka l\u00ebn\u00eb anash projektet e saj n\u00eb vazhdim e cila menj\u00ebher\u00eb \u00ebsht\u00eb p\u00ebrqendruar n\u00eb realizimin e albumit t\u00eb saj t\u00eb ri. Bukuroshja shqiptare, e cila ka filluar karrier\u00eb muzikore Amerik\u00eb, k\u00ebto dit\u00eb q\u00ebndroi p\u00ebr pushime n\u00eb Ulqin. Por me t\u2019u rikthyer n\u00eb New York, Kristina ka b\u00ebr\u00eb t\u00eb ditur se \u00ebsht\u00eb futur menj\u00ebher\u00eb n\u00eb studio p\u00ebr t\u00eb regjistruar k\u00ebng\u00ebt e albumit t\u00eb saj t\u00eb ardhsh\u00ebm, i dyti n\u00eb radh\u00eb. Nd\u00ebrkoh\u00eb flitet se ajo do t\u00eb bashk\u00ebpunoj\u00eb me Noizyn p\u00ebr albumin e saj t\u00eb ri.<\/p>\n<p><strong>BOTA SOT<\/strong><br \/>\n<!--YouTube Error: bad URL entered--><\/p>\n","protected":false},"excerpt":{"rendered":"<p>K\u00ebng\u00ebtarja e njohur Kristin\u00eb Elezaj \u00ebsht\u00eb rikthyer n\u00eb SHBA pas pushimeve q\u00eb ka kaluar n\u00eb vendlindjen e saj n\u00eb Ulqin, ajo nuk ka l\u00ebn\u00eb anash projektet e saj n\u00eb vazhdim e cila menj\u00ebher\u00eb \u00ebsht\u00eb p\u00ebrqendruar n\u00eb realizimin e albumit t\u00eb saj t\u00eb ri. Bukuroshja shqiptare, e cila ka filluar karrier\u00eb muzikore Amerik\u00eb, k\u00ebto dit\u00eb q\u00ebndroi [&hellip;]<\/p>\n","protected":false},"author":1,"featured_media":0,"comment_status":"open","ping_status":"closed","sticky":false,"template":"","format":"standard","meta":{"spay_email":"","jetpack_publicize_message":"","jetpack_is_tweetstorm":false,"jetpack_publicize_feature_enabled":true},"categories":[1],"tags":[],"jetpack_publicize_connections":[],"yoast_head":"<!-- This site is optimized with the Yoast SEO plugin v19.1 - https:\/\/yoast.com\/wordpress\/plugins\/seo\/ -->\n<title>Kristina Elezaj s\u00eb bashku me Noizyn - Lajme nga Ulqini<\/title>\n<meta name=\"description\" content=\"K\u00ebng\u00ebtarja e njohur Kristin\u00eb Elezaj \u00ebsht\u00eb rikthyer n\u00eb SHBA pas pushimeve q\u00eb ka kaluar n\u00eb vendlindjen e saj n\u00eb Ulqin, ajo nuk ka l\u00ebn\u00eb anash projektet e saj\" \/>\n<meta name=\"robots\" content=\"index, follow, max-snippet:-1, max-image-preview:large, max-video-preview:-1\" \/>\n<link rel=\"canonical\" href=\"https:\/\/www.visit-ulcinj.com\/blog\/2011\/08\/10\/kristina-elezaj-se-bashku-me-noizyn\/\" \/>\n<meta property=\"og:locale\" content=\"en_US\" \/>\n<meta property=\"og:type\" content=\"article\" \/>\n<meta property=\"og:title\" content=\"Kristina Elezaj s\u00eb bashku me Noizyn - Lajme nga Ulqini\" \/>\n<meta property=\"og:description\" content=\"K\u00ebng\u00ebtarja e njohur Kristin\u00eb Elezaj \u00ebsht\u00eb rikthyer n\u00eb SHBA pas pushimeve q\u00eb ka kaluar n\u00eb vendlindjen e saj n\u00eb Ulqin, ajo nuk ka l\u00ebn\u00eb anash projektet e saj\" \/>\n<meta property=\"og:url\" content=\"https:\/\/www.visit-ulcinj.com\/blog\/2011\/08\/10\/kristina-elezaj-se-bashku-me-noizyn\/\" \/>\n<meta property=\"og:site_name\" content=\"Lajme nga Ulqini\" \/>\n<meta property=\"article:published_time\" content=\"2011-08-10T21:17:18+00:00\" \/>\n<meta property=\"article:modified_time\" content=\"2011-08-11T07:09:45+00:00\" \/>\n<meta property=\"og:image\" content=\"http:\/\/www.visit-ulcinj.com\/blog\/wp-content\/uploads\/2011\/08\/Kristina-Elezaj_Noizy.jpg\" \/>\n<meta name=\"twitter:label1\" content=\"Written by\" \/>\n\t<meta name=\"twitter:data1\" content=\"ulqini\" \/>\n\t<meta name=\"twitter:label2\" content=\"Est. reading time\" \/>\n\t<meta name=\"twitter:data2\" content=\"1 minute\" \/>\n<script type=\"application\/ld+json\" class=\"yoast-schema-graph\">{\"@context\":\"https:\/\/schema.org\",\"@graph\":[{\"@type\":\"WebSite\",\"@id\":\"https:\/\/www.visit-ulcinj.com\/blog\/#website\",\"url\":\"https:\/\/www.visit-ulcinj.com\/blog\/\",\"name\":\"Lajme nga Ulqini\",\"description\":\"Lajme,Vijesti,Ulqini,Ulqin,Crna Gora,Mali i Zi\",\"potentialAction\":[{\"@type\":\"SearchAction\",\"target\":{\"@type\":\"EntryPoint\",\"urlTemplate\":\"https:\/\/www.visit-ulcinj.com\/blog\/?s={search_term_string}\"},\"query-input\":\"required name=search_term_string\"}],\"inLanguage\":\"en-US\"},{\"@type\":\"ImageObject\",\"inLanguage\":\"en-US\",\"@id\":\"https:\/\/www.visit-ulcinj.com\/blog\/2011\/08\/10\/kristina-elezaj-se-bashku-me-noizyn\/#primaryimage\",\"url\":\"https:\/\/www.visit-ulcinj.com\/blog\/wp-content\/uploads\/2011\/08\/Kristina-Elezaj_Noizy.jpg\",\"contentUrl\":\"https:\/\/www.visit-ulcinj.com\/blog\/wp-content\/uploads\/2011\/08\/Kristina-Elezaj_Noizy.jpg\",\"width\":\"453\",\"height\":\"604\"},{\"@type\":\"WebPage\",\"@id\":\"https:\/\/www.visit-ulcinj.com\/blog\/2011\/08\/10\/kristina-elezaj-se-bashku-me-noizyn\/#webpage\",\"url\":\"https:\/\/www.visit-ulcinj.com\/blog\/2011\/08\/10\/kristina-elezaj-se-bashku-me-noizyn\/\",\"name\":\"Kristina Elezaj s\u00eb bashku me Noizyn - Lajme nga Ulqini\",\"isPartOf\":{\"@id\":\"https:\/\/www.visit-ulcinj.com\/blog\/#website\"},\"primaryImageOfPage\":{\"@id\":\"https:\/\/www.visit-ulcinj.com\/blog\/2011\/08\/10\/kristina-elezaj-se-bashku-me-noizyn\/#primaryimage\"},\"datePublished\":\"2011-08-10T21:17:18+00:00\",\"dateModified\":\"2011-08-11T07:09:45+00:00\",\"author\":{\"@id\":\"https:\/\/www.visit-ulcinj.com\/blog\/#\/schema\/person\/dcab619c614d3038751c63bc2aadc06d\"},\"description\":\"K\u00ebng\u00ebtarja e njohur Kristin\u00eb Elezaj \u00ebsht\u00eb rikthyer n\u00eb SHBA pas pushimeve q\u00eb ka kaluar n\u00eb vendlindjen e saj n\u00eb Ulqin, ajo nuk ka l\u00ebn\u00eb anash projektet e saj\",\"breadcrumb\":{\"@id\":\"https:\/\/www.visit-ulcinj.com\/blog\/2011\/08\/10\/kristina-elezaj-se-bashku-me-noizyn\/#breadcrumb\"},\"inLanguage\":\"en-US\",\"potentialAction\":[{\"@type\":\"ReadAction\",\"target\":[\"https:\/\/www.visit-ulcinj.com\/blog\/2011\/08\/10\/kristina-elezaj-se-bashku-me-noizyn\/\"]}]},{\"@type\":\"BreadcrumbList\",\"@id\":\"https:\/\/www.visit-ulcinj.com\/blog\/2011\/08\/10\/kristina-elezaj-se-bashku-me-noizyn\/#breadcrumb\",\"itemListElement\":[{\"@type\":\"ListItem\",\"position\":1,\"name\":\"Kristina Elezaj s\u00eb bashku me Noizyn\"}]},{\"@type\":\"Person\",\"@id\":\"https:\/\/www.visit-ulcinj.com\/blog\/#\/schema\/person\/dcab619c614d3038751c63bc2aadc06d\",\"name\":\"ulqini\",\"sameAs\":[\"http:\/\/www.visit-ulcinj.com\"],\"url\":\"https:\/\/www.visit-ulcinj.com\/blog\/author\/admin\/\"}]}<\/script>\n<!-- \/ Yoast SEO plugin. -->","yoast_head_json":{"title":"Kristina Elezaj s\u00eb bashku me Noizyn - Lajme nga Ulqini","description":"K\u00ebng\u00ebtarja e njohur Kristin\u00eb Elezaj \u00ebsht\u00eb rikthyer n\u00eb SHBA pas pushimeve q\u00eb ka kaluar n\u00eb vendlindjen e saj n\u00eb Ulqin, ajo nuk ka l\u00ebn\u00eb anash projektet e saj","robots":{"index":"index","follow":"follow","max-snippet":"max-snippet:-1","max-image-preview":"max-image-preview:large","max-video-preview":"max-video-preview:-1"},"canonical":"https:\/\/www.visit-ulcinj.com\/blog\/2011\/08\/10\/kristina-elezaj-se-bashku-me-noizyn\/","og_locale":"en_US","og_type":"article","og_title":"Kristina Elezaj s\u00eb bashku me Noizyn - Lajme nga Ulqini","og_description":"K\u00ebng\u00ebtarja e njohur Kristin\u00eb Elezaj \u00ebsht\u00eb rikthyer n\u00eb SHBA pas pushimeve q\u00eb ka kaluar n\u00eb vendlindjen e saj n\u00eb Ulqin, ajo nuk ka l\u00ebn\u00eb anash projektet e saj","og_url":"https:\/\/www.visit-ulcinj.com\/blog\/2011\/08\/10\/kristina-elezaj-se-bashku-me-noizyn\/","og_site_name":"Lajme nga Ulqini","article_published_time":"2011-08-10T21:17:18+00:00","article_modified_time":"2011-08-11T07:09:45+00:00","og_image":[{"url":"http:\/\/www.visit-ulcinj.com\/blog\/wp-content\/uploads\/2011\/08\/Kristina-Elezaj_Noizy.jpg"}],"twitter_misc":{"Written by":"ulqini","Est. reading time":"1 minute"},"schema":{"@context":"https:\/\/schema.org","@graph":[{"@type":"WebSite","@id":"https:\/\/www.visit-ulcinj.com\/blog\/#website","url":"https:\/\/www.visit-ulcinj.com\/blog\/","name":"Lajme nga Ulqini","description":"Lajme,Vijesti,Ulqini,Ulqin,Crna Gora,Mali i Zi","potentialAction":[{"@type":"SearchAction","target":{"@type":"EntryPoint","urlTemplate":"https:\/\/www.visit-ulcinj.com\/blog\/?s={search_term_string}"},"query-input":"required name=search_term_string"}],"inLanguage":"en-US"},{"@type":"ImageObject","inLanguage":"en-US","@id":"https:\/\/www.visit-ulcinj.com\/blog\/2011\/08\/10\/kristina-elezaj-se-bashku-me-noizyn\/#primaryimage","url":"https:\/\/www.visit-ulcinj.com\/blog\/wp-content\/uploads\/2011\/08\/Kristina-Elezaj_Noizy.jpg","contentUrl":"https:\/\/www.visit-ulcinj.com\/blog\/wp-content\/uploads\/2011\/08\/Kristina-Elezaj_Noizy.jpg","width":"453","height":"604"},{"@type":"WebPage","@id":"https:\/\/www.visit-ulcinj.com\/blog\/2011\/08\/10\/kristina-elezaj-se-bashku-me-noizyn\/#webpage","url":"https:\/\/www.visit-ulcinj.com\/blog\/2011\/08\/10\/kristina-elezaj-se-bashku-me-noizyn\/","name":"Kristina Elezaj s\u00eb bashku me Noizyn - Lajme nga Ulqini","isPartOf":{"@id":"https:\/\/www.visit-ulcinj.com\/blog\/#website"},"primaryImageOfPage":{"@id":"https:\/\/www.visit-ulcinj.com\/blog\/2011\/08\/10\/kristina-elezaj-se-bashku-me-noizyn\/#primaryimage"},"datePublished":"2011-08-10T21:17:18+00:00","dateModified":"2011-08-11T07:09:45+00:00","author":{"@id":"https:\/\/www.visit-ulcinj.com\/blog\/#\/schema\/person\/dcab619c614d3038751c63bc2aadc06d"},"description":"K\u00ebng\u00ebtarja e njohur Kristin\u00eb Elezaj \u00ebsht\u00eb rikthyer n\u00eb SHBA pas pushimeve q\u00eb ka kaluar n\u00eb vendlindjen e saj n\u00eb Ulqin, ajo nuk ka l\u00ebn\u00eb anash projektet e saj","breadcrumb":{"@id":"https:\/\/www.visit-ulcinj.com\/blog\/2011\/08\/10\/kristina-elezaj-se-bashku-me-noizyn\/#breadcrumb"},"inLanguage":"en-US","potentialAction":[{"@type":"ReadAction","target":["https:\/\/www.visit-ulcinj.com\/blog\/2011\/08\/10\/kristina-elezaj-se-bashku-me-noizyn\/"]}]},{"@type":"BreadcrumbList","@id":"https:\/\/www.visit-ulcinj.com\/blog\/2011\/08\/10\/kristina-elezaj-se-bashku-me-noizyn\/#breadcrumb","itemListElement":[{"@type":"ListItem","position":1,"name":"Kristina Elezaj s\u00eb bashku me Noizyn"}]},{"@type":"Person","@id":"https:\/\/www.visit-ulcinj.com\/blog\/#\/schema\/person\/dcab619c614d3038751c63bc2aadc06d","name":"ulqini","sameAs":["http:\/\/www.visit-ulcinj.com"],"url":"https:\/\/www.visit-ulcinj.com\/blog\/author\/admin\/"}]}},"jetpack_featured_media_url":"","jetpack_sharing_enabled":true,"jetpack_shortlink":"https:\/\/wp.me\/pe6lTn-cWK","_links":{"self":[{"href":"https:\/\/www.visit-ulcinj.com\/blog\/wp-json\/wp\/v2\/posts\/49770"}],"collection":[{"href":"https:\/\/www.visit-ulcinj.com\/blog\/wp-json\/wp\/v2\/posts"}],"about":[{"href":"https:\/\/www.visit-ulcinj.com\/blog\/wp-json\/wp\/v2\/types\/post"}],"author":[{"embeddable":true,"href":"https:\/\/www.visit-ulcinj.com\/blog\/wp-json\/wp\/v2\/users\/1"}],"replies":[{"embeddable":true,"href":"https:\/\/www.visit-ulcinj.com\/blog\/wp-json\/wp\/v2\/comments?post=49770"}],"version-history":[{"count":3,"href":"https:\/\/www.visit-ulcinj.com\/blog\/wp-json\/wp\/v2\/posts\/49770\/revisions"}],"predecessor-version":[{"id":49773,"href":"https:\/\/www.visit-ulcinj.com\/blog\/wp-json\/wp\/v2\/posts\/49770\/revisions\/49773"}],"wp:attachment":[{"href":"https:\/\/www.visit-ulcinj.com\/blog\/wp-json\/wp\/v2\/media?parent=49770"}],"wp:term":[{"taxonomy":"category","embeddable":true,"href":"https:\/\/www.visit-ulcinj.com\/blog\/wp-json\/wp\/v2\/categories?post=49770"},{"taxonomy":"post_tag","embeddable":true,"href":"https:\/\/www.visit-ulcinj.com\/blog\/wp-json\/wp\/v2\/tags?post=49770"}],"curies":[{"name":"wp","href":"https:\/\/api.w.org\/{rel}","templated":true}]}}