{"id":49775,"date":"2011-08-11T08:17:57","date_gmt":"2011-08-11T07:17:57","guid":{"rendered":"http:\/\/www.visit-ulcinj.com\/blog\/?p=49775"},"modified":"2011-08-11T08:20:09","modified_gmt":"2011-08-11T07:20:09","slug":"perkatesia-fetare-islame-deshmon-manipulimet-e-monstatit","status":"publish","type":"post","link":"https:\/\/www.visit-ulcinj.com\/blog\/2011\/08\/11\/perkatesia-fetare-islame-deshmon-manipulimet-e-monstatit\/","title":{"rendered":"P\u00ebrkat\u00ebsia Fetare Islame D\u00ebshmon Manipulimet E Monstatit"},"content":{"rendered":"<p><a href=\"http:\/\/www.visit-ulcinj.com\/blog\/wp-content\/uploads\/2011\/08\/Dr_-Nail-Draga.jpg\"><img loading=\"lazy\" class=\"alignleft size-large wp-image-49776\" title=\"Dr_-Nail-Draga\" src=\"http:\/\/www.visit-ulcinj.com\/blog\/wp-content\/uploads\/2011\/08\/Dr_-Nail-Draga-1024x768.jpg\" alt=\"\" width=\"508\" height=\"380\" srcset=\"https:\/\/www.visit-ulcinj.com\/blog\/wp-content\/uploads\/2011\/08\/Dr_-Nail-Draga-1024x768.jpg 1024w, https:\/\/www.visit-ulcinj.com\/blog\/wp-content\/uploads\/2011\/08\/Dr_-Nail-Draga-300x224.jpg 300w, https:\/\/www.visit-ulcinj.com\/blog\/wp-content\/uploads\/2011\/08\/Dr_-Nail-Draga.jpg 1100w\" sizes=\"(max-width: 508px) 100vw, 508px\" \/><\/a>Publikimi i t\u00eb dh\u00ebnave nga regjistrimi i popullsis\u00eb n\u00eb Mal t\u00eb Zi sipas struktur\u00ebs fetare t\u00eb qytetar\u00ebve q\u00eb i p\u00ebrkasin fes\u00eb islame, d\u00ebshmoj n\u00eb praktik\u00eb se Monstati nuk e ka trajtuar ket\u00eb \u00e7\u00ebshtje n\u00eb m\u00ebnyr\u00eb profesionale sepse ka munguar qasja serioze, p\u00ebr ket\u00eb kategori t\u00eb identitetit t\u00eb qytetar\u00ebve. Ajo q\u00eb nuk ka ndodhur n\u00eb regjistrimet e kaluara u paraqit tash si nj\u00eb risi e cila \u00ebsht\u00eb e pa pranueshme p\u00ebr qytetar\u00ebt t\u00eb cil\u00ebt i takojn\u00eb fes\u00eb islame. Fjala \u00ebsht\u00eb p\u00ebr paraqitje te nj\u00eb feje t\u00eb re e cila sipas Monstatit \u00ebsht\u00eb feja muslimane, q\u00eb n\u00eb ket\u00eb regjistrim si t\u00eb til\u00eb qenkan deklaruar 19439 qytetar\u00eb apo ( 3.14 %) e popullsis\u00eb s\u00eb p\u00ebrgjithshme n\u00eb Mal t\u00eb Zi.<\/p>\n<p>Nj\u00eb veprim i till\u00eb \u00ebsht\u00eb i pa pranuesh\u00ebm, sepse ekziston vet\u00ebm feja islame e cila \u00ebsht\u00eb e pranuar zyrtarisht n\u00eb Mal t\u00eb Zi si kudo n\u00eb bot\u00ebn e qytet\u00ebruar. Por, duke marr\u00eb parasysh se n\u00eb aspektin nacional jan\u00eb deklaruar se jan\u00eb Musliman 20537 qytetar\u00eb apo (3.31%) e popullsis\u00eb s\u00eb p\u00ebrgjithshme, mendojm\u00eb se Monstati ka dashur t\u00eb barazoj\u00eb p\u00ebrkat\u00ebsin\u00eb e till\u00eb nacionale me ate fetare, q\u00eb paraqet veprim joprefoesional dhe \u00ebsht\u00eb p\u00ebr \u00e7do kritik\u00eb.<\/p>\n<p>&nbsp;<\/p>\n<p>Nd\u00ebrsa \u00e7\u00ebshtja e dyt\u00eb e cila d\u00ebshmon p\u00ebr manipulim nga ana e Monstatit \u00ebsht\u00eb mosp\u00ebrputhja e t\u00eb dh\u00ebnave ne mes numrit t\u00eb qytetar\u00ebve t\u00eb deklaruar se i p\u00ebrkasin fes\u00eb islame dhe p\u00ebrkat\u00ebsis\u00eb s\u00eb tyre nacionale. Nga publikimi i regjistrimit t\u00eb popullsis\u00eb del s\u00eb n\u00eb Mal t\u00eb Zi ka 99038 qytetar\u00eb apo ( 15.97 %) q\u00eb i p\u00ebrkasin fes\u00eb islame, ku n\u00ebse k\u00ebtij numri i shtojm\u00eb edhe t\u00eb deklaruarit q\u00eb i takojn\u00eb fes\u00eb muslimane n\u00eb total del se p\u00ebr fen\u00eb islame jan\u00eb deklaruar 118477 qytetar\u00eb apo 19.11%, e popullsis\u00eb s\u00eb p\u00ebrgjithshme.<\/p>\n<p>Por, pik\u00ebrisht k\u00ebtu lind dilema se kush jan\u00eb ata qytetar\u00eb t\u00eb konfesionit islam n\u00eb aspektin nacional dhe a p\u00ebrputhet nj\u00eb e dh\u00ebn\u00eb e till\u00eb ne aspektin nacional n\u00eb Mal t\u00eb Zi. Nuk ka dilem\u00eb s\u00eb n\u00eb ket\u00eb kategori b\u00ebjn\u00eb pjes\u00eb qytetar\u00ebt e deklaruar n\u00eb aspektin nacional si boshnjak\u00eb 53605 apo 8.65%, nd\u00ebrsa duhet shtuar edhe ato t\u00eb deklaruar musliman q\u00eb jan\u00eb 20537(3.31%), q\u00eb s\u00eb bashku b\u00ebjn\u00eb 74142 banor\u00eb apo 11.96%. Por, k\u00ebtij numri duhet shtuar edhe pjes\u00ebtar\u00ebt e popullit shqiptar\u00eb t\u00eb fes\u00eb islame q\u00eb n\u00eb m\u00ebnyr\u00eb aproksimative jan\u00eb rreth 20000 banor\u00eb apo 3.3% q\u00eb n\u00eb total p\u00ebrb\u00ebjn\u00eb 94142 banor\u00eb apo 15.26% e popullsis\u00eb s\u00eb p\u00ebrgjithshme.<\/p>\n<p>Pik\u00ebrisht kjo e dh\u00ebn\u00eb hap dilemen kryesore p\u00ebr manipulime te k\u00ebtij regjistrimi, sepse deri t\u00eb shifra prej 118477 qytetar\u00eb apo 19.11%, e popullsis\u00eb s\u00eb p\u00ebrgjithshme t\u00eb fes\u00eb islame e publikuar nga Monstati, mungon p\u00ebrcaktimi nacional p\u00ebr rreth 24000 banor\u00eb apo 3.85% e qytetar\u00ebve .<\/p>\n<p>&nbsp;<\/p>\n<p>Nuk ka dilem\u00eb s\u00eb ky num\u00ebr i qytetar\u00ebve t\u00eb fes\u00eb islame n\u00eb aspektin nacional kryesisht i takon popullit boshnjak e pjes\u00ebrisht ati shqiptar\u00eb, nga del se pjes\u00ebtar\u00ebt e tyre popujve duhet t\u00eb jen\u00eb num\u00ebrikisht m\u00eb tep\u00ebr se sa i ka paraqitur Monstati.<\/p>\n<p>P\u00ebr t\u00eb hequr k\u00ebto dilema rekomandojm\u00eb q\u00eb Monstati t\u00eb shikoj edhe nj\u00eb her\u00eb p\u00ebrpunimin e t\u00eb dh\u00ebnave sepse kemi t\u00eb b\u00ebjm\u00eb me defekte t\u00eb m\u00ebdha profesionale dhe si t\u00eb tilla jan\u00eb t\u00eb d\u00ebmshme dhe t\u00eb pa pranueshme p\u00ebr nj\u00eb mjedis multinacional sikurse \u00ebsht\u00eb Mali i Zi. Sepse nuk kemi t\u00eb b\u00ebjm\u00eb me nj\u00eb num\u00ebr minimal t\u00eb qytetar\u00ebve por me nj\u00eb mas\u00eb t\u00eb konsideruar e cila p\u00ebrve\u00e7 identitetit fetar islam ka edhe ate nacional, q\u00eb iu \u00ebsht\u00eb mohuar nga Monstati.<\/p>\n<p><strong>Dr. Nail Draga<\/strong><br \/>\n<strong> Forca Press<\/strong><\/p>\n","protected":false},"excerpt":{"rendered":"<p>Publikimi i t\u00eb dh\u00ebnave nga regjistrimi i popullsis\u00eb n\u00eb Mal t\u00eb Zi sipas struktur\u00ebs fetare t\u00eb qytetar\u00ebve q\u00eb i p\u00ebrkasin fes\u00eb islame, d\u00ebshmoj n\u00eb praktik\u00eb se Monstati nuk e ka trajtuar ket\u00eb \u00e7\u00ebshtje n\u00eb m\u00ebnyr\u00eb profesionale sepse ka munguar qasja serioze, p\u00ebr ket\u00eb kategori t\u00eb identitetit t\u00eb qytetar\u00ebve. Ajo q\u00eb nuk ka ndodhur n\u00eb regjistrimet [&hellip;]<\/p>\n","protected":false},"author":1,"featured_media":0,"comment_status":"open","ping_status":"closed","sticky":false,"template":"","format":"standard","meta":{"spay_email":"","jetpack_publicize_message":"","jetpack_is_tweetstorm":false,"jetpack_publicize_feature_enabled":true},"categories":[6],"tags":[318,200,18],"jetpack_publicize_connections":[],"yoast_head":"<!-- This site is optimized with the Yoast SEO plugin v19.1 - https:\/\/yoast.com\/wordpress\/plugins\/seo\/ -->\n<title>P\u00ebrkat\u00ebsia Fetare Islame D\u00ebshmon Manipulimet E Monstatit - Lajme nga Ulqini<\/title>\n<meta name=\"description\" content=\"Publikimi i t\u00eb dh\u00ebnave nga regjistrimi i popullsis\u00eb n\u00eb Mal t\u00eb Zi sipas struktur\u00ebs fetare t\u00eb qytetar\u00ebve q\u00eb i p\u00ebrkasin fes\u00eb islame, d\u00ebshmoj n\u00eb praktik\u00eb se\" \/>\n<meta name=\"robots\" content=\"index, follow, max-snippet:-1, max-image-preview:large, max-video-preview:-1\" \/>\n<link rel=\"canonical\" href=\"https:\/\/www.visit-ulcinj.com\/blog\/2011\/08\/11\/perkatesia-fetare-islame-deshmon-manipulimet-e-monstatit\/\" \/>\n<meta property=\"og:locale\" content=\"en_US\" \/>\n<meta property=\"og:type\" content=\"article\" \/>\n<meta property=\"og:title\" content=\"P\u00ebrkat\u00ebsia Fetare Islame D\u00ebshmon Manipulimet E Monstatit - Lajme nga Ulqini\" \/>\n<meta property=\"og:description\" content=\"Publikimi i t\u00eb dh\u00ebnave nga regjistrimi i popullsis\u00eb n\u00eb Mal t\u00eb Zi sipas struktur\u00ebs fetare t\u00eb qytetar\u00ebve q\u00eb i p\u00ebrkasin fes\u00eb islame, d\u00ebshmoj n\u00eb praktik\u00eb se\" \/>\n<meta property=\"og:url\" content=\"https:\/\/www.visit-ulcinj.com\/blog\/2011\/08\/11\/perkatesia-fetare-islame-deshmon-manipulimet-e-monstatit\/\" \/>\n<meta property=\"og:site_name\" content=\"Lajme nga Ulqini\" \/>\n<meta property=\"article:published_time\" content=\"2011-08-11T07:17:57+00:00\" \/>\n<meta property=\"article:modified_time\" content=\"2011-08-11T07:20:09+00:00\" \/>\n<meta property=\"og:image\" content=\"http:\/\/www.visit-ulcinj.com\/blog\/wp-content\/uploads\/2011\/08\/Dr_-Nail-Draga-1024x768.jpg\" \/>\n<meta name=\"twitter:label1\" content=\"Written by\" \/>\n\t<meta name=\"twitter:data1\" content=\"ulqini\" \/>\n\t<meta name=\"twitter:label2\" content=\"Est. reading time\" \/>\n\t<meta name=\"twitter:data2\" content=\"3 minutes\" \/>\n<script type=\"application\/ld+json\" class=\"yoast-schema-graph\">{\"@context\":\"https:\/\/schema.org\",\"@graph\":[{\"@type\":\"WebSite\",\"@id\":\"https:\/\/www.visit-ulcinj.com\/blog\/#website\",\"url\":\"https:\/\/www.visit-ulcinj.com\/blog\/\",\"name\":\"Lajme nga Ulqini\",\"description\":\"Lajme,Vijesti,Ulqini,Ulqin,Crna Gora,Mali i Zi\",\"potentialAction\":[{\"@type\":\"SearchAction\",\"target\":{\"@type\":\"EntryPoint\",\"urlTemplate\":\"https:\/\/www.visit-ulcinj.com\/blog\/?s={search_term_string}\"},\"query-input\":\"required name=search_term_string\"}],\"inLanguage\":\"en-US\"},{\"@type\":\"ImageObject\",\"inLanguage\":\"en-US\",\"@id\":\"https:\/\/www.visit-ulcinj.com\/blog\/2011\/08\/11\/perkatesia-fetare-islame-deshmon-manipulimet-e-monstatit\/#primaryimage\",\"url\":\"https:\/\/www.visit-ulcinj.com\/blog\/wp-content\/uploads\/2011\/08\/Dr_-Nail-Draga.jpg\",\"contentUrl\":\"https:\/\/www.visit-ulcinj.com\/blog\/wp-content\/uploads\/2011\/08\/Dr_-Nail-Draga.jpg\",\"width\":\"1100\",\"height\":\"825\"},{\"@type\":\"WebPage\",\"@id\":\"https:\/\/www.visit-ulcinj.com\/blog\/2011\/08\/11\/perkatesia-fetare-islame-deshmon-manipulimet-e-monstatit\/#webpage\",\"url\":\"https:\/\/www.visit-ulcinj.com\/blog\/2011\/08\/11\/perkatesia-fetare-islame-deshmon-manipulimet-e-monstatit\/\",\"name\":\"P\u00ebrkat\u00ebsia Fetare Islame D\u00ebshmon Manipulimet E Monstatit - Lajme nga Ulqini\",\"isPartOf\":{\"@id\":\"https:\/\/www.visit-ulcinj.com\/blog\/#website\"},\"primaryImageOfPage\":{\"@id\":\"https:\/\/www.visit-ulcinj.com\/blog\/2011\/08\/11\/perkatesia-fetare-islame-deshmon-manipulimet-e-monstatit\/#primaryimage\"},\"datePublished\":\"2011-08-11T07:17:57+00:00\",\"dateModified\":\"2011-08-11T07:20:09+00:00\",\"author\":{\"@id\":\"https:\/\/www.visit-ulcinj.com\/blog\/#\/schema\/person\/dcab619c614d3038751c63bc2aadc06d\"},\"description\":\"Publikimi i t\u00eb dh\u00ebnave nga regjistrimi i popullsis\u00eb n\u00eb Mal t\u00eb Zi sipas struktur\u00ebs fetare t\u00eb qytetar\u00ebve q\u00eb i p\u00ebrkasin fes\u00eb islame, d\u00ebshmoj n\u00eb praktik\u00eb se\",\"breadcrumb\":{\"@id\":\"https:\/\/www.visit-ulcinj.com\/blog\/2011\/08\/11\/perkatesia-fetare-islame-deshmon-manipulimet-e-monstatit\/#breadcrumb\"},\"inLanguage\":\"en-US\",\"potentialAction\":[{\"@type\":\"ReadAction\",\"target\":[\"https:\/\/www.visit-ulcinj.com\/blog\/2011\/08\/11\/perkatesia-fetare-islame-deshmon-manipulimet-e-monstatit\/\"]}]},{\"@type\":\"BreadcrumbList\",\"@id\":\"https:\/\/www.visit-ulcinj.com\/blog\/2011\/08\/11\/perkatesia-fetare-islame-deshmon-manipulimet-e-monstatit\/#breadcrumb\",\"itemListElement\":[{\"@type\":\"ListItem\",\"position\":1,\"name\":\"P\u00ebrkat\u00ebsia Fetare Islame D\u00ebshmon Manipulimet E Monstatit\"}]},{\"@type\":\"Person\",\"@id\":\"https:\/\/www.visit-ulcinj.com\/blog\/#\/schema\/person\/dcab619c614d3038751c63bc2aadc06d\",\"name\":\"ulqini\",\"sameAs\":[\"http:\/\/www.visit-ulcinj.com\"],\"url\":\"https:\/\/www.visit-ulcinj.com\/blog\/author\/admin\/\"}]}<\/script>\n<!-- \/ Yoast SEO plugin. -->","yoast_head_json":{"title":"P\u00ebrkat\u00ebsia Fetare Islame D\u00ebshmon Manipulimet E Monstatit - Lajme nga Ulqini","description":"Publikimi i t\u00eb dh\u00ebnave nga regjistrimi i popullsis\u00eb n\u00eb Mal t\u00eb Zi sipas struktur\u00ebs fetare t\u00eb qytetar\u00ebve q\u00eb i p\u00ebrkasin fes\u00eb islame, d\u00ebshmoj n\u00eb praktik\u00eb se","robots":{"index":"index","follow":"follow","max-snippet":"max-snippet:-1","max-image-preview":"max-image-preview:large","max-video-preview":"max-video-preview:-1"},"canonical":"https:\/\/www.visit-ulcinj.com\/blog\/2011\/08\/11\/perkatesia-fetare-islame-deshmon-manipulimet-e-monstatit\/","og_locale":"en_US","og_type":"article","og_title":"P\u00ebrkat\u00ebsia Fetare Islame D\u00ebshmon Manipulimet E Monstatit - Lajme nga Ulqini","og_description":"Publikimi i t\u00eb dh\u00ebnave nga regjistrimi i popullsis\u00eb n\u00eb Mal t\u00eb Zi sipas struktur\u00ebs fetare t\u00eb qytetar\u00ebve q\u00eb i p\u00ebrkasin fes\u00eb islame, d\u00ebshmoj n\u00eb praktik\u00eb se","og_url":"https:\/\/www.visit-ulcinj.com\/blog\/2011\/08\/11\/perkatesia-fetare-islame-deshmon-manipulimet-e-monstatit\/","og_site_name":"Lajme nga Ulqini","article_published_time":"2011-08-11T07:17:57+00:00","article_modified_time":"2011-08-11T07:20:09+00:00","og_image":[{"url":"http:\/\/www.visit-ulcinj.com\/blog\/wp-content\/uploads\/2011\/08\/Dr_-Nail-Draga-1024x768.jpg"}],"twitter_misc":{"Written by":"ulqini","Est. reading time":"3 minutes"},"schema":{"@context":"https:\/\/schema.org","@graph":[{"@type":"WebSite","@id":"https:\/\/www.visit-ulcinj.com\/blog\/#website","url":"https:\/\/www.visit-ulcinj.com\/blog\/","name":"Lajme nga Ulqini","description":"Lajme,Vijesti,Ulqini,Ulqin,Crna Gora,Mali i Zi","potentialAction":[{"@type":"SearchAction","target":{"@type":"EntryPoint","urlTemplate":"https:\/\/www.visit-ulcinj.com\/blog\/?s={search_term_string}"},"query-input":"required name=search_term_string"}],"inLanguage":"en-US"},{"@type":"ImageObject","inLanguage":"en-US","@id":"https:\/\/www.visit-ulcinj.com\/blog\/2011\/08\/11\/perkatesia-fetare-islame-deshmon-manipulimet-e-monstatit\/#primaryimage","url":"https:\/\/www.visit-ulcinj.com\/blog\/wp-content\/uploads\/2011\/08\/Dr_-Nail-Draga.jpg","contentUrl":"https:\/\/www.visit-ulcinj.com\/blog\/wp-content\/uploads\/2011\/08\/Dr_-Nail-Draga.jpg","width":"1100","height":"825"},{"@type":"WebPage","@id":"https:\/\/www.visit-ulcinj.com\/blog\/2011\/08\/11\/perkatesia-fetare-islame-deshmon-manipulimet-e-monstatit\/#webpage","url":"https:\/\/www.visit-ulcinj.com\/blog\/2011\/08\/11\/perkatesia-fetare-islame-deshmon-manipulimet-e-monstatit\/","name":"P\u00ebrkat\u00ebsia Fetare Islame D\u00ebshmon Manipulimet E Monstatit - Lajme nga Ulqini","isPartOf":{"@id":"https:\/\/www.visit-ulcinj.com\/blog\/#website"},"primaryImageOfPage":{"@id":"https:\/\/www.visit-ulcinj.com\/blog\/2011\/08\/11\/perkatesia-fetare-islame-deshmon-manipulimet-e-monstatit\/#primaryimage"},"datePublished":"2011-08-11T07:17:57+00:00","dateModified":"2011-08-11T07:20:09+00:00","author":{"@id":"https:\/\/www.visit-ulcinj.com\/blog\/#\/schema\/person\/dcab619c614d3038751c63bc2aadc06d"},"description":"Publikimi i t\u00eb dh\u00ebnave nga regjistrimi i popullsis\u00eb n\u00eb Mal t\u00eb Zi sipas struktur\u00ebs fetare t\u00eb qytetar\u00ebve q\u00eb i p\u00ebrkasin fes\u00eb islame, d\u00ebshmoj n\u00eb praktik\u00eb se","breadcrumb":{"@id":"https:\/\/www.visit-ulcinj.com\/blog\/2011\/08\/11\/perkatesia-fetare-islame-deshmon-manipulimet-e-monstatit\/#breadcrumb"},"inLanguage":"en-US","potentialAction":[{"@type":"ReadAction","target":["https:\/\/www.visit-ulcinj.com\/blog\/2011\/08\/11\/perkatesia-fetare-islame-deshmon-manipulimet-e-monstatit\/"]}]},{"@type":"BreadcrumbList","@id":"https:\/\/www.visit-ulcinj.com\/blog\/2011\/08\/11\/perkatesia-fetare-islame-deshmon-manipulimet-e-monstatit\/#breadcrumb","itemListElement":[{"@type":"ListItem","position":1,"name":"P\u00ebrkat\u00ebsia Fetare Islame D\u00ebshmon Manipulimet E Monstatit"}]},{"@type":"Person","@id":"https:\/\/www.visit-ulcinj.com\/blog\/#\/schema\/person\/dcab619c614d3038751c63bc2aadc06d","name":"ulqini","sameAs":["http:\/\/www.visit-ulcinj.com"],"url":"https:\/\/www.visit-ulcinj.com\/blog\/author\/admin\/"}]}},"jetpack_featured_media_url":"","jetpack_sharing_enabled":true,"jetpack_shortlink":"https:\/\/wp.me\/pe6lTn-cWP","_links":{"self":[{"href":"https:\/\/www.visit-ulcinj.com\/blog\/wp-json\/wp\/v2\/posts\/49775"}],"collection":[{"href":"https:\/\/www.visit-ulcinj.com\/blog\/wp-json\/wp\/v2\/posts"}],"about":[{"href":"https:\/\/www.visit-ulcinj.com\/blog\/wp-json\/wp\/v2\/types\/post"}],"author":[{"embeddable":true,"href":"https:\/\/www.visit-ulcinj.com\/blog\/wp-json\/wp\/v2\/users\/1"}],"replies":[{"embeddable":true,"href":"https:\/\/www.visit-ulcinj.com\/blog\/wp-json\/wp\/v2\/comments?post=49775"}],"version-history":[{"count":2,"href":"https:\/\/www.visit-ulcinj.com\/blog\/wp-json\/wp\/v2\/posts\/49775\/revisions"}],"predecessor-version":[{"id":49778,"href":"https:\/\/www.visit-ulcinj.com\/blog\/wp-json\/wp\/v2\/posts\/49775\/revisions\/49778"}],"wp:attachment":[{"href":"https:\/\/www.visit-ulcinj.com\/blog\/wp-json\/wp\/v2\/media?parent=49775"}],"wp:term":[{"taxonomy":"category","embeddable":true,"href":"https:\/\/www.visit-ulcinj.com\/blog\/wp-json\/wp\/v2\/categories?post=49775"},{"taxonomy":"post_tag","embeddable":true,"href":"https:\/\/www.visit-ulcinj.com\/blog\/wp-json\/wp\/v2\/tags?post=49775"}],"curies":[{"name":"wp","href":"https:\/\/api.w.org\/{rel}","templated":true}]}}