{"id":49779,"date":"2011-08-11T08:30:53","date_gmt":"2011-08-11T07:30:53","guid":{"rendered":"http:\/\/www.visit-ulcinj.com\/blog\/?p=49779"},"modified":"2011-08-11T08:30:53","modified_gmt":"2011-08-11T07:30:53","slug":"sinishtaj-kerkon-te-inicohen-negociata-per-kodin-zgjedhor","status":"publish","type":"post","link":"https:\/\/www.visit-ulcinj.com\/blog\/2011\/08\/11\/sinishtaj-kerkon-te-inicohen-negociata-per-kodin-zgjedhor\/","title":{"rendered":"Sinishtaj k\u00ebrkon t\u00eb inicohen negociata p\u00ebr Kodin zgjedhor"},"content":{"rendered":"<p><a href=\"http:\/\/www.visit-ulcinj.com\/blog\/wp-content\/uploads\/2011\/08\/VASEL-SHINISHTAJ.jpg\"><img loading=\"lazy\" class=\"alignleft size-full wp-image-49780\" title=\"VASEL SHINISHTAJ\" src=\"http:\/\/www.visit-ulcinj.com\/blog\/wp-content\/uploads\/2011\/08\/VASEL-SHINISHTAJ.jpg\" alt=\"\" width=\"490\" height=\"337\" \/><\/a>Podgoric\u00eb, 9 gusht &#8211; Kryetari i Klubit t\u00eb partive parlamentare opozitare shqiptare, Vasel Sinishtaj, ka k\u00ebrkuar dit\u00ebn e mart\u00eb nga presidentit malazias, Filip Vujanoviq q\u00eb t\u00eb inicoj\u00eb negociata lidhur me miratimin e Kodit t\u00eb ri zgjedhor.<\/p>\n<p>\u201cDikush duhet t&#8217;u prij\u00eb negociatave edhe m\u00eb i p\u00ebrshtatshmi do t\u00eb ishte presidenti i shtetit, p\u00ebrkund\u00ebr faktit se nuk e ka ngrir\u00eb postin n\u00eb Partin\u00eb Demokratike t\u00eb Socialist\u00ebve n\u00eb pushtet, \u00ebsht\u00eb n\u00ebnkryetar i saj\u201d, shprehet deputeti shqiptar, Vasel Sinishtaj, raporton KosovaLive.<\/p>\n<p>Sipas fjal\u00ebve t\u00eb Sinishtajt, p\u00ebr miratimin e ligjit t\u00eb ri zgjedhor, para se gjithash, k\u00ebrkohet vullneti i mir\u00eb i shumic\u00ebs. Me k\u00ebt\u00eb duhet t\u00eb rregullohen t\u00eb gjitha \u00e7\u00ebshtjet e garantuara me Kushtetut\u00eb.<\/p>\n<p>\u201cN\u00ebse p\u00ebrfillet Kushtetuta malazeze n\u00eb kategorin\u00eb, e aksionit afirmativ edhe t\u00eb t\u00eb drejtave t\u00eb arritura, Klubi i partive opozitare parlamentare shqiptare \u00ebsht\u00eb i gatsh\u00ebm menj\u00ebher\u00eb, t\u00eb nis bisedimet\u201d,- premton Sinishtaj.<\/p>\n<p>Kryetari i Klubit t\u00eb deputet\u00ebve shqiptar\u00eb, Vasel Sinishtaj vler\u00ebson se n\u00ebse Mali i Zi i pavarur nuk e ka hetuar gatishm\u00ebrin\u00eb dhe p\u00ebrkushtimin e shqiptar\u00ebve, t\u00eb cil\u00ebt jetojn\u00eb n\u00eb k\u00ebt\u00eb shtet, at\u00ebher\u00eb \u00ebsht\u00eb e tep\u00ebrt t\u00eb flitet se kush \u00e7far\u00eb ka b\u00ebr\u00eb.<\/p>\n<p>KOHA NET<\/p>\n","protected":false},"excerpt":{"rendered":"<p>Podgoric\u00eb, 9 gusht &#8211; Kryetari i Klubit t\u00eb partive parlamentare opozitare shqiptare, Vasel Sinishtaj, ka k\u00ebrkuar dit\u00ebn e mart\u00eb nga presidentit malazias, Filip Vujanoviq q\u00eb t\u00eb inicoj\u00eb negociata lidhur me miratimin e Kodit t\u00eb ri zgjedhor. \u201cDikush duhet t&#8217;u prij\u00eb negociatave edhe m\u00eb i p\u00ebrshtatshmi do t\u00eb ishte presidenti i shtetit, p\u00ebrkund\u00ebr faktit se nuk [&hellip;]<\/p>\n","protected":false},"author":1,"featured_media":0,"comment_status":"open","ping_status":"closed","sticky":false,"template":"","format":"standard","meta":{"spay_email":"","jetpack_publicize_message":"","jetpack_is_tweetstorm":false,"jetpack_publicize_feature_enabled":true},"categories":[12],"tags":[2226],"jetpack_publicize_connections":[],"yoast_head":"<!-- This site is optimized with the Yoast SEO plugin v19.1 - https:\/\/yoast.com\/wordpress\/plugins\/seo\/ -->\n<title>Sinishtaj k\u00ebrkon t\u00eb inicohen negociata p\u00ebr Kodin zgjedhor - Lajme nga Ulqini<\/title>\n<meta name=\"description\" content=\"Podgoric\u00eb, 9 gusht - Kryetari i Klubit t\u00eb partive parlamentare opozitare shqiptare, Vasel Sinishtaj, ka k\u00ebrkuar dit\u00ebn e mart\u00eb nga presidentit malazias,\" \/>\n<meta name=\"robots\" content=\"index, follow, max-snippet:-1, max-image-preview:large, max-video-preview:-1\" \/>\n<link rel=\"canonical\" href=\"https:\/\/www.visit-ulcinj.com\/blog\/2011\/08\/11\/sinishtaj-kerkon-te-inicohen-negociata-per-kodin-zgjedhor\/\" \/>\n<meta property=\"og:locale\" content=\"en_US\" \/>\n<meta property=\"og:type\" content=\"article\" \/>\n<meta property=\"og:title\" content=\"Sinishtaj k\u00ebrkon t\u00eb inicohen negociata p\u00ebr Kodin zgjedhor - Lajme nga Ulqini\" \/>\n<meta property=\"og:description\" content=\"Podgoric\u00eb, 9 gusht - Kryetari i Klubit t\u00eb partive parlamentare opozitare shqiptare, Vasel Sinishtaj, ka k\u00ebrkuar dit\u00ebn e mart\u00eb nga presidentit malazias,\" \/>\n<meta property=\"og:url\" content=\"https:\/\/www.visit-ulcinj.com\/blog\/2011\/08\/11\/sinishtaj-kerkon-te-inicohen-negociata-per-kodin-zgjedhor\/\" \/>\n<meta property=\"og:site_name\" content=\"Lajme nga Ulqini\" \/>\n<meta property=\"article:published_time\" content=\"2011-08-11T07:30:53+00:00\" \/>\n<meta property=\"og:image\" content=\"http:\/\/www.visit-ulcinj.com\/blog\/wp-content\/uploads\/2011\/08\/VASEL-SHINISHTAJ.jpg\" \/>\n<meta name=\"twitter:label1\" content=\"Written by\" \/>\n\t<meta name=\"twitter:data1\" content=\"ulqini\" \/>\n\t<meta name=\"twitter:label2\" content=\"Est. reading time\" \/>\n\t<meta name=\"twitter:data2\" content=\"1 minute\" \/>\n<script type=\"application\/ld+json\" class=\"yoast-schema-graph\">{\"@context\":\"https:\/\/schema.org\",\"@graph\":[{\"@type\":\"WebSite\",\"@id\":\"https:\/\/www.visit-ulcinj.com\/blog\/#website\",\"url\":\"https:\/\/www.visit-ulcinj.com\/blog\/\",\"name\":\"Lajme nga Ulqini\",\"description\":\"Lajme,Vijesti,Ulqini,Ulqin,Crna Gora,Mali i Zi\",\"potentialAction\":[{\"@type\":\"SearchAction\",\"target\":{\"@type\":\"EntryPoint\",\"urlTemplate\":\"https:\/\/www.visit-ulcinj.com\/blog\/?s={search_term_string}\"},\"query-input\":\"required name=search_term_string\"}],\"inLanguage\":\"en-US\"},{\"@type\":\"ImageObject\",\"inLanguage\":\"en-US\",\"@id\":\"https:\/\/www.visit-ulcinj.com\/blog\/2011\/08\/11\/sinishtaj-kerkon-te-inicohen-negociata-per-kodin-zgjedhor\/#primaryimage\",\"url\":\"https:\/\/www.visit-ulcinj.com\/blog\/wp-content\/uploads\/2011\/08\/VASEL-SHINISHTAJ.jpg\",\"contentUrl\":\"https:\/\/www.visit-ulcinj.com\/blog\/wp-content\/uploads\/2011\/08\/VASEL-SHINISHTAJ.jpg\",\"width\":\"450\",\"height\":\"337\"},{\"@type\":\"WebPage\",\"@id\":\"https:\/\/www.visit-ulcinj.com\/blog\/2011\/08\/11\/sinishtaj-kerkon-te-inicohen-negociata-per-kodin-zgjedhor\/#webpage\",\"url\":\"https:\/\/www.visit-ulcinj.com\/blog\/2011\/08\/11\/sinishtaj-kerkon-te-inicohen-negociata-per-kodin-zgjedhor\/\",\"name\":\"Sinishtaj k\u00ebrkon t\u00eb inicohen negociata p\u00ebr Kodin zgjedhor - Lajme nga Ulqini\",\"isPartOf\":{\"@id\":\"https:\/\/www.visit-ulcinj.com\/blog\/#website\"},\"primaryImageOfPage\":{\"@id\":\"https:\/\/www.visit-ulcinj.com\/blog\/2011\/08\/11\/sinishtaj-kerkon-te-inicohen-negociata-per-kodin-zgjedhor\/#primaryimage\"},\"datePublished\":\"2011-08-11T07:30:53+00:00\",\"dateModified\":\"2011-08-11T07:30:53+00:00\",\"author\":{\"@id\":\"https:\/\/www.visit-ulcinj.com\/blog\/#\/schema\/person\/dcab619c614d3038751c63bc2aadc06d\"},\"description\":\"Podgoric\u00eb, 9 gusht - Kryetari i Klubit t\u00eb partive parlamentare opozitare shqiptare, Vasel Sinishtaj, ka k\u00ebrkuar dit\u00ebn e mart\u00eb nga presidentit malazias,\",\"breadcrumb\":{\"@id\":\"https:\/\/www.visit-ulcinj.com\/blog\/2011\/08\/11\/sinishtaj-kerkon-te-inicohen-negociata-per-kodin-zgjedhor\/#breadcrumb\"},\"inLanguage\":\"en-US\",\"potentialAction\":[{\"@type\":\"ReadAction\",\"target\":[\"https:\/\/www.visit-ulcinj.com\/blog\/2011\/08\/11\/sinishtaj-kerkon-te-inicohen-negociata-per-kodin-zgjedhor\/\"]}]},{\"@type\":\"BreadcrumbList\",\"@id\":\"https:\/\/www.visit-ulcinj.com\/blog\/2011\/08\/11\/sinishtaj-kerkon-te-inicohen-negociata-per-kodin-zgjedhor\/#breadcrumb\",\"itemListElement\":[{\"@type\":\"ListItem\",\"position\":1,\"name\":\"Sinishtaj k\u00ebrkon t\u00eb inicohen negociata p\u00ebr Kodin zgjedhor\"}]},{\"@type\":\"Person\",\"@id\":\"https:\/\/www.visit-ulcinj.com\/blog\/#\/schema\/person\/dcab619c614d3038751c63bc2aadc06d\",\"name\":\"ulqini\",\"sameAs\":[\"http:\/\/www.visit-ulcinj.com\"],\"url\":\"https:\/\/www.visit-ulcinj.com\/blog\/author\/admin\/\"}]}<\/script>\n<!-- \/ Yoast SEO plugin. -->","yoast_head_json":{"title":"Sinishtaj k\u00ebrkon t\u00eb inicohen negociata p\u00ebr Kodin zgjedhor - Lajme nga Ulqini","description":"Podgoric\u00eb, 9 gusht - Kryetari i Klubit t\u00eb partive parlamentare opozitare shqiptare, Vasel Sinishtaj, ka k\u00ebrkuar dit\u00ebn e mart\u00eb nga presidentit malazias,","robots":{"index":"index","follow":"follow","max-snippet":"max-snippet:-1","max-image-preview":"max-image-preview:large","max-video-preview":"max-video-preview:-1"},"canonical":"https:\/\/www.visit-ulcinj.com\/blog\/2011\/08\/11\/sinishtaj-kerkon-te-inicohen-negociata-per-kodin-zgjedhor\/","og_locale":"en_US","og_type":"article","og_title":"Sinishtaj k\u00ebrkon t\u00eb inicohen negociata p\u00ebr Kodin zgjedhor - Lajme nga Ulqini","og_description":"Podgoric\u00eb, 9 gusht - Kryetari i Klubit t\u00eb partive parlamentare opozitare shqiptare, Vasel Sinishtaj, ka k\u00ebrkuar dit\u00ebn e mart\u00eb nga presidentit malazias,","og_url":"https:\/\/www.visit-ulcinj.com\/blog\/2011\/08\/11\/sinishtaj-kerkon-te-inicohen-negociata-per-kodin-zgjedhor\/","og_site_name":"Lajme nga Ulqini","article_published_time":"2011-08-11T07:30:53+00:00","og_image":[{"url":"http:\/\/www.visit-ulcinj.com\/blog\/wp-content\/uploads\/2011\/08\/VASEL-SHINISHTAJ.jpg"}],"twitter_misc":{"Written by":"ulqini","Est. reading time":"1 minute"},"schema":{"@context":"https:\/\/schema.org","@graph":[{"@type":"WebSite","@id":"https:\/\/www.visit-ulcinj.com\/blog\/#website","url":"https:\/\/www.visit-ulcinj.com\/blog\/","name":"Lajme nga Ulqini","description":"Lajme,Vijesti,Ulqini,Ulqin,Crna Gora,Mali i Zi","potentialAction":[{"@type":"SearchAction","target":{"@type":"EntryPoint","urlTemplate":"https:\/\/www.visit-ulcinj.com\/blog\/?s={search_term_string}"},"query-input":"required name=search_term_string"}],"inLanguage":"en-US"},{"@type":"ImageObject","inLanguage":"en-US","@id":"https:\/\/www.visit-ulcinj.com\/blog\/2011\/08\/11\/sinishtaj-kerkon-te-inicohen-negociata-per-kodin-zgjedhor\/#primaryimage","url":"https:\/\/www.visit-ulcinj.com\/blog\/wp-content\/uploads\/2011\/08\/VASEL-SHINISHTAJ.jpg","contentUrl":"https:\/\/www.visit-ulcinj.com\/blog\/wp-content\/uploads\/2011\/08\/VASEL-SHINISHTAJ.jpg","width":"450","height":"337"},{"@type":"WebPage","@id":"https:\/\/www.visit-ulcinj.com\/blog\/2011\/08\/11\/sinishtaj-kerkon-te-inicohen-negociata-per-kodin-zgjedhor\/#webpage","url":"https:\/\/www.visit-ulcinj.com\/blog\/2011\/08\/11\/sinishtaj-kerkon-te-inicohen-negociata-per-kodin-zgjedhor\/","name":"Sinishtaj k\u00ebrkon t\u00eb inicohen negociata p\u00ebr Kodin zgjedhor - Lajme nga Ulqini","isPartOf":{"@id":"https:\/\/www.visit-ulcinj.com\/blog\/#website"},"primaryImageOfPage":{"@id":"https:\/\/www.visit-ulcinj.com\/blog\/2011\/08\/11\/sinishtaj-kerkon-te-inicohen-negociata-per-kodin-zgjedhor\/#primaryimage"},"datePublished":"2011-08-11T07:30:53+00:00","dateModified":"2011-08-11T07:30:53+00:00","author":{"@id":"https:\/\/www.visit-ulcinj.com\/blog\/#\/schema\/person\/dcab619c614d3038751c63bc2aadc06d"},"description":"Podgoric\u00eb, 9 gusht - Kryetari i Klubit t\u00eb partive parlamentare opozitare shqiptare, Vasel Sinishtaj, ka k\u00ebrkuar dit\u00ebn e mart\u00eb nga presidentit malazias,","breadcrumb":{"@id":"https:\/\/www.visit-ulcinj.com\/blog\/2011\/08\/11\/sinishtaj-kerkon-te-inicohen-negociata-per-kodin-zgjedhor\/#breadcrumb"},"inLanguage":"en-US","potentialAction":[{"@type":"ReadAction","target":["https:\/\/www.visit-ulcinj.com\/blog\/2011\/08\/11\/sinishtaj-kerkon-te-inicohen-negociata-per-kodin-zgjedhor\/"]}]},{"@type":"BreadcrumbList","@id":"https:\/\/www.visit-ulcinj.com\/blog\/2011\/08\/11\/sinishtaj-kerkon-te-inicohen-negociata-per-kodin-zgjedhor\/#breadcrumb","itemListElement":[{"@type":"ListItem","position":1,"name":"Sinishtaj k\u00ebrkon t\u00eb inicohen negociata p\u00ebr Kodin zgjedhor"}]},{"@type":"Person","@id":"https:\/\/www.visit-ulcinj.com\/blog\/#\/schema\/person\/dcab619c614d3038751c63bc2aadc06d","name":"ulqini","sameAs":["http:\/\/www.visit-ulcinj.com"],"url":"https:\/\/www.visit-ulcinj.com\/blog\/author\/admin\/"}]}},"jetpack_featured_media_url":"","jetpack_sharing_enabled":true,"jetpack_shortlink":"https:\/\/wp.me\/pe6lTn-cWT","_links":{"self":[{"href":"https:\/\/www.visit-ulcinj.com\/blog\/wp-json\/wp\/v2\/posts\/49779"}],"collection":[{"href":"https:\/\/www.visit-ulcinj.com\/blog\/wp-json\/wp\/v2\/posts"}],"about":[{"href":"https:\/\/www.visit-ulcinj.com\/blog\/wp-json\/wp\/v2\/types\/post"}],"author":[{"embeddable":true,"href":"https:\/\/www.visit-ulcinj.com\/blog\/wp-json\/wp\/v2\/users\/1"}],"replies":[{"embeddable":true,"href":"https:\/\/www.visit-ulcinj.com\/blog\/wp-json\/wp\/v2\/comments?post=49779"}],"version-history":[{"count":1,"href":"https:\/\/www.visit-ulcinj.com\/blog\/wp-json\/wp\/v2\/posts\/49779\/revisions"}],"predecessor-version":[{"id":49781,"href":"https:\/\/www.visit-ulcinj.com\/blog\/wp-json\/wp\/v2\/posts\/49779\/revisions\/49781"}],"wp:attachment":[{"href":"https:\/\/www.visit-ulcinj.com\/blog\/wp-json\/wp\/v2\/media?parent=49779"}],"wp:term":[{"taxonomy":"category","embeddable":true,"href":"https:\/\/www.visit-ulcinj.com\/blog\/wp-json\/wp\/v2\/categories?post=49779"},{"taxonomy":"post_tag","embeddable":true,"href":"https:\/\/www.visit-ulcinj.com\/blog\/wp-json\/wp\/v2\/tags?post=49779"}],"curies":[{"name":"wp","href":"https:\/\/api.w.org\/{rel}","templated":true}]}}