{"id":49796,"date":"2011-08-11T23:17:36","date_gmt":"2011-08-11T22:17:36","guid":{"rendered":"http:\/\/www.visit-ulcinj.com\/blog\/?p=49796"},"modified":"2011-08-12T09:04:59","modified_gmt":"2011-08-12T08:04:59","slug":"ulqini-nikoqir-i-sonica-festival-ne-plazhin-copacabana","status":"publish","type":"post","link":"https:\/\/www.visit-ulcinj.com\/blog\/2011\/08\/11\/ulqini-nikoqir-i-sonica-festival-ne-plazhin-copacabana\/","title":{"rendered":"Ulqini nikoqir i Sonica festival n\u00eb Plazhin Copacabana"},"content":{"rendered":"<p><a href=\"http:\/\/www.visit-ulcinj.com\/blog\/wp-content\/uploads\/2011\/08\/Sonica-Festival_Ulcinj_Montenegro.png\"><img loading=\"lazy\" class=\"alignleft size-full wp-image-49797\" title=\"Sonica-Festival_Ulcinj_Montenegro\" src=\"http:\/\/www.visit-ulcinj.com\/blog\/wp-content\/uploads\/2011\/08\/Sonica-Festival_Ulcinj_Montenegro.png\" alt=\"\" width=\"490\" height=\"165\" \/><\/a>Ulqin, 11 gusht &#8211;\u00a0 Q\u00eb nga dita e premte e kat\u00ebr dit\u00eb radhazi m\u00eb pas, Ulqini do t\u00eb jet\u00eb nikoqir i Festivalit internacional \u201cSonica\u201d q\u00eb zhvillohet n\u00eb ambientin m\u00eb t\u00eb bukur t\u00eb bregdetit t\u00eb k\u00ebtij qyteti, n\u00eb plazhin \u201cCopacabana\u201d q\u00eb ka pronar biznesmenin e njohur, Prel\u00eb Shkreli.<\/p>\n<p>Festivali modern ekologjik, muzikor dhe kulturor \u201cSonica\u201d, kat\u00ebr edicionet e para i ka mbajtur n\u00eb Itali, por k\u00ebsaj radhe ai zhvendoset n\u00eb plazhin e bukur \u201cCopacabana\u201d n\u00eb Shtoj, mes qytetit t\u00eb Ulqinit dhe ishullit ekzotik Ada n\u00eb lumin Buna, njofton KosovaLive.<br \/>\n<a href=\"http:\/\/www.visit-ulcinj.com\/blog\/wp-content\/uploads\/2011\/08\/Sonica-festival_ulqin_ulcinj_montenegro.jpg\"><img loading=\"lazy\" class=\"alignleft size-full wp-image-49798\" title=\"Sonica festival_ulqin_ulcinj_montenegro\" src=\"http:\/\/www.visit-ulcinj.com\/blog\/wp-content\/uploads\/2011\/08\/Sonica-festival_ulqin_ulcinj_montenegro.jpg\" alt=\"\" width=\"508\" height=\"330\" \/><\/a><\/p>\n<p>\u201cBukurit\u00eb mahnit\u00ebse t\u00eb bregdetit t\u00eb Malit t\u00eb Zi kan\u00eb qen\u00eb vendimtare q\u00eb t\u00eb p\u00ebrzgjedhim vendin e mbajtjes s\u00eb edicionit t\u00eb pest\u00eb t\u00eb k\u00ebtij festivali\u201d, shprehet drejtorja artistike e k\u00ebtij manifestimi spektakular t\u00eb p\u00ebrmasave bot\u00ebrore, Vanesa Barreiro.<\/p>\n<p>Sipas organizator\u00ebve, n\u00eb k\u00ebt\u00eb eveniment pritet t\u00eb jen\u00eb t\u00eb pranish\u00ebm mbi 25 mij\u00eb dashamir\u00eb t\u00eb artit dhe muzik\u00ebs elektronike nga kat\u00ebr an\u00ebt e bot\u00ebs.<\/p>\n<p>Drejtori i Organizat\u00ebs turistike t\u00eb Ulqinit, Ali Rexha, thot\u00eb se n\u00eb Festivalin \u201cSonica\u201d do t\u00eb paraqiten 110 grupe t\u00eb njohura, 28 Dj, si dhe interpretues tjer\u00eb.<\/p>\n<p>\u201cP\u00ebr k\u00ebt\u00eb aktivitet nd\u00ebrkomb\u00ebtar, ne si nikoqir jemi t\u00eb p\u00ebrgatitur\u201d,shton Rexha, duke theksuar se ndihen krenar\u00eb q\u00eb Ulqini \u00ebsht\u00eb mikprit\u00ebs i k\u00ebsaj ngjarjeje gjigande kulturore, e cila i kontribuon Ulqinit, p\u00ebrkat\u00ebsisht Malit t\u00eb Zi q\u00eb t\u00eb promovoj\u00eb vlerat kulturore, artistike dhe turistike.<\/p>\n<p>\u00c7mimi i nj\u00eb bilete p\u00ebr Festivalin \u201cSonica\u201d p\u00ebr t\u00eb shijuar bukurin\u00eb e spaktaklit pes\u00ebditor n\u00eb plazhin \u201cCopacabana\u201d n\u00eb Shtoj t\u00eb Ulqinit, p\u00ebr t\u00eb huajt \u00ebsht\u00eb 110, nd\u00ebrsa p\u00ebr qytetar\u00ebt e Malit t\u00eb Zi 85 euro.<\/p>\n<p><strong>KOHA NET<\/strong><\/p>\n<p>[flv width=&#8221;508&#8243; height=&#8221;360&#8243;]http:\/\/cdn9.fliqz.com\/bca2a1bd98324f429cf68c31ef3b2269.flv[\/flv]<br \/>\n<span style=\"color: #ffffff;\">Ulcinj,Ulqin,Ulqini,Ulkinon,Dulcigno,\u0423\u043b\u0446\u0438\u045a,Dulcinea,Montenegro,Crna Gora,Mali i Zi,<\/span><\/p>\n","protected":false},"excerpt":{"rendered":"<p>Ulqin, 11 gusht &#8211;\u00a0 Q\u00eb nga dita e premte e kat\u00ebr dit\u00eb radhazi m\u00eb pas, Ulqini do t\u00eb jet\u00eb nikoqir i Festivalit internacional \u201cSonica\u201d q\u00eb zhvillohet n\u00eb ambientin m\u00eb t\u00eb bukur t\u00eb bregdetit t\u00eb k\u00ebtij qyteti, n\u00eb plazhin \u201cCopacabana\u201d q\u00eb ka pronar biznesmenin e njohur, Prel\u00eb Shkreli. Festivali modern ekologjik, muzikor dhe kulturor \u201cSonica\u201d, kat\u00ebr [&hellip;]<\/p>\n","protected":false},"author":1,"featured_media":0,"comment_status":"open","ping_status":"closed","sticky":false,"template":"","format":"standard","meta":{"spay_email":"","jetpack_publicize_message":"","jetpack_is_tweetstorm":false,"jetpack_publicize_feature_enabled":true},"categories":[1,11],"tags":[3645,20,3642,13243,19016,95,79,16889,19,17078,200,18],"jetpack_publicize_connections":[],"yoast_head":"<!-- This site is optimized with the Yoast SEO plugin v19.1 - https:\/\/yoast.com\/wordpress\/plugins\/seo\/ -->\n<title>Ulqini nikoqir i Sonica festival n\u00eb Plazhin Copacabana - Lajme nga Ulqini<\/title>\n<meta name=\"description\" content=\"Ulqin, 11 gusht -\u00a0 Q\u00eb nga dita e premte e kat\u00ebr dit\u00eb radhazi m\u00eb pas, Ulqini do t\u00eb jet\u00eb nikoqir i Festivalit internacional \u201cSonica\u201d q\u00eb zhvillohet n\u00eb\" \/>\n<meta name=\"robots\" content=\"index, follow, max-snippet:-1, max-image-preview:large, max-video-preview:-1\" \/>\n<link rel=\"canonical\" href=\"https:\/\/www.visit-ulcinj.com\/blog\/2011\/08\/11\/ulqini-nikoqir-i-sonica-festival-ne-plazhin-copacabana\/\" \/>\n<meta property=\"og:locale\" content=\"en_US\" \/>\n<meta property=\"og:type\" content=\"article\" \/>\n<meta property=\"og:title\" content=\"Ulqini nikoqir i Sonica festival n\u00eb Plazhin Copacabana - Lajme nga Ulqini\" \/>\n<meta property=\"og:description\" content=\"Ulqin, 11 gusht -\u00a0 Q\u00eb nga dita e premte e kat\u00ebr dit\u00eb radhazi m\u00eb pas, Ulqini do t\u00eb jet\u00eb nikoqir i Festivalit internacional \u201cSonica\u201d q\u00eb zhvillohet n\u00eb\" \/>\n<meta property=\"og:url\" content=\"https:\/\/www.visit-ulcinj.com\/blog\/2011\/08\/11\/ulqini-nikoqir-i-sonica-festival-ne-plazhin-copacabana\/\" \/>\n<meta property=\"og:site_name\" content=\"Lajme nga Ulqini\" \/>\n<meta property=\"article:published_time\" content=\"2011-08-11T22:17:36+00:00\" \/>\n<meta property=\"article:modified_time\" content=\"2011-08-12T08:04:59+00:00\" \/>\n<meta property=\"og:image\" content=\"http:\/\/www.visit-ulcinj.com\/blog\/wp-content\/uploads\/2011\/08\/Sonica-Festival_Ulcinj_Montenegro.png\" \/>\n<meta name=\"twitter:label1\" content=\"Written by\" \/>\n\t<meta name=\"twitter:data1\" content=\"ulqini\" \/>\n\t<meta name=\"twitter:label2\" content=\"Est. reading time\" \/>\n\t<meta name=\"twitter:data2\" content=\"2 minutes\" \/>\n<script type=\"application\/ld+json\" class=\"yoast-schema-graph\">{\"@context\":\"https:\/\/schema.org\",\"@graph\":[{\"@type\":\"WebSite\",\"@id\":\"https:\/\/www.visit-ulcinj.com\/blog\/#website\",\"url\":\"https:\/\/www.visit-ulcinj.com\/blog\/\",\"name\":\"Lajme nga Ulqini\",\"description\":\"Lajme,Vijesti,Ulqini,Ulqin,Crna Gora,Mali i Zi\",\"potentialAction\":[{\"@type\":\"SearchAction\",\"target\":{\"@type\":\"EntryPoint\",\"urlTemplate\":\"https:\/\/www.visit-ulcinj.com\/blog\/?s={search_term_string}\"},\"query-input\":\"required name=search_term_string\"}],\"inLanguage\":\"en-US\"},{\"@type\":\"ImageObject\",\"inLanguage\":\"en-US\",\"@id\":\"https:\/\/www.visit-ulcinj.com\/blog\/2011\/08\/11\/ulqini-nikoqir-i-sonica-festival-ne-plazhin-copacabana\/#primaryimage\",\"url\":\"https:\/\/www.visit-ulcinj.com\/blog\/wp-content\/uploads\/2011\/08\/Sonica-Festival_Ulcinj_Montenegro.png\",\"contentUrl\":\"https:\/\/www.visit-ulcinj.com\/blog\/wp-content\/uploads\/2011\/08\/Sonica-Festival_Ulcinj_Montenegro.png\",\"width\":\"450\",\"height\":\"165\"},{\"@type\":\"WebPage\",\"@id\":\"https:\/\/www.visit-ulcinj.com\/blog\/2011\/08\/11\/ulqini-nikoqir-i-sonica-festival-ne-plazhin-copacabana\/#webpage\",\"url\":\"https:\/\/www.visit-ulcinj.com\/blog\/2011\/08\/11\/ulqini-nikoqir-i-sonica-festival-ne-plazhin-copacabana\/\",\"name\":\"Ulqini nikoqir i Sonica festival n\u00eb Plazhin Copacabana - Lajme nga Ulqini\",\"isPartOf\":{\"@id\":\"https:\/\/www.visit-ulcinj.com\/blog\/#website\"},\"primaryImageOfPage\":{\"@id\":\"https:\/\/www.visit-ulcinj.com\/blog\/2011\/08\/11\/ulqini-nikoqir-i-sonica-festival-ne-plazhin-copacabana\/#primaryimage\"},\"datePublished\":\"2011-08-11T22:17:36+00:00\",\"dateModified\":\"2011-08-12T08:04:59+00:00\",\"author\":{\"@id\":\"https:\/\/www.visit-ulcinj.com\/blog\/#\/schema\/person\/dcab619c614d3038751c63bc2aadc06d\"},\"description\":\"Ulqin, 11 gusht -\u00a0 Q\u00eb nga dita e premte e kat\u00ebr dit\u00eb radhazi m\u00eb pas, Ulqini do t\u00eb jet\u00eb nikoqir i Festivalit internacional \u201cSonica\u201d q\u00eb zhvillohet n\u00eb\",\"breadcrumb\":{\"@id\":\"https:\/\/www.visit-ulcinj.com\/blog\/2011\/08\/11\/ulqini-nikoqir-i-sonica-festival-ne-plazhin-copacabana\/#breadcrumb\"},\"inLanguage\":\"en-US\",\"potentialAction\":[{\"@type\":\"ReadAction\",\"target\":[\"https:\/\/www.visit-ulcinj.com\/blog\/2011\/08\/11\/ulqini-nikoqir-i-sonica-festival-ne-plazhin-copacabana\/\"]}]},{\"@type\":\"BreadcrumbList\",\"@id\":\"https:\/\/www.visit-ulcinj.com\/blog\/2011\/08\/11\/ulqini-nikoqir-i-sonica-festival-ne-plazhin-copacabana\/#breadcrumb\",\"itemListElement\":[{\"@type\":\"ListItem\",\"position\":1,\"name\":\"Ulqini nikoqir i Sonica festival n\u00eb Plazhin Copacabana\"}]},{\"@type\":\"Person\",\"@id\":\"https:\/\/www.visit-ulcinj.com\/blog\/#\/schema\/person\/dcab619c614d3038751c63bc2aadc06d\",\"name\":\"ulqini\",\"sameAs\":[\"http:\/\/www.visit-ulcinj.com\"],\"url\":\"https:\/\/www.visit-ulcinj.com\/blog\/author\/admin\/\"}]}<\/script>\n<!-- \/ Yoast SEO plugin. -->","yoast_head_json":{"title":"Ulqini nikoqir i Sonica festival n\u00eb Plazhin Copacabana - Lajme nga Ulqini","description":"Ulqin, 11 gusht -\u00a0 Q\u00eb nga dita e premte e kat\u00ebr dit\u00eb radhazi m\u00eb pas, Ulqini do t\u00eb jet\u00eb nikoqir i Festivalit internacional \u201cSonica\u201d q\u00eb zhvillohet n\u00eb","robots":{"index":"index","follow":"follow","max-snippet":"max-snippet:-1","max-image-preview":"max-image-preview:large","max-video-preview":"max-video-preview:-1"},"canonical":"https:\/\/www.visit-ulcinj.com\/blog\/2011\/08\/11\/ulqini-nikoqir-i-sonica-festival-ne-plazhin-copacabana\/","og_locale":"en_US","og_type":"article","og_title":"Ulqini nikoqir i Sonica festival n\u00eb Plazhin Copacabana - Lajme nga Ulqini","og_description":"Ulqin, 11 gusht -\u00a0 Q\u00eb nga dita e premte e kat\u00ebr dit\u00eb radhazi m\u00eb pas, Ulqini do t\u00eb jet\u00eb nikoqir i Festivalit internacional \u201cSonica\u201d q\u00eb zhvillohet n\u00eb","og_url":"https:\/\/www.visit-ulcinj.com\/blog\/2011\/08\/11\/ulqini-nikoqir-i-sonica-festival-ne-plazhin-copacabana\/","og_site_name":"Lajme nga Ulqini","article_published_time":"2011-08-11T22:17:36+00:00","article_modified_time":"2011-08-12T08:04:59+00:00","og_image":[{"url":"http:\/\/www.visit-ulcinj.com\/blog\/wp-content\/uploads\/2011\/08\/Sonica-Festival_Ulcinj_Montenegro.png"}],"twitter_misc":{"Written by":"ulqini","Est. reading time":"2 minutes"},"schema":{"@context":"https:\/\/schema.org","@graph":[{"@type":"WebSite","@id":"https:\/\/www.visit-ulcinj.com\/blog\/#website","url":"https:\/\/www.visit-ulcinj.com\/blog\/","name":"Lajme nga Ulqini","description":"Lajme,Vijesti,Ulqini,Ulqin,Crna Gora,Mali i Zi","potentialAction":[{"@type":"SearchAction","target":{"@type":"EntryPoint","urlTemplate":"https:\/\/www.visit-ulcinj.com\/blog\/?s={search_term_string}"},"query-input":"required name=search_term_string"}],"inLanguage":"en-US"},{"@type":"ImageObject","inLanguage":"en-US","@id":"https:\/\/www.visit-ulcinj.com\/blog\/2011\/08\/11\/ulqini-nikoqir-i-sonica-festival-ne-plazhin-copacabana\/#primaryimage","url":"https:\/\/www.visit-ulcinj.com\/blog\/wp-content\/uploads\/2011\/08\/Sonica-Festival_Ulcinj_Montenegro.png","contentUrl":"https:\/\/www.visit-ulcinj.com\/blog\/wp-content\/uploads\/2011\/08\/Sonica-Festival_Ulcinj_Montenegro.png","width":"450","height":"165"},{"@type":"WebPage","@id":"https:\/\/www.visit-ulcinj.com\/blog\/2011\/08\/11\/ulqini-nikoqir-i-sonica-festival-ne-plazhin-copacabana\/#webpage","url":"https:\/\/www.visit-ulcinj.com\/blog\/2011\/08\/11\/ulqini-nikoqir-i-sonica-festival-ne-plazhin-copacabana\/","name":"Ulqini nikoqir i Sonica festival n\u00eb Plazhin Copacabana - Lajme nga Ulqini","isPartOf":{"@id":"https:\/\/www.visit-ulcinj.com\/blog\/#website"},"primaryImageOfPage":{"@id":"https:\/\/www.visit-ulcinj.com\/blog\/2011\/08\/11\/ulqini-nikoqir-i-sonica-festival-ne-plazhin-copacabana\/#primaryimage"},"datePublished":"2011-08-11T22:17:36+00:00","dateModified":"2011-08-12T08:04:59+00:00","author":{"@id":"https:\/\/www.visit-ulcinj.com\/blog\/#\/schema\/person\/dcab619c614d3038751c63bc2aadc06d"},"description":"Ulqin, 11 gusht -\u00a0 Q\u00eb nga dita e premte e kat\u00ebr dit\u00eb radhazi m\u00eb pas, Ulqini do t\u00eb jet\u00eb nikoqir i Festivalit internacional \u201cSonica\u201d q\u00eb zhvillohet n\u00eb","breadcrumb":{"@id":"https:\/\/www.visit-ulcinj.com\/blog\/2011\/08\/11\/ulqini-nikoqir-i-sonica-festival-ne-plazhin-copacabana\/#breadcrumb"},"inLanguage":"en-US","potentialAction":[{"@type":"ReadAction","target":["https:\/\/www.visit-ulcinj.com\/blog\/2011\/08\/11\/ulqini-nikoqir-i-sonica-festival-ne-plazhin-copacabana\/"]}]},{"@type":"BreadcrumbList","@id":"https:\/\/www.visit-ulcinj.com\/blog\/2011\/08\/11\/ulqini-nikoqir-i-sonica-festival-ne-plazhin-copacabana\/#breadcrumb","itemListElement":[{"@type":"ListItem","position":1,"name":"Ulqini nikoqir i Sonica festival n\u00eb Plazhin Copacabana"}]},{"@type":"Person","@id":"https:\/\/www.visit-ulcinj.com\/blog\/#\/schema\/person\/dcab619c614d3038751c63bc2aadc06d","name":"ulqini","sameAs":["http:\/\/www.visit-ulcinj.com"],"url":"https:\/\/www.visit-ulcinj.com\/blog\/author\/admin\/"}]}},"jetpack_featured_media_url":"","jetpack_sharing_enabled":true,"jetpack_shortlink":"https:\/\/wp.me\/pe6lTn-cXa","_links":{"self":[{"href":"https:\/\/www.visit-ulcinj.com\/blog\/wp-json\/wp\/v2\/posts\/49796"}],"collection":[{"href":"https:\/\/www.visit-ulcinj.com\/blog\/wp-json\/wp\/v2\/posts"}],"about":[{"href":"https:\/\/www.visit-ulcinj.com\/blog\/wp-json\/wp\/v2\/types\/post"}],"author":[{"embeddable":true,"href":"https:\/\/www.visit-ulcinj.com\/blog\/wp-json\/wp\/v2\/users\/1"}],"replies":[{"embeddable":true,"href":"https:\/\/www.visit-ulcinj.com\/blog\/wp-json\/wp\/v2\/comments?post=49796"}],"version-history":[{"count":9,"href":"https:\/\/www.visit-ulcinj.com\/blog\/wp-json\/wp\/v2\/posts\/49796\/revisions"}],"predecessor-version":[{"id":49803,"href":"https:\/\/www.visit-ulcinj.com\/blog\/wp-json\/wp\/v2\/posts\/49796\/revisions\/49803"}],"wp:attachment":[{"href":"https:\/\/www.visit-ulcinj.com\/blog\/wp-json\/wp\/v2\/media?parent=49796"}],"wp:term":[{"taxonomy":"category","embeddable":true,"href":"https:\/\/www.visit-ulcinj.com\/blog\/wp-json\/wp\/v2\/categories?post=49796"},{"taxonomy":"post_tag","embeddable":true,"href":"https:\/\/www.visit-ulcinj.com\/blog\/wp-json\/wp\/v2\/tags?post=49796"}],"curies":[{"name":"wp","href":"https:\/\/api.w.org\/{rel}","templated":true}]}}