{"id":4980,"date":"2008-10-21T10:47:34","date_gmt":"2008-10-21T15:47:34","guid":{"rendered":"http:\/\/www.visit-ulcinj.com\/blog\/?p=4980"},"modified":"2008-10-21T10:47:34","modified_gmt":"2008-10-21T15:47:34","slug":"mali-i-zi-nuk-do-te-organizoje-referendum-per-njohjen-e-kosoves","status":"publish","type":"post","link":"https:\/\/www.visit-ulcinj.com\/blog\/2008\/10\/21\/mali-i-zi-nuk-do-te-organizoje-referendum-per-njohjen-e-kosoves\/","title":{"rendered":"Mali i Zi nuk do t\u00eb organizoj\u00eb referendum p\u00ebr njohjen e Kosov\u00ebs"},"content":{"rendered":"<p><a href=\"http:\/\/www.cafemontenegro.com\/cms\/php\/images\/image\/Vuk\/USTAV\/ranko-ustav1.jpg\"><img loading=\"lazy\" class=\"alignleft\" title=\"Ranko Krivokapiq,Mali i Zi nuk do t\u00eb organizoj\u00eb referendum p\u00ebr njohjen e Kosov\u00ebs\" src=\"http:\/\/www.cafemontenegro.com\/cms\/php\/images\/image\/Vuk\/USTAV\/ranko-ustav1.jpg\" alt=\"\" width=\"322\" height=\"196\" \/><\/a>Kryetari i Parlamentit t\u00eb Malit t\u00eb Zi, Ranko Krivokapiq ka deklaruar se pushteti malazez nuk do t\u00eb pranoj\u00eb organizimin e referendumit p\u00ebr njohjen e pavar\u00ebsis\u00eb s\u00eb Kosov\u00ebs.<br \/>\n&#8220;Nuk ka rast n\u00eb bot\u00eb q\u00eb dikush p\u00ebr shkak t\u00eb politik\u00ebs s\u00eb jashtme dhe \u00e7\u00ebshtjeve t\u00eb shtetit tjet\u00ebr, t\u00eb ket\u00eb k\u00ebrkuar organizimin e referendumit n\u00eb shtetin e vet, si\u00e7 k\u00ebrkojn\u00eb tani partit\u00eb opozitare n\u00eb Mal t\u00eb Zi&#8221;, ka deklaruar Krivokapiq p\u00ebr nj\u00eb t\u00eb p\u00ebrditshme t\u00eb Podgoric\u00ebs.<br \/>\nDuke komentuar nj\u00eb deklarat\u00eb t\u00eb mitropolitit t\u00eb kish\u00ebs ortodokse serbe, Amfiloje Radoviq, p\u00ebr rrezikun e nj\u00eb lufte t\u00eb re n\u00eb Ballan, Krivokapiq ka th\u00ebn\u00eb se me &#8220;mitropolit\u00ebt e till\u00eb kisha serbe mbetet edhe m\u00eb tej k\u00ebrc\u00ebnim kryesor p\u00ebr Serbin\u00eb demokratike dhe paqen n\u00eb rajon&#8221;.<br \/>\n&#8220;Meqen\u00ebse autor\u00ebt e luft\u00ebs nuk jan\u00eb d\u00ebnuar si duhet dhe ideologjia e tyre e gjakut dhe trollit nuk \u00ebsht\u00eb \u00e7rr\u00ebnjosur, at\u00ebher\u00eb k\u00ebsaj radhe i besoj zotit Radoviq&#8221;, ka th\u00ebn\u00eb Krivokapiq.<br \/>\nAi ka shtuar se i nj\u00ebjti program shtetomadh \u00ebsht\u00eb aplikuar nga kuisling\u00ebt \u00e7etnik\u00eb n\u00eb Luft\u00ebn e Dyt\u00eb Bot\u00ebrore dhe \u00ebsht\u00eb aktivizuar n\u00eb shp\u00ebrb\u00ebrjen e Jugosllavis\u00eb.<br \/>\n<strong>Burimi \/ QIK<\/strong><\/p>\n","protected":false},"excerpt":{"rendered":"<p>Kryetari i Parlamentit t\u00eb Malit t\u00eb Zi, Ranko Krivokapiq ka deklaruar se pushteti malazez nuk do t\u00eb pranoj\u00eb organizimin e referendumit p\u00ebr njohjen e pavar\u00ebsis\u00eb s\u00eb Kosov\u00ebs. &#8220;Nuk ka rast n\u00eb bot\u00eb q\u00eb dikush p\u00ebr shkak t\u00eb politik\u00ebs s\u00eb jashtme dhe \u00e7\u00ebshtjeve t\u00eb shtetit tjet\u00ebr, t\u00eb ket\u00eb k\u00ebrkuar organizimin e referendumit n\u00eb shtetin e vet, [&hellip;]<\/p>\n","protected":false},"author":1,"featured_media":0,"comment_status":"open","ping_status":"closed","sticky":false,"template":"","format":"standard","meta":{"spay_email":"","jetpack_publicize_message":"","jetpack_is_tweetstorm":false,"jetpack_publicize_feature_enabled":true},"categories":[6,12],"tags":[4821,4560],"jetpack_publicize_connections":[],"yoast_head":"<!-- This site is optimized with the Yoast SEO plugin v19.1 - https:\/\/yoast.com\/wordpress\/plugins\/seo\/ -->\n<title>Mali i Zi nuk do t\u00eb organizoj\u00eb referendum p\u00ebr njohjen e Kosov\u00ebs - Lajme nga Ulqini<\/title>\n<meta name=\"description\" content=\"Kryetari i Parlamentit t\u00eb Malit t\u00eb Zi, Ranko Krivokapiq ka deklaruar se pushteti malazez nuk do t\u00eb pranoj\u00eb organizimin e referendumit p\u00ebr njohjen e\" \/>\n<meta name=\"robots\" content=\"index, follow, max-snippet:-1, max-image-preview:large, max-video-preview:-1\" \/>\n<link rel=\"canonical\" href=\"https:\/\/www.visit-ulcinj.com\/blog\/2008\/10\/21\/mali-i-zi-nuk-do-te-organizoje-referendum-per-njohjen-e-kosoves\/\" \/>\n<meta property=\"og:locale\" content=\"en_US\" \/>\n<meta property=\"og:type\" content=\"article\" \/>\n<meta property=\"og:title\" content=\"Mali i Zi nuk do t\u00eb organizoj\u00eb referendum p\u00ebr njohjen e Kosov\u00ebs - Lajme nga Ulqini\" \/>\n<meta property=\"og:description\" content=\"Kryetari i Parlamentit t\u00eb Malit t\u00eb Zi, Ranko Krivokapiq ka deklaruar se pushteti malazez nuk do t\u00eb pranoj\u00eb organizimin e referendumit p\u00ebr njohjen e\" \/>\n<meta property=\"og:url\" content=\"https:\/\/www.visit-ulcinj.com\/blog\/2008\/10\/21\/mali-i-zi-nuk-do-te-organizoje-referendum-per-njohjen-e-kosoves\/\" \/>\n<meta property=\"og:site_name\" content=\"Lajme nga Ulqini\" \/>\n<meta property=\"article:published_time\" content=\"2008-10-21T15:47:34+00:00\" \/>\n<meta property=\"og:image\" content=\"http:\/\/www.cafemontenegro.com\/cms\/php\/images\/image\/Vuk\/USTAV\/ranko-ustav1.jpg\" \/>\n<meta name=\"twitter:label1\" content=\"Written by\" \/>\n\t<meta name=\"twitter:data1\" content=\"ulqini\" \/>\n\t<meta name=\"twitter:label2\" content=\"Est. reading time\" \/>\n\t<meta name=\"twitter:data2\" content=\"1 minute\" \/>\n<script type=\"application\/ld+json\" class=\"yoast-schema-graph\">{\"@context\":\"https:\/\/schema.org\",\"@graph\":[{\"@type\":\"WebSite\",\"@id\":\"https:\/\/www.visit-ulcinj.com\/blog\/#website\",\"url\":\"https:\/\/www.visit-ulcinj.com\/blog\/\",\"name\":\"Lajme nga Ulqini\",\"description\":\"Lajme,Vijesti,Ulqini,Ulqin,Crna Gora,Mali i Zi\",\"potentialAction\":[{\"@type\":\"SearchAction\",\"target\":{\"@type\":\"EntryPoint\",\"urlTemplate\":\"https:\/\/www.visit-ulcinj.com\/blog\/?s={search_term_string}\"},\"query-input\":\"required name=search_term_string\"}],\"inLanguage\":\"en-US\"},{\"@type\":\"ImageObject\",\"inLanguage\":\"en-US\",\"@id\":\"https:\/\/www.visit-ulcinj.com\/blog\/2008\/10\/21\/mali-i-zi-nuk-do-te-organizoje-referendum-per-njohjen-e-kosoves\/#primaryimage\",\"url\":\"http:\/\/www.cafemontenegro.com\/cms\/php\/images\/image\/Vuk\/USTAV\/ranko-ustav1.jpg\",\"contentUrl\":\"http:\/\/www.cafemontenegro.com\/cms\/php\/images\/image\/Vuk\/USTAV\/ranko-ustav1.jpg\"},{\"@type\":\"WebPage\",\"@id\":\"https:\/\/www.visit-ulcinj.com\/blog\/2008\/10\/21\/mali-i-zi-nuk-do-te-organizoje-referendum-per-njohjen-e-kosoves\/#webpage\",\"url\":\"https:\/\/www.visit-ulcinj.com\/blog\/2008\/10\/21\/mali-i-zi-nuk-do-te-organizoje-referendum-per-njohjen-e-kosoves\/\",\"name\":\"Mali i Zi nuk do t\u00eb organizoj\u00eb referendum p\u00ebr njohjen e Kosov\u00ebs - Lajme nga Ulqini\",\"isPartOf\":{\"@id\":\"https:\/\/www.visit-ulcinj.com\/blog\/#website\"},\"primaryImageOfPage\":{\"@id\":\"https:\/\/www.visit-ulcinj.com\/blog\/2008\/10\/21\/mali-i-zi-nuk-do-te-organizoje-referendum-per-njohjen-e-kosoves\/#primaryimage\"},\"datePublished\":\"2008-10-21T15:47:34+00:00\",\"dateModified\":\"2008-10-21T15:47:34+00:00\",\"author\":{\"@id\":\"https:\/\/www.visit-ulcinj.com\/blog\/#\/schema\/person\/dcab619c614d3038751c63bc2aadc06d\"},\"description\":\"Kryetari i Parlamentit t\u00eb Malit t\u00eb Zi, Ranko Krivokapiq ka deklaruar se pushteti malazez nuk do t\u00eb pranoj\u00eb organizimin e referendumit p\u00ebr njohjen e\",\"breadcrumb\":{\"@id\":\"https:\/\/www.visit-ulcinj.com\/blog\/2008\/10\/21\/mali-i-zi-nuk-do-te-organizoje-referendum-per-njohjen-e-kosoves\/#breadcrumb\"},\"inLanguage\":\"en-US\",\"potentialAction\":[{\"@type\":\"ReadAction\",\"target\":[\"https:\/\/www.visit-ulcinj.com\/blog\/2008\/10\/21\/mali-i-zi-nuk-do-te-organizoje-referendum-per-njohjen-e-kosoves\/\"]}]},{\"@type\":\"BreadcrumbList\",\"@id\":\"https:\/\/www.visit-ulcinj.com\/blog\/2008\/10\/21\/mali-i-zi-nuk-do-te-organizoje-referendum-per-njohjen-e-kosoves\/#breadcrumb\",\"itemListElement\":[{\"@type\":\"ListItem\",\"position\":1,\"name\":\"Mali i Zi nuk do t\u00eb organizoj\u00eb referendum p\u00ebr njohjen e Kosov\u00ebs\"}]},{\"@type\":\"Person\",\"@id\":\"https:\/\/www.visit-ulcinj.com\/blog\/#\/schema\/person\/dcab619c614d3038751c63bc2aadc06d\",\"name\":\"ulqini\",\"sameAs\":[\"http:\/\/www.visit-ulcinj.com\"],\"url\":\"https:\/\/www.visit-ulcinj.com\/blog\/author\/admin\/\"}]}<\/script>\n<!-- \/ Yoast SEO plugin. -->","yoast_head_json":{"title":"Mali i Zi nuk do t\u00eb organizoj\u00eb referendum p\u00ebr njohjen e Kosov\u00ebs - Lajme nga Ulqini","description":"Kryetari i Parlamentit t\u00eb Malit t\u00eb Zi, Ranko Krivokapiq ka deklaruar se pushteti malazez nuk do t\u00eb pranoj\u00eb organizimin e referendumit p\u00ebr njohjen e","robots":{"index":"index","follow":"follow","max-snippet":"max-snippet:-1","max-image-preview":"max-image-preview:large","max-video-preview":"max-video-preview:-1"},"canonical":"https:\/\/www.visit-ulcinj.com\/blog\/2008\/10\/21\/mali-i-zi-nuk-do-te-organizoje-referendum-per-njohjen-e-kosoves\/","og_locale":"en_US","og_type":"article","og_title":"Mali i Zi nuk do t\u00eb organizoj\u00eb referendum p\u00ebr njohjen e Kosov\u00ebs - Lajme nga Ulqini","og_description":"Kryetari i Parlamentit t\u00eb Malit t\u00eb Zi, Ranko Krivokapiq ka deklaruar se pushteti malazez nuk do t\u00eb pranoj\u00eb organizimin e referendumit p\u00ebr njohjen e","og_url":"https:\/\/www.visit-ulcinj.com\/blog\/2008\/10\/21\/mali-i-zi-nuk-do-te-organizoje-referendum-per-njohjen-e-kosoves\/","og_site_name":"Lajme nga Ulqini","article_published_time":"2008-10-21T15:47:34+00:00","og_image":[{"url":"http:\/\/www.cafemontenegro.com\/cms\/php\/images\/image\/Vuk\/USTAV\/ranko-ustav1.jpg"}],"twitter_misc":{"Written by":"ulqini","Est. reading time":"1 minute"},"schema":{"@context":"https:\/\/schema.org","@graph":[{"@type":"WebSite","@id":"https:\/\/www.visit-ulcinj.com\/blog\/#website","url":"https:\/\/www.visit-ulcinj.com\/blog\/","name":"Lajme nga Ulqini","description":"Lajme,Vijesti,Ulqini,Ulqin,Crna Gora,Mali i Zi","potentialAction":[{"@type":"SearchAction","target":{"@type":"EntryPoint","urlTemplate":"https:\/\/www.visit-ulcinj.com\/blog\/?s={search_term_string}"},"query-input":"required name=search_term_string"}],"inLanguage":"en-US"},{"@type":"ImageObject","inLanguage":"en-US","@id":"https:\/\/www.visit-ulcinj.com\/blog\/2008\/10\/21\/mali-i-zi-nuk-do-te-organizoje-referendum-per-njohjen-e-kosoves\/#primaryimage","url":"http:\/\/www.cafemontenegro.com\/cms\/php\/images\/image\/Vuk\/USTAV\/ranko-ustav1.jpg","contentUrl":"http:\/\/www.cafemontenegro.com\/cms\/php\/images\/image\/Vuk\/USTAV\/ranko-ustav1.jpg"},{"@type":"WebPage","@id":"https:\/\/www.visit-ulcinj.com\/blog\/2008\/10\/21\/mali-i-zi-nuk-do-te-organizoje-referendum-per-njohjen-e-kosoves\/#webpage","url":"https:\/\/www.visit-ulcinj.com\/blog\/2008\/10\/21\/mali-i-zi-nuk-do-te-organizoje-referendum-per-njohjen-e-kosoves\/","name":"Mali i Zi nuk do t\u00eb organizoj\u00eb referendum p\u00ebr njohjen e Kosov\u00ebs - Lajme nga Ulqini","isPartOf":{"@id":"https:\/\/www.visit-ulcinj.com\/blog\/#website"},"primaryImageOfPage":{"@id":"https:\/\/www.visit-ulcinj.com\/blog\/2008\/10\/21\/mali-i-zi-nuk-do-te-organizoje-referendum-per-njohjen-e-kosoves\/#primaryimage"},"datePublished":"2008-10-21T15:47:34+00:00","dateModified":"2008-10-21T15:47:34+00:00","author":{"@id":"https:\/\/www.visit-ulcinj.com\/blog\/#\/schema\/person\/dcab619c614d3038751c63bc2aadc06d"},"description":"Kryetari i Parlamentit t\u00eb Malit t\u00eb Zi, Ranko Krivokapiq ka deklaruar se pushteti malazez nuk do t\u00eb pranoj\u00eb organizimin e referendumit p\u00ebr njohjen e","breadcrumb":{"@id":"https:\/\/www.visit-ulcinj.com\/blog\/2008\/10\/21\/mali-i-zi-nuk-do-te-organizoje-referendum-per-njohjen-e-kosoves\/#breadcrumb"},"inLanguage":"en-US","potentialAction":[{"@type":"ReadAction","target":["https:\/\/www.visit-ulcinj.com\/blog\/2008\/10\/21\/mali-i-zi-nuk-do-te-organizoje-referendum-per-njohjen-e-kosoves\/"]}]},{"@type":"BreadcrumbList","@id":"https:\/\/www.visit-ulcinj.com\/blog\/2008\/10\/21\/mali-i-zi-nuk-do-te-organizoje-referendum-per-njohjen-e-kosoves\/#breadcrumb","itemListElement":[{"@type":"ListItem","position":1,"name":"Mali i Zi nuk do t\u00eb organizoj\u00eb referendum p\u00ebr njohjen e Kosov\u00ebs"}]},{"@type":"Person","@id":"https:\/\/www.visit-ulcinj.com\/blog\/#\/schema\/person\/dcab619c614d3038751c63bc2aadc06d","name":"ulqini","sameAs":["http:\/\/www.visit-ulcinj.com"],"url":"https:\/\/www.visit-ulcinj.com\/blog\/author\/admin\/"}]}},"jetpack_featured_media_url":"","jetpack_sharing_enabled":true,"jetpack_shortlink":"https:\/\/wp.me\/pe6lTn-1ik","_links":{"self":[{"href":"https:\/\/www.visit-ulcinj.com\/blog\/wp-json\/wp\/v2\/posts\/4980"}],"collection":[{"href":"https:\/\/www.visit-ulcinj.com\/blog\/wp-json\/wp\/v2\/posts"}],"about":[{"href":"https:\/\/www.visit-ulcinj.com\/blog\/wp-json\/wp\/v2\/types\/post"}],"author":[{"embeddable":true,"href":"https:\/\/www.visit-ulcinj.com\/blog\/wp-json\/wp\/v2\/users\/1"}],"replies":[{"embeddable":true,"href":"https:\/\/www.visit-ulcinj.com\/blog\/wp-json\/wp\/v2\/comments?post=4980"}],"version-history":[{"count":0,"href":"https:\/\/www.visit-ulcinj.com\/blog\/wp-json\/wp\/v2\/posts\/4980\/revisions"}],"wp:attachment":[{"href":"https:\/\/www.visit-ulcinj.com\/blog\/wp-json\/wp\/v2\/media?parent=4980"}],"wp:term":[{"taxonomy":"category","embeddable":true,"href":"https:\/\/www.visit-ulcinj.com\/blog\/wp-json\/wp\/v2\/categories?post=4980"},{"taxonomy":"post_tag","embeddable":true,"href":"https:\/\/www.visit-ulcinj.com\/blog\/wp-json\/wp\/v2\/tags?post=4980"}],"curies":[{"name":"wp","href":"https:\/\/api.w.org\/{rel}","templated":true}]}}