{"id":49812,"date":"2011-08-12T09:01:31","date_gmt":"2011-08-12T08:01:31","guid":{"rendered":"http:\/\/www.visit-ulcinj.com\/blog\/?p=49812"},"modified":"2011-08-14T19:00:31","modified_gmt":"2011-08-14T18:00:31","slug":"ulqini-destinacion-turistik-bum-i-papare-turistike","status":"publish","type":"post","link":"https:\/\/www.visit-ulcinj.com\/blog\/2011\/08\/12\/ulqini-destinacion-turistik-bum-i-papare-turistike\/","title":{"rendered":"Ulqini destinacion turistik, bum i papar\u00eb turistik\u00eb"},"content":{"rendered":"<p><a href=\"http:\/\/www.visit-ulcinj.com\/blog\/wp-content\/uploads\/2011\/08\/bum-turistik-ne-ulqin.jpg\"><img loading=\"lazy\" class=\"alignleft size-full wp-image-49813\" title=\"bum turistik ne ulqin\" src=\"http:\/\/www.visit-ulcinj.com\/blog\/wp-content\/uploads\/2011\/08\/bum-turistik-ne-ulqin.jpg\" alt=\"\" width=\"508\" height=\"380\" srcset=\"https:\/\/www.visit-ulcinj.com\/blog\/wp-content\/uploads\/2011\/08\/bum-turistik-ne-ulqin.jpg 800w, https:\/\/www.visit-ulcinj.com\/blog\/wp-content\/uploads\/2011\/08\/bum-turistik-ne-ulqin-300x225.jpg 300w\" sizes=\"(max-width: 508px) 100vw, 508px\" \/><\/a>Edhe pse jemi n\u00eb dit\u00ebt e mjedisit t\u00eb muajit gisht\u00eb,nj\u00eb num\u00ebr i madh i turist\u00ebve nga vende t\u00eb ndryshme po pushojn\u00eb n\u00eb bregdetin e Ulqinit. Jo vet\u00ebm kryetari i Komun\u00ebs s\u00eb Ulqinit, por edhe p\u00ebrfaq\u00ebsues t\u00eb hoteleve, plazheve, bizneseve dhe i njoh\u00ebsve t\u00eb turizmit, k\u00ebt\u00eb sezon turistike e vler\u00ebsojn\u00eb si nj\u00ebr\u00ebn nga m\u00eb t\u00eb mirat n\u00eb tridhjet\u00eb vjet\u00ebt e fundit.<\/p>\n<p>Kryetari i Komun\u00ebs s\u00eb Ulqinit, G\u00ebzim Hajdinaga, shtoi se ka nj\u00eb rritje t\u00eb turist\u00ebve t\u00eb huaj, t\u00eb cil\u00ebt kan\u00eb preferuar t\u00eb pushojn\u00eb n\u00eb Ulqin. \u201cNa g\u00ebzon t\u00eb gjith\u00ebve \u00ebsht\u00eb numri gjithnj\u00eb e n\u00eb rritje i turist\u00ebve t\u00eb huaj t\u00eb cil\u00ebt kan\u00eb preferuar p\u00ebr pushime n\u00eb k\u00ebt\u00eb koh\u00eb t\u00eb kriz\u00ebs universale Ulqinin si destinacion t\u00eb tyrin\u201d, tha G\u00ebzim Hajdinaga.<br \/>\n<a href=\"http:\/\/www.visit-ulcinj.com\/blog\/wp-content\/uploads\/2011\/08\/kolona-e-vaturave-ne-ulqin.jpg\"><img loading=\"lazy\" class=\"alignleft size-full wp-image-49814\" title=\"kolona e vaturave ne ulqin\" src=\"http:\/\/www.visit-ulcinj.com\/blog\/wp-content\/uploads\/2011\/08\/kolona-e-vaturave-ne-ulqin.jpg\" alt=\"\" width=\"508\" height=\"320\" \/><\/a><\/p>\n<p>Trafiku i r\u00ebnduar ka pushtutar qytetin bregdetar t\u00eb Ulqinit, ndon\u00ebse n\u00eb mes t\u00eb pikut t\u00eb turizmit veror. Problemet infrastrukturore rrugore kan\u00eb dal\u00eb m\u00eb n\u00eb pah, tashm\u00eb kur fluksi i automjeteve \u00ebsht\u00eb m\u00eb i lart\u00eb se n\u00eb dit\u00ebt e zakonshme.<\/p>\n<p>Qindra automjete mbeten t\u00eb bllokuara n\u00eb akset kryesore t\u00eb qytetit p\u00ebr disa 30 minuta, nd\u00ebrkoh\u00eb q\u00eb aksi m\u00eb problematik \u00ebsht\u00eb rruga nga \u201cKthesa e Plazhit Tropicana\u201dderi tek \u201cFura e bukes Europa\u201d, q\u00eb cil\u00ebsohet edhe si nj\u00eb prej zonave m\u00eb t\u00eb frekuentuara p\u00ebr pushuesit q\u00eb qendrojn n\u00eb Ulqin. Ndon\u00ebse policia ka marr\u00eb masa p\u00ebr t\u00eb leht\u00ebsuar trafikun, asgj\u00eb nuk ka mundur t\u00eb evitoj\u00eb radh\u00ebt e gjata t\u00eb automjeteve deri sot.<\/p>\n<p>Oraret e paradites, ato t\u00eb drek\u00ebs e deri n\u00eb or\u00ebt e vona t\u00eb mbr\u00ebmjes ofrojn\u00eb nj\u00eb trafik t\u00eb r\u00ebnduar e t\u00eb tejzgjatur n\u00eb Ulqin dhe n\u00eb rrethinat e saj, nd\u00ebrsa situata pritet t\u00eb p\u00ebrkeq\u00ebsohet sidomos deri m\u00eb 15 t\u00eb muajin gusht, kur numri i pushuesve arrin nivelet maksimale.<br \/>\n<a href=\"http:\/\/www.visit-ulcinj.com\/blog\/wp-content\/uploads\/2011\/08\/Sonica-festival-n%C3%AB-Plazhin-Copacabana.png\"><img loading=\"lazy\" class=\"alignleft size-full wp-image-49815\" title=\"Sonica festival n\u00eb Plazhin Copacabana\" src=\"http:\/\/www.visit-ulcinj.com\/blog\/wp-content\/uploads\/2011\/08\/Sonica-festival-n%C3%AB-Plazhin-Copacabana.png\" alt=\"\" width=\"508\" height=\"165\" \/><\/a><\/p>\n<p>Sezoni turistik n\u00eb Ulqin, sjell me mij\u00ebra pushues dhe qindra automjete, duke e trefishur numrin e k\u00ebtyre t\u00eb fundit q\u00eb qarkullojn\u00eb n\u00eb qytet.Rrrug\u00ebt tashm\u00eb po bllokohen edhe prej eventeve t\u00eb ndryshme kulturore q\u00eb organizohen n\u00eb fundjav\u00eb nga Sonica dance Festival q\u00eb mbahet n\u00eb plazhin\u00a0 Copacaban t\u00eb Ulqinit. N\u00eb qytet nj\u00eb problem tjet\u00ebr po aq i r\u00ebnd\u00ebsish\u00ebm mbetet dhe parkimi.<\/p>\n<p>N\u00eb zonat e plazhit por edhe n\u00eb rrug\u00ebt primare dhe dyt\u00ebsore t\u00eb Ulqinit parkimet jan\u00eb tejet t\u00eb kufizuara, duke ndikuar n\u00eb bllokimin e qarkullimit t\u00eb rrug\u00ebve t\u00eb qytetit.<\/p>\n<p>Pra, turizmi n\u00eb Ulqin p\u00ebrb\u00ebn nj\u00eb rritje t\u00eb madhe dhe n\u00eb shum\u00eb aspekte d\u00ebshmon se plazhet e Ulqinit gjithnj\u00eb e m\u00eb shum\u00eb po b\u00ebhet magjia e turizmit. Nuk ndodh ndonj\u00ebher\u00eb n\u00eb ndonj\u00ebvend q\u00eb t\u00eb sh\u00ebnohet nj\u00eb rritje kaq e madhe vjetore e turizmit si\u00e7 po ndodh n\u00eb Ulqin.<\/p>\n<p>N\u00eb Organizat\u00ebn turistike komunale t\u00eb Ulqinit \/OTUL\/ thon\u00eb se sezoni i sivjetsh\u00ebm turistik \u00ebsht\u00eb nd\u00ebr m\u00eb t\u00eb mir\u00ebt n\u00eb 10 vitet e fundit.<\/p>\n<p>\u201cSezoni i k\u00ebtij viti karakterizohet p\u00ebr ardhjen, akomodimin edhe efektet financiare. N\u00eb Ulqin ndodhen 24.732 pushues t\u00eb paraqitur, meq\u00eb sipas vler\u00ebsimeve tona, turist\u00eb ka m\u00eb shum\u00eb. Megjithat\u00eb, kjo vizit\u00eb \u00ebsht\u00eb 18 p\u00ebr qind m\u00eb e lart\u00eb se sa nj\u00eb vit m\u00eb pare\u201d,- shprehet zyrtarja e OTUL, Merita Rexha.<\/p>\n<p>Zonja Rexha \u00ebsht\u00eb e bindur se Ulqinin deri n\u00eb fund t\u00eb sezonit, do ta p\u00ebrzgjedhin pushues t\u00eb shumt\u00eb. K\u00ebt\u00eb e d\u00ebshmon fakti se q\u00eb tani kapacitetet e hoteleve jan\u00eb t\u00eb plot\u00ebsuara deri n\u00eb fund t\u00eb shtatorit.<\/p>\n<p><a href=\"http:\/\/www.visit-ulcinj.com\/blog\/wp-content\/uploads\/2011\/08\/bum-turistik-ne-ulqin.1.jpg\"><img loading=\"lazy\" class=\"alignleft size-full wp-image-49816\" title=\"bum turistik ne ulqin.1\" src=\"http:\/\/www.visit-ulcinj.com\/blog\/wp-content\/uploads\/2011\/08\/bum-turistik-ne-ulqin.1.jpg\" alt=\"\" width=\"508\" height=\"320\" \/><\/a><br \/>\nN\u00eb pik\u00ebn kufitare t\u00eb Sukobin\u00ebs brenda dit\u00ebs kan\u00eb kaluar mbi 14 mij\u00eb qytetar\u00eb dhe k\u00ebto shifra e kan\u00eb b\u00ebr\u00eb pik\u00ebn kufitare m\u00eb t\u00eb frekuentuar n\u00eb Malin e Zi. \u201cN\u00eb pik\u00ebn kufitare Shqip\u00ebri-Mali i Zi n\u00eb Sukobin ka sh\u00ebnuar rekord, ku brenda nj\u00eb dite kan\u00eb kaluar mbi 14 mij\u00eb veta dhe e cila \u00ebsht\u00eb pika kufitare m\u00eb e frekuentuar n\u00eb Malin e Zi\u201d,tha G\u00ebzim Hajdinaga. Kryetari tregoi se pos turist\u00ebve kosovar, numri m\u00eb i madh i turist\u00ebve ka qen\u00eb edhe nga Bosnja dhe kan\u00eb arritur ti kthejn\u00eb mysafir\u00ebt e vjet\u00ebr nga Gjermani, Polonia, Qekia, Sllovakia, Hungaria, Italia dhe ka pasur edhe nga Rusia. I pari i komun\u00ebs tha se tashm\u00eb kan\u00eb nisur p\u00ebrgatitjet p\u00ebr sezonin 2012 dhe i fal\u00ebnderojn\u00eb t\u00eb gjith\u00eb qytetar\u00ebt e Kosov\u00ebs q\u00eb po vizitoj\u00eb Ulqinin dhe k\u00ebrkojn\u00eb q\u00eb Ulqinin mos ta l\u00ebn\u00eb pas dore, por ta ken\u00eb prioiritet. Ai po ashtu tregoi se rruga Sukobin-Ulqin duhet t\u00eb zgjerohet e standardizohet ku dhe Qeveria ka b\u00ebr\u00eb projektin p\u00ebr nd\u00ebrtimin e rrug\u00ebs dhe s\u00eb shpejti do t\u00eb nisin punimet. Kryetari i Ulqinit fal\u00ebnderoi t\u00eb gjitha mediat nga Kosova p\u00ebr ndihm\u00ebn dhe marketingun e fuqish\u00ebm p\u00ebr turizmin e Ulqinit.<\/p>\n<!--YouTube Error: bad URL entered-->\n","protected":false},"excerpt":{"rendered":"<p>Edhe pse jemi n\u00eb dit\u00ebt e mjedisit t\u00eb muajit gisht\u00eb,nj\u00eb num\u00ebr i madh i turist\u00ebve nga vende t\u00eb ndryshme po pushojn\u00eb n\u00eb bregdetin e Ulqinit. Jo vet\u00ebm kryetari i Komun\u00ebs s\u00eb Ulqinit, por edhe p\u00ebrfaq\u00ebsues t\u00eb hoteleve, plazheve, bizneseve dhe i njoh\u00ebsve t\u00eb turizmit, k\u00ebt\u00eb sezon turistike e vler\u00ebsojn\u00eb si nj\u00ebr\u00ebn nga m\u00eb t\u00eb mirat [&hellip;]<\/p>\n","protected":false},"author":1,"featured_media":0,"comment_status":"open","ping_status":"closed","sticky":false,"template":"","format":"standard","meta":{"spay_email":"","jetpack_publicize_message":"","jetpack_is_tweetstorm":false,"jetpack_publicize_feature_enabled":true},"categories":[10,1],"tags":[19017,7672,7671,7665,22016,16889],"jetpack_publicize_connections":[],"yoast_head":"<!-- This site is optimized with the Yoast SEO plugin v19.1 - https:\/\/yoast.com\/wordpress\/plugins\/seo\/ -->\n<title>Ulqini destinacion turistik, bum i papar\u00eb turistik\u00eb - Lajme nga Ulqini<\/title>\n<meta name=\"description\" content=\"Edhe pse jemi n\u00eb dit\u00ebt e mjedisit t\u00eb muajit gisht\u00eb,nj\u00eb num\u00ebr i madh i turist\u00ebve nga vende t\u00eb ndryshme po pushojn\u00eb n\u00eb bregdetin e Ulqinit. Jo vet\u00ebm\" \/>\n<meta name=\"robots\" content=\"index, follow, max-snippet:-1, max-image-preview:large, max-video-preview:-1\" \/>\n<link rel=\"canonical\" href=\"https:\/\/www.visit-ulcinj.com\/blog\/2011\/08\/12\/ulqini-destinacion-turistik-bum-i-papare-turistike\/\" \/>\n<meta property=\"og:locale\" content=\"en_US\" \/>\n<meta property=\"og:type\" content=\"article\" \/>\n<meta property=\"og:title\" content=\"Ulqini destinacion turistik, bum i papar\u00eb turistik\u00eb - Lajme nga Ulqini\" \/>\n<meta property=\"og:description\" content=\"Edhe pse jemi n\u00eb dit\u00ebt e mjedisit t\u00eb muajit gisht\u00eb,nj\u00eb num\u00ebr i madh i turist\u00ebve nga vende t\u00eb ndryshme po pushojn\u00eb n\u00eb bregdetin e Ulqinit. Jo vet\u00ebm\" \/>\n<meta property=\"og:url\" content=\"https:\/\/www.visit-ulcinj.com\/blog\/2011\/08\/12\/ulqini-destinacion-turistik-bum-i-papare-turistike\/\" \/>\n<meta property=\"og:site_name\" content=\"Lajme nga Ulqini\" \/>\n<meta property=\"article:published_time\" content=\"2011-08-12T08:01:31+00:00\" \/>\n<meta property=\"article:modified_time\" content=\"2011-08-14T18:00:31+00:00\" \/>\n<meta property=\"og:image\" content=\"http:\/\/www.visit-ulcinj.com\/blog\/wp-content\/uploads\/2011\/08\/bum-turistik-ne-ulqin.jpg\" \/>\n<meta name=\"twitter:label1\" content=\"Written by\" \/>\n\t<meta name=\"twitter:data1\" content=\"ulqini\" \/>\n\t<meta name=\"twitter:label2\" content=\"Est. reading time\" \/>\n\t<meta name=\"twitter:data2\" content=\"4 minutes\" \/>\n<script type=\"application\/ld+json\" class=\"yoast-schema-graph\">{\"@context\":\"https:\/\/schema.org\",\"@graph\":[{\"@type\":\"WebSite\",\"@id\":\"https:\/\/www.visit-ulcinj.com\/blog\/#website\",\"url\":\"https:\/\/www.visit-ulcinj.com\/blog\/\",\"name\":\"Lajme nga Ulqini\",\"description\":\"Lajme,Vijesti,Ulqini,Ulqin,Crna Gora,Mali i Zi\",\"potentialAction\":[{\"@type\":\"SearchAction\",\"target\":{\"@type\":\"EntryPoint\",\"urlTemplate\":\"https:\/\/www.visit-ulcinj.com\/blog\/?s={search_term_string}\"},\"query-input\":\"required name=search_term_string\"}],\"inLanguage\":\"en-US\"},{\"@type\":\"ImageObject\",\"inLanguage\":\"en-US\",\"@id\":\"https:\/\/www.visit-ulcinj.com\/blog\/2011\/08\/12\/ulqini-destinacion-turistik-bum-i-papare-turistike\/#primaryimage\",\"url\":\"https:\/\/www.visit-ulcinj.com\/blog\/wp-content\/uploads\/2011\/08\/bum-turistik-ne-ulqin.jpg\",\"contentUrl\":\"https:\/\/www.visit-ulcinj.com\/blog\/wp-content\/uploads\/2011\/08\/bum-turistik-ne-ulqin.jpg\",\"width\":\"800\",\"height\":\"600\"},{\"@type\":\"WebPage\",\"@id\":\"https:\/\/www.visit-ulcinj.com\/blog\/2011\/08\/12\/ulqini-destinacion-turistik-bum-i-papare-turistike\/#webpage\",\"url\":\"https:\/\/www.visit-ulcinj.com\/blog\/2011\/08\/12\/ulqini-destinacion-turistik-bum-i-papare-turistike\/\",\"name\":\"Ulqini destinacion turistik, bum i papar\u00eb turistik\u00eb - Lajme nga Ulqini\",\"isPartOf\":{\"@id\":\"https:\/\/www.visit-ulcinj.com\/blog\/#website\"},\"primaryImageOfPage\":{\"@id\":\"https:\/\/www.visit-ulcinj.com\/blog\/2011\/08\/12\/ulqini-destinacion-turistik-bum-i-papare-turistike\/#primaryimage\"},\"datePublished\":\"2011-08-12T08:01:31+00:00\",\"dateModified\":\"2011-08-14T18:00:31+00:00\",\"author\":{\"@id\":\"https:\/\/www.visit-ulcinj.com\/blog\/#\/schema\/person\/dcab619c614d3038751c63bc2aadc06d\"},\"description\":\"Edhe pse jemi n\u00eb dit\u00ebt e mjedisit t\u00eb muajit gisht\u00eb,nj\u00eb num\u00ebr i madh i turist\u00ebve nga vende t\u00eb ndryshme po pushojn\u00eb n\u00eb bregdetin e Ulqinit. Jo vet\u00ebm\",\"breadcrumb\":{\"@id\":\"https:\/\/www.visit-ulcinj.com\/blog\/2011\/08\/12\/ulqini-destinacion-turistik-bum-i-papare-turistike\/#breadcrumb\"},\"inLanguage\":\"en-US\",\"potentialAction\":[{\"@type\":\"ReadAction\",\"target\":[\"https:\/\/www.visit-ulcinj.com\/blog\/2011\/08\/12\/ulqini-destinacion-turistik-bum-i-papare-turistike\/\"]}]},{\"@type\":\"BreadcrumbList\",\"@id\":\"https:\/\/www.visit-ulcinj.com\/blog\/2011\/08\/12\/ulqini-destinacion-turistik-bum-i-papare-turistike\/#breadcrumb\",\"itemListElement\":[{\"@type\":\"ListItem\",\"position\":1,\"name\":\"Ulqini destinacion turistik, bum i papar\u00eb turistik\u00eb\"}]},{\"@type\":\"Person\",\"@id\":\"https:\/\/www.visit-ulcinj.com\/blog\/#\/schema\/person\/dcab619c614d3038751c63bc2aadc06d\",\"name\":\"ulqini\",\"sameAs\":[\"http:\/\/www.visit-ulcinj.com\"],\"url\":\"https:\/\/www.visit-ulcinj.com\/blog\/author\/admin\/\"}]}<\/script>\n<!-- \/ Yoast SEO plugin. -->","yoast_head_json":{"title":"Ulqini destinacion turistik, bum i papar\u00eb turistik\u00eb - Lajme nga Ulqini","description":"Edhe pse jemi n\u00eb dit\u00ebt e mjedisit t\u00eb muajit gisht\u00eb,nj\u00eb num\u00ebr i madh i turist\u00ebve nga vende t\u00eb ndryshme po pushojn\u00eb n\u00eb bregdetin e Ulqinit. Jo vet\u00ebm","robots":{"index":"index","follow":"follow","max-snippet":"max-snippet:-1","max-image-preview":"max-image-preview:large","max-video-preview":"max-video-preview:-1"},"canonical":"https:\/\/www.visit-ulcinj.com\/blog\/2011\/08\/12\/ulqini-destinacion-turistik-bum-i-papare-turistike\/","og_locale":"en_US","og_type":"article","og_title":"Ulqini destinacion turistik, bum i papar\u00eb turistik\u00eb - Lajme nga Ulqini","og_description":"Edhe pse jemi n\u00eb dit\u00ebt e mjedisit t\u00eb muajit gisht\u00eb,nj\u00eb num\u00ebr i madh i turist\u00ebve nga vende t\u00eb ndryshme po pushojn\u00eb n\u00eb bregdetin e Ulqinit. Jo vet\u00ebm","og_url":"https:\/\/www.visit-ulcinj.com\/blog\/2011\/08\/12\/ulqini-destinacion-turistik-bum-i-papare-turistike\/","og_site_name":"Lajme nga Ulqini","article_published_time":"2011-08-12T08:01:31+00:00","article_modified_time":"2011-08-14T18:00:31+00:00","og_image":[{"url":"http:\/\/www.visit-ulcinj.com\/blog\/wp-content\/uploads\/2011\/08\/bum-turistik-ne-ulqin.jpg"}],"twitter_misc":{"Written by":"ulqini","Est. reading time":"4 minutes"},"schema":{"@context":"https:\/\/schema.org","@graph":[{"@type":"WebSite","@id":"https:\/\/www.visit-ulcinj.com\/blog\/#website","url":"https:\/\/www.visit-ulcinj.com\/blog\/","name":"Lajme nga Ulqini","description":"Lajme,Vijesti,Ulqini,Ulqin,Crna Gora,Mali i Zi","potentialAction":[{"@type":"SearchAction","target":{"@type":"EntryPoint","urlTemplate":"https:\/\/www.visit-ulcinj.com\/blog\/?s={search_term_string}"},"query-input":"required name=search_term_string"}],"inLanguage":"en-US"},{"@type":"ImageObject","inLanguage":"en-US","@id":"https:\/\/www.visit-ulcinj.com\/blog\/2011\/08\/12\/ulqini-destinacion-turistik-bum-i-papare-turistike\/#primaryimage","url":"https:\/\/www.visit-ulcinj.com\/blog\/wp-content\/uploads\/2011\/08\/bum-turistik-ne-ulqin.jpg","contentUrl":"https:\/\/www.visit-ulcinj.com\/blog\/wp-content\/uploads\/2011\/08\/bum-turistik-ne-ulqin.jpg","width":"800","height":"600"},{"@type":"WebPage","@id":"https:\/\/www.visit-ulcinj.com\/blog\/2011\/08\/12\/ulqini-destinacion-turistik-bum-i-papare-turistike\/#webpage","url":"https:\/\/www.visit-ulcinj.com\/blog\/2011\/08\/12\/ulqini-destinacion-turistik-bum-i-papare-turistike\/","name":"Ulqini destinacion turistik, bum i papar\u00eb turistik\u00eb - Lajme nga Ulqini","isPartOf":{"@id":"https:\/\/www.visit-ulcinj.com\/blog\/#website"},"primaryImageOfPage":{"@id":"https:\/\/www.visit-ulcinj.com\/blog\/2011\/08\/12\/ulqini-destinacion-turistik-bum-i-papare-turistike\/#primaryimage"},"datePublished":"2011-08-12T08:01:31+00:00","dateModified":"2011-08-14T18:00:31+00:00","author":{"@id":"https:\/\/www.visit-ulcinj.com\/blog\/#\/schema\/person\/dcab619c614d3038751c63bc2aadc06d"},"description":"Edhe pse jemi n\u00eb dit\u00ebt e mjedisit t\u00eb muajit gisht\u00eb,nj\u00eb num\u00ebr i madh i turist\u00ebve nga vende t\u00eb ndryshme po pushojn\u00eb n\u00eb bregdetin e Ulqinit. Jo vet\u00ebm","breadcrumb":{"@id":"https:\/\/www.visit-ulcinj.com\/blog\/2011\/08\/12\/ulqini-destinacion-turistik-bum-i-papare-turistike\/#breadcrumb"},"inLanguage":"en-US","potentialAction":[{"@type":"ReadAction","target":["https:\/\/www.visit-ulcinj.com\/blog\/2011\/08\/12\/ulqini-destinacion-turistik-bum-i-papare-turistike\/"]}]},{"@type":"BreadcrumbList","@id":"https:\/\/www.visit-ulcinj.com\/blog\/2011\/08\/12\/ulqini-destinacion-turistik-bum-i-papare-turistike\/#breadcrumb","itemListElement":[{"@type":"ListItem","position":1,"name":"Ulqini destinacion turistik, bum i papar\u00eb turistik\u00eb"}]},{"@type":"Person","@id":"https:\/\/www.visit-ulcinj.com\/blog\/#\/schema\/person\/dcab619c614d3038751c63bc2aadc06d","name":"ulqini","sameAs":["http:\/\/www.visit-ulcinj.com"],"url":"https:\/\/www.visit-ulcinj.com\/blog\/author\/admin\/"}]}},"jetpack_featured_media_url":"","jetpack_sharing_enabled":true,"jetpack_shortlink":"https:\/\/wp.me\/pe6lTn-cXq","_links":{"self":[{"href":"https:\/\/www.visit-ulcinj.com\/blog\/wp-json\/wp\/v2\/posts\/49812"}],"collection":[{"href":"https:\/\/www.visit-ulcinj.com\/blog\/wp-json\/wp\/v2\/posts"}],"about":[{"href":"https:\/\/www.visit-ulcinj.com\/blog\/wp-json\/wp\/v2\/types\/post"}],"author":[{"embeddable":true,"href":"https:\/\/www.visit-ulcinj.com\/blog\/wp-json\/wp\/v2\/users\/1"}],"replies":[{"embeddable":true,"href":"https:\/\/www.visit-ulcinj.com\/blog\/wp-json\/wp\/v2\/comments?post=49812"}],"version-history":[{"count":2,"href":"https:\/\/www.visit-ulcinj.com\/blog\/wp-json\/wp\/v2\/posts\/49812\/revisions"}],"predecessor-version":[{"id":49825,"href":"https:\/\/www.visit-ulcinj.com\/blog\/wp-json\/wp\/v2\/posts\/49812\/revisions\/49825"}],"wp:attachment":[{"href":"https:\/\/www.visit-ulcinj.com\/blog\/wp-json\/wp\/v2\/media?parent=49812"}],"wp:term":[{"taxonomy":"category","embeddable":true,"href":"https:\/\/www.visit-ulcinj.com\/blog\/wp-json\/wp\/v2\/categories?post=49812"},{"taxonomy":"post_tag","embeddable":true,"href":"https:\/\/www.visit-ulcinj.com\/blog\/wp-json\/wp\/v2\/tags?post=49812"}],"curies":[{"name":"wp","href":"https:\/\/api.w.org\/{rel}","templated":true}]}}