{"id":49827,"date":"2011-08-15T18:24:13","date_gmt":"2011-08-15T17:24:13","guid":{"rendered":"http:\/\/www.visit-ulcinj.com\/blog\/?p=49827"},"modified":"2011-08-16T07:52:03","modified_gmt":"2011-08-16T06:52:03","slug":"hajdinaga-edhe-nje-mandat-ne-krye-te-ulqinit","status":"publish","type":"post","link":"https:\/\/www.visit-ulcinj.com\/blog\/2011\/08\/15\/hajdinaga-edhe-nje-mandat-ne-krye-te-ulqinit\/","title":{"rendered":"Hajdinaga edhe nj\u00eb mandat n\u00eb krye t\u00eb Ulqinit"},"content":{"rendered":"<p><a href=\"http:\/\/www.visit-ulcinj.com\/blog\/wp-content\/uploads\/2011\/08\/Hajdinaga-edhe-nj%C3%AB-mandat-n%C3%AB-krye-t%C3%AB-Ulqinit.jpg\"><img loading=\"lazy\" class=\"alignleft size-full wp-image-49829\" title=\"Hajdinaga edhe nj\u00eb mandat n\u00eb krye t\u00eb Ulqinit\" src=\"http:\/\/www.visit-ulcinj.com\/blog\/wp-content\/uploads\/2011\/08\/Hajdinaga-edhe-nj%C3%AB-mandat-n%C3%AB-krye-t%C3%AB-Ulqinit.jpg\" alt=\"\" width=\"490\" height=\"360\" \/><\/a>Ulqin, 15 gusht &#8211; Kryetari i Komun\u00ebs s\u00eb Ulqinit, G\u00ebzim Hajdinaga, funksionar i lart\u00eb i Unionit Demokratik t\u00eb Shqiptar\u00ebve \/UDSH\/, q\u00eb n\u00eb vitin 2006 \u00ebsht\u00eb n\u00eb k\u00ebt\u00eb post, ndodhet para mandatit t\u00eb ri, tashm\u00eb t\u00eb konfirmuar n\u00eb partin\u00eb t\u00eb cil\u00ebs i takon, por edhe n\u00eb selit\u00eb e partner\u00ebve t\u00eb koalicionit q\u00eb ushtron pushtetin lokal n\u00eb Ulqin, njofton KosovaLive.<\/p>\n<p>N\u00ebnkryetari dhe deputeti i UDSH-s\u00eb, Mehmet Zenka, ka deklaruar se Hajdinaga pa asnj\u00eb m\u00ebdyshje do t\u00eb jet\u00eb edhe nj\u00eb mandat kryetar i Komun\u00ebs s\u00eb Ulqinit.<\/p>\n<p>\u201cFundja, kjo \u00ebsht\u00eb definuar me marr\u00ebveshjen e bashk\u00ebqeverisjes, Partis\u00eb Demokratike t\u00eb Socialist\u00ebve \/PDS\/ i takon vendi i shefit t\u00eb Parlamentit, nd\u00ebrsa UDSH-s\u00eb funksioni i t\u00eb parit t\u00eb Ulqinit\u201d, ka th\u00ebn\u00eb Zenka. Nd\u00ebrkaq, i pyetur se si i komenton rezultatet e kabinetit t\u00eb Hajdinag\u00ebs, meq\u00eb projektet e m\u00ebdha \u00ebsht\u00eb duke i realizuar qeveria nga buxheti shtet\u00ebror, e jo Komuna nga arka e vet, Zenka shton se \u201cnuk \u00ebsht\u00eb keq as kjo.\u201d<\/p>\n<p>Shefi i socialist\u00ebve n\u00eb Ulqin edhe kryeparlamentari i k\u00ebsaj komune, Luigj Shkreli, deklaron se k\u00ebshilltar\u00ebt e k\u00ebsaj partie do t\u00eb p\u00ebrkrahin rizgjedhjen e Hajdinag\u00ebs.<\/p>\n<p>Karshi tyre, n\u00ebnkryetari i Forc\u00ebs s\u00eb Re Demokratike, kryetar i Klubit t\u00eb k\u00ebshilltar\u00ebve t\u00eb k\u00ebsaj partie, Xhaudet Cakuli, mendon se p\u00ebr shkak t\u00eb rezultateve katastrofale n\u00eb mandatin e kaluar, Hajdinaga do t\u00eb duhej t\u00eb t\u00ebrhiqej nga kreu i Komun\u00ebs s\u00eb Ulqinit.\u00a0\u00a0 \u201cHajdinaga, i cili tash pes\u00eb vjet \u00ebsht\u00eb kryetar i Komun\u00ebs s\u00eb Ulqinit, nuk ka arritur t\u00eb realizoj\u00eb asgj\u00eb t\u00eb r\u00ebnd\u00ebsishme\u201d, mendon Cakuli.<\/p>\n<p>Edhe klubi i partive proserbe ka paralajm\u00ebruar se nuk do t\u00eb p\u00ebrkrah rizgjedhjen e Hajdinag\u00ebs, sepse nuk \u00ebsht\u00eb i k\u00ebnaqur me rezultatet e arritura.<\/p>\n<p>Mbledhja e parlamentit lokal duhet t\u00eb mbahet fundjav\u00ebn e ardhme p\u00ebr t\u00eb rizgjedhur G\u00ebzim Hajdinag\u00ebn edhe n\u00eb nj\u00eb mandat.<\/p>\n<p><strong>KOHA NET<\/strong><\/p>\n","protected":false},"excerpt":{"rendered":"<p>Ulqin, 15 gusht &#8211; Kryetari i Komun\u00ebs s\u00eb Ulqinit, G\u00ebzim Hajdinaga, funksionar i lart\u00eb i Unionit Demokratik t\u00eb Shqiptar\u00ebve \/UDSH\/, q\u00eb n\u00eb vitin 2006 \u00ebsht\u00eb n\u00eb k\u00ebt\u00eb post, ndodhet para mandatit t\u00eb ri, tashm\u00eb t\u00eb konfirmuar n\u00eb partin\u00eb t\u00eb cil\u00ebs i takon, por edhe n\u00eb selit\u00eb e partner\u00ebve t\u00eb koalicionit q\u00eb ushtron pushtetin lokal n\u00eb [&hellip;]<\/p>\n","protected":false},"author":1,"featured_media":0,"comment_status":"open","ping_status":"closed","sticky":false,"template":"","format":"standard","meta":{"spay_email":"","jetpack_publicize_message":"","jetpack_is_tweetstorm":false,"jetpack_publicize_feature_enabled":true},"categories":[1,6],"tags":[222,6215,18],"jetpack_publicize_connections":[],"yoast_head":"<!-- This site is optimized with the Yoast SEO plugin v19.1 - https:\/\/yoast.com\/wordpress\/plugins\/seo\/ -->\n<title>Hajdinaga edhe nj\u00eb mandat n\u00eb krye t\u00eb Ulqinit - Lajme nga Ulqini<\/title>\n<meta name=\"description\" content=\"Ulqin, 15 gusht - Kryetari i Komun\u00ebs s\u00eb Ulqinit, G\u00ebzim Hajdinaga, funksionar i lart\u00eb i Unionit Demokratik t\u00eb Shqiptar\u00ebve \/UDSH\/, q\u00eb n\u00eb vitin 2006 \u00ebsht\u00eb n\u00eb\" \/>\n<meta name=\"robots\" content=\"index, follow, max-snippet:-1, max-image-preview:large, max-video-preview:-1\" \/>\n<link rel=\"canonical\" href=\"https:\/\/www.visit-ulcinj.com\/blog\/2011\/08\/15\/hajdinaga-edhe-nje-mandat-ne-krye-te-ulqinit\/\" \/>\n<meta property=\"og:locale\" content=\"en_US\" \/>\n<meta property=\"og:type\" content=\"article\" \/>\n<meta property=\"og:title\" content=\"Hajdinaga edhe nj\u00eb mandat n\u00eb krye t\u00eb Ulqinit - Lajme nga Ulqini\" \/>\n<meta property=\"og:description\" content=\"Ulqin, 15 gusht - Kryetari i Komun\u00ebs s\u00eb Ulqinit, G\u00ebzim Hajdinaga, funksionar i lart\u00eb i Unionit Demokratik t\u00eb Shqiptar\u00ebve \/UDSH\/, q\u00eb n\u00eb vitin 2006 \u00ebsht\u00eb n\u00eb\" \/>\n<meta property=\"og:url\" content=\"https:\/\/www.visit-ulcinj.com\/blog\/2011\/08\/15\/hajdinaga-edhe-nje-mandat-ne-krye-te-ulqinit\/\" \/>\n<meta property=\"og:site_name\" content=\"Lajme nga Ulqini\" \/>\n<meta property=\"article:published_time\" content=\"2011-08-15T17:24:13+00:00\" \/>\n<meta property=\"article:modified_time\" content=\"2011-08-16T06:52:03+00:00\" \/>\n<meta property=\"og:image\" content=\"http:\/\/www.visit-ulcinj.com\/blog\/wp-content\/uploads\/2011\/08\/Hajdinaga-edhe-nj%C3%AB-mandat-n%C3%AB-krye-t%C3%AB-Ulqinit.jpg\" \/>\n<meta name=\"twitter:label1\" content=\"Written by\" \/>\n\t<meta name=\"twitter:data1\" content=\"ulqini\" \/>\n\t<meta name=\"twitter:label2\" content=\"Est. reading time\" \/>\n\t<meta name=\"twitter:data2\" content=\"2 minutes\" \/>\n<script type=\"application\/ld+json\" class=\"yoast-schema-graph\">{\"@context\":\"https:\/\/schema.org\",\"@graph\":[{\"@type\":\"WebSite\",\"@id\":\"https:\/\/www.visit-ulcinj.com\/blog\/#website\",\"url\":\"https:\/\/www.visit-ulcinj.com\/blog\/\",\"name\":\"Lajme nga Ulqini\",\"description\":\"Lajme,Vijesti,Ulqini,Ulqin,Crna Gora,Mali i Zi\",\"potentialAction\":[{\"@type\":\"SearchAction\",\"target\":{\"@type\":\"EntryPoint\",\"urlTemplate\":\"https:\/\/www.visit-ulcinj.com\/blog\/?s={search_term_string}\"},\"query-input\":\"required name=search_term_string\"}],\"inLanguage\":\"en-US\"},{\"@type\":\"ImageObject\",\"inLanguage\":\"en-US\",\"@id\":\"https:\/\/www.visit-ulcinj.com\/blog\/2011\/08\/15\/hajdinaga-edhe-nje-mandat-ne-krye-te-ulqinit\/#primaryimage\",\"url\":\"http:\/\/www.visit-ulcinj.com\/blog\/wp-content\/uploads\/2011\/08\/Hajdinaga-edhe-nj%C3%AB-mandat-n%C3%AB-krye-t%C3%AB-Ulqinit.jpg\",\"contentUrl\":\"http:\/\/www.visit-ulcinj.com\/blog\/wp-content\/uploads\/2011\/08\/Hajdinaga-edhe-nj%C3%AB-mandat-n%C3%AB-krye-t%C3%AB-Ulqinit.jpg\"},{\"@type\":\"WebPage\",\"@id\":\"https:\/\/www.visit-ulcinj.com\/blog\/2011\/08\/15\/hajdinaga-edhe-nje-mandat-ne-krye-te-ulqinit\/#webpage\",\"url\":\"https:\/\/www.visit-ulcinj.com\/blog\/2011\/08\/15\/hajdinaga-edhe-nje-mandat-ne-krye-te-ulqinit\/\",\"name\":\"Hajdinaga edhe nj\u00eb mandat n\u00eb krye t\u00eb Ulqinit - Lajme nga Ulqini\",\"isPartOf\":{\"@id\":\"https:\/\/www.visit-ulcinj.com\/blog\/#website\"},\"primaryImageOfPage\":{\"@id\":\"https:\/\/www.visit-ulcinj.com\/blog\/2011\/08\/15\/hajdinaga-edhe-nje-mandat-ne-krye-te-ulqinit\/#primaryimage\"},\"datePublished\":\"2011-08-15T17:24:13+00:00\",\"dateModified\":\"2011-08-16T06:52:03+00:00\",\"author\":{\"@id\":\"https:\/\/www.visit-ulcinj.com\/blog\/#\/schema\/person\/dcab619c614d3038751c63bc2aadc06d\"},\"description\":\"Ulqin, 15 gusht - Kryetari i Komun\u00ebs s\u00eb Ulqinit, G\u00ebzim Hajdinaga, funksionar i lart\u00eb i Unionit Demokratik t\u00eb Shqiptar\u00ebve \/UDSH\/, q\u00eb n\u00eb vitin 2006 \u00ebsht\u00eb n\u00eb\",\"breadcrumb\":{\"@id\":\"https:\/\/www.visit-ulcinj.com\/blog\/2011\/08\/15\/hajdinaga-edhe-nje-mandat-ne-krye-te-ulqinit\/#breadcrumb\"},\"inLanguage\":\"en-US\",\"potentialAction\":[{\"@type\":\"ReadAction\",\"target\":[\"https:\/\/www.visit-ulcinj.com\/blog\/2011\/08\/15\/hajdinaga-edhe-nje-mandat-ne-krye-te-ulqinit\/\"]}]},{\"@type\":\"BreadcrumbList\",\"@id\":\"https:\/\/www.visit-ulcinj.com\/blog\/2011\/08\/15\/hajdinaga-edhe-nje-mandat-ne-krye-te-ulqinit\/#breadcrumb\",\"itemListElement\":[{\"@type\":\"ListItem\",\"position\":1,\"name\":\"Hajdinaga edhe nj\u00eb mandat n\u00eb krye t\u00eb Ulqinit\"}]},{\"@type\":\"Person\",\"@id\":\"https:\/\/www.visit-ulcinj.com\/blog\/#\/schema\/person\/dcab619c614d3038751c63bc2aadc06d\",\"name\":\"ulqini\",\"sameAs\":[\"http:\/\/www.visit-ulcinj.com\"],\"url\":\"https:\/\/www.visit-ulcinj.com\/blog\/author\/admin\/\"}]}<\/script>\n<!-- \/ Yoast SEO plugin. -->","yoast_head_json":{"title":"Hajdinaga edhe nj\u00eb mandat n\u00eb krye t\u00eb Ulqinit - Lajme nga Ulqini","description":"Ulqin, 15 gusht - Kryetari i Komun\u00ebs s\u00eb Ulqinit, G\u00ebzim Hajdinaga, funksionar i lart\u00eb i Unionit Demokratik t\u00eb Shqiptar\u00ebve \/UDSH\/, q\u00eb n\u00eb vitin 2006 \u00ebsht\u00eb n\u00eb","robots":{"index":"index","follow":"follow","max-snippet":"max-snippet:-1","max-image-preview":"max-image-preview:large","max-video-preview":"max-video-preview:-1"},"canonical":"https:\/\/www.visit-ulcinj.com\/blog\/2011\/08\/15\/hajdinaga-edhe-nje-mandat-ne-krye-te-ulqinit\/","og_locale":"en_US","og_type":"article","og_title":"Hajdinaga edhe nj\u00eb mandat n\u00eb krye t\u00eb Ulqinit - Lajme nga Ulqini","og_description":"Ulqin, 15 gusht - Kryetari i Komun\u00ebs s\u00eb Ulqinit, G\u00ebzim Hajdinaga, funksionar i lart\u00eb i Unionit Demokratik t\u00eb Shqiptar\u00ebve \/UDSH\/, q\u00eb n\u00eb vitin 2006 \u00ebsht\u00eb n\u00eb","og_url":"https:\/\/www.visit-ulcinj.com\/blog\/2011\/08\/15\/hajdinaga-edhe-nje-mandat-ne-krye-te-ulqinit\/","og_site_name":"Lajme nga Ulqini","article_published_time":"2011-08-15T17:24:13+00:00","article_modified_time":"2011-08-16T06:52:03+00:00","og_image":[{"url":"http:\/\/www.visit-ulcinj.com\/blog\/wp-content\/uploads\/2011\/08\/Hajdinaga-edhe-nj%C3%AB-mandat-n%C3%AB-krye-t%C3%AB-Ulqinit.jpg"}],"twitter_misc":{"Written by":"ulqini","Est. reading time":"2 minutes"},"schema":{"@context":"https:\/\/schema.org","@graph":[{"@type":"WebSite","@id":"https:\/\/www.visit-ulcinj.com\/blog\/#website","url":"https:\/\/www.visit-ulcinj.com\/blog\/","name":"Lajme nga Ulqini","description":"Lajme,Vijesti,Ulqini,Ulqin,Crna Gora,Mali i Zi","potentialAction":[{"@type":"SearchAction","target":{"@type":"EntryPoint","urlTemplate":"https:\/\/www.visit-ulcinj.com\/blog\/?s={search_term_string}"},"query-input":"required name=search_term_string"}],"inLanguage":"en-US"},{"@type":"ImageObject","inLanguage":"en-US","@id":"https:\/\/www.visit-ulcinj.com\/blog\/2011\/08\/15\/hajdinaga-edhe-nje-mandat-ne-krye-te-ulqinit\/#primaryimage","url":"http:\/\/www.visit-ulcinj.com\/blog\/wp-content\/uploads\/2011\/08\/Hajdinaga-edhe-nj%C3%AB-mandat-n%C3%AB-krye-t%C3%AB-Ulqinit.jpg","contentUrl":"http:\/\/www.visit-ulcinj.com\/blog\/wp-content\/uploads\/2011\/08\/Hajdinaga-edhe-nj%C3%AB-mandat-n%C3%AB-krye-t%C3%AB-Ulqinit.jpg"},{"@type":"WebPage","@id":"https:\/\/www.visit-ulcinj.com\/blog\/2011\/08\/15\/hajdinaga-edhe-nje-mandat-ne-krye-te-ulqinit\/#webpage","url":"https:\/\/www.visit-ulcinj.com\/blog\/2011\/08\/15\/hajdinaga-edhe-nje-mandat-ne-krye-te-ulqinit\/","name":"Hajdinaga edhe nj\u00eb mandat n\u00eb krye t\u00eb Ulqinit - Lajme nga Ulqini","isPartOf":{"@id":"https:\/\/www.visit-ulcinj.com\/blog\/#website"},"primaryImageOfPage":{"@id":"https:\/\/www.visit-ulcinj.com\/blog\/2011\/08\/15\/hajdinaga-edhe-nje-mandat-ne-krye-te-ulqinit\/#primaryimage"},"datePublished":"2011-08-15T17:24:13+00:00","dateModified":"2011-08-16T06:52:03+00:00","author":{"@id":"https:\/\/www.visit-ulcinj.com\/blog\/#\/schema\/person\/dcab619c614d3038751c63bc2aadc06d"},"description":"Ulqin, 15 gusht - Kryetari i Komun\u00ebs s\u00eb Ulqinit, G\u00ebzim Hajdinaga, funksionar i lart\u00eb i Unionit Demokratik t\u00eb Shqiptar\u00ebve \/UDSH\/, q\u00eb n\u00eb vitin 2006 \u00ebsht\u00eb n\u00eb","breadcrumb":{"@id":"https:\/\/www.visit-ulcinj.com\/blog\/2011\/08\/15\/hajdinaga-edhe-nje-mandat-ne-krye-te-ulqinit\/#breadcrumb"},"inLanguage":"en-US","potentialAction":[{"@type":"ReadAction","target":["https:\/\/www.visit-ulcinj.com\/blog\/2011\/08\/15\/hajdinaga-edhe-nje-mandat-ne-krye-te-ulqinit\/"]}]},{"@type":"BreadcrumbList","@id":"https:\/\/www.visit-ulcinj.com\/blog\/2011\/08\/15\/hajdinaga-edhe-nje-mandat-ne-krye-te-ulqinit\/#breadcrumb","itemListElement":[{"@type":"ListItem","position":1,"name":"Hajdinaga edhe nj\u00eb mandat n\u00eb krye t\u00eb Ulqinit"}]},{"@type":"Person","@id":"https:\/\/www.visit-ulcinj.com\/blog\/#\/schema\/person\/dcab619c614d3038751c63bc2aadc06d","name":"ulqini","sameAs":["http:\/\/www.visit-ulcinj.com"],"url":"https:\/\/www.visit-ulcinj.com\/blog\/author\/admin\/"}]}},"jetpack_featured_media_url":"","jetpack_sharing_enabled":true,"jetpack_shortlink":"https:\/\/wp.me\/pe6lTn-cXF","_links":{"self":[{"href":"https:\/\/www.visit-ulcinj.com\/blog\/wp-json\/wp\/v2\/posts\/49827"}],"collection":[{"href":"https:\/\/www.visit-ulcinj.com\/blog\/wp-json\/wp\/v2\/posts"}],"about":[{"href":"https:\/\/www.visit-ulcinj.com\/blog\/wp-json\/wp\/v2\/types\/post"}],"author":[{"embeddable":true,"href":"https:\/\/www.visit-ulcinj.com\/blog\/wp-json\/wp\/v2\/users\/1"}],"replies":[{"embeddable":true,"href":"https:\/\/www.visit-ulcinj.com\/blog\/wp-json\/wp\/v2\/comments?post=49827"}],"version-history":[{"count":3,"href":"https:\/\/www.visit-ulcinj.com\/blog\/wp-json\/wp\/v2\/posts\/49827\/revisions"}],"predecessor-version":[{"id":49831,"href":"https:\/\/www.visit-ulcinj.com\/blog\/wp-json\/wp\/v2\/posts\/49827\/revisions\/49831"}],"wp:attachment":[{"href":"https:\/\/www.visit-ulcinj.com\/blog\/wp-json\/wp\/v2\/media?parent=49827"}],"wp:term":[{"taxonomy":"category","embeddable":true,"href":"https:\/\/www.visit-ulcinj.com\/blog\/wp-json\/wp\/v2\/categories?post=49827"},{"taxonomy":"post_tag","embeddable":true,"href":"https:\/\/www.visit-ulcinj.com\/blog\/wp-json\/wp\/v2\/tags?post=49827"}],"curies":[{"name":"wp","href":"https:\/\/api.w.org\/{rel}","templated":true}]}}