{"id":4985,"date":"2008-10-21T11:19:59","date_gmt":"2008-10-21T16:19:59","guid":{"rendered":"http:\/\/www.visit-ulcinj.com\/blog\/?p=4985"},"modified":"2008-10-22T10:21:32","modified_gmt":"2008-10-22T15:21:32","slug":"mal-i-zi-%e2%80%9cblindohet%e2%80%9d-qeveria-pas-njohjes-se-pavaresise","status":"publish","type":"post","link":"https:\/\/www.visit-ulcinj.com\/blog\/2008\/10\/21\/mal-i-zi-%e2%80%9cblindohet%e2%80%9d-qeveria-pas-njohjes-se-pavaresise\/","title":{"rendered":"Mal i Zi, \u201cblindohet\u201d qeveria pas njohjes s\u00eb pavar\u00ebsis\u00eb"},"content":{"rendered":"<p><a href=\"http:\/\/www.visit-ulcinj.com\/blog\/wp-content\/uploads\/2008\/10\/sigurimi.jpg\"><img loading=\"lazy\" class=\"alignleft size-medium wp-image-4987\" title=\"sigurimi\" src=\"http:\/\/www.visit-ulcinj.com\/blog\/wp-content\/uploads\/2008\/10\/sigurimi.jpg\" alt=\"\" width=\"290\" height=\"190\" \/><\/a>Siguria rreth Kryeministrit malazez,Milo Gjukanovi\u00e7, \u00ebsht\u00eb rritur n\u00eb maksimum q\u00eb pas njohjes s\u00eb pavar\u00ebsis\u00eb s\u00eb Kosov\u00ebs jav\u00ebn e kaluar. Sipas gazet\u00ebs s\u00eb p\u00ebrditshme malazeze \u201cVijesti\u201d, e cila citon burime anonime t\u00eb af\u00ebrta me kryeministrin dhe departamentin qendror t\u00eb policis\u00eb, siguria rreth Gjukanovi\u00e7 dhe familjes s\u00eb tij \u00ebsht\u00eb rritur ndjesh\u00ebm pas k\u00ebrc\u00ebnimeve t\u00eb mundshme p\u00ebr jet\u00ebn e tij. \u201cPolicia deri tani nuk ka t\u00eb dh\u00ebna operative q\u00eb mund t\u00eb tregojn\u00eb ndonj\u00eb t\u00eb dyshuar konkret, por siguria rreth kryeministrit \u00ebsht\u00eb rritur n\u00eb shkall\u00ebn maksimale\u201d, tha burimi anonim. Sipas mediave elektronike n\u00eb Podgoric\u00eb, ndryshe nga praktikat e zakonshme, edhe pjesa m\u00eb madhe e ministrave ka qen\u00eb n\u00ebn v\u00ebzhgimin e plot\u00eb t\u00eb policis\u00eb, q\u00eb pas njohjes s\u00eb pavar\u00ebsis\u00eb.Presidenti i k\u00ebtij vendi, Filip Vujanovi\u00e7, i ka akuzuar serb\u00ebt se po sillen sikur Mali i Zi t\u00eb ishte ende pjes\u00eb e Serbis\u00eb. Pas protestave t\u00eb dhunshme t\u00eb rreth 10 mij\u00eb njer\u00ebzve kund\u00ebr njohjes s\u00eb pavar\u00ebsis\u00eb s\u00eb Kosov\u00ebs t\u00eb dy dit\u00ebve m\u00eb par\u00eb n\u00eb Podgoric\u00eb, nga ku u arrestuan dhjet\u00ebra njer\u00ebz dhe u plagos\u00ebn 34, tashm\u00eb n\u00eb kryeqytetin malazez ka nisur protesta me grev\u00eb urie. Demonstruesit po i b\u00ebjn\u00eb presion qeveris\u00eb dhe presidentit q\u00eb t\u00eb anulojn\u00eb pavar\u00ebsin\u00eb e Kosov\u00ebs brenda 48 or\u00ebve, ose t\u00eb pranojn\u00eb mbajtjen e nj\u00eb referendumi mbi \u00e7\u00ebshtjen e pavar\u00ebsis\u00eb. Autoritete serbe kan\u00eb reaguar mjaft hidhur mbi njohjen e pavar\u00ebsis\u00eb s\u00eb Kosov\u00ebs nga Mali i Zi, i cili u shk\u00ebput nga unioni me Serbin\u00eb disa muaj para shpalljes s\u00eb pavar\u00ebsis\u00eb s\u00eb Kosov\u00ebs. Ministri i Jasht\u00ebm serb, Vuk Jeremi\u00e7, e ka konsideruar thik\u00eb pas shpine njohjen e Kosov\u00ebs nga malazez\u00ebt. Nd\u00ebrkoh\u00eb partit\u00eb e opozit\u00ebs n\u00eb Malin e Zi sot do t\u00eb njoftojn\u00eb mbledhjen e firmave nga njer\u00ebzit q\u00eb mb\u00ebshtesin mbajtjen e nj\u00eb referendumi, p\u00ebr t\u00eb treguar n\u00ebse e mb\u00ebshtesin q\u00ebndrimin e Kosov\u00ebs brenda Serbis\u00eb. Ata kan\u00eb mbledhur deri tani 123.407 firma t\u00eb njer\u00ebzve q\u00eb mb\u00ebshtesin q\u00ebndrimin e Kosov\u00ebs brenda kufijve serb\u00eb, shkruan gazeta malazeze \u201cVijesti\u201d. N\u00eb k\u00ebt\u00eb m\u00ebnyr\u00eb partit\u00eb e opozit\u00ebs shpresojn\u00eb t\u00eb detyrojn\u00eb politikan\u00ebt qeveris\u00ebs q\u00eb t\u00eb mbajn\u00eb nj\u00eb referendum, q\u00eb njer\u00ebzit t\u00eb votojn\u00eb pro apo kund\u00ebr njohjes s\u00eb pavar\u00ebsis\u00eb s\u00eb Kosov\u00ebs.<br \/>\n<strong>Burimi \/ Panorama<\/strong><\/p>\n","protected":false},"excerpt":{"rendered":"<p>Siguria rreth Kryeministrit malazez,Milo Gjukanovi\u00e7, \u00ebsht\u00eb rritur n\u00eb maksimum q\u00eb pas njohjes s\u00eb pavar\u00ebsis\u00eb s\u00eb Kosov\u00ebs jav\u00ebn e kaluar. Sipas gazet\u00ebs s\u00eb p\u00ebrditshme malazeze \u201cVijesti\u201d, e cila citon burime anonime t\u00eb af\u00ebrta me kryeministrin dhe departamentin qendror t\u00eb policis\u00eb, siguria rreth Gjukanovi\u00e7 dhe familjes s\u00eb tij \u00ebsht\u00eb rritur ndjesh\u00ebm pas k\u00ebrc\u00ebnimeve t\u00eb mundshme p\u00ebr jet\u00ebn [&hellip;]<\/p>\n","protected":false},"author":1,"featured_media":0,"comment_status":"open","ping_status":"closed","sticky":false,"template":"","format":"standard","meta":{"spay_email":"","jetpack_publicize_message":"","jetpack_is_tweetstorm":false,"jetpack_publicize_feature_enabled":true},"categories":[14,12],"tags":[1616],"jetpack_publicize_connections":[],"yoast_head":"<!-- This site is optimized with the Yoast SEO plugin v19.1 - https:\/\/yoast.com\/wordpress\/plugins\/seo\/ -->\n<title>Mal i Zi, \u201cblindohet\u201d qeveria pas njohjes s\u00eb pavar\u00ebsis\u00eb - Lajme nga Ulqini<\/title>\n<meta name=\"description\" content=\"Siguria rreth Kryeministrit malazez,Milo Gjukanovi\u00e7, \u00ebsht\u00eb rritur n\u00eb maksimum q\u00eb pas njohjes s\u00eb pavar\u00ebsis\u00eb s\u00eb Kosov\u00ebs jav\u00ebn e kaluar. Sipas gazet\u00ebs s\u00eb\" \/>\n<meta name=\"robots\" content=\"index, follow, max-snippet:-1, max-image-preview:large, max-video-preview:-1\" \/>\n<link rel=\"canonical\" href=\"https:\/\/www.visit-ulcinj.com\/blog\/2008\/10\/21\/mal-i-zi-\u201cblindohet\u201d-qeveria-pas-njohjes-se-pavaresise\/\" \/>\n<meta property=\"og:locale\" content=\"en_US\" \/>\n<meta property=\"og:type\" content=\"article\" \/>\n<meta property=\"og:title\" content=\"Mal i Zi, \u201cblindohet\u201d qeveria pas njohjes s\u00eb pavar\u00ebsis\u00eb - Lajme nga Ulqini\" \/>\n<meta property=\"og:description\" content=\"Siguria rreth Kryeministrit malazez,Milo Gjukanovi\u00e7, \u00ebsht\u00eb rritur n\u00eb maksimum q\u00eb pas njohjes s\u00eb pavar\u00ebsis\u00eb s\u00eb Kosov\u00ebs jav\u00ebn e kaluar. Sipas gazet\u00ebs s\u00eb\" \/>\n<meta property=\"og:url\" content=\"https:\/\/www.visit-ulcinj.com\/blog\/2008\/10\/21\/mal-i-zi-\u201cblindohet\u201d-qeveria-pas-njohjes-se-pavaresise\/\" \/>\n<meta property=\"og:site_name\" content=\"Lajme nga Ulqini\" \/>\n<meta property=\"article:published_time\" content=\"2008-10-21T16:19:59+00:00\" \/>\n<meta property=\"article:modified_time\" content=\"2008-10-22T15:21:32+00:00\" \/>\n<meta property=\"og:image\" content=\"http:\/\/www.visit-ulcinj.com\/blog\/wp-content\/uploads\/2008\/10\/sigurimi.jpg\" \/>\n<meta name=\"twitter:label1\" content=\"Written by\" \/>\n\t<meta name=\"twitter:data1\" content=\"ulqini\" \/>\n\t<meta name=\"twitter:label2\" content=\"Est. reading time\" \/>\n\t<meta name=\"twitter:data2\" content=\"2 minutes\" \/>\n<script type=\"application\/ld+json\" class=\"yoast-schema-graph\">{\"@context\":\"https:\/\/schema.org\",\"@graph\":[{\"@type\":\"WebSite\",\"@id\":\"https:\/\/www.visit-ulcinj.com\/blog\/#website\",\"url\":\"https:\/\/www.visit-ulcinj.com\/blog\/\",\"name\":\"Lajme nga Ulqini\",\"description\":\"Lajme,Vijesti,Ulqini,Ulqin,Crna Gora,Mali i Zi\",\"potentialAction\":[{\"@type\":\"SearchAction\",\"target\":{\"@type\":\"EntryPoint\",\"urlTemplate\":\"https:\/\/www.visit-ulcinj.com\/blog\/?s={search_term_string}\"},\"query-input\":\"required name=search_term_string\"}],\"inLanguage\":\"en-US\"},{\"@type\":\"ImageObject\",\"inLanguage\":\"en-US\",\"@id\":\"https:\/\/www.visit-ulcinj.com\/blog\/2008\/10\/21\/mal-i-zi-%e2%80%9cblindohet%e2%80%9d-qeveria-pas-njohjes-se-pavaresise\/#primaryimage\",\"url\":\"http:\/\/www.visit-ulcinj.com\/blog\/wp-content\/uploads\/2008\/10\/sigurimi.jpg\",\"contentUrl\":\"http:\/\/www.visit-ulcinj.com\/blog\/wp-content\/uploads\/2008\/10\/sigurimi.jpg\"},{\"@type\":\"WebPage\",\"@id\":\"https:\/\/www.visit-ulcinj.com\/blog\/2008\/10\/21\/mal-i-zi-%e2%80%9cblindohet%e2%80%9d-qeveria-pas-njohjes-se-pavaresise\/#webpage\",\"url\":\"https:\/\/www.visit-ulcinj.com\/blog\/2008\/10\/21\/mal-i-zi-%e2%80%9cblindohet%e2%80%9d-qeveria-pas-njohjes-se-pavaresise\/\",\"name\":\"Mal i Zi, \u201cblindohet\u201d qeveria pas njohjes s\u00eb pavar\u00ebsis\u00eb - Lajme nga Ulqini\",\"isPartOf\":{\"@id\":\"https:\/\/www.visit-ulcinj.com\/blog\/#website\"},\"primaryImageOfPage\":{\"@id\":\"https:\/\/www.visit-ulcinj.com\/blog\/2008\/10\/21\/mal-i-zi-%e2%80%9cblindohet%e2%80%9d-qeveria-pas-njohjes-se-pavaresise\/#primaryimage\"},\"datePublished\":\"2008-10-21T16:19:59+00:00\",\"dateModified\":\"2008-10-22T15:21:32+00:00\",\"author\":{\"@id\":\"https:\/\/www.visit-ulcinj.com\/blog\/#\/schema\/person\/dcab619c614d3038751c63bc2aadc06d\"},\"description\":\"Siguria rreth Kryeministrit malazez,Milo Gjukanovi\u00e7, \u00ebsht\u00eb rritur n\u00eb maksimum q\u00eb pas njohjes s\u00eb pavar\u00ebsis\u00eb s\u00eb Kosov\u00ebs jav\u00ebn e kaluar. Sipas gazet\u00ebs s\u00eb\",\"breadcrumb\":{\"@id\":\"https:\/\/www.visit-ulcinj.com\/blog\/2008\/10\/21\/mal-i-zi-%e2%80%9cblindohet%e2%80%9d-qeveria-pas-njohjes-se-pavaresise\/#breadcrumb\"},\"inLanguage\":\"en-US\",\"potentialAction\":[{\"@type\":\"ReadAction\",\"target\":[\"https:\/\/www.visit-ulcinj.com\/blog\/2008\/10\/21\/mal-i-zi-%e2%80%9cblindohet%e2%80%9d-qeveria-pas-njohjes-se-pavaresise\/\"]}]},{\"@type\":\"BreadcrumbList\",\"@id\":\"https:\/\/www.visit-ulcinj.com\/blog\/2008\/10\/21\/mal-i-zi-%e2%80%9cblindohet%e2%80%9d-qeveria-pas-njohjes-se-pavaresise\/#breadcrumb\",\"itemListElement\":[{\"@type\":\"ListItem\",\"position\":1,\"name\":\"Mal i Zi, \u201cblindohet\u201d qeveria pas njohjes s\u00eb pavar\u00ebsis\u00eb\"}]},{\"@type\":\"Person\",\"@id\":\"https:\/\/www.visit-ulcinj.com\/blog\/#\/schema\/person\/dcab619c614d3038751c63bc2aadc06d\",\"name\":\"ulqini\",\"sameAs\":[\"http:\/\/www.visit-ulcinj.com\"],\"url\":\"https:\/\/www.visit-ulcinj.com\/blog\/author\/admin\/\"}]}<\/script>\n<!-- \/ Yoast SEO plugin. -->","yoast_head_json":{"title":"Mal i Zi, \u201cblindohet\u201d qeveria pas njohjes s\u00eb pavar\u00ebsis\u00eb - Lajme nga Ulqini","description":"Siguria rreth Kryeministrit malazez,Milo Gjukanovi\u00e7, \u00ebsht\u00eb rritur n\u00eb maksimum q\u00eb pas njohjes s\u00eb pavar\u00ebsis\u00eb s\u00eb Kosov\u00ebs jav\u00ebn e kaluar. Sipas gazet\u00ebs s\u00eb","robots":{"index":"index","follow":"follow","max-snippet":"max-snippet:-1","max-image-preview":"max-image-preview:large","max-video-preview":"max-video-preview:-1"},"canonical":"https:\/\/www.visit-ulcinj.com\/blog\/2008\/10\/21\/mal-i-zi-\u201cblindohet\u201d-qeveria-pas-njohjes-se-pavaresise\/","og_locale":"en_US","og_type":"article","og_title":"Mal i Zi, \u201cblindohet\u201d qeveria pas njohjes s\u00eb pavar\u00ebsis\u00eb - Lajme nga Ulqini","og_description":"Siguria rreth Kryeministrit malazez,Milo Gjukanovi\u00e7, \u00ebsht\u00eb rritur n\u00eb maksimum q\u00eb pas njohjes s\u00eb pavar\u00ebsis\u00eb s\u00eb Kosov\u00ebs jav\u00ebn e kaluar. Sipas gazet\u00ebs s\u00eb","og_url":"https:\/\/www.visit-ulcinj.com\/blog\/2008\/10\/21\/mal-i-zi-\u201cblindohet\u201d-qeveria-pas-njohjes-se-pavaresise\/","og_site_name":"Lajme nga Ulqini","article_published_time":"2008-10-21T16:19:59+00:00","article_modified_time":"2008-10-22T15:21:32+00:00","og_image":[{"url":"http:\/\/www.visit-ulcinj.com\/blog\/wp-content\/uploads\/2008\/10\/sigurimi.jpg"}],"twitter_misc":{"Written by":"ulqini","Est. reading time":"2 minutes"},"schema":{"@context":"https:\/\/schema.org","@graph":[{"@type":"WebSite","@id":"https:\/\/www.visit-ulcinj.com\/blog\/#website","url":"https:\/\/www.visit-ulcinj.com\/blog\/","name":"Lajme nga Ulqini","description":"Lajme,Vijesti,Ulqini,Ulqin,Crna Gora,Mali i Zi","potentialAction":[{"@type":"SearchAction","target":{"@type":"EntryPoint","urlTemplate":"https:\/\/www.visit-ulcinj.com\/blog\/?s={search_term_string}"},"query-input":"required name=search_term_string"}],"inLanguage":"en-US"},{"@type":"ImageObject","inLanguage":"en-US","@id":"https:\/\/www.visit-ulcinj.com\/blog\/2008\/10\/21\/mal-i-zi-%e2%80%9cblindohet%e2%80%9d-qeveria-pas-njohjes-se-pavaresise\/#primaryimage","url":"http:\/\/www.visit-ulcinj.com\/blog\/wp-content\/uploads\/2008\/10\/sigurimi.jpg","contentUrl":"http:\/\/www.visit-ulcinj.com\/blog\/wp-content\/uploads\/2008\/10\/sigurimi.jpg"},{"@type":"WebPage","@id":"https:\/\/www.visit-ulcinj.com\/blog\/2008\/10\/21\/mal-i-zi-%e2%80%9cblindohet%e2%80%9d-qeveria-pas-njohjes-se-pavaresise\/#webpage","url":"https:\/\/www.visit-ulcinj.com\/blog\/2008\/10\/21\/mal-i-zi-%e2%80%9cblindohet%e2%80%9d-qeveria-pas-njohjes-se-pavaresise\/","name":"Mal i Zi, \u201cblindohet\u201d qeveria pas njohjes s\u00eb pavar\u00ebsis\u00eb - Lajme nga Ulqini","isPartOf":{"@id":"https:\/\/www.visit-ulcinj.com\/blog\/#website"},"primaryImageOfPage":{"@id":"https:\/\/www.visit-ulcinj.com\/blog\/2008\/10\/21\/mal-i-zi-%e2%80%9cblindohet%e2%80%9d-qeveria-pas-njohjes-se-pavaresise\/#primaryimage"},"datePublished":"2008-10-21T16:19:59+00:00","dateModified":"2008-10-22T15:21:32+00:00","author":{"@id":"https:\/\/www.visit-ulcinj.com\/blog\/#\/schema\/person\/dcab619c614d3038751c63bc2aadc06d"},"description":"Siguria rreth Kryeministrit malazez,Milo Gjukanovi\u00e7, \u00ebsht\u00eb rritur n\u00eb maksimum q\u00eb pas njohjes s\u00eb pavar\u00ebsis\u00eb s\u00eb Kosov\u00ebs jav\u00ebn e kaluar. Sipas gazet\u00ebs s\u00eb","breadcrumb":{"@id":"https:\/\/www.visit-ulcinj.com\/blog\/2008\/10\/21\/mal-i-zi-%e2%80%9cblindohet%e2%80%9d-qeveria-pas-njohjes-se-pavaresise\/#breadcrumb"},"inLanguage":"en-US","potentialAction":[{"@type":"ReadAction","target":["https:\/\/www.visit-ulcinj.com\/blog\/2008\/10\/21\/mal-i-zi-%e2%80%9cblindohet%e2%80%9d-qeveria-pas-njohjes-se-pavaresise\/"]}]},{"@type":"BreadcrumbList","@id":"https:\/\/www.visit-ulcinj.com\/blog\/2008\/10\/21\/mal-i-zi-%e2%80%9cblindohet%e2%80%9d-qeveria-pas-njohjes-se-pavaresise\/#breadcrumb","itemListElement":[{"@type":"ListItem","position":1,"name":"Mal i Zi, \u201cblindohet\u201d qeveria pas njohjes s\u00eb pavar\u00ebsis\u00eb"}]},{"@type":"Person","@id":"https:\/\/www.visit-ulcinj.com\/blog\/#\/schema\/person\/dcab619c614d3038751c63bc2aadc06d","name":"ulqini","sameAs":["http:\/\/www.visit-ulcinj.com"],"url":"https:\/\/www.visit-ulcinj.com\/blog\/author\/admin\/"}]}},"jetpack_featured_media_url":"","jetpack_sharing_enabled":true,"jetpack_shortlink":"https:\/\/wp.me\/pe6lTn-1ip","_links":{"self":[{"href":"https:\/\/www.visit-ulcinj.com\/blog\/wp-json\/wp\/v2\/posts\/4985"}],"collection":[{"href":"https:\/\/www.visit-ulcinj.com\/blog\/wp-json\/wp\/v2\/posts"}],"about":[{"href":"https:\/\/www.visit-ulcinj.com\/blog\/wp-json\/wp\/v2\/types\/post"}],"author":[{"embeddable":true,"href":"https:\/\/www.visit-ulcinj.com\/blog\/wp-json\/wp\/v2\/users\/1"}],"replies":[{"embeddable":true,"href":"https:\/\/www.visit-ulcinj.com\/blog\/wp-json\/wp\/v2\/comments?post=4985"}],"version-history":[{"count":0,"href":"https:\/\/www.visit-ulcinj.com\/blog\/wp-json\/wp\/v2\/posts\/4985\/revisions"}],"wp:attachment":[{"href":"https:\/\/www.visit-ulcinj.com\/blog\/wp-json\/wp\/v2\/media?parent=4985"}],"wp:term":[{"taxonomy":"category","embeddable":true,"href":"https:\/\/www.visit-ulcinj.com\/blog\/wp-json\/wp\/v2\/categories?post=4985"},{"taxonomy":"post_tag","embeddable":true,"href":"https:\/\/www.visit-ulcinj.com\/blog\/wp-json\/wp\/v2\/tags?post=4985"}],"curies":[{"name":"wp","href":"https:\/\/api.w.org\/{rel}","templated":true}]}}