{"id":49854,"date":"2011-08-17T17:58:14","date_gmt":"2011-08-17T16:58:14","guid":{"rendered":"http:\/\/www.visit-ulcinj.com\/blog\/?p=49854"},"modified":"2011-08-20T19:27:29","modified_gmt":"2011-08-20T18:27:29","slug":"shumica-e-re-ne-kuvendin-e-komunes-se-ulqinit","status":"publish","type":"post","link":"https:\/\/www.visit-ulcinj.com\/blog\/2011\/08\/17\/shumica-e-re-ne-kuvendin-e-komunes-se-ulqinit\/","title":{"rendered":"Shumica e re ne Kuvendin e Komunes se Ulqinit"},"content":{"rendered":"<p><strong>\u00a0<a href=\"http:\/\/www.visit-ulcinj.com\/blog\/wp-content\/uploads\/2011\/08\/Shumica-e-re-ne-Kuvendin-e-Komunes-se-Ulqinit_Nazif-CunguFatmir-GjekaSkender-ElezagaAmir-HolliKoalicioni-ne-Ulqin.jpg\"><img loading=\"lazy\" class=\"alignleft size-full wp-image-49867\" title=\"Shumica e re ne Kuvendin e Komunes se Ulqinit_Nazif Cungu,Fatmir Gjeka,Skender Elezaga,Amir Holli,Koalicioni ne Ulqin\" src=\"http:\/\/www.visit-ulcinj.com\/blog\/wp-content\/uploads\/2011\/08\/Shumica-e-re-ne-Kuvendin-e-Komunes-se-Ulqinit_Nazif-CunguFatmir-GjekaSkender-ElezagaAmir-HolliKoalicioni-ne-Ulqin.jpg\" alt=\"\" width=\"508\" height=\"380\" \/><\/a>T\u00eb nderuar qytetar\u00eb, t\u00eb nderuar p\u00ebrfaq\u00ebsuese te medij\u00ebve!<\/strong><\/p>\n<p>Kemi k\u00ebnaq\u00ebsi q\u00eb k\u00ebtu, sot\u00a0 t\u00eb ju prezentojm shumic\u00ebn e re n\u00eb kuvendin komunal te Komun\u00ebs s\u00eb Ulqinit e formuar\u00a0 me q\u00ebllim t\u00eb sinqert ne baz\u00eb t\u00eb rrespektit t\u00eb nd\u00ebrsjell\u00ebt dhe vendosm\u00ebris\u00eb q\u00eb Komuna e Ulqinit t\u00eb fitoj nj\u00eb qeverisje profesionale, t\u00eb p\u00ebrgjegj\u00ebshme, t\u00eb ndershme dhe efikase.<\/p>\n<p>Kjo shumic\u00eb \u00ebsht\u00eb e p\u00ebrb\u00ebr prej\u00a0 subjekteve dhe\u00a0 k\u00ebshilltar\u00ebve n\u00eb Kuvendin komunal\u00a0 si\u00e7 vijon\u00eb: Forca e re demokratike me 11 k\u00ebshilltar\u00eb, Dega e an\u00ebs s\u00eb Malit me 4 k\u00ebshilltar, Partia Social-demokrate me dy k\u00ebshilltar\u00eb\u00a0 dhe L\u00ebvizjes qytetare Perspektiva me nj\u00eb\u00a0 k\u00ebshilltar, pra gjith\u00ebsejt 18 k\u00ebshilltar\u00eb.<\/p>\n<p>Jemi t\u00eb vendosur q\u00eb t\u00eb formojm\u00eb nj\u00eb shumic\u00eb e cila do t\u00eb p\u00ebrkushtohet me t\u00eb gjitha fuqit\u00eb e veta q\u00eb t\u00eb krijoj kushte p\u00ebr fillimin e nj\u00eb epoke t\u00eb re, epoke t\u00eb mbar\u00eb n\u00eb zhvillimin e Komun\u00ebs son\u00eb.<\/p>\n<p>Sigurisht q\u00eb konsolidimi i gjendjes s\u00eb r\u00ebnd n\u00eb Komun\u00ebn ton\u00eb, ku ka munges\u00eb t\u00eb madhe n\u00eb investime, probleme \u00a0n\u00eb \u00a0privatizimet e d\u00ebshtuara, papun\u00ebsi t\u00eb madhe, munges\u00eb e planeve urbanistike, borxhe t\u00eb m\u00ebdha dhe nevoj\u00eb p\u00ebr konsolidimin e buxhetit, do t\u00eb jen\u00eb sfid\u00eb e madhe e cila hap nevoj\u00eb p\u00ebr pun\u00eb t\u00eb madhe, p\u00ebrkushtim profesional por k\u00ebrkon edhe p\u00ebrkrahjen e \u00a0t\u00eb gjith\u00eb qytetar\u00ebve t\u00eb Komun\u00ebs son\u00eb.<\/p>\n<p>Posa\u00e7\u00ebrisht presim p\u00ebrkushtim tek t\u00eb pun\u00ebsuarit n\u00eb administrat\u00ebn lokale \u00a0dhe n\u00ebpuns\u00ebve n\u00eb ndermarrjet publike.<\/p>\n<p>Kjo shumic\u00eb do te jet\u00eb ne funksion t\u00eb t\u00eb gjith\u00eb qytetarve pa asnje dallim nga p\u00ebrkat\u00ebsit politike.<\/p>\n<p>Ne do te jemi t\u00eb \u00a0hapur p\u00ebr bashk\u00ebpunim me subjetet tjera lokale dhe shtetrore.<\/p>\n<p>Do t\u00eb kemi nj\u00eb \u00a0Kuvend i cili do t\u00eb jet\u00eb i p\u00ebrgjegj\u00ebsh\u00ebm, i cili do t\u00eb pruaj vendime ne interes\u00eb t\u00eb popullsis\u00eb son\u00eb.<\/p>\n<p>Nga dita e sotme do t\u00eb nisim iniciativ\u00ebn p\u00ebr Kuvend t\u00eb jashzakonsh\u00ebm n\u00eb t\u00eb cilin do t\u00eb zgjidhet kryetari i ri i Kuvendit komunal\u00a0 dhe kryetari i ri Komun\u00ebs.<\/p>\n<p><strong><em>Nazif Cungu\u00a0<\/em><\/strong><\/p>\n<p>\n\t\t<style type=\"text\/css\">\n\t\t\t#gallery-1 {\n\t\t\t\tmargin: auto;\n\t\t\t}\n\t\t\t#gallery-1 .gallery-item {\n\t\t\t\tfloat: left;\n\t\t\t\tmargin-top: 10px;\n\t\t\t\ttext-align: center;\n\t\t\t\twidth: 33%;\n\t\t\t}\n\t\t\t#gallery-1 img {\n\t\t\t\tborder: 2px solid #cfcfcf;\n\t\t\t}\n\t\t\t#gallery-1 .gallery-caption {\n\t\t\t\tmargin-left: 0;\n\t\t\t}\n\t\t\t\/* see gallery_shortcode() in wp-includes\/media.php *\/\n\t\t<\/style>\n\t\t<div id='gallery-1' class='gallery galleryid-49854 gallery-columns-3 gallery-size-thumbnail'><dl class='gallery-item'>\n\t\t\t<dt class='gallery-icon landscape'>\n\t\t\t\t<a href='https:\/\/www.visit-ulcinj.com\/blog\/wp-content\/uploads\/2011\/08\/nazif-cungu-kryetari.jpg'><img width=\"150\" height=\"150\" src=\"https:\/\/www.visit-ulcinj.com\/blog\/wp-content\/uploads\/2011\/08\/nazif-cungu-kryetari-150x150.jpg\" class=\"attachment-thumbnail size-thumbnail\" alt=\"\" loading=\"lazy\" \/><\/a>\n\t\t\t<\/dt><\/dl><dl class='gallery-item'>\n\t\t\t<dt class='gallery-icon landscape'>\n\t\t\t\t<a href='https:\/\/www.visit-ulcinj.com\/blog\/wp-content\/uploads\/2011\/08\/Shumica-e-re-ne-Kuvendin-e-Komunes-se-Ulqinit_Nazif-CunguFatmir-GjekaSkender-ElezagaAmir-HolliKoalicioni-ne-Ulqin.jpg'><img width=\"150\" height=\"150\" src=\"https:\/\/www.visit-ulcinj.com\/blog\/wp-content\/uploads\/2011\/08\/Shumica-e-re-ne-Kuvendin-e-Komunes-se-Ulqinit_Nazif-CunguFatmir-GjekaSkender-ElezagaAmir-HolliKoalicioni-ne-Ulqin-150x150.jpg\" class=\"attachment-thumbnail size-thumbnail\" alt=\"\" loading=\"lazy\" \/><\/a>\n\t\t\t<\/dt><\/dl><dl class='gallery-item'>\n\t\t\t<dt class='gallery-icon landscape'>\n\t\t\t\t<a href='https:\/\/www.visit-ulcinj.com\/blog\/wp-content\/uploads\/2011\/08\/Shumica-e-re-ne-Kuvendin-e-Komunes-se-Ulqinit_Nazif-CunguFatmir-GjekaSkender-ElezagaAmir-HolliKoalicioni-ne-Ulqin.2.jpg'><img width=\"150\" height=\"150\" src=\"https:\/\/www.visit-ulcinj.com\/blog\/wp-content\/uploads\/2011\/08\/Shumica-e-re-ne-Kuvendin-e-Komunes-se-Ulqinit_Nazif-CunguFatmir-GjekaSkender-ElezagaAmir-HolliKoalicioni-ne-Ulqin.2-150x150.jpg\" class=\"attachment-thumbnail size-thumbnail\" alt=\"\" loading=\"lazy\" \/><\/a>\n\t\t\t<\/dt><\/dl><br style=\"clear: both\" \/><dl class='gallery-item'>\n\t\t\t<dt class='gallery-icon landscape'>\n\t\t\t\t<a href='https:\/\/www.visit-ulcinj.com\/blog\/wp-content\/uploads\/2011\/08\/Shumica-e-re-ne-Kuvendin-e-Komunes-se-Ulqinit_Nazif-CunguFatmir-GjekaSkender-ElezagaAmir-HolliKoalicioni-ne-Ulqin.1.jpg'><img width=\"150\" height=\"150\" src=\"https:\/\/www.visit-ulcinj.com\/blog\/wp-content\/uploads\/2011\/08\/Shumica-e-re-ne-Kuvendin-e-Komunes-se-Ulqinit_Nazif-CunguFatmir-GjekaSkender-ElezagaAmir-HolliKoalicioni-ne-Ulqin.1-150x150.jpg\" class=\"attachment-thumbnail size-thumbnail\" alt=\"\" loading=\"lazy\" \/><\/a>\n\t\t\t<\/dt><\/dl><dl class='gallery-item'>\n\t\t\t<dt class='gallery-icon portrait'>\n\t\t\t\t<a href='https:\/\/www.visit-ulcinj.com\/blog\/wp-content\/uploads\/2011\/08\/amir-hollaj.jpg'><img width=\"150\" height=\"150\" src=\"https:\/\/www.visit-ulcinj.com\/blog\/wp-content\/uploads\/2011\/08\/amir-hollaj-150x150.jpg\" class=\"attachment-thumbnail size-thumbnail\" alt=\"\" loading=\"lazy\" \/><\/a>\n\t\t\t<\/dt><\/dl><dl class='gallery-item'>\n\t\t\t<dt class='gallery-icon portrait'>\n\t\t\t\t<a href='https:\/\/www.visit-ulcinj.com\/blog\/wp-content\/uploads\/2011\/08\/Nazif-Cungu.jpg'><img width=\"150\" height=\"150\" src=\"https:\/\/www.visit-ulcinj.com\/blog\/wp-content\/uploads\/2011\/08\/Nazif-Cungu-150x150.jpg\" class=\"attachment-thumbnail size-thumbnail\" alt=\"\" loading=\"lazy\" \/><\/a>\n\t\t\t<\/dt><\/dl><br style=\"clear: both\" \/>\n\t\t<\/div>\n<br \/>\n<strong>VIDEO TV IN<\/strong><\/p>\n<p>[flv]http:\/\/stream.rtvin.com\/flv\/17_08_post_ulcinj.flv[\/flv]<strong><br \/>\n<\/strong><\/p>\n<p><strong><\/strong><\/p>\n","protected":false},"excerpt":{"rendered":"<p>\u00a0T\u00eb nderuar qytetar\u00eb, t\u00eb nderuar p\u00ebrfaq\u00ebsuese te medij\u00ebve! Kemi k\u00ebnaq\u00ebsi q\u00eb k\u00ebtu, sot\u00a0 t\u00eb ju prezentojm shumic\u00ebn e re n\u00eb kuvendin komunal te Komun\u00ebs s\u00eb Ulqinit e formuar\u00a0 me q\u00ebllim t\u00eb sinqert ne baz\u00eb t\u00eb rrespektit t\u00eb nd\u00ebrsjell\u00ebt dhe vendosm\u00ebris\u00eb q\u00eb Komuna e Ulqinit t\u00eb fitoj nj\u00eb qeverisje profesionale, t\u00eb p\u00ebrgjegj\u00ebshme, t\u00eb ndershme dhe efikase. [&hellip;]<\/p>\n","protected":false},"author":1,"featured_media":0,"comment_status":"open","ping_status":"closed","sticky":false,"template":"","format":"standard","meta":{"spay_email":"","jetpack_publicize_message":"","jetpack_is_tweetstorm":false,"jetpack_publicize_feature_enabled":true},"categories":[1,11],"tags":[115,118],"jetpack_publicize_connections":[],"yoast_head":"<!-- This site is optimized with the Yoast SEO plugin v19.1 - https:\/\/yoast.com\/wordpress\/plugins\/seo\/ -->\n<title>Nazif Cungu kryetari ri i Komun\u00ebs i Ulqinit - Lajme nga Ulqini<\/title>\n<meta name=\"description\" content=\"\u00a0T\u00eb nderuar qytetar\u00eb, t\u00eb nderuar p\u00ebrfaq\u00ebsuese te medij\u00ebve! Kemi k\u00ebnaq\u00ebsi q\u00eb k\u00ebtu, sot\u00a0 t\u00eb ju prezentojm shumic\u00ebn e re n\u00eb kuvendin komunal te Komun\u00ebs s\u00eb\" \/>\n<meta name=\"robots\" content=\"index, follow, max-snippet:-1, max-image-preview:large, max-video-preview:-1\" \/>\n<link rel=\"canonical\" href=\"https:\/\/www.visit-ulcinj.com\/blog\/2011\/08\/17\/shumica-e-re-ne-kuvendin-e-komunes-se-ulqinit\/\" \/>\n<meta property=\"og:locale\" content=\"en_US\" \/>\n<meta property=\"og:type\" content=\"article\" \/>\n<meta property=\"og:title\" content=\"Nazif Cungu kryetari ri i Komun\u00ebs i Ulqinit - Lajme nga Ulqini\" \/>\n<meta property=\"og:description\" content=\"\u00a0T\u00eb nderuar qytetar\u00eb, t\u00eb nderuar p\u00ebrfaq\u00ebsuese te medij\u00ebve! Kemi k\u00ebnaq\u00ebsi q\u00eb k\u00ebtu, sot\u00a0 t\u00eb ju prezentojm shumic\u00ebn e re n\u00eb kuvendin komunal te Komun\u00ebs s\u00eb\" \/>\n<meta property=\"og:url\" content=\"https:\/\/www.visit-ulcinj.com\/blog\/2011\/08\/17\/shumica-e-re-ne-kuvendin-e-komunes-se-ulqinit\/\" \/>\n<meta property=\"og:site_name\" content=\"Lajme nga Ulqini\" \/>\n<meta property=\"article:published_time\" content=\"2011-08-17T16:58:14+00:00\" \/>\n<meta property=\"article:modified_time\" content=\"2011-08-20T18:27:29+00:00\" \/>\n<meta property=\"og:image\" content=\"https:\/\/www.visit-ulcinj.com\/blog\/wp-content\/uploads\/2011\/08\/nazif-cungu-kryetari-150x150.jpg\" \/>\n<meta name=\"twitter:label1\" content=\"Written by\" \/>\n\t<meta name=\"twitter:data1\" content=\"ulqini\" \/>\n\t<meta name=\"twitter:label2\" content=\"Est. reading time\" \/>\n\t<meta name=\"twitter:data2\" content=\"2 minutes\" \/>\n<script type=\"application\/ld+json\" class=\"yoast-schema-graph\">{\"@context\":\"https:\/\/schema.org\",\"@graph\":[{\"@type\":\"WebSite\",\"@id\":\"https:\/\/www.visit-ulcinj.com\/blog\/#website\",\"url\":\"https:\/\/www.visit-ulcinj.com\/blog\/\",\"name\":\"Lajme nga Ulqini\",\"description\":\"Lajme,Vijesti,Ulqini,Ulqin,Crna Gora,Mali i Zi\",\"potentialAction\":[{\"@type\":\"SearchAction\",\"target\":{\"@type\":\"EntryPoint\",\"urlTemplate\":\"https:\/\/www.visit-ulcinj.com\/blog\/?s={search_term_string}\"},\"query-input\":\"required name=search_term_string\"}],\"inLanguage\":\"en-US\"},{\"@type\":\"ImageObject\",\"inLanguage\":\"en-US\",\"@id\":\"https:\/\/www.visit-ulcinj.com\/blog\/2011\/08\/17\/shumica-e-re-ne-kuvendin-e-komunes-se-ulqinit\/#primaryimage\",\"url\":\"https:\/\/www.visit-ulcinj.com\/blog\/wp-content\/uploads\/2011\/08\/Shumica-e-re-ne-Kuvendin-e-Komunes-se-Ulqinit_Nazif-CunguFatmir-GjekaSkender-ElezagaAmir-HolliKoalicioni-ne-Ulqin.jpg\",\"contentUrl\":\"https:\/\/www.visit-ulcinj.com\/blog\/wp-content\/uploads\/2011\/08\/Shumica-e-re-ne-Kuvendin-e-Komunes-se-Ulqinit_Nazif-CunguFatmir-GjekaSkender-ElezagaAmir-HolliKoalicioni-ne-Ulqin.jpg\",\"width\":\"720\",\"height\":\"437\"},{\"@type\":\"WebPage\",\"@id\":\"https:\/\/www.visit-ulcinj.com\/blog\/2011\/08\/17\/shumica-e-re-ne-kuvendin-e-komunes-se-ulqinit\/#webpage\",\"url\":\"https:\/\/www.visit-ulcinj.com\/blog\/2011\/08\/17\/shumica-e-re-ne-kuvendin-e-komunes-se-ulqinit\/\",\"name\":\"Nazif Cungu kryetari ri i Komun\u00ebs i Ulqinit - Lajme nga Ulqini\",\"isPartOf\":{\"@id\":\"https:\/\/www.visit-ulcinj.com\/blog\/#website\"},\"primaryImageOfPage\":{\"@id\":\"https:\/\/www.visit-ulcinj.com\/blog\/2011\/08\/17\/shumica-e-re-ne-kuvendin-e-komunes-se-ulqinit\/#primaryimage\"},\"datePublished\":\"2011-08-17T16:58:14+00:00\",\"dateModified\":\"2011-08-20T18:27:29+00:00\",\"author\":{\"@id\":\"https:\/\/www.visit-ulcinj.com\/blog\/#\/schema\/person\/dcab619c614d3038751c63bc2aadc06d\"},\"description\":\"\u00a0T\u00eb nderuar qytetar\u00eb, t\u00eb nderuar p\u00ebrfaq\u00ebsuese te medij\u00ebve! Kemi k\u00ebnaq\u00ebsi q\u00eb k\u00ebtu, sot\u00a0 t\u00eb ju prezentojm shumic\u00ebn e re n\u00eb kuvendin komunal te Komun\u00ebs s\u00eb\",\"breadcrumb\":{\"@id\":\"https:\/\/www.visit-ulcinj.com\/blog\/2011\/08\/17\/shumica-e-re-ne-kuvendin-e-komunes-se-ulqinit\/#breadcrumb\"},\"inLanguage\":\"en-US\",\"potentialAction\":[{\"@type\":\"ReadAction\",\"target\":[\"https:\/\/www.visit-ulcinj.com\/blog\/2011\/08\/17\/shumica-e-re-ne-kuvendin-e-komunes-se-ulqinit\/\"]}]},{\"@type\":\"BreadcrumbList\",\"@id\":\"https:\/\/www.visit-ulcinj.com\/blog\/2011\/08\/17\/shumica-e-re-ne-kuvendin-e-komunes-se-ulqinit\/#breadcrumb\",\"itemListElement\":[{\"@type\":\"ListItem\",\"position\":1,\"name\":\"Shumica e re ne Kuvendin e Komunes se Ulqinit\"}]},{\"@type\":\"Person\",\"@id\":\"https:\/\/www.visit-ulcinj.com\/blog\/#\/schema\/person\/dcab619c614d3038751c63bc2aadc06d\",\"name\":\"ulqini\",\"sameAs\":[\"http:\/\/www.visit-ulcinj.com\"],\"url\":\"https:\/\/www.visit-ulcinj.com\/blog\/author\/admin\/\"}]}<\/script>\n<!-- \/ Yoast SEO plugin. -->","yoast_head_json":{"title":"Nazif Cungu kryetari ri i Komun\u00ebs i Ulqinit - Lajme nga Ulqini","description":"\u00a0T\u00eb nderuar qytetar\u00eb, t\u00eb nderuar p\u00ebrfaq\u00ebsuese te medij\u00ebve! Kemi k\u00ebnaq\u00ebsi q\u00eb k\u00ebtu, sot\u00a0 t\u00eb ju prezentojm shumic\u00ebn e re n\u00eb kuvendin komunal te Komun\u00ebs s\u00eb","robots":{"index":"index","follow":"follow","max-snippet":"max-snippet:-1","max-image-preview":"max-image-preview:large","max-video-preview":"max-video-preview:-1"},"canonical":"https:\/\/www.visit-ulcinj.com\/blog\/2011\/08\/17\/shumica-e-re-ne-kuvendin-e-komunes-se-ulqinit\/","og_locale":"en_US","og_type":"article","og_title":"Nazif Cungu kryetari ri i Komun\u00ebs i Ulqinit - Lajme nga Ulqini","og_description":"\u00a0T\u00eb nderuar qytetar\u00eb, t\u00eb nderuar p\u00ebrfaq\u00ebsuese te medij\u00ebve! Kemi k\u00ebnaq\u00ebsi q\u00eb k\u00ebtu, sot\u00a0 t\u00eb ju prezentojm shumic\u00ebn e re n\u00eb kuvendin komunal te Komun\u00ebs s\u00eb","og_url":"https:\/\/www.visit-ulcinj.com\/blog\/2011\/08\/17\/shumica-e-re-ne-kuvendin-e-komunes-se-ulqinit\/","og_site_name":"Lajme nga Ulqini","article_published_time":"2011-08-17T16:58:14+00:00","article_modified_time":"2011-08-20T18:27:29+00:00","og_image":[{"url":"https:\/\/www.visit-ulcinj.com\/blog\/wp-content\/uploads\/2011\/08\/nazif-cungu-kryetari-150x150.jpg"}],"twitter_misc":{"Written by":"ulqini","Est. reading time":"2 minutes"},"schema":{"@context":"https:\/\/schema.org","@graph":[{"@type":"WebSite","@id":"https:\/\/www.visit-ulcinj.com\/blog\/#website","url":"https:\/\/www.visit-ulcinj.com\/blog\/","name":"Lajme nga Ulqini","description":"Lajme,Vijesti,Ulqini,Ulqin,Crna Gora,Mali i Zi","potentialAction":[{"@type":"SearchAction","target":{"@type":"EntryPoint","urlTemplate":"https:\/\/www.visit-ulcinj.com\/blog\/?s={search_term_string}"},"query-input":"required name=search_term_string"}],"inLanguage":"en-US"},{"@type":"ImageObject","inLanguage":"en-US","@id":"https:\/\/www.visit-ulcinj.com\/blog\/2011\/08\/17\/shumica-e-re-ne-kuvendin-e-komunes-se-ulqinit\/#primaryimage","url":"https:\/\/www.visit-ulcinj.com\/blog\/wp-content\/uploads\/2011\/08\/Shumica-e-re-ne-Kuvendin-e-Komunes-se-Ulqinit_Nazif-CunguFatmir-GjekaSkender-ElezagaAmir-HolliKoalicioni-ne-Ulqin.jpg","contentUrl":"https:\/\/www.visit-ulcinj.com\/blog\/wp-content\/uploads\/2011\/08\/Shumica-e-re-ne-Kuvendin-e-Komunes-se-Ulqinit_Nazif-CunguFatmir-GjekaSkender-ElezagaAmir-HolliKoalicioni-ne-Ulqin.jpg","width":"720","height":"437"},{"@type":"WebPage","@id":"https:\/\/www.visit-ulcinj.com\/blog\/2011\/08\/17\/shumica-e-re-ne-kuvendin-e-komunes-se-ulqinit\/#webpage","url":"https:\/\/www.visit-ulcinj.com\/blog\/2011\/08\/17\/shumica-e-re-ne-kuvendin-e-komunes-se-ulqinit\/","name":"Nazif Cungu kryetari ri i Komun\u00ebs i Ulqinit - Lajme nga Ulqini","isPartOf":{"@id":"https:\/\/www.visit-ulcinj.com\/blog\/#website"},"primaryImageOfPage":{"@id":"https:\/\/www.visit-ulcinj.com\/blog\/2011\/08\/17\/shumica-e-re-ne-kuvendin-e-komunes-se-ulqinit\/#primaryimage"},"datePublished":"2011-08-17T16:58:14+00:00","dateModified":"2011-08-20T18:27:29+00:00","author":{"@id":"https:\/\/www.visit-ulcinj.com\/blog\/#\/schema\/person\/dcab619c614d3038751c63bc2aadc06d"},"description":"\u00a0T\u00eb nderuar qytetar\u00eb, t\u00eb nderuar p\u00ebrfaq\u00ebsuese te medij\u00ebve! Kemi k\u00ebnaq\u00ebsi q\u00eb k\u00ebtu, sot\u00a0 t\u00eb ju prezentojm shumic\u00ebn e re n\u00eb kuvendin komunal te Komun\u00ebs s\u00eb","breadcrumb":{"@id":"https:\/\/www.visit-ulcinj.com\/blog\/2011\/08\/17\/shumica-e-re-ne-kuvendin-e-komunes-se-ulqinit\/#breadcrumb"},"inLanguage":"en-US","potentialAction":[{"@type":"ReadAction","target":["https:\/\/www.visit-ulcinj.com\/blog\/2011\/08\/17\/shumica-e-re-ne-kuvendin-e-komunes-se-ulqinit\/"]}]},{"@type":"BreadcrumbList","@id":"https:\/\/www.visit-ulcinj.com\/blog\/2011\/08\/17\/shumica-e-re-ne-kuvendin-e-komunes-se-ulqinit\/#breadcrumb","itemListElement":[{"@type":"ListItem","position":1,"name":"Shumica e re ne Kuvendin e Komunes se Ulqinit"}]},{"@type":"Person","@id":"https:\/\/www.visit-ulcinj.com\/blog\/#\/schema\/person\/dcab619c614d3038751c63bc2aadc06d","name":"ulqini","sameAs":["http:\/\/www.visit-ulcinj.com"],"url":"https:\/\/www.visit-ulcinj.com\/blog\/author\/admin\/"}]}},"jetpack_featured_media_url":"","jetpack_sharing_enabled":true,"jetpack_shortlink":"https:\/\/wp.me\/pe6lTn-cY6","_links":{"self":[{"href":"https:\/\/www.visit-ulcinj.com\/blog\/wp-json\/wp\/v2\/posts\/49854"}],"collection":[{"href":"https:\/\/www.visit-ulcinj.com\/blog\/wp-json\/wp\/v2\/posts"}],"about":[{"href":"https:\/\/www.visit-ulcinj.com\/blog\/wp-json\/wp\/v2\/types\/post"}],"author":[{"embeddable":true,"href":"https:\/\/www.visit-ulcinj.com\/blog\/wp-json\/wp\/v2\/users\/1"}],"replies":[{"embeddable":true,"href":"https:\/\/www.visit-ulcinj.com\/blog\/wp-json\/wp\/v2\/comments?post=49854"}],"version-history":[{"count":6,"href":"https:\/\/www.visit-ulcinj.com\/blog\/wp-json\/wp\/v2\/posts\/49854\/revisions"}],"predecessor-version":[{"id":49857,"href":"https:\/\/www.visit-ulcinj.com\/blog\/wp-json\/wp\/v2\/posts\/49854\/revisions\/49857"}],"wp:attachment":[{"href":"https:\/\/www.visit-ulcinj.com\/blog\/wp-json\/wp\/v2\/media?parent=49854"}],"wp:term":[{"taxonomy":"category","embeddable":true,"href":"https:\/\/www.visit-ulcinj.com\/blog\/wp-json\/wp\/v2\/categories?post=49854"},{"taxonomy":"post_tag","embeddable":true,"href":"https:\/\/www.visit-ulcinj.com\/blog\/wp-json\/wp\/v2\/tags?post=49854"}],"curies":[{"name":"wp","href":"https:\/\/api.w.org\/{rel}","templated":true}]}}