{"id":49863,"date":"2011-08-17T22:50:59","date_gmt":"2011-08-17T21:50:59","guid":{"rendered":"http:\/\/www.visit-ulcinj.com\/blog\/?p=49863"},"modified":"2011-08-17T22:51:48","modified_gmt":"2011-08-17T21:51:48","slug":"kumtese-per-opinion-i-unionit-demokratik-te-shqiptareve","status":"publish","type":"post","link":"https:\/\/www.visit-ulcinj.com\/blog\/2011\/08\/17\/kumtese-per-opinion-i-unionit-demokratik-te-shqiptareve\/","title":{"rendered":"Kumtes\u00eb p\u00ebr opinion i Unionit Demokratik t\u00eb Shqiptar\u00ebve"},"content":{"rendered":"<h2><img loading=\"lazy\" class=\"alignleft size-thumbnail wp-image-36988\" title=\"UNIONI  DEMOKRATIK I SHQIPTAR\u00cbVE\" src=\"http:\/\/www.visit-ulcinj.com\/blog\/wp-content\/uploads\/2010\/09\/UNIONI-DEMOKRATIK-I-SHQIPTAR\u00cbVE-150x150.jpg\" alt=\"\" width=\"150\" height=\"150\" \/>UNIONI DEMOKRATIK I SHQIPTAR\u00cbVE<\/h2>\n<h2>DEMOKRATSKA UNIJA ALBANACA<\/h2>\n<p>&nbsp;<\/p>\n<p>Ulqin &#8211; 17.08.2011<\/p>\n<p>&nbsp;<\/p>\n<p style=\"text-align: center;\"><strong>K u m t e s \u00eb\u00a0\u00a0 p \u00eb r\u00a0\u00a0 o p i n i o n<\/strong><\/p>\n<p>Unioni Demokratik i Shqiptar\u00ebve n\u00eb mbledhjen e K\u00ebshillit Qendror aktin e nj\u00eb pjese t\u00eb Kryesis\u00eb s\u00eb Deg\u00ebs s\u00eb An\u00ebs s\u00eb Malit e ka vler\u00ebsuar si \u2018\u2019thik\u00eb n\u00eb shpin\u00eb\u2019\u2019 dhe akt i papranuesh\u00ebm q\u00eb bie ndesh me tradit\u00ebn e zon\u00ebs s\u00eb An\u00ebs s\u00eb Malit q\u00eb aq shum\u00eb ka dh\u00ebn\u00eb p\u00ebr \u00e7\u00ebshtjen shqiptare. Se cil\u00ebt kan\u00eb qen\u00eb motivet e k\u00ebtij veprimi, kush i ka nxitur dhe me \u00e7far\u00eb q\u00ebllimesh jan\u00eb b\u00ebr\u00eb do ta tregoj\u00eb s\u00ebshpejti koha.<\/p>\n<p>Organet partiake kan\u00eb konstatuar se letra e ish kryetarit t\u00eb deg\u00ebs s\u00eb Anes s\u00eb Malit dhe grupit t\u00eb tij rebel e ardhur n\u00eb momentin kur po b\u00ebheshin p\u00ebrgatitjet e fundit konform\u00eb p\u00ebrfundimeve t\u00eb organeve m\u00eb t\u00eb larta partiake dhe marr\u00ebveshjeve me partner\u00ebt e koalicionit p\u00ebr rizgjedhjen e Z. G\u00ebzim Hajdinaga p\u00ebr postin e kryetarit t\u00eb Komun\u00ebs s\u00eb Ulqinit, ka qen\u00eb vet\u00ebm nj\u00eb preteks p\u00ebr t\u00eb shkaktuar huti sepse \u00e7do gj\u00eb ka qen\u00eb e menduar dhe e studiuar m\u00eb par\u00eb. Unioni Demokratik i Shqiptar\u00ebve vler\u00ebson se nga nj\u00eb veprim i nj\u00eb grupi karierist t\u00eb etur p\u00ebr pushtet dhe njer\u00ebz labil do t\u00eb dal\u00eb m\u00eb i fort\u00eb n\u00eb zon\u00ebn e An\u00ebs s\u00eb Malit. K\u00ebt\u00eb optimiz\u00ebm na i japin kontaktet e p\u00ebrditshme q\u00eb kemi me an\u00ebtar\u00ebt dhe simpatizant\u00ebt tan\u00eb n\u00eb An\u00eb t\u00eb Malit t\u00eb cil\u00ebt e denojn\u00eb aktin n\u00eb fjal\u00eb dhe veprimet e ish shok\u00ebve t\u00eb deridjesh\u00ebm t\u00eb tyre.<\/p>\n<p>Unioni Demokratik i Shqiptar\u00ebve do ti drejtohet t\u00eb gjitha organeve relevante me q\u00ebllim q\u00eb k\u00ebtij grupi rebel ti kontestohen mandatet t\u00eb cilat i takojn\u00eb subjektit dhe jo individ\u00ebve, pasi ata kan\u00eb braktisur rradhet e UDSH-s\u00eb. Ne jemi shum\u00eb t\u00eb bindur q\u00eb zgjedh\u00ebsit, anamal\u00ebsit t\u00eb cil\u00ebt n\u00eb zgjedhjet e fundit lokale kan\u00eb p\u00ebrkrahuar koalicionin \u2018\u2019Bashk\u00eb p\u00ebr t\u00eb Ardhmen\u2019\u2019 dhe kandidatin p\u00ebr kryetar Z. Gzim Hajdinaga nuk e kan\u00eb b\u00ebr\u00eb k\u00ebt\u00eb p\u00ebr t\u00eb sjellur n\u00eb pushtet kryetarin e Forc\u00ebs apo k\u00ebdo tjet\u00ebr nga kund\u00ebrshtar\u00ebt politik.<\/p>\n<p>Ne do t\u00eb b\u00ebjm\u00eb \u00e7mos q\u00eb mos t\u00eb st\u00ebrkeqet dhe mos t\u00eb k\u00ebmbet vota e tyre, andaj u b\u00ebjm\u00eb apel t\u00eb gjith\u00eb simpatizant\u00ebve dhe intelektual\u00ebve t\u00eb An\u00ebs s\u00eb Malit mos t\u00eb bien pre e aspiratave dhe projekteve t\u00eb zymta t\u00eb grupeve t\u00eb ndryshme t\u00eb cilat demtojn\u00eb jo vet\u00ebm zhvillimin e Komun\u00ebs s\u00eb Ulqinit por dhe raportet e mira nd\u00ebrnjer\u00ebzore t\u00eb cilat duhet ti kemi kujdes n\u00eb \u00e7do koh\u00eb dhe n\u00eb \u00e7do vend.<\/p>\n<p>Ne na vjen keq q\u00eb grupi n\u00eb krye me Fatmir Gjek\u00ebn ka pranuar q\u00eb n\u00eb shumic\u00ebn e re eventuale t\u00eb djeg shum\u00eb poste dhe vende pune t\u00eb anamalas\u00ebve e nga ana tjet\u00ebr t\u00eb proklamoj\u00eb diskriminim nga subjekti i tij i deritash\u00ebm i cili k\u00ebto vende pune dhe poste ua ka siguruar shum\u00eb anamalas\u00ebve duke patur kujdes q\u00eb n\u00eb politik\u00ebn e kuadrit pos cil\u00ebsis\u00eb t\u00eb respektoj\u00eb dhe gjeografin\u00eb e viseve shqiptare.<\/p>\n<p>Unioni mbetet i vendosur dhe optimist se politika e tij transparente q\u00eb ka sjell kontakte dhe bashk\u00ebpunim t\u00eb mir\u00eb me Qeverin\u00eb demokratike t\u00eb Malit t\u00eb Zi do t\u00eb mbetet qasje themelore e veprimit politik e gjith\u00eb shqiptar\u00ebve n\u00eb Mal t\u00eb Zi. Qeveria q\u00eb \u00ebsht\u00eb n\u00eb bashk\u00ebpunim t\u00eb mir\u00eb me Tiran\u00ebn dhe Prishtin\u00ebn nuk mund t\u00eb shihet me sy t\u00eb keq nga ana e shqiptar\u00ebve koshient n\u00eb Mal t\u00eb Zi.<\/p>\n<p><strong>Sh\u00ebrbimi p\u00ebr informim i Unionit Demokratik t\u00eb Shqiptar\u00ebve<\/strong><\/p>\n<p>&nbsp;<\/p>\n","protected":false},"excerpt":{"rendered":"<p>UNIONI DEMOKRATIK I SHQIPTAR\u00cbVE DEMOKRATSKA UNIJA ALBANACA &nbsp; Ulqin &#8211; 17.08.2011 &nbsp; K u m t e s \u00eb\u00a0\u00a0 p \u00eb r\u00a0\u00a0 o p i n i o n Unioni Demokratik i Shqiptar\u00ebve n\u00eb mbledhjen e K\u00ebshillit Qendror aktin e nj\u00eb pjese t\u00eb Kryesis\u00eb s\u00eb Deg\u00ebs s\u00eb An\u00ebs s\u00eb Malit e ka vler\u00ebsuar si \u2018\u2019thik\u00eb [&hellip;]<\/p>\n","protected":false},"author":1,"featured_media":0,"comment_status":"open","ping_status":"closed","sticky":false,"template":"","format":"standard","meta":{"spay_email":"","jetpack_publicize_message":"","jetpack_is_tweetstorm":false,"jetpack_publicize_feature_enabled":true},"categories":[6],"tags":[4680,200,18],"jetpack_publicize_connections":[],"yoast_head":"<!-- This site is optimized with the Yoast SEO plugin v19.1 - https:\/\/yoast.com\/wordpress\/plugins\/seo\/ -->\n<title>Kumtes\u00eb p\u00ebr opinion i Unionit Demokratik t\u00eb Shqiptar\u00ebve - Lajme nga Ulqini<\/title>\n<meta name=\"description\" content=\"UNIONI DEMOKRATIK I SHQIPTAR\u00cbVE DEMOKRATSKA UNIJA ALBANACA &nbsp; Ulqin - 17.08.2011 &nbsp; K u m t e s \u00eb\u00a0\u00a0 p \u00eb r\u00a0\u00a0 o p i n i o n Unioni Demokratik i\" \/>\n<meta name=\"robots\" content=\"index, follow, max-snippet:-1, max-image-preview:large, max-video-preview:-1\" \/>\n<link rel=\"canonical\" href=\"https:\/\/www.visit-ulcinj.com\/blog\/2011\/08\/17\/kumtese-per-opinion-i-unionit-demokratik-te-shqiptareve\/\" \/>\n<meta property=\"og:locale\" content=\"en_US\" \/>\n<meta property=\"og:type\" content=\"article\" \/>\n<meta property=\"og:title\" content=\"Kumtes\u00eb p\u00ebr opinion i Unionit Demokratik t\u00eb Shqiptar\u00ebve - Lajme nga Ulqini\" \/>\n<meta property=\"og:description\" content=\"UNIONI DEMOKRATIK I SHQIPTAR\u00cbVE DEMOKRATSKA UNIJA ALBANACA &nbsp; Ulqin - 17.08.2011 &nbsp; K u m t e s \u00eb\u00a0\u00a0 p \u00eb r\u00a0\u00a0 o p i n i o n Unioni Demokratik i\" \/>\n<meta property=\"og:url\" content=\"https:\/\/www.visit-ulcinj.com\/blog\/2011\/08\/17\/kumtese-per-opinion-i-unionit-demokratik-te-shqiptareve\/\" \/>\n<meta property=\"og:site_name\" content=\"Lajme nga Ulqini\" \/>\n<meta property=\"article:published_time\" content=\"2011-08-17T21:50:59+00:00\" \/>\n<meta property=\"article:modified_time\" content=\"2011-08-17T21:51:48+00:00\" \/>\n<meta name=\"twitter:label1\" content=\"Written by\" \/>\n\t<meta name=\"twitter:data1\" content=\"ulqini\" \/>\n\t<meta name=\"twitter:label2\" content=\"Est. reading time\" \/>\n\t<meta name=\"twitter:data2\" content=\"3 minutes\" \/>\n<script type=\"application\/ld+json\" class=\"yoast-schema-graph\">{\"@context\":\"https:\/\/schema.org\",\"@graph\":[{\"@type\":\"WebSite\",\"@id\":\"https:\/\/www.visit-ulcinj.com\/blog\/#website\",\"url\":\"https:\/\/www.visit-ulcinj.com\/blog\/\",\"name\":\"Lajme nga Ulqini\",\"description\":\"Lajme,Vijesti,Ulqini,Ulqin,Crna Gora,Mali i Zi\",\"potentialAction\":[{\"@type\":\"SearchAction\",\"target\":{\"@type\":\"EntryPoint\",\"urlTemplate\":\"https:\/\/www.visit-ulcinj.com\/blog\/?s={search_term_string}\"},\"query-input\":\"required name=search_term_string\"}],\"inLanguage\":\"en-US\"},{\"@type\":\"WebPage\",\"@id\":\"https:\/\/www.visit-ulcinj.com\/blog\/2011\/08\/17\/kumtese-per-opinion-i-unionit-demokratik-te-shqiptareve\/#webpage\",\"url\":\"https:\/\/www.visit-ulcinj.com\/blog\/2011\/08\/17\/kumtese-per-opinion-i-unionit-demokratik-te-shqiptareve\/\",\"name\":\"Kumtes\u00eb p\u00ebr opinion i Unionit Demokratik t\u00eb Shqiptar\u00ebve - Lajme nga Ulqini\",\"isPartOf\":{\"@id\":\"https:\/\/www.visit-ulcinj.com\/blog\/#website\"},\"datePublished\":\"2011-08-17T21:50:59+00:00\",\"dateModified\":\"2011-08-17T21:51:48+00:00\",\"author\":{\"@id\":\"https:\/\/www.visit-ulcinj.com\/blog\/#\/schema\/person\/dcab619c614d3038751c63bc2aadc06d\"},\"description\":\"UNIONI DEMOKRATIK I SHQIPTAR\u00cbVE DEMOKRATSKA UNIJA ALBANACA &nbsp; Ulqin - 17.08.2011 &nbsp; K u m t e s \u00eb\u00a0\u00a0 p \u00eb r\u00a0\u00a0 o p i n i o n Unioni Demokratik i\",\"breadcrumb\":{\"@id\":\"https:\/\/www.visit-ulcinj.com\/blog\/2011\/08\/17\/kumtese-per-opinion-i-unionit-demokratik-te-shqiptareve\/#breadcrumb\"},\"inLanguage\":\"en-US\",\"potentialAction\":[{\"@type\":\"ReadAction\",\"target\":[\"https:\/\/www.visit-ulcinj.com\/blog\/2011\/08\/17\/kumtese-per-opinion-i-unionit-demokratik-te-shqiptareve\/\"]}]},{\"@type\":\"BreadcrumbList\",\"@id\":\"https:\/\/www.visit-ulcinj.com\/blog\/2011\/08\/17\/kumtese-per-opinion-i-unionit-demokratik-te-shqiptareve\/#breadcrumb\",\"itemListElement\":[{\"@type\":\"ListItem\",\"position\":1,\"name\":\"Kumtes\u00eb p\u00ebr opinion i Unionit Demokratik t\u00eb Shqiptar\u00ebve\"}]},{\"@type\":\"Person\",\"@id\":\"https:\/\/www.visit-ulcinj.com\/blog\/#\/schema\/person\/dcab619c614d3038751c63bc2aadc06d\",\"name\":\"ulqini\",\"sameAs\":[\"http:\/\/www.visit-ulcinj.com\"],\"url\":\"https:\/\/www.visit-ulcinj.com\/blog\/author\/admin\/\"}]}<\/script>\n<!-- \/ Yoast SEO plugin. -->","yoast_head_json":{"title":"Kumtes\u00eb p\u00ebr opinion i Unionit Demokratik t\u00eb Shqiptar\u00ebve - Lajme nga Ulqini","description":"UNIONI DEMOKRATIK I SHQIPTAR\u00cbVE DEMOKRATSKA UNIJA ALBANACA &nbsp; Ulqin - 17.08.2011 &nbsp; K u m t e s \u00eb\u00a0\u00a0 p \u00eb r\u00a0\u00a0 o p i n i o n Unioni Demokratik i","robots":{"index":"index","follow":"follow","max-snippet":"max-snippet:-1","max-image-preview":"max-image-preview:large","max-video-preview":"max-video-preview:-1"},"canonical":"https:\/\/www.visit-ulcinj.com\/blog\/2011\/08\/17\/kumtese-per-opinion-i-unionit-demokratik-te-shqiptareve\/","og_locale":"en_US","og_type":"article","og_title":"Kumtes\u00eb p\u00ebr opinion i Unionit Demokratik t\u00eb Shqiptar\u00ebve - Lajme nga Ulqini","og_description":"UNIONI DEMOKRATIK I SHQIPTAR\u00cbVE DEMOKRATSKA UNIJA ALBANACA &nbsp; Ulqin - 17.08.2011 &nbsp; K u m t e s \u00eb\u00a0\u00a0 p \u00eb r\u00a0\u00a0 o p i n i o n Unioni Demokratik i","og_url":"https:\/\/www.visit-ulcinj.com\/blog\/2011\/08\/17\/kumtese-per-opinion-i-unionit-demokratik-te-shqiptareve\/","og_site_name":"Lajme nga Ulqini","article_published_time":"2011-08-17T21:50:59+00:00","article_modified_time":"2011-08-17T21:51:48+00:00","twitter_misc":{"Written by":"ulqini","Est. reading time":"3 minutes"},"schema":{"@context":"https:\/\/schema.org","@graph":[{"@type":"WebSite","@id":"https:\/\/www.visit-ulcinj.com\/blog\/#website","url":"https:\/\/www.visit-ulcinj.com\/blog\/","name":"Lajme nga Ulqini","description":"Lajme,Vijesti,Ulqini,Ulqin,Crna Gora,Mali i Zi","potentialAction":[{"@type":"SearchAction","target":{"@type":"EntryPoint","urlTemplate":"https:\/\/www.visit-ulcinj.com\/blog\/?s={search_term_string}"},"query-input":"required name=search_term_string"}],"inLanguage":"en-US"},{"@type":"WebPage","@id":"https:\/\/www.visit-ulcinj.com\/blog\/2011\/08\/17\/kumtese-per-opinion-i-unionit-demokratik-te-shqiptareve\/#webpage","url":"https:\/\/www.visit-ulcinj.com\/blog\/2011\/08\/17\/kumtese-per-opinion-i-unionit-demokratik-te-shqiptareve\/","name":"Kumtes\u00eb p\u00ebr opinion i Unionit Demokratik t\u00eb Shqiptar\u00ebve - Lajme nga Ulqini","isPartOf":{"@id":"https:\/\/www.visit-ulcinj.com\/blog\/#website"},"datePublished":"2011-08-17T21:50:59+00:00","dateModified":"2011-08-17T21:51:48+00:00","author":{"@id":"https:\/\/www.visit-ulcinj.com\/blog\/#\/schema\/person\/dcab619c614d3038751c63bc2aadc06d"},"description":"UNIONI DEMOKRATIK I SHQIPTAR\u00cbVE DEMOKRATSKA UNIJA ALBANACA &nbsp; Ulqin - 17.08.2011 &nbsp; K u m t e s \u00eb\u00a0\u00a0 p \u00eb r\u00a0\u00a0 o p i n i o n Unioni Demokratik i","breadcrumb":{"@id":"https:\/\/www.visit-ulcinj.com\/blog\/2011\/08\/17\/kumtese-per-opinion-i-unionit-demokratik-te-shqiptareve\/#breadcrumb"},"inLanguage":"en-US","potentialAction":[{"@type":"ReadAction","target":["https:\/\/www.visit-ulcinj.com\/blog\/2011\/08\/17\/kumtese-per-opinion-i-unionit-demokratik-te-shqiptareve\/"]}]},{"@type":"BreadcrumbList","@id":"https:\/\/www.visit-ulcinj.com\/blog\/2011\/08\/17\/kumtese-per-opinion-i-unionit-demokratik-te-shqiptareve\/#breadcrumb","itemListElement":[{"@type":"ListItem","position":1,"name":"Kumtes\u00eb p\u00ebr opinion i Unionit Demokratik t\u00eb Shqiptar\u00ebve"}]},{"@type":"Person","@id":"https:\/\/www.visit-ulcinj.com\/blog\/#\/schema\/person\/dcab619c614d3038751c63bc2aadc06d","name":"ulqini","sameAs":["http:\/\/www.visit-ulcinj.com"],"url":"https:\/\/www.visit-ulcinj.com\/blog\/author\/admin\/"}]}},"jetpack_featured_media_url":"","jetpack_sharing_enabled":true,"jetpack_shortlink":"https:\/\/wp.me\/pe6lTn-cYf","_links":{"self":[{"href":"https:\/\/www.visit-ulcinj.com\/blog\/wp-json\/wp\/v2\/posts\/49863"}],"collection":[{"href":"https:\/\/www.visit-ulcinj.com\/blog\/wp-json\/wp\/v2\/posts"}],"about":[{"href":"https:\/\/www.visit-ulcinj.com\/blog\/wp-json\/wp\/v2\/types\/post"}],"author":[{"embeddable":true,"href":"https:\/\/www.visit-ulcinj.com\/blog\/wp-json\/wp\/v2\/users\/1"}],"replies":[{"embeddable":true,"href":"https:\/\/www.visit-ulcinj.com\/blog\/wp-json\/wp\/v2\/comments?post=49863"}],"version-history":[{"count":3,"href":"https:\/\/www.visit-ulcinj.com\/blog\/wp-json\/wp\/v2\/posts\/49863\/revisions"}],"predecessor-version":[{"id":50391,"href":"https:\/\/www.visit-ulcinj.com\/blog\/wp-json\/wp\/v2\/posts\/49863\/revisions\/50391"}],"wp:attachment":[{"href":"https:\/\/www.visit-ulcinj.com\/blog\/wp-json\/wp\/v2\/media?parent=49863"}],"wp:term":[{"taxonomy":"category","embeddable":true,"href":"https:\/\/www.visit-ulcinj.com\/blog\/wp-json\/wp\/v2\/categories?post=49863"},{"taxonomy":"post_tag","embeddable":true,"href":"https:\/\/www.visit-ulcinj.com\/blog\/wp-json\/wp\/v2\/tags?post=49863"}],"curies":[{"name":"wp","href":"https:\/\/api.w.org\/{rel}","templated":true}]}}