{"id":49874,"date":"2011-08-17T23:17:24","date_gmt":"2011-08-17T22:17:24","guid":{"rendered":"http:\/\/www.visit-ulcinj.com\/blog\/?p=49874"},"modified":"2011-08-17T23:17:24","modified_gmt":"2011-08-17T22:17:24","slug":"forca-nova-skupstinska-vecina-u-funkciji-svih-gradana","status":"publish","type":"post","link":"https:\/\/www.visit-ulcinj.com\/blog\/2011\/08\/17\/forca-nova-skupstinska-vecina-u-funkciji-svih-gradana\/","title":{"rendered":"FORCA: Nova skup\u0161tinska ve\u0107ina u funkciji svih gra\u0111ana"},"content":{"rendered":"<p><a href=\"http:\/\/www.visit-ulcinj.com\/blog\/wp-content\/uploads\/2011\/08\/skupstinska-vecina-Ulcinja_Nazif-CunguFatmir-GjekaSkender-ElezagaAmir-HolliKoalicioni-ne-Ulqin.2.jpg\"><img loading=\"lazy\" class=\"alignleft size-full wp-image-49875\" title=\"skupstinska vecina Ulcinja_Nazif-Cungu,Fatmir-Gjeka,Skender-Elezaga,Amir-Holli,Koalicioni-ne-Ulqin.2\" src=\"http:\/\/www.visit-ulcinj.com\/blog\/wp-content\/uploads\/2011\/08\/skupstinska-vecina-Ulcinja_Nazif-CunguFatmir-GjekaSkender-ElezagaAmir-HolliKoalicioni-ne-Ulqin.2.jpg\" alt=\"\" width=\"508\" height=\"380\" \/><\/a>Nova skup\u0161tinska ve\u0107ina u Ulcinju bi\u0107e u funkciji svih gra\u0111ana bez razlika od politi\u010dke pripadnosti, rekao je lider Nove demokratske snage FORCA Nazif Cungu.<\/p>\n<p>Novu skup\u0161tinsku ve\u0107inu u Ulcinju \u010dini 11 odbornika FORCA, \u010detiri biv\u0161a odbornika Demokratske unije Albanaca DUA, dva Socijaldemokratske partije SDP i jedan Perspektive, a Cungu \u0107e vjerovatno biti novi predsjednik ulcinjske op\u0161tine.<\/p>\n<p>Cungu je na konferenciji za novinare najavio da \u0107e koalicije odmah pokrenuti inicijativu za vanrednu Skup\u0161tinu na kojoj \u0107e izabrati predsjednike Skup\u0161tine i Op\u0161tine Ulcinj.<\/p>\n<p>\u201cMi \u0107emo biti otvoreni za saradnju sa svim ostalim subjektima kako na lokalnom tako i dr\u017eavnom nivou. Ima\u0107emo Skup\u0161tinu koja \u0107e biti odgovorna, i koja \u0107e donositi odluke u interesu na\u0161eg stanovni\u0161tva\u201d, rekao je Cungu.<\/p>\n<p>Sa vlasti u Ulcinju odlazi koalicija Demokratske partije socijalista, DUA i Partije demokratskog prosperiteta.<\/p>\n<p><a href=\"http:\/\/www.cafemontenegro.com\/index.php?group=23&amp;news=192566\" target=\"_blank\"><strong>Izvor : MINA \/ CDM<\/strong><\/a><\/p>\n<p><strong>VIDEO TV VIJESTI<\/strong><br \/>\n<!--YouTube Error: bad URL entered--><\/p>\n","protected":false},"excerpt":{"rendered":"<p>Nova skup\u0161tinska ve\u0107ina u Ulcinju bi\u0107e u funkciji svih gra\u0111ana bez razlika od politi\u010dke pripadnosti, rekao je lider Nove demokratske snage FORCA Nazif Cungu. Novu skup\u0161tinsku ve\u0107inu u Ulcinju \u010dini 11 odbornika FORCA, \u010detiri biv\u0161a odbornika Demokratske unije Albanaca DUA, dva Socijaldemokratske partije SDP i jedan Perspektive, a Cungu \u0107e vjerovatno biti novi predsjednik ulcinjske [&hellip;]<\/p>\n","protected":false},"author":1,"featured_media":0,"comment_status":"open","ping_status":"closed","sticky":false,"template":"","format":"standard","meta":{"spay_email":"","jetpack_publicize_message":"","jetpack_is_tweetstorm":false,"jetpack_publicize_feature_enabled":true},"categories":[8337],"tags":[117,19],"jetpack_publicize_connections":[],"yoast_head":"<!-- This site is optimized with the Yoast SEO plugin v19.1 - https:\/\/yoast.com\/wordpress\/plugins\/seo\/ -->\n<title>FORCA: Nova skup\u0161tinska ve\u0107ina u funkciji svih gra\u0111ana - Lajme nga Ulqini<\/title>\n<meta name=\"description\" content=\"Nova skup\u0161tinska ve\u0107ina u Ulcinju bi\u0107e u funkciji svih gra\u0111ana bez razlika od politi\u010dke pripadnosti, rekao je lider Nove demokratske snage FORCA Nazif\" \/>\n<meta name=\"robots\" content=\"index, follow, max-snippet:-1, max-image-preview:large, max-video-preview:-1\" \/>\n<link rel=\"canonical\" href=\"https:\/\/www.visit-ulcinj.com\/blog\/2011\/08\/17\/forca-nova-skupstinska-vecina-u-funkciji-svih-gradana\/\" \/>\n<meta property=\"og:locale\" content=\"en_US\" \/>\n<meta property=\"og:type\" content=\"article\" \/>\n<meta property=\"og:title\" content=\"FORCA: Nova skup\u0161tinska ve\u0107ina u funkciji svih gra\u0111ana - Lajme nga Ulqini\" \/>\n<meta property=\"og:description\" content=\"Nova skup\u0161tinska ve\u0107ina u Ulcinju bi\u0107e u funkciji svih gra\u0111ana bez razlika od politi\u010dke pripadnosti, rekao je lider Nove demokratske snage FORCA Nazif\" \/>\n<meta property=\"og:url\" content=\"https:\/\/www.visit-ulcinj.com\/blog\/2011\/08\/17\/forca-nova-skupstinska-vecina-u-funkciji-svih-gradana\/\" \/>\n<meta property=\"og:site_name\" content=\"Lajme nga Ulqini\" \/>\n<meta property=\"article:published_time\" content=\"2011-08-17T22:17:24+00:00\" \/>\n<meta property=\"og:image\" content=\"http:\/\/www.visit-ulcinj.com\/blog\/wp-content\/uploads\/2011\/08\/skupstinska-vecina-Ulcinja_Nazif-CunguFatmir-GjekaSkender-ElezagaAmir-HolliKoalicioni-ne-Ulqin.2.jpg\" \/>\n<meta name=\"twitter:label1\" content=\"Written by\" \/>\n\t<meta name=\"twitter:data1\" content=\"ulqini\" \/>\n\t<meta name=\"twitter:label2\" content=\"Est. reading time\" \/>\n\t<meta name=\"twitter:data2\" content=\"1 minute\" \/>\n<script type=\"application\/ld+json\" class=\"yoast-schema-graph\">{\"@context\":\"https:\/\/schema.org\",\"@graph\":[{\"@type\":\"WebSite\",\"@id\":\"https:\/\/www.visit-ulcinj.com\/blog\/#website\",\"url\":\"https:\/\/www.visit-ulcinj.com\/blog\/\",\"name\":\"Lajme nga Ulqini\",\"description\":\"Lajme,Vijesti,Ulqini,Ulqin,Crna Gora,Mali i Zi\",\"potentialAction\":[{\"@type\":\"SearchAction\",\"target\":{\"@type\":\"EntryPoint\",\"urlTemplate\":\"https:\/\/www.visit-ulcinj.com\/blog\/?s={search_term_string}\"},\"query-input\":\"required name=search_term_string\"}],\"inLanguage\":\"en-US\"},{\"@type\":\"ImageObject\",\"inLanguage\":\"en-US\",\"@id\":\"https:\/\/www.visit-ulcinj.com\/blog\/2011\/08\/17\/forca-nova-skupstinska-vecina-u-funkciji-svih-gradana\/#primaryimage\",\"url\":\"https:\/\/www.visit-ulcinj.com\/blog\/wp-content\/uploads\/2011\/08\/skupstinska-vecina-Ulcinja_Nazif-CunguFatmir-GjekaSkender-ElezagaAmir-HolliKoalicioni-ne-Ulqin.2.jpg\",\"contentUrl\":\"https:\/\/www.visit-ulcinj.com\/blog\/wp-content\/uploads\/2011\/08\/skupstinska-vecina-Ulcinja_Nazif-CunguFatmir-GjekaSkender-ElezagaAmir-HolliKoalicioni-ne-Ulqin.2.jpg\",\"width\":\"720\",\"height\":\"480\"},{\"@type\":\"WebPage\",\"@id\":\"https:\/\/www.visit-ulcinj.com\/blog\/2011\/08\/17\/forca-nova-skupstinska-vecina-u-funkciji-svih-gradana\/#webpage\",\"url\":\"https:\/\/www.visit-ulcinj.com\/blog\/2011\/08\/17\/forca-nova-skupstinska-vecina-u-funkciji-svih-gradana\/\",\"name\":\"FORCA: Nova skup\u0161tinska ve\u0107ina u funkciji svih gra\u0111ana - Lajme nga Ulqini\",\"isPartOf\":{\"@id\":\"https:\/\/www.visit-ulcinj.com\/blog\/#website\"},\"primaryImageOfPage\":{\"@id\":\"https:\/\/www.visit-ulcinj.com\/blog\/2011\/08\/17\/forca-nova-skupstinska-vecina-u-funkciji-svih-gradana\/#primaryimage\"},\"datePublished\":\"2011-08-17T22:17:24+00:00\",\"dateModified\":\"2011-08-17T22:17:24+00:00\",\"author\":{\"@id\":\"https:\/\/www.visit-ulcinj.com\/blog\/#\/schema\/person\/dcab619c614d3038751c63bc2aadc06d\"},\"description\":\"Nova skup\u0161tinska ve\u0107ina u Ulcinju bi\u0107e u funkciji svih gra\u0111ana bez razlika od politi\u010dke pripadnosti, rekao je lider Nove demokratske snage FORCA Nazif\",\"breadcrumb\":{\"@id\":\"https:\/\/www.visit-ulcinj.com\/blog\/2011\/08\/17\/forca-nova-skupstinska-vecina-u-funkciji-svih-gradana\/#breadcrumb\"},\"inLanguage\":\"en-US\",\"potentialAction\":[{\"@type\":\"ReadAction\",\"target\":[\"https:\/\/www.visit-ulcinj.com\/blog\/2011\/08\/17\/forca-nova-skupstinska-vecina-u-funkciji-svih-gradana\/\"]}]},{\"@type\":\"BreadcrumbList\",\"@id\":\"https:\/\/www.visit-ulcinj.com\/blog\/2011\/08\/17\/forca-nova-skupstinska-vecina-u-funkciji-svih-gradana\/#breadcrumb\",\"itemListElement\":[{\"@type\":\"ListItem\",\"position\":1,\"name\":\"FORCA: Nova skup\u0161tinska ve\u0107ina u funkciji svih gra\u0111ana\"}]},{\"@type\":\"Person\",\"@id\":\"https:\/\/www.visit-ulcinj.com\/blog\/#\/schema\/person\/dcab619c614d3038751c63bc2aadc06d\",\"name\":\"ulqini\",\"sameAs\":[\"http:\/\/www.visit-ulcinj.com\"],\"url\":\"https:\/\/www.visit-ulcinj.com\/blog\/author\/admin\/\"}]}<\/script>\n<!-- \/ Yoast SEO plugin. -->","yoast_head_json":{"title":"FORCA: Nova skup\u0161tinska ve\u0107ina u funkciji svih gra\u0111ana - Lajme nga Ulqini","description":"Nova skup\u0161tinska ve\u0107ina u Ulcinju bi\u0107e u funkciji svih gra\u0111ana bez razlika od politi\u010dke pripadnosti, rekao je lider Nove demokratske snage FORCA Nazif","robots":{"index":"index","follow":"follow","max-snippet":"max-snippet:-1","max-image-preview":"max-image-preview:large","max-video-preview":"max-video-preview:-1"},"canonical":"https:\/\/www.visit-ulcinj.com\/blog\/2011\/08\/17\/forca-nova-skupstinska-vecina-u-funkciji-svih-gradana\/","og_locale":"en_US","og_type":"article","og_title":"FORCA: Nova skup\u0161tinska ve\u0107ina u funkciji svih gra\u0111ana - Lajme nga Ulqini","og_description":"Nova skup\u0161tinska ve\u0107ina u Ulcinju bi\u0107e u funkciji svih gra\u0111ana bez razlika od politi\u010dke pripadnosti, rekao je lider Nove demokratske snage FORCA Nazif","og_url":"https:\/\/www.visit-ulcinj.com\/blog\/2011\/08\/17\/forca-nova-skupstinska-vecina-u-funkciji-svih-gradana\/","og_site_name":"Lajme nga Ulqini","article_published_time":"2011-08-17T22:17:24+00:00","og_image":[{"url":"http:\/\/www.visit-ulcinj.com\/blog\/wp-content\/uploads\/2011\/08\/skupstinska-vecina-Ulcinja_Nazif-CunguFatmir-GjekaSkender-ElezagaAmir-HolliKoalicioni-ne-Ulqin.2.jpg"}],"twitter_misc":{"Written by":"ulqini","Est. reading time":"1 minute"},"schema":{"@context":"https:\/\/schema.org","@graph":[{"@type":"WebSite","@id":"https:\/\/www.visit-ulcinj.com\/blog\/#website","url":"https:\/\/www.visit-ulcinj.com\/blog\/","name":"Lajme nga Ulqini","description":"Lajme,Vijesti,Ulqini,Ulqin,Crna Gora,Mali i Zi","potentialAction":[{"@type":"SearchAction","target":{"@type":"EntryPoint","urlTemplate":"https:\/\/www.visit-ulcinj.com\/blog\/?s={search_term_string}"},"query-input":"required name=search_term_string"}],"inLanguage":"en-US"},{"@type":"ImageObject","inLanguage":"en-US","@id":"https:\/\/www.visit-ulcinj.com\/blog\/2011\/08\/17\/forca-nova-skupstinska-vecina-u-funkciji-svih-gradana\/#primaryimage","url":"https:\/\/www.visit-ulcinj.com\/blog\/wp-content\/uploads\/2011\/08\/skupstinska-vecina-Ulcinja_Nazif-CunguFatmir-GjekaSkender-ElezagaAmir-HolliKoalicioni-ne-Ulqin.2.jpg","contentUrl":"https:\/\/www.visit-ulcinj.com\/blog\/wp-content\/uploads\/2011\/08\/skupstinska-vecina-Ulcinja_Nazif-CunguFatmir-GjekaSkender-ElezagaAmir-HolliKoalicioni-ne-Ulqin.2.jpg","width":"720","height":"480"},{"@type":"WebPage","@id":"https:\/\/www.visit-ulcinj.com\/blog\/2011\/08\/17\/forca-nova-skupstinska-vecina-u-funkciji-svih-gradana\/#webpage","url":"https:\/\/www.visit-ulcinj.com\/blog\/2011\/08\/17\/forca-nova-skupstinska-vecina-u-funkciji-svih-gradana\/","name":"FORCA: Nova skup\u0161tinska ve\u0107ina u funkciji svih gra\u0111ana - Lajme nga Ulqini","isPartOf":{"@id":"https:\/\/www.visit-ulcinj.com\/blog\/#website"},"primaryImageOfPage":{"@id":"https:\/\/www.visit-ulcinj.com\/blog\/2011\/08\/17\/forca-nova-skupstinska-vecina-u-funkciji-svih-gradana\/#primaryimage"},"datePublished":"2011-08-17T22:17:24+00:00","dateModified":"2011-08-17T22:17:24+00:00","author":{"@id":"https:\/\/www.visit-ulcinj.com\/blog\/#\/schema\/person\/dcab619c614d3038751c63bc2aadc06d"},"description":"Nova skup\u0161tinska ve\u0107ina u Ulcinju bi\u0107e u funkciji svih gra\u0111ana bez razlika od politi\u010dke pripadnosti, rekao je lider Nove demokratske snage FORCA Nazif","breadcrumb":{"@id":"https:\/\/www.visit-ulcinj.com\/blog\/2011\/08\/17\/forca-nova-skupstinska-vecina-u-funkciji-svih-gradana\/#breadcrumb"},"inLanguage":"en-US","potentialAction":[{"@type":"ReadAction","target":["https:\/\/www.visit-ulcinj.com\/blog\/2011\/08\/17\/forca-nova-skupstinska-vecina-u-funkciji-svih-gradana\/"]}]},{"@type":"BreadcrumbList","@id":"https:\/\/www.visit-ulcinj.com\/blog\/2011\/08\/17\/forca-nova-skupstinska-vecina-u-funkciji-svih-gradana\/#breadcrumb","itemListElement":[{"@type":"ListItem","position":1,"name":"FORCA: Nova skup\u0161tinska ve\u0107ina u funkciji svih gra\u0111ana"}]},{"@type":"Person","@id":"https:\/\/www.visit-ulcinj.com\/blog\/#\/schema\/person\/dcab619c614d3038751c63bc2aadc06d","name":"ulqini","sameAs":["http:\/\/www.visit-ulcinj.com"],"url":"https:\/\/www.visit-ulcinj.com\/blog\/author\/admin\/"}]}},"jetpack_featured_media_url":"","jetpack_sharing_enabled":true,"jetpack_shortlink":"https:\/\/wp.me\/pe6lTn-cYq","_links":{"self":[{"href":"https:\/\/www.visit-ulcinj.com\/blog\/wp-json\/wp\/v2\/posts\/49874"}],"collection":[{"href":"https:\/\/www.visit-ulcinj.com\/blog\/wp-json\/wp\/v2\/posts"}],"about":[{"href":"https:\/\/www.visit-ulcinj.com\/blog\/wp-json\/wp\/v2\/types\/post"}],"author":[{"embeddable":true,"href":"https:\/\/www.visit-ulcinj.com\/blog\/wp-json\/wp\/v2\/users\/1"}],"replies":[{"embeddable":true,"href":"https:\/\/www.visit-ulcinj.com\/blog\/wp-json\/wp\/v2\/comments?post=49874"}],"version-history":[{"count":1,"href":"https:\/\/www.visit-ulcinj.com\/blog\/wp-json\/wp\/v2\/posts\/49874\/revisions"}],"predecessor-version":[{"id":49876,"href":"https:\/\/www.visit-ulcinj.com\/blog\/wp-json\/wp\/v2\/posts\/49874\/revisions\/49876"}],"wp:attachment":[{"href":"https:\/\/www.visit-ulcinj.com\/blog\/wp-json\/wp\/v2\/media?parent=49874"}],"wp:term":[{"taxonomy":"category","embeddable":true,"href":"https:\/\/www.visit-ulcinj.com\/blog\/wp-json\/wp\/v2\/categories?post=49874"},{"taxonomy":"post_tag","embeddable":true,"href":"https:\/\/www.visit-ulcinj.com\/blog\/wp-json\/wp\/v2\/tags?post=49874"}],"curies":[{"name":"wp","href":"https:\/\/api.w.org\/{rel}","templated":true}]}}