{"id":49882,"date":"2011-08-17T23:36:59","date_gmt":"2011-08-17T22:36:59","guid":{"rendered":"http:\/\/www.visit-ulcinj.com\/blog\/?p=49882"},"modified":"2011-08-17T23:36:59","modified_gmt":"2011-08-17T22:36:59","slug":"forca-merr-pushtetin-lokal-ne-ulqin","status":"publish","type":"post","link":"https:\/\/www.visit-ulcinj.com\/blog\/2011\/08\/17\/forca-merr-pushtetin-lokal-ne-ulqin\/","title":{"rendered":"Forca merr pushtetin lokal n\u00eb Ulqin?"},"content":{"rendered":"<p><a href=\"http:\/\/www.visit-ulcinj.com\/blog\/wp-content\/uploads\/2011\/08\/Nazif-Cungu1.jpg\"><img loading=\"lazy\" class=\"alignleft size-full wp-image-49883\" title=\"Nazif Cungu\" src=\"http:\/\/www.visit-ulcinj.com\/blog\/wp-content\/uploads\/2011\/08\/Nazif-Cungu1.jpg\" alt=\"\" width=\"330\" height=\"500\" \/><\/a>Ulqin, 16 gusht &#8211;\u00a0 Nga burimet e saj t\u00eb informuara mir\u00eb, KosovaLive ka marr\u00eb vesh se pas shk\u00ebputjes s\u00eb deg\u00ebs s\u00eb Unionit Demokratik t\u00eb Shqiptar\u00ebve \/UDSH\/ n\u00eb An\u00eb t\u00eb Malit, mund t\u00eb lind nj\u00eb koalicion i ri q\u00eb do t\u00eb b\u00ebnte shumic\u00ebn e ardhshme n\u00eb Komun\u00ebn e Ulqinit.<\/p>\n<p>Gjat\u00eb mbr\u00ebmjes s\u00eb kaluar, p\u00ebrfaq\u00ebsuesit e Forc\u00ebs s\u00eb Re Demokratike, t\u00eb ish-deg\u00ebs s\u00eb UDSH n\u00eb An\u00eb t\u00eb Malit, t\u00eb Partis\u00eb Socialdemokratike, t\u00eb Perspektiv\u00ebs, kan\u00eb zhvilluar negociata p\u00ebr t\u00eb krijuar shumic\u00ebn e re. Ky grupim politik do t\u00eb kishte 18 k\u00ebshilltar\u00eb q\u00eb do t\u00eb b\u00ebnte shumic\u00ebn e 33 mandateve, sa ka parlamenti lokal i Ulqinit.<\/p>\n<p>Burimet tona nga Forca e Re Demokratike e b\u00ebjn\u00eb t\u00eb ditur, se gjoja \u00ebsht\u00eb arritur marr\u00ebveshja, t\u00eb cil\u00ebn p\u00ebrfaq\u00ebsuesit e k\u00ebtyre subjekteve do ta b\u00ebjn\u00eb publike para gazetar\u00ebve dit\u00ebn e m\u00ebrkur\u00eb.<\/p>\n<p>Dit\u00ebn e mart\u00eb, disa her\u00eb jemi p\u00ebrpjekur t\u00eb kontaktojm\u00eb n\u00eb telefon n\u00ebnkryetarin e UDSH-s\u00eb, kryetar i Klubit t\u00eb k\u00ebshilltar\u00ebve t\u00eb k\u00ebsaj partie n\u00eb Parlamentin vendor, Mehmet Zenka, por pa sukses pasi telefoni nuk \u00ebsht\u00eb hapur.<\/p>\n<p>Qytetar\u00ebt k\u00ebto l\u00ebvizje politike i quajn\u00eb si pjes\u00eb e jet\u00ebs demokratike dhe konsiderojn\u00eb se \u201c\u00ebsht\u00eb mir\u00eb t\u00eb b\u00ebhen ndryshime, q\u00eb p\u00ebr Ulqinin t\u00eb vendoset n\u00eb Parlamentin e k\u00ebsaj komune e jo n\u00eb Podgoric\u00eb\u201d.<\/p>\n<p>Nga viti 1990, kur fillon pluralizmi, jan\u00eb shfaqur disa p\u00ebrplasje politike. N\u00eb vitin 1994, UDSH del nga Lidhja Demokratike n\u00eb Mal t\u00eb Zi, \/LD MZ\/ k\u00ebshtu veproi edhe m\u00eb vitin 2006, kur nga LDMZ del edhe Partia e Prosperitetit Demokratik \/PPD\/, m\u00eb von\u00eb edhe Bashkimi i Krijuesve Shqiptar\u00eb.<\/p>\n<p>Forca e Re Demokratike doli n\u00eb sken\u00ebn politike t\u00eb Ulqinit n\u00eb vitin 2006, kur s\u00eb bashku me kat\u00ebr parti tjera shqiptare formoi shumic\u00ebn parlamentare, por nuk zgjati shum\u00eb kjo kreatur\u00eb, m\u00eb vitin 2007 PPD bashkohet me UDSH dhe Partin\u00eb Demokratike t\u00eb Socialist\u00ebve \/PDS\/ p\u00ebr t\u00eb qen\u00eb sot e k\u00ebsaj dite pjes\u00eb e pushtetit vendor.<\/p>\n<p>N\u00eb krye t\u00eb Forc\u00ebs s\u00eb Re Demokratike \u00ebsht\u00eb Nazif Cungu dhe po qe se lind nj\u00eb koalicion i ri q\u00eb do t\u00eb b\u00ebnte shumic\u00ebn e ardhshme n\u00eb Komun\u00ebn e Ulqinit, Forca e Re Demokratike do t\u00eb merrte udh\u00ebheqjen e pushtetit lokal n\u00eb Ulqin, nd\u00ebrsa Nazif Cungu do t\u00eb ishte kreu i ri i Komun\u00ebs s\u00eb Ulqinit?!<\/p>\n<p>Nga burimet e saj t\u00eb informuara mir\u00eb, KosovaLive ka marr\u00eb vesh se pas shk\u00ebputjes s\u00eb deg\u00ebs s\u00eb Unionit Demokratik t\u00eb Shqiptar\u00ebve \/UDSH\/ n\u00eb An\u00eb t\u00eb Malit,mund t\u00eb lind nj\u00eb koalicion i ri q\u00eb do t\u00eb b\u00ebnte shumic\u00ebn e ardhshme n\u00eb Komun\u00ebn e Ulqinit.<\/p>\n<p>Dy partit\u00eb m\u00eb t\u00eb m\u00ebdha nuk kan\u00eb dh\u00ebn\u00eb asnj\u00eb prononcim p\u00ebr gjendjen e krijuar, presin \u00e7far\u00eb do t\u00eb deklaron grupimi politik q\u00eb pretendon t\u00eb marr\u00eb pushtetin.<\/p>\n<p><strong>KOHA NET<\/strong><\/p>\n","protected":false},"excerpt":{"rendered":"<p>Ulqin, 16 gusht &#8211;\u00a0 Nga burimet e saj t\u00eb informuara mir\u00eb, KosovaLive ka marr\u00eb vesh se pas shk\u00ebputjes s\u00eb deg\u00ebs s\u00eb Unionit Demokratik t\u00eb Shqiptar\u00ebve \/UDSH\/ n\u00eb An\u00eb t\u00eb Malit, mund t\u00eb lind nj\u00eb koalicion i ri q\u00eb do t\u00eb b\u00ebnte shumic\u00ebn e ardhshme n\u00eb Komun\u00ebn e Ulqinit. Gjat\u00eb mbr\u00ebmjes s\u00eb kaluar, p\u00ebrfaq\u00ebsuesit e Forc\u00ebs [&hellip;]<\/p>\n","protected":false},"author":1,"featured_media":0,"comment_status":"open","ping_status":"closed","sticky":false,"template":"","format":"standard","meta":{"spay_email":"","jetpack_publicize_message":"","jetpack_is_tweetstorm":false,"jetpack_publicize_feature_enabled":true},"categories":[12],"tags":[117,200,18],"jetpack_publicize_connections":[],"yoast_head":"<!-- This site is optimized with the Yoast SEO plugin v19.1 - https:\/\/yoast.com\/wordpress\/plugins\/seo\/ -->\n<title>Forca merr pushtetin lokal n\u00eb Ulqin? - Lajme nga Ulqini<\/title>\n<meta name=\"description\" content=\"Ulqin, 16 gusht -\u00a0 Nga burimet e saj t\u00eb informuara mir\u00eb, KosovaLive ka marr\u00eb vesh se pas shk\u00ebputjes s\u00eb deg\u00ebs s\u00eb Unionit Demokratik t\u00eb Shqiptar\u00ebve \/UDSH\/\" \/>\n<meta name=\"robots\" content=\"index, follow, max-snippet:-1, max-image-preview:large, max-video-preview:-1\" \/>\n<link rel=\"canonical\" href=\"https:\/\/www.visit-ulcinj.com\/blog\/2011\/08\/17\/forca-merr-pushtetin-lokal-ne-ulqin\/\" \/>\n<meta property=\"og:locale\" content=\"en_US\" \/>\n<meta property=\"og:type\" content=\"article\" \/>\n<meta property=\"og:title\" content=\"Forca merr pushtetin lokal n\u00eb Ulqin? - Lajme nga Ulqini\" \/>\n<meta property=\"og:description\" content=\"Ulqin, 16 gusht -\u00a0 Nga burimet e saj t\u00eb informuara mir\u00eb, KosovaLive ka marr\u00eb vesh se pas shk\u00ebputjes s\u00eb deg\u00ebs s\u00eb Unionit Demokratik t\u00eb Shqiptar\u00ebve \/UDSH\/\" \/>\n<meta property=\"og:url\" content=\"https:\/\/www.visit-ulcinj.com\/blog\/2011\/08\/17\/forca-merr-pushtetin-lokal-ne-ulqin\/\" \/>\n<meta property=\"og:site_name\" content=\"Lajme nga Ulqini\" \/>\n<meta property=\"article:published_time\" content=\"2011-08-17T22:36:59+00:00\" \/>\n<meta property=\"og:image\" content=\"http:\/\/www.visit-ulcinj.com\/blog\/wp-content\/uploads\/2011\/08\/Nazif-Cungu1.jpg\" \/>\n<meta name=\"twitter:label1\" content=\"Written by\" \/>\n\t<meta name=\"twitter:data1\" content=\"ulqini\" \/>\n\t<meta name=\"twitter:label2\" content=\"Est. reading time\" \/>\n\t<meta name=\"twitter:data2\" content=\"2 minutes\" \/>\n<script type=\"application\/ld+json\" class=\"yoast-schema-graph\">{\"@context\":\"https:\/\/schema.org\",\"@graph\":[{\"@type\":\"WebSite\",\"@id\":\"https:\/\/www.visit-ulcinj.com\/blog\/#website\",\"url\":\"https:\/\/www.visit-ulcinj.com\/blog\/\",\"name\":\"Lajme nga Ulqini\",\"description\":\"Lajme,Vijesti,Ulqini,Ulqin,Crna Gora,Mali i Zi\",\"potentialAction\":[{\"@type\":\"SearchAction\",\"target\":{\"@type\":\"EntryPoint\",\"urlTemplate\":\"https:\/\/www.visit-ulcinj.com\/blog\/?s={search_term_string}\"},\"query-input\":\"required name=search_term_string\"}],\"inLanguage\":\"en-US\"},{\"@type\":\"ImageObject\",\"inLanguage\":\"en-US\",\"@id\":\"https:\/\/www.visit-ulcinj.com\/blog\/2011\/08\/17\/forca-merr-pushtetin-lokal-ne-ulqin\/#primaryimage\",\"url\":\"https:\/\/www.visit-ulcinj.com\/blog\/wp-content\/uploads\/2011\/08\/Nazif-Cungu1.jpg\",\"contentUrl\":\"https:\/\/www.visit-ulcinj.com\/blog\/wp-content\/uploads\/2011\/08\/Nazif-Cungu1.jpg\",\"width\":\"436\",\"height\":\"617\"},{\"@type\":\"WebPage\",\"@id\":\"https:\/\/www.visit-ulcinj.com\/blog\/2011\/08\/17\/forca-merr-pushtetin-lokal-ne-ulqin\/#webpage\",\"url\":\"https:\/\/www.visit-ulcinj.com\/blog\/2011\/08\/17\/forca-merr-pushtetin-lokal-ne-ulqin\/\",\"name\":\"Forca merr pushtetin lokal n\u00eb Ulqin? - Lajme nga Ulqini\",\"isPartOf\":{\"@id\":\"https:\/\/www.visit-ulcinj.com\/blog\/#website\"},\"primaryImageOfPage\":{\"@id\":\"https:\/\/www.visit-ulcinj.com\/blog\/2011\/08\/17\/forca-merr-pushtetin-lokal-ne-ulqin\/#primaryimage\"},\"datePublished\":\"2011-08-17T22:36:59+00:00\",\"dateModified\":\"2011-08-17T22:36:59+00:00\",\"author\":{\"@id\":\"https:\/\/www.visit-ulcinj.com\/blog\/#\/schema\/person\/dcab619c614d3038751c63bc2aadc06d\"},\"description\":\"Ulqin, 16 gusht -\u00a0 Nga burimet e saj t\u00eb informuara mir\u00eb, KosovaLive ka marr\u00eb vesh se pas shk\u00ebputjes s\u00eb deg\u00ebs s\u00eb Unionit Demokratik t\u00eb Shqiptar\u00ebve \/UDSH\/\",\"breadcrumb\":{\"@id\":\"https:\/\/www.visit-ulcinj.com\/blog\/2011\/08\/17\/forca-merr-pushtetin-lokal-ne-ulqin\/#breadcrumb\"},\"inLanguage\":\"en-US\",\"potentialAction\":[{\"@type\":\"ReadAction\",\"target\":[\"https:\/\/www.visit-ulcinj.com\/blog\/2011\/08\/17\/forca-merr-pushtetin-lokal-ne-ulqin\/\"]}]},{\"@type\":\"BreadcrumbList\",\"@id\":\"https:\/\/www.visit-ulcinj.com\/blog\/2011\/08\/17\/forca-merr-pushtetin-lokal-ne-ulqin\/#breadcrumb\",\"itemListElement\":[{\"@type\":\"ListItem\",\"position\":1,\"name\":\"Forca merr pushtetin lokal n\u00eb Ulqin?\"}]},{\"@type\":\"Person\",\"@id\":\"https:\/\/www.visit-ulcinj.com\/blog\/#\/schema\/person\/dcab619c614d3038751c63bc2aadc06d\",\"name\":\"ulqini\",\"sameAs\":[\"http:\/\/www.visit-ulcinj.com\"],\"url\":\"https:\/\/www.visit-ulcinj.com\/blog\/author\/admin\/\"}]}<\/script>\n<!-- \/ Yoast SEO plugin. -->","yoast_head_json":{"title":"Forca merr pushtetin lokal n\u00eb Ulqin? - Lajme nga Ulqini","description":"Ulqin, 16 gusht -\u00a0 Nga burimet e saj t\u00eb informuara mir\u00eb, KosovaLive ka marr\u00eb vesh se pas shk\u00ebputjes s\u00eb deg\u00ebs s\u00eb Unionit Demokratik t\u00eb Shqiptar\u00ebve \/UDSH\/","robots":{"index":"index","follow":"follow","max-snippet":"max-snippet:-1","max-image-preview":"max-image-preview:large","max-video-preview":"max-video-preview:-1"},"canonical":"https:\/\/www.visit-ulcinj.com\/blog\/2011\/08\/17\/forca-merr-pushtetin-lokal-ne-ulqin\/","og_locale":"en_US","og_type":"article","og_title":"Forca merr pushtetin lokal n\u00eb Ulqin? - Lajme nga Ulqini","og_description":"Ulqin, 16 gusht -\u00a0 Nga burimet e saj t\u00eb informuara mir\u00eb, KosovaLive ka marr\u00eb vesh se pas shk\u00ebputjes s\u00eb deg\u00ebs s\u00eb Unionit Demokratik t\u00eb Shqiptar\u00ebve \/UDSH\/","og_url":"https:\/\/www.visit-ulcinj.com\/blog\/2011\/08\/17\/forca-merr-pushtetin-lokal-ne-ulqin\/","og_site_name":"Lajme nga Ulqini","article_published_time":"2011-08-17T22:36:59+00:00","og_image":[{"url":"http:\/\/www.visit-ulcinj.com\/blog\/wp-content\/uploads\/2011\/08\/Nazif-Cungu1.jpg"}],"twitter_misc":{"Written by":"ulqini","Est. reading time":"2 minutes"},"schema":{"@context":"https:\/\/schema.org","@graph":[{"@type":"WebSite","@id":"https:\/\/www.visit-ulcinj.com\/blog\/#website","url":"https:\/\/www.visit-ulcinj.com\/blog\/","name":"Lajme nga Ulqini","description":"Lajme,Vijesti,Ulqini,Ulqin,Crna Gora,Mali i Zi","potentialAction":[{"@type":"SearchAction","target":{"@type":"EntryPoint","urlTemplate":"https:\/\/www.visit-ulcinj.com\/blog\/?s={search_term_string}"},"query-input":"required name=search_term_string"}],"inLanguage":"en-US"},{"@type":"ImageObject","inLanguage":"en-US","@id":"https:\/\/www.visit-ulcinj.com\/blog\/2011\/08\/17\/forca-merr-pushtetin-lokal-ne-ulqin\/#primaryimage","url":"https:\/\/www.visit-ulcinj.com\/blog\/wp-content\/uploads\/2011\/08\/Nazif-Cungu1.jpg","contentUrl":"https:\/\/www.visit-ulcinj.com\/blog\/wp-content\/uploads\/2011\/08\/Nazif-Cungu1.jpg","width":"436","height":"617"},{"@type":"WebPage","@id":"https:\/\/www.visit-ulcinj.com\/blog\/2011\/08\/17\/forca-merr-pushtetin-lokal-ne-ulqin\/#webpage","url":"https:\/\/www.visit-ulcinj.com\/blog\/2011\/08\/17\/forca-merr-pushtetin-lokal-ne-ulqin\/","name":"Forca merr pushtetin lokal n\u00eb Ulqin? - Lajme nga Ulqini","isPartOf":{"@id":"https:\/\/www.visit-ulcinj.com\/blog\/#website"},"primaryImageOfPage":{"@id":"https:\/\/www.visit-ulcinj.com\/blog\/2011\/08\/17\/forca-merr-pushtetin-lokal-ne-ulqin\/#primaryimage"},"datePublished":"2011-08-17T22:36:59+00:00","dateModified":"2011-08-17T22:36:59+00:00","author":{"@id":"https:\/\/www.visit-ulcinj.com\/blog\/#\/schema\/person\/dcab619c614d3038751c63bc2aadc06d"},"description":"Ulqin, 16 gusht -\u00a0 Nga burimet e saj t\u00eb informuara mir\u00eb, KosovaLive ka marr\u00eb vesh se pas shk\u00ebputjes s\u00eb deg\u00ebs s\u00eb Unionit Demokratik t\u00eb Shqiptar\u00ebve \/UDSH\/","breadcrumb":{"@id":"https:\/\/www.visit-ulcinj.com\/blog\/2011\/08\/17\/forca-merr-pushtetin-lokal-ne-ulqin\/#breadcrumb"},"inLanguage":"en-US","potentialAction":[{"@type":"ReadAction","target":["https:\/\/www.visit-ulcinj.com\/blog\/2011\/08\/17\/forca-merr-pushtetin-lokal-ne-ulqin\/"]}]},{"@type":"BreadcrumbList","@id":"https:\/\/www.visit-ulcinj.com\/blog\/2011\/08\/17\/forca-merr-pushtetin-lokal-ne-ulqin\/#breadcrumb","itemListElement":[{"@type":"ListItem","position":1,"name":"Forca merr pushtetin lokal n\u00eb Ulqin?"}]},{"@type":"Person","@id":"https:\/\/www.visit-ulcinj.com\/blog\/#\/schema\/person\/dcab619c614d3038751c63bc2aadc06d","name":"ulqini","sameAs":["http:\/\/www.visit-ulcinj.com"],"url":"https:\/\/www.visit-ulcinj.com\/blog\/author\/admin\/"}]}},"jetpack_featured_media_url":"","jetpack_sharing_enabled":true,"jetpack_shortlink":"https:\/\/wp.me\/pe6lTn-cYy","_links":{"self":[{"href":"https:\/\/www.visit-ulcinj.com\/blog\/wp-json\/wp\/v2\/posts\/49882"}],"collection":[{"href":"https:\/\/www.visit-ulcinj.com\/blog\/wp-json\/wp\/v2\/posts"}],"about":[{"href":"https:\/\/www.visit-ulcinj.com\/blog\/wp-json\/wp\/v2\/types\/post"}],"author":[{"embeddable":true,"href":"https:\/\/www.visit-ulcinj.com\/blog\/wp-json\/wp\/v2\/users\/1"}],"replies":[{"embeddable":true,"href":"https:\/\/www.visit-ulcinj.com\/blog\/wp-json\/wp\/v2\/comments?post=49882"}],"version-history":[{"count":1,"href":"https:\/\/www.visit-ulcinj.com\/blog\/wp-json\/wp\/v2\/posts\/49882\/revisions"}],"predecessor-version":[{"id":49884,"href":"https:\/\/www.visit-ulcinj.com\/blog\/wp-json\/wp\/v2\/posts\/49882\/revisions\/49884"}],"wp:attachment":[{"href":"https:\/\/www.visit-ulcinj.com\/blog\/wp-json\/wp\/v2\/media?parent=49882"}],"wp:term":[{"taxonomy":"category","embeddable":true,"href":"https:\/\/www.visit-ulcinj.com\/blog\/wp-json\/wp\/v2\/categories?post=49882"},{"taxonomy":"post_tag","embeddable":true,"href":"https:\/\/www.visit-ulcinj.com\/blog\/wp-json\/wp\/v2\/tags?post=49882"}],"curies":[{"name":"wp","href":"https:\/\/api.w.org\/{rel}","templated":true}]}}