{"id":49886,"date":"2011-08-17T23:40:38","date_gmt":"2011-08-17T22:40:38","guid":{"rendered":"http:\/\/www.visit-ulcinj.com\/blog\/?p=49886"},"modified":"2011-08-17T23:40:38","modified_gmt":"2011-08-17T22:40:38","slug":"bashkepunim-i-mire-mes-policise-shqiptare-dhe-asaj-malazeze","status":"publish","type":"post","link":"https:\/\/www.visit-ulcinj.com\/blog\/2011\/08\/17\/bashkepunim-i-mire-mes-policise-shqiptare-dhe-asaj-malazeze\/","title":{"rendered":"Bashk\u00ebpunim i mir\u00eb mes policis\u00eb shqiptare dhe asaj malazeze"},"content":{"rendered":"<p><a href=\"http:\/\/www.visit-ulcinj.com\/blog\/wp-content\/uploads\/2011\/08\/KUFIRI-SUKUBIN-MURIQAN.jpg\"><img loading=\"lazy\" class=\"alignleft size-full wp-image-49887\" title=\"KUFIRI SUKUBIN-MURIQAN\" src=\"http:\/\/www.visit-ulcinj.com\/blog\/wp-content\/uploads\/2011\/08\/KUFIRI-SUKUBIN-MURIQAN.jpg\" alt=\"\" width=\"508\" height=\"367\" \/><\/a>Podgoric\u00eb, 17 gusht &#8211;\u00a0 Nj\u00eb delegacion i Policis\u00eb s\u00eb Republik\u00ebs s\u00eb Shqip\u00ebris\u00eb, me n\u00eb krye zv\/drejtorin e p\u00ebrgjithsh\u00ebm t\u00eb saj, Rasim Boriqi, komandanti i RENEA-s, ka vizituar organizat\u00ebn homologe t\u00eb Malit t\u00eb Zi edhe ka biseduar me zyrtar\u00ebt e saj, duke fokusuar thellimin e bashk\u00ebpunimit n\u00eb periudh\u00ebn e ardhshme. Z\u00ebdh\u00ebn\u00ebsja e Drejtoris\u00eb s\u00eb Malit t\u00eb Zi, Tamara Ralevic thot\u00eb se \u00ebsht\u00eb konstatim i p\u00ebrbashk\u00ebt se bashk\u00ebpunimi i policis\u00eb malazeze me at\u00eb shqiptare, ka qen\u00eb i suksesh\u00ebm, e sidomos n\u00eb sektorin e policis\u00eb kriminalistike dhe t\u00eb asaj kufitare.<\/p>\n<p>Pala shqiptare sidomos ka vler\u00ebsuar organizimin e mir\u00eb t\u00eb kontrollit kufitar n\u00eb vendkalimin e p\u00ebprbashk\u00ebt n\u00eb Sukubin\u00eb\/Muriqan, q\u00eb do t\u00eb mund t\u00eb sh\u00ebrbente si shembull edhe fqinj\u00ebve t\u00eb tjer\u00eb.<\/p>\n<p>Ralevic shton se homolog\u00ebt shqiptar\u00eb, falenderuan Sindikat\u00ebn e Policis\u00eb malazeze, e cila me rastin e aderimit n\u00eb organizat\u00ebn e sindikatave t\u00eb policive evropiane, ka mb\u00ebshtetur policin\u00eb shqiptare.<\/p>\n<p>Delegacioni i Policis\u00eb shqiptare ka vizituar edhe Sh\u00ebrbimin e policies s\u00eb Ulqinit, ku udh\u00ebheq\u00ebsi i tij, Rudolf \u2013 Dofi Elezovic I ka informuar koleg\u00ebt nga Shqip\u00ebria p\u00ebr rezultatet e arritura t\u00eb gjendjes s\u00eb q\u00ebndrueshme t\u00eb siguris\u00eb, sidomos n\u00eb koh\u00ebn e stin\u00ebs turistike.<\/p>\n<p><strong>KOHA NET<\/strong><\/p>\n","protected":false},"excerpt":{"rendered":"<p>Podgoric\u00eb, 17 gusht &#8211;\u00a0 Nj\u00eb delegacion i Policis\u00eb s\u00eb Republik\u00ebs s\u00eb Shqip\u00ebris\u00eb, me n\u00eb krye zv\/drejtorin e p\u00ebrgjithsh\u00ebm t\u00eb saj, Rasim Boriqi, komandanti i RENEA-s, ka vizituar organizat\u00ebn homologe t\u00eb Malit t\u00eb Zi edhe ka biseduar me zyrtar\u00ebt e saj, duke fokusuar thellimin e bashk\u00ebpunimit n\u00eb periudh\u00ebn e ardhshme. Z\u00ebdh\u00ebn\u00ebsja e Drejtoris\u00eb s\u00eb Malit t\u00eb [&hellip;]<\/p>\n","protected":false},"author":1,"featured_media":0,"comment_status":"open","ping_status":"closed","sticky":false,"template":"","format":"standard","meta":{"spay_email":"","jetpack_publicize_message":"","jetpack_is_tweetstorm":false,"jetpack_publicize_feature_enabled":true},"categories":[13],"tags":[2202,2801,213],"jetpack_publicize_connections":[],"yoast_head":"<!-- This site is optimized with the Yoast SEO plugin v19.1 - https:\/\/yoast.com\/wordpress\/plugins\/seo\/ -->\n<title>Bashk\u00ebpunim i mir\u00eb mes policis\u00eb shqiptare dhe asaj malazeze - Lajme nga Ulqini<\/title>\n<meta name=\"description\" content=\"Podgoric\u00eb, 17 gusht -\u00a0 Nj\u00eb delegacion i Policis\u00eb s\u00eb Republik\u00ebs s\u00eb Shqip\u00ebris\u00eb, me n\u00eb krye zv\/drejtorin e p\u00ebrgjithsh\u00ebm t\u00eb saj, Rasim Boriqi, komandanti i\" \/>\n<meta name=\"robots\" content=\"index, follow, max-snippet:-1, max-image-preview:large, max-video-preview:-1\" \/>\n<link rel=\"canonical\" href=\"https:\/\/www.visit-ulcinj.com\/blog\/2011\/08\/17\/bashkepunim-i-mire-mes-policise-shqiptare-dhe-asaj-malazeze\/\" \/>\n<meta property=\"og:locale\" content=\"en_US\" \/>\n<meta property=\"og:type\" content=\"article\" \/>\n<meta property=\"og:title\" content=\"Bashk\u00ebpunim i mir\u00eb mes policis\u00eb shqiptare dhe asaj malazeze - Lajme nga Ulqini\" \/>\n<meta property=\"og:description\" content=\"Podgoric\u00eb, 17 gusht -\u00a0 Nj\u00eb delegacion i Policis\u00eb s\u00eb Republik\u00ebs s\u00eb Shqip\u00ebris\u00eb, me n\u00eb krye zv\/drejtorin e p\u00ebrgjithsh\u00ebm t\u00eb saj, Rasim Boriqi, komandanti i\" \/>\n<meta property=\"og:url\" content=\"https:\/\/www.visit-ulcinj.com\/blog\/2011\/08\/17\/bashkepunim-i-mire-mes-policise-shqiptare-dhe-asaj-malazeze\/\" \/>\n<meta property=\"og:site_name\" content=\"Lajme nga Ulqini\" \/>\n<meta property=\"article:published_time\" content=\"2011-08-17T22:40:38+00:00\" \/>\n<meta property=\"og:image\" content=\"http:\/\/www.visit-ulcinj.com\/blog\/wp-content\/uploads\/2011\/08\/KUFIRI-SUKUBIN-MURIQAN.jpg\" \/>\n<meta name=\"twitter:label1\" content=\"Written by\" \/>\n\t<meta name=\"twitter:data1\" content=\"ulqini\" \/>\n\t<meta name=\"twitter:label2\" content=\"Est. reading time\" \/>\n\t<meta name=\"twitter:data2\" content=\"1 minute\" \/>\n<script type=\"application\/ld+json\" class=\"yoast-schema-graph\">{\"@context\":\"https:\/\/schema.org\",\"@graph\":[{\"@type\":\"WebSite\",\"@id\":\"https:\/\/www.visit-ulcinj.com\/blog\/#website\",\"url\":\"https:\/\/www.visit-ulcinj.com\/blog\/\",\"name\":\"Lajme nga Ulqini\",\"description\":\"Lajme,Vijesti,Ulqini,Ulqin,Crna Gora,Mali i Zi\",\"potentialAction\":[{\"@type\":\"SearchAction\",\"target\":{\"@type\":\"EntryPoint\",\"urlTemplate\":\"https:\/\/www.visit-ulcinj.com\/blog\/?s={search_term_string}\"},\"query-input\":\"required name=search_term_string\"}],\"inLanguage\":\"en-US\"},{\"@type\":\"ImageObject\",\"inLanguage\":\"en-US\",\"@id\":\"https:\/\/www.visit-ulcinj.com\/blog\/2011\/08\/17\/bashkepunim-i-mire-mes-policise-shqiptare-dhe-asaj-malazeze\/#primaryimage\",\"url\":\"https:\/\/www.visit-ulcinj.com\/blog\/wp-content\/uploads\/2011\/08\/KUFIRI-SUKUBIN-MURIQAN.jpg\",\"contentUrl\":\"https:\/\/www.visit-ulcinj.com\/blog\/wp-content\/uploads\/2011\/08\/KUFIRI-SUKUBIN-MURIQAN.jpg\",\"width\":\"629\",\"height\":\"367\"},{\"@type\":\"WebPage\",\"@id\":\"https:\/\/www.visit-ulcinj.com\/blog\/2011\/08\/17\/bashkepunim-i-mire-mes-policise-shqiptare-dhe-asaj-malazeze\/#webpage\",\"url\":\"https:\/\/www.visit-ulcinj.com\/blog\/2011\/08\/17\/bashkepunim-i-mire-mes-policise-shqiptare-dhe-asaj-malazeze\/\",\"name\":\"Bashk\u00ebpunim i mir\u00eb mes policis\u00eb shqiptare dhe asaj malazeze - Lajme nga Ulqini\",\"isPartOf\":{\"@id\":\"https:\/\/www.visit-ulcinj.com\/blog\/#website\"},\"primaryImageOfPage\":{\"@id\":\"https:\/\/www.visit-ulcinj.com\/blog\/2011\/08\/17\/bashkepunim-i-mire-mes-policise-shqiptare-dhe-asaj-malazeze\/#primaryimage\"},\"datePublished\":\"2011-08-17T22:40:38+00:00\",\"dateModified\":\"2011-08-17T22:40:38+00:00\",\"author\":{\"@id\":\"https:\/\/www.visit-ulcinj.com\/blog\/#\/schema\/person\/dcab619c614d3038751c63bc2aadc06d\"},\"description\":\"Podgoric\u00eb, 17 gusht -\u00a0 Nj\u00eb delegacion i Policis\u00eb s\u00eb Republik\u00ebs s\u00eb Shqip\u00ebris\u00eb, me n\u00eb krye zv\/drejtorin e p\u00ebrgjithsh\u00ebm t\u00eb saj, Rasim Boriqi, komandanti i\",\"breadcrumb\":{\"@id\":\"https:\/\/www.visit-ulcinj.com\/blog\/2011\/08\/17\/bashkepunim-i-mire-mes-policise-shqiptare-dhe-asaj-malazeze\/#breadcrumb\"},\"inLanguage\":\"en-US\",\"potentialAction\":[{\"@type\":\"ReadAction\",\"target\":[\"https:\/\/www.visit-ulcinj.com\/blog\/2011\/08\/17\/bashkepunim-i-mire-mes-policise-shqiptare-dhe-asaj-malazeze\/\"]}]},{\"@type\":\"BreadcrumbList\",\"@id\":\"https:\/\/www.visit-ulcinj.com\/blog\/2011\/08\/17\/bashkepunim-i-mire-mes-policise-shqiptare-dhe-asaj-malazeze\/#breadcrumb\",\"itemListElement\":[{\"@type\":\"ListItem\",\"position\":1,\"name\":\"Bashk\u00ebpunim i mir\u00eb mes policis\u00eb shqiptare dhe asaj malazeze\"}]},{\"@type\":\"Person\",\"@id\":\"https:\/\/www.visit-ulcinj.com\/blog\/#\/schema\/person\/dcab619c614d3038751c63bc2aadc06d\",\"name\":\"ulqini\",\"sameAs\":[\"http:\/\/www.visit-ulcinj.com\"],\"url\":\"https:\/\/www.visit-ulcinj.com\/blog\/author\/admin\/\"}]}<\/script>\n<!-- \/ Yoast SEO plugin. -->","yoast_head_json":{"title":"Bashk\u00ebpunim i mir\u00eb mes policis\u00eb shqiptare dhe asaj malazeze - Lajme nga Ulqini","description":"Podgoric\u00eb, 17 gusht -\u00a0 Nj\u00eb delegacion i Policis\u00eb s\u00eb Republik\u00ebs s\u00eb Shqip\u00ebris\u00eb, me n\u00eb krye zv\/drejtorin e p\u00ebrgjithsh\u00ebm t\u00eb saj, Rasim Boriqi, komandanti i","robots":{"index":"index","follow":"follow","max-snippet":"max-snippet:-1","max-image-preview":"max-image-preview:large","max-video-preview":"max-video-preview:-1"},"canonical":"https:\/\/www.visit-ulcinj.com\/blog\/2011\/08\/17\/bashkepunim-i-mire-mes-policise-shqiptare-dhe-asaj-malazeze\/","og_locale":"en_US","og_type":"article","og_title":"Bashk\u00ebpunim i mir\u00eb mes policis\u00eb shqiptare dhe asaj malazeze - Lajme nga Ulqini","og_description":"Podgoric\u00eb, 17 gusht -\u00a0 Nj\u00eb delegacion i Policis\u00eb s\u00eb Republik\u00ebs s\u00eb Shqip\u00ebris\u00eb, me n\u00eb krye zv\/drejtorin e p\u00ebrgjithsh\u00ebm t\u00eb saj, Rasim Boriqi, komandanti i","og_url":"https:\/\/www.visit-ulcinj.com\/blog\/2011\/08\/17\/bashkepunim-i-mire-mes-policise-shqiptare-dhe-asaj-malazeze\/","og_site_name":"Lajme nga Ulqini","article_published_time":"2011-08-17T22:40:38+00:00","og_image":[{"url":"http:\/\/www.visit-ulcinj.com\/blog\/wp-content\/uploads\/2011\/08\/KUFIRI-SUKUBIN-MURIQAN.jpg"}],"twitter_misc":{"Written by":"ulqini","Est. reading time":"1 minute"},"schema":{"@context":"https:\/\/schema.org","@graph":[{"@type":"WebSite","@id":"https:\/\/www.visit-ulcinj.com\/blog\/#website","url":"https:\/\/www.visit-ulcinj.com\/blog\/","name":"Lajme nga Ulqini","description":"Lajme,Vijesti,Ulqini,Ulqin,Crna Gora,Mali i Zi","potentialAction":[{"@type":"SearchAction","target":{"@type":"EntryPoint","urlTemplate":"https:\/\/www.visit-ulcinj.com\/blog\/?s={search_term_string}"},"query-input":"required name=search_term_string"}],"inLanguage":"en-US"},{"@type":"ImageObject","inLanguage":"en-US","@id":"https:\/\/www.visit-ulcinj.com\/blog\/2011\/08\/17\/bashkepunim-i-mire-mes-policise-shqiptare-dhe-asaj-malazeze\/#primaryimage","url":"https:\/\/www.visit-ulcinj.com\/blog\/wp-content\/uploads\/2011\/08\/KUFIRI-SUKUBIN-MURIQAN.jpg","contentUrl":"https:\/\/www.visit-ulcinj.com\/blog\/wp-content\/uploads\/2011\/08\/KUFIRI-SUKUBIN-MURIQAN.jpg","width":"629","height":"367"},{"@type":"WebPage","@id":"https:\/\/www.visit-ulcinj.com\/blog\/2011\/08\/17\/bashkepunim-i-mire-mes-policise-shqiptare-dhe-asaj-malazeze\/#webpage","url":"https:\/\/www.visit-ulcinj.com\/blog\/2011\/08\/17\/bashkepunim-i-mire-mes-policise-shqiptare-dhe-asaj-malazeze\/","name":"Bashk\u00ebpunim i mir\u00eb mes policis\u00eb shqiptare dhe asaj malazeze - Lajme nga Ulqini","isPartOf":{"@id":"https:\/\/www.visit-ulcinj.com\/blog\/#website"},"primaryImageOfPage":{"@id":"https:\/\/www.visit-ulcinj.com\/blog\/2011\/08\/17\/bashkepunim-i-mire-mes-policise-shqiptare-dhe-asaj-malazeze\/#primaryimage"},"datePublished":"2011-08-17T22:40:38+00:00","dateModified":"2011-08-17T22:40:38+00:00","author":{"@id":"https:\/\/www.visit-ulcinj.com\/blog\/#\/schema\/person\/dcab619c614d3038751c63bc2aadc06d"},"description":"Podgoric\u00eb, 17 gusht -\u00a0 Nj\u00eb delegacion i Policis\u00eb s\u00eb Republik\u00ebs s\u00eb Shqip\u00ebris\u00eb, me n\u00eb krye zv\/drejtorin e p\u00ebrgjithsh\u00ebm t\u00eb saj, Rasim Boriqi, komandanti i","breadcrumb":{"@id":"https:\/\/www.visit-ulcinj.com\/blog\/2011\/08\/17\/bashkepunim-i-mire-mes-policise-shqiptare-dhe-asaj-malazeze\/#breadcrumb"},"inLanguage":"en-US","potentialAction":[{"@type":"ReadAction","target":["https:\/\/www.visit-ulcinj.com\/blog\/2011\/08\/17\/bashkepunim-i-mire-mes-policise-shqiptare-dhe-asaj-malazeze\/"]}]},{"@type":"BreadcrumbList","@id":"https:\/\/www.visit-ulcinj.com\/blog\/2011\/08\/17\/bashkepunim-i-mire-mes-policise-shqiptare-dhe-asaj-malazeze\/#breadcrumb","itemListElement":[{"@type":"ListItem","position":1,"name":"Bashk\u00ebpunim i mir\u00eb mes policis\u00eb shqiptare dhe asaj malazeze"}]},{"@type":"Person","@id":"https:\/\/www.visit-ulcinj.com\/blog\/#\/schema\/person\/dcab619c614d3038751c63bc2aadc06d","name":"ulqini","sameAs":["http:\/\/www.visit-ulcinj.com"],"url":"https:\/\/www.visit-ulcinj.com\/blog\/author\/admin\/"}]}},"jetpack_featured_media_url":"","jetpack_sharing_enabled":true,"jetpack_shortlink":"https:\/\/wp.me\/pe6lTn-cYC","_links":{"self":[{"href":"https:\/\/www.visit-ulcinj.com\/blog\/wp-json\/wp\/v2\/posts\/49886"}],"collection":[{"href":"https:\/\/www.visit-ulcinj.com\/blog\/wp-json\/wp\/v2\/posts"}],"about":[{"href":"https:\/\/www.visit-ulcinj.com\/blog\/wp-json\/wp\/v2\/types\/post"}],"author":[{"embeddable":true,"href":"https:\/\/www.visit-ulcinj.com\/blog\/wp-json\/wp\/v2\/users\/1"}],"replies":[{"embeddable":true,"href":"https:\/\/www.visit-ulcinj.com\/blog\/wp-json\/wp\/v2\/comments?post=49886"}],"version-history":[{"count":1,"href":"https:\/\/www.visit-ulcinj.com\/blog\/wp-json\/wp\/v2\/posts\/49886\/revisions"}],"predecessor-version":[{"id":49888,"href":"https:\/\/www.visit-ulcinj.com\/blog\/wp-json\/wp\/v2\/posts\/49886\/revisions\/49888"}],"wp:attachment":[{"href":"https:\/\/www.visit-ulcinj.com\/blog\/wp-json\/wp\/v2\/media?parent=49886"}],"wp:term":[{"taxonomy":"category","embeddable":true,"href":"https:\/\/www.visit-ulcinj.com\/blog\/wp-json\/wp\/v2\/categories?post=49886"},{"taxonomy":"post_tag","embeddable":true,"href":"https:\/\/www.visit-ulcinj.com\/blog\/wp-json\/wp\/v2\/tags?post=49886"}],"curies":[{"name":"wp","href":"https:\/\/api.w.org\/{rel}","templated":true}]}}