{"id":49891,"date":"2011-08-17T23:55:50","date_gmt":"2011-08-17T22:55:50","guid":{"rendered":"http:\/\/www.visit-ulcinj.com\/blog\/?p=49891"},"modified":"2011-08-17T23:55:50","modified_gmt":"2011-08-17T22:55:50","slug":"genta-ismajli-jam-e-pasur-por-skam-te-dashur","status":"publish","type":"post","link":"https:\/\/www.visit-ulcinj.com\/blog\/2011\/08\/17\/genta-ismajli-jam-e-pasur-por-skam-te-dashur\/","title":{"rendered":"Genta Ismajli: Jam e pasur por s&#8217;kam te dashur"},"content":{"rendered":"<p><a href=\"http:\/\/www.visit-ulcinj.com\/blog\/wp-content\/uploads\/2011\/08\/genta-ismajli.jpg\"><img loading=\"lazy\" class=\"alignleft size-full wp-image-49892\" title=\"genta-ismajli\" src=\"http:\/\/www.visit-ulcinj.com\/blog\/wp-content\/uploads\/2011\/08\/genta-ismajli.jpg\" alt=\"\" width=\"508\" height=\"347\" \/><\/a>Genta Ismajli, k\u00ebng\u00ebtarja q\u00eb me bukurin\u00eb dhe hitet e saj \u00ebsht\u00eb kthyer prej vitesh n\u00eb nj\u00eb yll t\u00eb sken\u00ebs shqiptare, do t\u00eb vij\u00eb sot n\u00eb nj\u00eb rr\u00ebfim special per \u201cGazeten Shqiptare\u201d \u2026 Pa doreza, e drejtp\u00ebrdrejt\u00eb dhe e prer\u00eb n\u00eb p\u00ebrgjigjet e saj, k\u00ebng\u00ebtarja seksi tregon p\u00ebr t\u00eb rejat m\u00eb t\u00eb fundit n\u00eb jet\u00ebn private e artistike\u2026<\/p>\n<p>Albumi i ri n\u00ebn titullin \u201cGuximi\u201d ka vet\u00ebm pak jav\u00eb q\u00eb \u00ebsht\u00eb n\u00eb treg, por si\u00e7 pohon dhe vet\u00eb Genta, suksesi ka qen\u00eb evident q\u00eb n\u00eb dit\u00ebt e para\u2026Prova m\u00eb e mir\u00eb p\u00ebr k\u00ebt\u00eb sukses jan\u00eb klikimet n\u00eb videoklipin e k\u00ebng\u00ebs prej t\u00eb cilit ka marr\u00eb edhe titullin ky album, pik\u00ebrisht \u201cGuximi\u201d<\/p>\n<p>Por nd\u00ebrkoh\u00eb, koncertet e saj t\u00eb tejmbushura me njer\u00ebz e fansat q\u00eb dita-dit\u00ebs rriten n\u00eb profilin e saj zyrtar n\u00eb \u2018Facebook\u2019, jan\u00eb nj\u00eb tjet\u00ebr d\u00ebshmi p\u00ebr suksesin q\u00eb \u00ebsht\u00eb skalitur n\u00ebn emrin e k\u00ebng\u00ebtares Genta Ismajli\u2026Sa i p\u00ebrket jet\u00ebs private, ajo ende s\u2019e ka gjetur mashkullin me t\u00eb cilin k\u00ebrkon t\u00eb ndaj\u00eb jet\u00ebn, t\u00eb krijoj\u00eb nj\u00eb familje, e t\u00eb ket\u00eb sa m\u00eb shum\u00eb f\u00ebmij\u00eb\u2026<\/p>\n<p><strong>Kur ke lindur, n\u00eb \u00e7far\u00eb ore dhe \u00e7far\u00eb dite t\u00eb jav\u00ebs?<\/strong><\/p>\n<p>Kam lindur n\u00eb or\u00ebn 6 t\u00eb m\u00ebngjesit, m\u00eb dat\u00eb 12 prill t\u00eb vitit 1984, n\u00eb mos gaboj ka qen\u00eb dit\u00eb e mart\u00eb.<\/p>\n<p><strong>\u00c7far\u00eb t\u00eb ka treguar n\u00ebna p\u00ebr dit\u00ebn e par\u00eb q\u00eb ke ardhur n\u00eb jet\u00eb?<\/strong><\/p>\n<p>Edhe ajo, si \u00e7do n\u00ebn\u00eb tjet\u00ebr n\u00eb ato momente, \u00ebsht\u00eb veshur nga emocione t\u00eb pap\u00ebrshkrueshme dhe ka derdhur lot g\u00ebzimi.<\/p>\n<p><strong>Kush ta ka v\u00ebn\u00eb emrin dhe \u00e7\u2019dometh\u00ebnie ka ai?<\/strong><\/p>\n<p>Emri m\u00eb \u00ebsht\u00eb vendosur me konsensus nga t\u00eb dy prind\u00ebrit, nd\u00ebrsa dometh\u00ebnia e tij lidhet m\u00eb nj\u00eb lule sh\u00ebruese dhe lidhur me k\u00ebt\u00eb, un\u00eb p\u00ebrpiqem gjithmon\u00eb t\u2019i sh\u00ebroj miqt\u00eb e mi shpirt\u00ebrisht.<\/p>\n<p><strong>Je e mendimit q\u00eb emri duhet t\u00eb trash\u00ebgohet n\u00eb brezat pasardh\u00ebs dhe pse?<\/strong><\/p>\n<p>Un\u00eb mendoj se trash\u00ebgimi i emrit n\u00eb brezat pasardh\u00ebs \u00ebsht\u00eb di\u00e7ka interesante dhe un\u00eb do t\u00eb ndihesha mjaft mir\u00eb n\u00ebse mbesa ime do t\u00eb kishte t\u00eb nj\u00ebjtin em\u00ebr si un\u00eb nes\u00ebr.<\/p>\n<p><strong><a href=\"http:\/\/www.visit-ulcinj.com\/blog\/wp-content\/uploads\/2011\/08\/genta-ismajli.1.jpg\"><img loading=\"lazy\" class=\"alignleft size-full wp-image-49893\" title=\"genta-ismajli.1\" src=\"http:\/\/www.visit-ulcinj.com\/blog\/wp-content\/uploads\/2011\/08\/genta-ismajli.1.jpg\" alt=\"\" width=\"300\" height=\"400\" \/><\/a>Kujtimi m\u00eb i bukur q\u00eb mban mend nga f\u00ebmij\u00ebria?<\/strong><\/p>\n<p>Kujtime t\u00eb bukura q\u00eb m\u00eb vijn\u00eb n\u00eb k\u00ebto momente n\u00eb mendje nga f\u00ebmij\u00ebria jan\u00eb t\u00eb pafundme, kjo ma b\u00ebn edhe m\u00eb t\u00eb v\u00ebshtir\u00eb t\u00eb ve\u00e7oj nj\u00eb prej tyre. Kam pasur nj\u00eb f\u00ebmij\u00ebri t\u00eb bukur, t\u00eb mbushur me shum\u00eb \u00ebndrra dhe d\u00ebshira, mes t\u00eb cilave m\u00eb t\u00eb madhen e kam realizuar tashm\u00eb. Mbaj mend q\u00eb kur isha f\u00ebmij\u00eb, e dashuroja muzik\u00ebn, isha e ndjeshme ndaj \u00e7do lloj zhurme t\u00eb vazhdueshme. Besoj se e dini historin\u00eb time q\u00eb kur lavatri\u00e7ja ishte n\u00eb pun\u00eb, un\u00eb k\u00ebrceja me zhurm\u00ebn e saj.<\/p>\n<p><strong>M\u00eb pas, m\u00eb trego ndonj\u00eb episod nga adoleshenca?<\/strong><\/p>\n<p>Edhe adoleshenc\u00ebn e konsideroj gjithashtu nj\u00eb stin\u00eb t\u00eb bukur e t\u00eb qet\u00eb n\u00eb jet\u00ebn time, stin\u00eb n\u00eb t\u00eb cil\u00ebn u form\u00ebsua \u00ebndrra ime p\u00ebr t\u00eb k\u00ebnduar\u2026Jan\u00eb disa momente q\u00eb mbeten gjat\u00eb n\u00eb kujtes\u00eb, nj\u00eb t\u00eb till\u00eb un\u00eb e kam p\u00ebrjetuar n\u00eb adoleshenc\u00eb dhe ka qen\u00eb pik\u00ebrisht koha kur u ktheva p\u00ebrfundimisht n\u00eb Kosov\u00eb. Kisha ardhur ve\u00e7 p\u00ebr disa dit\u00eb, nd\u00ebrkoh\u00eb q\u00eb u shp\u00ebrngula p\u00ebrfundimisht aty\u2026<\/p>\n<p><strong>Do t\u00eb t\u00eb pyes pak p\u00ebr shkoll\u00ebn tani\u2026Ke qen\u00eb nj\u00eb nx\u00ebn\u00ebse e mir\u00eb?<\/strong><\/p>\n<p>Mund t\u00eb them vet\u00ebm se kam pasur vullnet t\u00eb hekurt gjithnj\u00eb p\u00ebr t\u00eb arritur gj\u00ebrat q\u00eb d\u00ebshiroja. Ndaj sa her\u00eb i vija vetes si q\u00ebllim q\u00eb t\u00eb merrja nj\u00eb dhjet\u00eb, padyshim q\u00eb ia dilja.<\/p>\n<p><strong>I mban mend shoqet e gjimnazit apo t\u00eb shkoll\u00ebs fillore, vazhdon t\u00eb shoq\u00ebrohesh me ndonj\u00eb prej tyre?<\/strong><\/p>\n<p>P\u00ebrgjith\u00ebsisht i ruaj gjat\u00eb miq\u00ebsit\u00eb dhe si pasoj\u00eb kam ende kontakte me disa nga shoqet e f\u00ebmij\u00ebris\u00eb. V\u00ebrtet mund t\u00eb takohemi rrall\u00eb p\u00ebr shkak t\u00eb angazhimeve t\u00eb shumta q\u00eb un\u00eb kam, por gjithsesi, sa her\u00eb dal me to ndihem e lumtur dhe e \u00e7liruar, kaloj or\u00eb t\u00eb t\u00ebra duke biseduar dhe asnj\u00ebher\u00eb s\u2019m\u00ebrzitem. Jan\u00eb shoqet q\u00eb m\u00eb kuptojn\u00eb m\u00eb s\u00eb miri, t\u00eb gatshme p\u00ebr t\u00eb m\u00eb d\u00ebgjuar sa her\u00eb un\u00eb kam nevoj\u00eb.<\/p>\n<p><strong>Si \u00ebsht\u00eb Genta n\u00eb shoq\u00ebri?<\/strong><\/p>\n<p>Jepem me shpirt, dhuroj shum\u00eb dashuri dhe sinqeritet, ndon\u00ebse sa vjen e m\u00eb shum\u00eb kuptoj q\u00eb nuk duhet t\u00eb jem gjithmon\u00eb e till\u00eb. Shum\u00eb njer\u00ebz nuk duan t\u00eb t\u00eb shikojn\u00eb mir\u00eb, pavar\u00ebsisht se ti d\u00ebshiron \u00e7do her\u00eb m\u00eb t\u00eb mir\u00ebn p\u00ebr ta. Megjithat\u00eb, tani kam arritur t\u2019i njoh njer\u00ebzit dhe them me plot bindje q\u00eb ndihem e lumtur p\u00ebr miqt\u00eb e rrall\u00eb q\u00eb kam, p\u00ebr ata t\u00eb v\u00ebrtet\u00ebt e kam fjal\u00ebn.<\/p>\n<p><strong>Po n\u00eb Shqip\u00ebri ka miq Genta?<\/strong><\/p>\n<p>Kam edhe k\u00ebtu disa miq e mikesha t\u00eb mira. Njer\u00ebz t\u00eb cil\u00ebt dua t\u2019i takoj \u00e7do her\u00eb kur jam k\u00ebtu, pasi v\u00ebrtet sikur \u00e7lodhem me ta, kaloj shum\u00eb bukur.<\/p>\n<p><strong>Ke sh\u00ebnuar jo pak suksese gjat\u00eb karrier\u00ebs t\u00ebnde n\u00eb Shqip\u00ebri. \u00c7far\u00eb \u00ebsht\u00eb p\u00ebr ty Shqip\u00ebria?<\/strong><\/p>\n<p>\u00cbsht\u00eb shum\u00eb e v\u00ebrtet\u00eb q\u00eb kam sh\u00ebnuar jo pak suksese n\u00eb Shqip\u00ebri. Shqip\u00ebria \u00ebsht\u00eb ajo pjes\u00eb e shpirtit tim, n\u00eb t\u00eb cil\u00ebn jan\u00eb t\u00eb gdhendura vet\u00ebm kujtime t\u00eb bukura. E dua shum\u00eb Shqip\u00ebrin\u00eb dhe shqiptar\u00ebt.<\/p>\n<p><strong><a href=\"http:\/\/www.visit-ulcinj.com\/blog\/wp-content\/uploads\/2011\/08\/genta-ismajli.2.jpg\"><img loading=\"lazy\" class=\"alignleft size-full wp-image-49894\" title=\"genta-ismajli.2\" src=\"http:\/\/www.visit-ulcinj.com\/blog\/wp-content\/uploads\/2011\/08\/genta-ismajli.2.jpg\" alt=\"\" width=\"340\" height=\"504\" \/><\/a>Kur je k\u00ebtu, si t\u00eb presin fansat?<\/strong><\/p>\n<p>M\u00eb p\u00ebrsh\u00ebndesin n\u00eb rrug\u00eb, duan t\u00eb b\u00ebjn\u00eb fotografi, m\u00eb shkruajn\u00eb n\u00eb rrjetet sociale. K\u00ebtu ndihesh m\u00eb VIP se n\u00eb Kosov\u00eb.<\/p>\n<p><strong>Cili \u00ebsht\u00eb komplimenti q\u00eb t\u00eb p\u00eblqen m\u00eb shum\u00eb?<\/strong><\/p>\n<p>Mbi t\u00eb gjitha m\u00eb p\u00eblqen kur m\u00eb thon\u00eb q\u00eb u p\u00eblqen personaliteti, karakteri dhe zemra ime. Kjo \u00ebsht\u00eb lumturia m\u00eb e madhe. Ky \u00ebsht\u00eb q\u00ebllimi im n\u00eb jet\u00eb.<\/p>\n<p><strong>Cila \u00ebsht\u00eb surpriza m\u00eb e bukur q\u00eb t\u00eb kan\u00eb b\u00ebr\u00eb fansat?<\/strong><\/p>\n<p>Surpriza t\u00eb bukura un\u00eb marr pothuajse \u00e7do dit\u00eb, ato jan\u00eb letrat q\u00eb m\u00eb vijn\u00eb nga fansat e mi, sa her\u00eb hap der\u00ebn n\u00eb m\u00ebngjes ose kur i afrohem makin\u00ebs, gjej aty letrat e adhuruesve te mi, t\u00eb m\u00ebdhenj e t\u00eb vegj\u00ebl, pleq e f\u00ebmij\u00eb\u2026Ndonj\u00ebher\u00eb m\u00eb b\u00ebjn\u00eb edhe deklarata dashurie aty\u2026Por ato q\u00eb m\u00eb g\u00ebzojn\u00eb pa mas\u00eb jan\u00eb letrat q\u00eb vijn\u00eb nga f\u00ebmij\u00ebt, t\u00eb cil\u00ebt e shprehin dashurin\u00eb kundrejt meje n\u00eb forma shum\u00eb interesante, k\u00ebto dit\u00eb n\u00eb fakt jan\u00eb edhe dit\u00ebt e mia m\u00eb t\u00eb bukura.<\/p>\n<p><strong>T\u00eb flasim pak tani p\u00ebr muzik\u00ebn, p\u00ebr albumin t\u00ebnd t\u00eb fundit. Si \u00ebsht\u00eb pritur ai?<\/strong><\/p>\n<p>P\u00ebr fatin tim t\u00eb mir\u00eb, puna q\u00eb kam b\u00ebr\u00eb gjith\u00eb k\u00ebto muaj po shp\u00ebrblehet. Fansat e mi m\u00eb kan\u00eb vler\u00ebsuar maksimalisht p\u00ebr albumin e ri, \u00e7do dit\u00eb m\u00eb shkruajn\u00eb komplimente p\u00ebr k\u00ebng\u00ebt q\u00eb p\u00ebrmban CD-ja dhe ndihem v\u00ebrtet shum\u00eb e lumtur. Sakaq, k\u00ebng\u00ebt jan\u00eb n\u00eb shitje edhe n\u00eb i-Tunes dhe jam e surprizuar nga shifrat e deritanishme. Nuk di \u00e7\u2019t\u00eb them, jam pa fjal\u00eb dhe i falenderoj pafund t\u00eb gjith\u00eb ata q\u00eb m\u00eb kan\u00eb p\u00ebrkrahur.<\/p>\n<p><strong>Sa e v\u00ebshtir\u00eb \u00ebsht\u00eb t\u00eb realizosh nj\u00eb album?<\/strong><\/p>\n<p>Nuk \u00ebsht\u00eb aspak e leht\u00eb t\u00eb realizosh nj\u00eb album, sidomos kur \u00ebsht\u00eb n\u00eb mes emri im, Genta Ismajli. E them k\u00ebt\u00eb, sepse un\u00eb kam nj\u00eb pesh\u00eb shum\u00eb t\u00eb madhe, nj\u00eb p\u00ebrgjegj\u00ebsi t\u00eb pamas\u00eb para publikut. Prandaj gjithmon\u00eb mundohem t\u00eb mos b\u00ebj gabime, edhe pse si njeri un\u00eb b\u00ebj gabime.<\/p>\n<p>Megjithat\u00eb, dua ta mbaj fjal\u00ebn e dh\u00ebn\u00eb adhuruesve t\u00eb mi, ndaj edhe solla nj\u00eb album si \u201cGuximi\u201d. E kam b\u00ebr\u00eb me shum\u00eb k\u00ebnaq\u00ebsi, kan\u00eb punuar shum\u00eb persona t\u00eb suksessh\u00ebm p\u00ebr k\u00ebng\u00ebt e mia, ka qen\u00eb nj\u00eb eksperienc\u00eb, besom\u00ebni, \u2013 e \u00e7mendur. Kam vite q\u00eb punoj p\u00ebr k\u00ebt\u00eb album, sidomos p\u00ebr k\u00ebng\u00ebt n\u00eb anglisht q\u00eb jan\u00eb futur si bonus aty, nd\u00ebrsa p\u00ebr k\u00ebng\u00ebt n\u00eb shqip kam punuar p\u00ebrreth nj\u00eb vit.<\/p>\n<p><strong>Po fansat e tu n\u00eb Shqip\u00ebri ku mund ta gjejn\u00eb albumin?<\/strong><\/p>\n<p>N\u00eb t\u00eb gjitha pikat e karburanteve \u201cAlpet\u201d, ve\u00e7 aty do ta gjejn\u00eb albumin tim origjinal.<\/p>\n<p>Albumi n\u00eb fakt \u00ebsht\u00eb piratuar nga t\u00eb tjera kompani diskografike dhe si\u00e7 kemi m\u00ebsuar, ti je detyruar ta \u00e7osh n\u00eb gjykat\u00eb \u00e7\u00ebshtjen\u2026<\/p>\n<p>\u00cbsht\u00eb m\u00ebse e v\u00ebrtet\u00eb kjo q\u00eb po thoni. Sht\u00ebpi diskografike q\u00eb synojn\u00eb t\u00eb p\u00ebrfitojn\u00eb n\u00eb kurrizin tim, kan\u00eb nxjerr\u00eb n\u00eb shtije CD, pa marr\u00eb miratimin tim. M\u00eb vjen keq p\u00ebr k\u00ebt\u00eb, sepse nuk \u00ebsht\u00eb mir\u00eb q\u00eb t\u00eb luash me pun\u00ebn e tjetrit, megjithat\u00eb uroj q\u00eb drejt\u00ebsia t\u00eb vendoset dhe ata t\u00eb marrin d\u00ebnimin e merituar.<\/p>\n<p><strong>N\u00eb faqen t\u00ebnde shikojm\u00eb \u00e7do dit\u00eb nj\u00eb njoftim t\u00eb ri p\u00ebr koncerte\u2026 Sa e v\u00ebshtir\u00eb b\u00ebhet p\u00ebr ty prezenca n\u00eb secilin prej tyre?<\/strong><\/p>\n<p>P\u00ebr sa koh\u00eb e di q\u00eb aty jan\u00eb fansat e mi, asgj\u00eb nuk \u00ebsht\u00eb e v\u00ebshtir\u00eb\u2026 Duartrokitjet e tyre mposhtin \u00e7do lodhje timen.<\/p>\n<p><strong>Besoj se me kaq shum\u00eb koncerte edhe fitohet shum\u00eb, a jan\u00eb t\u00eb pasur k\u00ebng\u00ebtar\u00ebt shqiptar\u00eb?<\/strong><\/p>\n<p>Un\u00eb besoj se po, edhe pse sa m\u00eb shum\u00eb t\u00eb kesh, aq m\u00eb shum\u00eb k\u00ebrkon dhe nuk ua di vler\u00ebn parave. Njeriu duhet t\u00eb jet\u00eb i k\u00ebnaqur me at\u00eb q\u00eb ka. Un\u00eb e kam zakon q\u00eb kur ulem t\u00eb ha nj\u00eb ndonj\u00eb restorant t\u00eb shtrenjt\u00eb, mendoj ata persona q\u00eb nuk kan\u00eb t\u00eb han\u00eb buk\u00eb n\u00eb sht\u00ebpit\u00eb e tyre.<\/p>\n<p>E fal\u00ebnderoj Zotin p\u00ebr gjith\u00e7ka q\u00eb m\u00eb ka dhuruar, jam e k\u00ebnaqur p\u00ebr k\u00ebto q\u00eb kam, por natyrisht q\u00eb dua t\u00eb arrij edhe m\u00eb shum\u00eb p\u00ebr disa arsye: q\u00eb t\u00eb jem e lumtur, q\u00eb t\u00eb ndihmoj njer\u00ebzit e tjer\u00eb dhe p\u00ebr ta b\u00ebr\u00eb k\u00ebt\u00eb, dua t\u00eb kem m\u00eb shum\u00eb para sesa kam tani.<\/p>\n<p><strong>Po gjithsesi ke shum\u00eb apo jo?<\/strong><\/p>\n<p>Kam aq sa m\u00eb duhen p\u00ebr t\u00eb b\u00ebr\u00eb nj\u00eb jet\u00eb t\u00eb mir\u00eb.<\/p>\n<p><strong>Kemi lexuar kaq shum\u00eb p\u00ebr ty s\u00eb fundmi, \u00e7do dit\u00eb thuajse megjithat\u00eb ende asnj\u00eb t\u00eb re sa i p\u00ebrket jet\u00ebs private. \u00cbsht\u00eb e v\u00ebrtet\u00eb q\u00eb ende nuk ke gjetur dik\u00eb me t\u00eb cilin t\u00eb ndash ndjenjat?<\/strong><\/p>\n<p>\u00cbsht\u00eb shum\u00eb e v\u00ebrtet\u00eb, si\u00e7 e thua dhe ti prej koh\u00ebsh nuk kam nj\u00eb mashkull n\u00eb krah, nuk e mbaj mend q\u00eb kur nuk kam dal\u00eb p\u00ebr her\u00eb t\u00eb fundit me nj\u00eb t\u00eb till\u00eb, ndoshta para 1 viti, ose edhe 2.<\/p>\n<p><strong>Nuk e ndien nevoj\u00ebn p\u00ebr t\u00eb pasur dik\u00eb n\u00eb krah?<\/strong><\/p>\n<p>I jam p\u00ebrkushtuar maksimalisht pun\u00ebs, karrier\u00ebs, muzik\u00ebs gjat\u00eb gjith\u00eb k\u00ebsaj kohe. Normalisht q\u00eb kam simpati, si gjith\u00eb t\u00eb tjer\u00ebt, p.sh., kur shkoj n\u00eb ndonj\u00eb fest\u00eb, apo edhe kur dal\u00eb ndonj\u00ebher\u00eb mbr\u00ebmjeve ia ngul syt\u00eb ndonj\u00eb djali, afeksionohem ndaj tij, por ve\u00e7 kaq. V\u00ebrtet, ndonj\u00ebher\u00eb e ndjej shum\u00eb t\u00eb nevojshme prezenc\u00ebn e nj\u00eb mashkulli n\u00eb jet\u00ebn time, po gjithsesi p\u00ebr shum\u00eb pak m\u00eb ndodh kjo. Fansat, muzika, familja m\u00eb mbushin me jet\u00eb dhe dashuri\u2026<\/p>\n<p><strong>Po pse kjo gjendje\u2026Nuk \u00ebsht\u00eb momenti p\u00ebr ty, apo p\u00ebr meshkujt? Ende s\u2019e ka marr\u00eb guximin ndonj\u00ebri prej atyre q\u00eb ti p\u00eblqen t\u00eb t\u00eb shpreh\u00eb ndjenjat?<\/strong><\/p>\n<p>Nuk di t\u00eb jap nj\u00eb p\u00ebrgjigje\u2026Un\u00eb po pres q\u00eb personi i duhur t\u00eb trokas\u00eb n\u00eb zemr\u00ebn time\u2026Mund t\u00eb jet\u00eb edhe dashuri me shikim t\u00eb par\u00eb. Un\u00eb d\u00ebshiroj shum\u00eb q\u00eb t\u00eb kem dik\u00eb pran\u00eb, sepse t\u00eb gjith\u00eb duan t\u00eb ken\u00eb nj\u00eb person special n\u00eb jet\u00eb.<\/p>\n<p>Por, mesa kam v\u00ebrejtur, ky nuk ka qen\u00eb viti i dashuris\u00eb, pasi un\u00eb ende nuk e kam gjetur nj\u00eb mashkull, nuk do dal n\u00eb rrug\u00eb dhe t\u00eb them: \u201cHej, hajde ti k\u00ebtu\u201d. Nuk e kam gjetur dik\u00eb q\u00eb t\u00eb m\u00eb p\u00ebrshtatet.<\/p>\n<p>Kur mashkulli q\u00eb pret t\u00eb trokas\u00eb n\u00eb zemr\u00ebn t\u00ebnde, ti do t\u00eb krijosh familje?<\/p>\n<p>Sigurisht, do krijoj familje dhe do b\u00ebj f\u00ebmij\u00eb. Un\u00eb i dua f\u00ebmij\u00ebt shum\u00eb dhe n\u00ebse do gjej personin e duhur, do b\u00ebj f\u00ebmij\u00eb, patjet\u00ebr.<\/p>\n<p><strong>Do t\u00eb hiqje dor\u00eb nga muzika p\u00ebr t\u00eb krijuar familje?<\/strong><\/p>\n<p>P\u00ebr nj\u00eb far\u00eb kohe, po. Mendoj se gjith\u00e7ka n\u00eb jet\u00eb meriton koh\u00ebn e vet, por sigurisht q\u00eb muzika \u00ebsht\u00eb oksigjen n\u00eb jet\u00ebn time dhe s\u2019mund t\u00eb jetoj shum\u00eb gjat\u00eb pa t\u00eb. Ndaj do t\u2019i rikthehem pas krijimit t\u00eb familjes\u2026<\/p>\n<p><strong>Si p\u00ebrfundim, ke planifikuar pushime k\u00ebt\u00eb vit?<\/strong><\/p>\n<p>Ende jo, edhe vet\u00eb m\u00eb lart konstatove at\u00eb q\u00eb un\u00eb po jetoj. Kam p\u00ebrdit\u00eb koncerte dhe \u00ebsht\u00eb e pamundur t\u00eb gjej disa dit\u00eb pushimi p\u00ebr veten time\u2026Puna p\u00ebr albumin m\u00eb ka marr\u00eb shum\u00eb koh\u00eb, por megjithat\u00eb shpresoj t\u00eb gjej disa dit\u00eb n\u00eb shtator p\u00ebr t\u2019ia kushtuar vetes sime.<\/p>\n<p><strong>\u00c7far\u00eb destinacioni zgjedh zakonisht p\u00ebr pushime?<\/strong><\/p>\n<p>Shkoj n\u00eb Ulqin, para se t\u00eb nis\u00eb sezoni i pushimeve, \u00ebsht\u00eb shum\u00eb bukur atje, por vij edhe k\u00ebtu n\u00eb Shqip\u00ebri, m\u00eb p\u00eblqen shum\u00eb Dh\u00ebrmiu. K\u00ebto jan\u00eb vendet q\u00eb zgjedh p\u00ebr plazh.<\/p>\n<p><strong>Z\u00cbRI<br \/>\n<!--YouTube Error: bad URL entered--><br \/>\n<\/strong><\/p>\n","protected":false},"excerpt":{"rendered":"<p>Genta Ismajli, k\u00ebng\u00ebtarja q\u00eb me bukurin\u00eb dhe hitet e saj \u00ebsht\u00eb kthyer prej vitesh n\u00eb nj\u00eb yll t\u00eb sken\u00ebs shqiptare, do t\u00eb vij\u00eb sot n\u00eb nj\u00eb rr\u00ebfim special per \u201cGazeten Shqiptare\u201d \u2026 Pa doreza, e drejtp\u00ebrdrejt\u00eb dhe e prer\u00eb n\u00eb p\u00ebrgjigjet e saj, k\u00ebng\u00ebtarja seksi tregon p\u00ebr t\u00eb rejat m\u00eb t\u00eb fundit n\u00eb jet\u00ebn private [&hellip;]<\/p>\n","protected":false},"author":1,"featured_media":0,"comment_status":"open","ping_status":"closed","sticky":false,"template":"","format":"standard","meta":{"spay_email":"","jetpack_publicize_message":"","jetpack_is_tweetstorm":false,"jetpack_publicize_feature_enabled":true},"categories":[1],"tags":[323],"jetpack_publicize_connections":[],"yoast_head":"<!-- This site is optimized with the Yoast SEO plugin v19.1 - https:\/\/yoast.com\/wordpress\/plugins\/seo\/ -->\n<title>Genta Ismajli: Jam e pasur por s&#039;kam te dashur - Lajme nga Ulqini<\/title>\n<meta name=\"description\" content=\"Genta Ismajli, k\u00ebng\u00ebtarja q\u00eb me bukurin\u00eb dhe hitet e saj \u00ebsht\u00eb kthyer prej vitesh n\u00eb nj\u00eb yll t\u00eb sken\u00ebs shqiptare, do t\u00eb vij\u00eb sot n\u00eb nj\u00eb rr\u00ebfim special per\" \/>\n<meta name=\"robots\" content=\"index, follow, max-snippet:-1, max-image-preview:large, max-video-preview:-1\" \/>\n<link rel=\"canonical\" href=\"https:\/\/www.visit-ulcinj.com\/blog\/2011\/08\/17\/genta-ismajli-jam-e-pasur-por-skam-te-dashur\/\" \/>\n<meta property=\"og:locale\" content=\"en_US\" \/>\n<meta property=\"og:type\" content=\"article\" \/>\n<meta property=\"og:title\" content=\"Genta Ismajli: Jam e pasur por s&#039;kam te dashur - Lajme nga Ulqini\" \/>\n<meta property=\"og:description\" content=\"Genta Ismajli, k\u00ebng\u00ebtarja q\u00eb me bukurin\u00eb dhe hitet e saj \u00ebsht\u00eb kthyer prej vitesh n\u00eb nj\u00eb yll t\u00eb sken\u00ebs shqiptare, do t\u00eb vij\u00eb sot n\u00eb nj\u00eb rr\u00ebfim special per\" \/>\n<meta property=\"og:url\" content=\"https:\/\/www.visit-ulcinj.com\/blog\/2011\/08\/17\/genta-ismajli-jam-e-pasur-por-skam-te-dashur\/\" \/>\n<meta property=\"og:site_name\" content=\"Lajme nga Ulqini\" \/>\n<meta property=\"article:published_time\" content=\"2011-08-17T22:55:50+00:00\" \/>\n<meta property=\"og:image\" content=\"http:\/\/www.visit-ulcinj.com\/blog\/wp-content\/uploads\/2011\/08\/genta-ismajli.jpg\" \/>\n<meta name=\"twitter:label1\" content=\"Written by\" \/>\n\t<meta name=\"twitter:data1\" content=\"ulqini\" \/>\n\t<meta name=\"twitter:label2\" content=\"Est. reading time\" \/>\n\t<meta name=\"twitter:data2\" content=\"11 minutes\" \/>\n<script type=\"application\/ld+json\" class=\"yoast-schema-graph\">{\"@context\":\"https:\/\/schema.org\",\"@graph\":[{\"@type\":\"WebSite\",\"@id\":\"https:\/\/www.visit-ulcinj.com\/blog\/#website\",\"url\":\"https:\/\/www.visit-ulcinj.com\/blog\/\",\"name\":\"Lajme nga Ulqini\",\"description\":\"Lajme,Vijesti,Ulqini,Ulqin,Crna Gora,Mali i Zi\",\"potentialAction\":[{\"@type\":\"SearchAction\",\"target\":{\"@type\":\"EntryPoint\",\"urlTemplate\":\"https:\/\/www.visit-ulcinj.com\/blog\/?s={search_term_string}\"},\"query-input\":\"required name=search_term_string\"}],\"inLanguage\":\"en-US\"},{\"@type\":\"ImageObject\",\"inLanguage\":\"en-US\",\"@id\":\"https:\/\/www.visit-ulcinj.com\/blog\/2011\/08\/17\/genta-ismajli-jam-e-pasur-por-skam-te-dashur\/#primaryimage\",\"url\":\"http:\/\/www.visit-ulcinj.com\/blog\/wp-content\/uploads\/2011\/08\/genta-ismajli.jpg\",\"contentUrl\":\"http:\/\/www.visit-ulcinj.com\/blog\/wp-content\/uploads\/2011\/08\/genta-ismajli.jpg\"},{\"@type\":\"WebPage\",\"@id\":\"https:\/\/www.visit-ulcinj.com\/blog\/2011\/08\/17\/genta-ismajli-jam-e-pasur-por-skam-te-dashur\/#webpage\",\"url\":\"https:\/\/www.visit-ulcinj.com\/blog\/2011\/08\/17\/genta-ismajli-jam-e-pasur-por-skam-te-dashur\/\",\"name\":\"Genta Ismajli: Jam e pasur por s'kam te dashur - Lajme nga Ulqini\",\"isPartOf\":{\"@id\":\"https:\/\/www.visit-ulcinj.com\/blog\/#website\"},\"primaryImageOfPage\":{\"@id\":\"https:\/\/www.visit-ulcinj.com\/blog\/2011\/08\/17\/genta-ismajli-jam-e-pasur-por-skam-te-dashur\/#primaryimage\"},\"datePublished\":\"2011-08-17T22:55:50+00:00\",\"dateModified\":\"2011-08-17T22:55:50+00:00\",\"author\":{\"@id\":\"https:\/\/www.visit-ulcinj.com\/blog\/#\/schema\/person\/dcab619c614d3038751c63bc2aadc06d\"},\"description\":\"Genta Ismajli, k\u00ebng\u00ebtarja q\u00eb me bukurin\u00eb dhe hitet e saj \u00ebsht\u00eb kthyer prej vitesh n\u00eb nj\u00eb yll t\u00eb sken\u00ebs shqiptare, do t\u00eb vij\u00eb sot n\u00eb nj\u00eb rr\u00ebfim special per\",\"breadcrumb\":{\"@id\":\"https:\/\/www.visit-ulcinj.com\/blog\/2011\/08\/17\/genta-ismajli-jam-e-pasur-por-skam-te-dashur\/#breadcrumb\"},\"inLanguage\":\"en-US\",\"potentialAction\":[{\"@type\":\"ReadAction\",\"target\":[\"https:\/\/www.visit-ulcinj.com\/blog\/2011\/08\/17\/genta-ismajli-jam-e-pasur-por-skam-te-dashur\/\"]}]},{\"@type\":\"BreadcrumbList\",\"@id\":\"https:\/\/www.visit-ulcinj.com\/blog\/2011\/08\/17\/genta-ismajli-jam-e-pasur-por-skam-te-dashur\/#breadcrumb\",\"itemListElement\":[{\"@type\":\"ListItem\",\"position\":1,\"name\":\"Genta Ismajli: Jam e pasur por s&#8217;kam te dashur\"}]},{\"@type\":\"Person\",\"@id\":\"https:\/\/www.visit-ulcinj.com\/blog\/#\/schema\/person\/dcab619c614d3038751c63bc2aadc06d\",\"name\":\"ulqini\",\"sameAs\":[\"http:\/\/www.visit-ulcinj.com\"],\"url\":\"https:\/\/www.visit-ulcinj.com\/blog\/author\/admin\/\"}]}<\/script>\n<!-- \/ Yoast SEO plugin. -->","yoast_head_json":{"title":"Genta Ismajli: Jam e pasur por s'kam te dashur - Lajme nga Ulqini","description":"Genta Ismajli, k\u00ebng\u00ebtarja q\u00eb me bukurin\u00eb dhe hitet e saj \u00ebsht\u00eb kthyer prej vitesh n\u00eb nj\u00eb yll t\u00eb sken\u00ebs shqiptare, do t\u00eb vij\u00eb sot n\u00eb nj\u00eb rr\u00ebfim special per","robots":{"index":"index","follow":"follow","max-snippet":"max-snippet:-1","max-image-preview":"max-image-preview:large","max-video-preview":"max-video-preview:-1"},"canonical":"https:\/\/www.visit-ulcinj.com\/blog\/2011\/08\/17\/genta-ismajli-jam-e-pasur-por-skam-te-dashur\/","og_locale":"en_US","og_type":"article","og_title":"Genta Ismajli: Jam e pasur por s'kam te dashur - Lajme nga Ulqini","og_description":"Genta Ismajli, k\u00ebng\u00ebtarja q\u00eb me bukurin\u00eb dhe hitet e saj \u00ebsht\u00eb kthyer prej vitesh n\u00eb nj\u00eb yll t\u00eb sken\u00ebs shqiptare, do t\u00eb vij\u00eb sot n\u00eb nj\u00eb rr\u00ebfim special per","og_url":"https:\/\/www.visit-ulcinj.com\/blog\/2011\/08\/17\/genta-ismajli-jam-e-pasur-por-skam-te-dashur\/","og_site_name":"Lajme nga Ulqini","article_published_time":"2011-08-17T22:55:50+00:00","og_image":[{"url":"http:\/\/www.visit-ulcinj.com\/blog\/wp-content\/uploads\/2011\/08\/genta-ismajli.jpg"}],"twitter_misc":{"Written by":"ulqini","Est. reading time":"11 minutes"},"schema":{"@context":"https:\/\/schema.org","@graph":[{"@type":"WebSite","@id":"https:\/\/www.visit-ulcinj.com\/blog\/#website","url":"https:\/\/www.visit-ulcinj.com\/blog\/","name":"Lajme nga Ulqini","description":"Lajme,Vijesti,Ulqini,Ulqin,Crna Gora,Mali i Zi","potentialAction":[{"@type":"SearchAction","target":{"@type":"EntryPoint","urlTemplate":"https:\/\/www.visit-ulcinj.com\/blog\/?s={search_term_string}"},"query-input":"required name=search_term_string"}],"inLanguage":"en-US"},{"@type":"ImageObject","inLanguage":"en-US","@id":"https:\/\/www.visit-ulcinj.com\/blog\/2011\/08\/17\/genta-ismajli-jam-e-pasur-por-skam-te-dashur\/#primaryimage","url":"http:\/\/www.visit-ulcinj.com\/blog\/wp-content\/uploads\/2011\/08\/genta-ismajli.jpg","contentUrl":"http:\/\/www.visit-ulcinj.com\/blog\/wp-content\/uploads\/2011\/08\/genta-ismajli.jpg"},{"@type":"WebPage","@id":"https:\/\/www.visit-ulcinj.com\/blog\/2011\/08\/17\/genta-ismajli-jam-e-pasur-por-skam-te-dashur\/#webpage","url":"https:\/\/www.visit-ulcinj.com\/blog\/2011\/08\/17\/genta-ismajli-jam-e-pasur-por-skam-te-dashur\/","name":"Genta Ismajli: Jam e pasur por s'kam te dashur - Lajme nga Ulqini","isPartOf":{"@id":"https:\/\/www.visit-ulcinj.com\/blog\/#website"},"primaryImageOfPage":{"@id":"https:\/\/www.visit-ulcinj.com\/blog\/2011\/08\/17\/genta-ismajli-jam-e-pasur-por-skam-te-dashur\/#primaryimage"},"datePublished":"2011-08-17T22:55:50+00:00","dateModified":"2011-08-17T22:55:50+00:00","author":{"@id":"https:\/\/www.visit-ulcinj.com\/blog\/#\/schema\/person\/dcab619c614d3038751c63bc2aadc06d"},"description":"Genta Ismajli, k\u00ebng\u00ebtarja q\u00eb me bukurin\u00eb dhe hitet e saj \u00ebsht\u00eb kthyer prej vitesh n\u00eb nj\u00eb yll t\u00eb sken\u00ebs shqiptare, do t\u00eb vij\u00eb sot n\u00eb nj\u00eb rr\u00ebfim special per","breadcrumb":{"@id":"https:\/\/www.visit-ulcinj.com\/blog\/2011\/08\/17\/genta-ismajli-jam-e-pasur-por-skam-te-dashur\/#breadcrumb"},"inLanguage":"en-US","potentialAction":[{"@type":"ReadAction","target":["https:\/\/www.visit-ulcinj.com\/blog\/2011\/08\/17\/genta-ismajli-jam-e-pasur-por-skam-te-dashur\/"]}]},{"@type":"BreadcrumbList","@id":"https:\/\/www.visit-ulcinj.com\/blog\/2011\/08\/17\/genta-ismajli-jam-e-pasur-por-skam-te-dashur\/#breadcrumb","itemListElement":[{"@type":"ListItem","position":1,"name":"Genta Ismajli: Jam e pasur por s&#8217;kam te dashur"}]},{"@type":"Person","@id":"https:\/\/www.visit-ulcinj.com\/blog\/#\/schema\/person\/dcab619c614d3038751c63bc2aadc06d","name":"ulqini","sameAs":["http:\/\/www.visit-ulcinj.com"],"url":"https:\/\/www.visit-ulcinj.com\/blog\/author\/admin\/"}]}},"jetpack_featured_media_url":"","jetpack_sharing_enabled":true,"jetpack_shortlink":"https:\/\/wp.me\/pe6lTn-cYH","_links":{"self":[{"href":"https:\/\/www.visit-ulcinj.com\/blog\/wp-json\/wp\/v2\/posts\/49891"}],"collection":[{"href":"https:\/\/www.visit-ulcinj.com\/blog\/wp-json\/wp\/v2\/posts"}],"about":[{"href":"https:\/\/www.visit-ulcinj.com\/blog\/wp-json\/wp\/v2\/types\/post"}],"author":[{"embeddable":true,"href":"https:\/\/www.visit-ulcinj.com\/blog\/wp-json\/wp\/v2\/users\/1"}],"replies":[{"embeddable":true,"href":"https:\/\/www.visit-ulcinj.com\/blog\/wp-json\/wp\/v2\/comments?post=49891"}],"version-history":[{"count":2,"href":"https:\/\/www.visit-ulcinj.com\/blog\/wp-json\/wp\/v2\/posts\/49891\/revisions"}],"predecessor-version":[{"id":49896,"href":"https:\/\/www.visit-ulcinj.com\/blog\/wp-json\/wp\/v2\/posts\/49891\/revisions\/49896"}],"wp:attachment":[{"href":"https:\/\/www.visit-ulcinj.com\/blog\/wp-json\/wp\/v2\/media?parent=49891"}],"wp:term":[{"taxonomy":"category","embeddable":true,"href":"https:\/\/www.visit-ulcinj.com\/blog\/wp-json\/wp\/v2\/categories?post=49891"},{"taxonomy":"post_tag","embeddable":true,"href":"https:\/\/www.visit-ulcinj.com\/blog\/wp-json\/wp\/v2\/tags?post=49891"}],"curies":[{"name":"wp","href":"https:\/\/api.w.org\/{rel}","templated":true}]}}