{"id":49899,"date":"2011-08-20T13:06:56","date_gmt":"2011-08-20T12:06:56","guid":{"rendered":"http:\/\/www.visit-ulcinj.com\/blog\/?p=49899"},"modified":"2011-08-22T11:58:31","modified_gmt":"2011-08-22T10:58:31","slug":"fatmir-gjeka-deklarate-per-shtyp","status":"publish","type":"post","link":"https:\/\/www.visit-ulcinj.com\/blog\/2011\/08\/20\/fatmir-gjeka-deklarate-per-shtyp\/","title":{"rendered":"Fatmir Gjeka &#8211; Deklarate per shtyp"},"content":{"rendered":"<p align=\"center\"><strong>DEKLARAT\u00cb P\u00cbR SHTYP<\/strong><strong><\/strong><\/p>\n<p><strong>\u00a0<\/strong><\/p>\n<p><a href=\"http:\/\/www.visit-ulcinj.com\/blog\/wp-content\/uploads\/2011\/08\/fatmir-gjeka.jpg\"><img loading=\"lazy\" class=\"alignleft size-full wp-image-49900\" title=\"fatmir-gjeka\" src=\"http:\/\/www.visit-ulcinj.com\/blog\/wp-content\/uploads\/2011\/08\/fatmir-gjeka.jpg\" alt=\"\" width=\"330\" height=\"300\" \/><\/a> Kryesia e ish Deg\u00ebs s\u00eb UDSH-s\u00eb n\u00eb An\u00eb t\u00eb Malit e ndien t\u00eb nevojshme t\u00eb sqaroj\u00eb opinionin lidhur me deklaratat dhe artikujt e shumt\u00eb t\u00eb tre-kat\u00ebr dit\u00ebve t\u00eb fundit, q\u00eb n\u00eb shenjest\u00ebr kan\u00eb aktin e k\u00ebsaj dege. Autor\u00ebt e tyre edhe vet\u00eb jan\u00eb t\u00eb vet\u00ebdijsh\u00ebm q\u00eb akti i nd\u00ebrmarr\u00eb nga Kryesia e Deg\u00ebs s\u00eb An\u00ebs s\u00eb Malit ka qen\u00eb i pritur dhe i imponuar, por tash tentojn\u00eb q\u00eb para opinionit t\u00eb paraqiten si \u201cengjuj\u201d, kurse neve t\u00eb na kryq\u00ebzojn\u00eb si djaj.<\/p>\n<p>N\u00ebse grumbullimi i funksioneve dhe familjarizmi jan\u00eb veti t\u00eb engj\u00ebllit, at\u00ebher\u00eb v\u00ebrtet ne nuk jemi engjuj, sepse nga Dega e An\u00ebs s\u00eb Malit e UDSH\u2013s\u00eb nuk ka asnj\u00eb person q\u00eb p\u00ebr vete ka grumbulluar disa funksione (shtet\u00ebrore apo partiake), si\u00e7 b\u00ebn pala q\u00eb na akuzon. Nga kjo Deg\u00eb e UDSH-s\u00eb nuk ka asnj\u00eb person q\u00eb p\u00ebr t\u00eb af\u00ebrmit e vet ka siguruar apo rezervuar \u00e7far\u00ebdo funksioni. Ne kemi qen\u00eb gjithmon\u00eb ata q\u00eb p\u00ebr hir t\u00eb paqes n\u00eb parti kemi b\u00ebr\u00eb kompromis, edhe at\u00ebher\u00eb kur ndoshta nuk \u00ebsht\u00eb dashur t\u00eb b\u00ebhet. T\u00eb gjitha k\u00ebto, ata q\u00eb na akuzojn\u00eb i din\u00eb shum\u00eb mir\u00eb.<\/p>\n<p>Ne nuk vuajm\u00eb p\u00ebr poste e as q\u00eb kemi vuajtur ndonj\u00ebher\u00eb. K\u00ebt\u00eb e kemi d\u00ebshmuar edhe n\u00eb koalicionin e ri, ku p\u00ebrkund\u00ebr ofertave kemi qen\u00eb realist\u00eb n\u00eb k\u00ebrkesat tona. Ata q\u00eb na akuzojn\u00eb p\u00ebr nj\u00eb gj\u00eb t\u00eb till\u00eb do t\u00eb ishte m\u00eb mir\u00eb ta kthejn\u00eb gishtin kah vetja.<\/p>\n<p>Ata q\u00eb na akuzojn\u00eb p\u00ebr tradh\u00ebti, m\u00eb s\u00eb paku q\u00eb mund t\u00eb b\u00ebjn\u00eb \u00ebsht\u00eb t\u00eb k\u00ebrkojn\u00eb falje, sepse \u00ebsht\u00eb shum\u00eb e r\u00ebnd\u00eb t\u00eb akuzosh dik\u00eb p\u00ebr tradh\u00ebti, aq m\u00eb tep\u00ebr neve q\u00eb gjithmon\u00eb kemi qen\u00eb kooperativ\u00eb dhe q\u00eb asnj\u00ebher\u00eb nuk kemi devijuar as nga mbrojtja e interesave tona komb\u00ebtare, as kur ka qen\u00eb n\u00eb pyetje \u00e7\u00ebshtja shtet\u00ebrore e Malit t\u00eb Zi. T\u00eb gjitha i din\u00eb, por d\u00ebshirojn\u00eb t\u00eb mashtrojn\u00eb dhe manipulojn\u00eb opinionin. Por, opinioni \u00ebsht\u00eb i mirinformuar p\u00ebr t\u00eb gjitha.<\/p>\n<p>Duke u munduar t\u00eb na akuzojn\u00eb p\u00ebr gjoja nj\u00eb grup q\u00eb nuk p\u00ebrfaq\u00ebson tradit\u00ebn e An\u00ebs s\u00eb Malit, ata n\u00eb fakt shfaqin hapur paragjykimet e tyre ndaj k\u00ebsaj \u00a0zone t\u00eb njohur p\u00ebr virtyte morale, njer\u00ebzore, qytetare etj.<\/p>\n<p>P\u00ebrkrahja q\u00eb kemi marr\u00eb nga an\u00ebtar\u00ebt dhe simpatizant\u00ebt tan\u00eb, por edhe nga qytetar\u00ebt e tjer\u00eb, jo vet\u00ebm nga Ana e Malit, por edhe nga Ulqini, Kraja, Mal\u00ebsia dhe diaspora, na b\u00ebn edhe m\u00eb t\u00eb vendosur n\u00eb drejt\u00ebsin\u00eb e vendimit ton\u00eb. \u00a0Ne i fal\u00ebnderojm\u00eb t\u00eb gjith\u00eb an\u00ebtar\u00ebt, simpatizant\u00ebt dhe dashamir\u00ebt e tjer\u00eb p\u00ebr k\u00ebt\u00eb mb\u00ebshtetje duke i garantuar se edhe n\u00eb t\u00eb ardhmen do t\u00eb vazhdojm\u00eb t\u00eb ndjekim politik\u00eb parimore n\u00eb interes t\u00eb qytetar\u00ebve t\u00eb An\u00ebs s\u00eb Malit, Ulqinit dhe t\u00ebr\u00eb shqiptar\u00ebve n\u00eb Mal t\u00eb Zi dhe m\u00eb gjer\u00eb.<\/p>\n<p>S\u00eb fundi, kjo ndarje politike nuk do t\u00eb ndikoj\u00eb n\u00eb marr\u00ebdh\u00ebniet tona njer\u00ebzore me ish koleg\u00ebt e partis\u00eb dhe ish partner\u00ebt tan\u00eb. Ata kan\u00eb qen\u00eb dhe do t\u00eb jen\u00eb miqt\u00eb dhe shok\u00ebt tan\u00eb edhe n\u00eb t\u00eb ardhmen pa marr\u00eb parasysh interesat tona politike.<\/p>\n<p><strong>\u00a0<\/strong><\/p>\n<p><strong>Kryesia e ish Deg\u00ebs s\u00eb UDSH-s\u00eb n\u00eb An\u00eb t\u00eb \u00a0Malit <\/strong><\/p>\n<p><strong>\u00a0\u00a0\u00a0\u00a0\u00a0\u00a0\u00a0\u00a0\u00a0\u00a0\u00a0\u00a0\u00a0\u00a0\u00a0\u00a0\u00a0\u00a0\u00a0\u00a0\u00a0\u00a0\u00a0\u00a0\u00a0\u00a0\u00a0\u00a0\u00a0\u00a0\u00a0\u00a0\u00a0\u00a0\u00a0\u00a0\u00a0\u00a0\u00a0\u00a0\u00a0\u00a0\u00a0\u00a0\u00a0\u00a0\u00a0 \u00a0\u00a0\u00a0\u00a0\u00a0\u00a0\u00a0\u00a0\u00a0\u00a0\u00a0 \u00a0\u00a0\u00a0\u00a0\u00a0\u00a0\u00a0\u00a0\u00a0\u00a0\u00a0 ____________________ <\/strong><\/p>\n<p><strong>\u00a0\u00a0\u00a0\u00a0\u00a0\u00a0\u00a0\u00a0\u00a0\u00a0\u00a0\u00a0\u00a0\u00a0\u00a0\u00a0\u00a0\u00a0\u00a0\u00a0\u00a0\u00a0\u00a0\u00a0\u00a0\u00a0\u00a0\u00a0\u00a0\u00a0\u00a0\u00a0\u00a0\u00a0\u00a0\u00a0\u00a0\u00a0\u00a0\u00a0\u00a0\u00a0\u00a0\u00a0\u00a0\u00a0\u00a0\u00a0\u00a0\u00a0\u00a0\u00a0\u00a0\u00a0\u00a0\u00a0\u00a0\u00a0\u00a0 \u00a0\u00a0\u00a0\u00a0\u00a0\u00a0\u00a0\u00a0\u00a0\u00a0\u00a0 \u00a0\u00a0\u00a0\u00a0\u00a0\u00a0\u00a0\u00a0\u00a0\u00a0\u00a0 <\/strong>Fatmir Gjeka<\/p>\n<p><strong>VIDEO TV IN<\/strong><\/p>\n<p>[flv]http:\/\/stream.rtvin.com\/flv\/17_08_post_ulcinj.flv[\/flv]<\/p>\n","protected":false},"excerpt":{"rendered":"<p>DEKLARAT\u00cb P\u00cbR SHTYP \u00a0 Kryesia e ish Deg\u00ebs s\u00eb UDSH-s\u00eb n\u00eb An\u00eb t\u00eb Malit e ndien t\u00eb nevojshme t\u00eb sqaroj\u00eb opinionin lidhur me deklaratat dhe artikujt e shumt\u00eb t\u00eb tre-kat\u00ebr dit\u00ebve t\u00eb fundit, q\u00eb n\u00eb shenjest\u00ebr kan\u00eb aktin e k\u00ebsaj dege. Autor\u00ebt e tyre edhe vet\u00eb jan\u00eb t\u00eb vet\u00ebdijsh\u00ebm q\u00eb akti i nd\u00ebrmarr\u00eb nga Kryesia [&hellip;]<\/p>\n","protected":false},"author":1,"featured_media":0,"comment_status":"open","ping_status":"closed","sticky":false,"template":"","format":"standard","meta":{"spay_email":"","jetpack_publicize_message":"","jetpack_is_tweetstorm":false,"jetpack_publicize_feature_enabled":true},"categories":[1,14249],"tags":[4607,200,18],"jetpack_publicize_connections":[],"yoast_head":"<!-- This site is optimized with the Yoast SEO plugin v19.1 - https:\/\/yoast.com\/wordpress\/plugins\/seo\/ -->\n<title>Fatmir Gjeka - Deklarate per shtyp - Lajme nga Ulqini<\/title>\n<meta name=\"description\" content=\"DEKLARAT\u00cb P\u00cbR SHTYP \u00a0 Kryesia e ish Deg\u00ebs s\u00eb UDSH-s\u00eb n\u00eb An\u00eb t\u00eb Malit e ndien t\u00eb nevojshme t\u00eb sqaroj\u00eb opinionin lidhur me deklaratat dhe artikujt e shumt\u00eb\" \/>\n<meta name=\"robots\" content=\"index, follow, max-snippet:-1, max-image-preview:large, max-video-preview:-1\" \/>\n<link rel=\"canonical\" href=\"https:\/\/www.visit-ulcinj.com\/blog\/2011\/08\/20\/fatmir-gjeka-deklarate-per-shtyp\/\" \/>\n<meta property=\"og:locale\" content=\"en_US\" \/>\n<meta property=\"og:type\" content=\"article\" \/>\n<meta property=\"og:title\" content=\"Fatmir Gjeka - Deklarate per shtyp - Lajme nga Ulqini\" \/>\n<meta property=\"og:description\" content=\"DEKLARAT\u00cb P\u00cbR SHTYP \u00a0 Kryesia e ish Deg\u00ebs s\u00eb UDSH-s\u00eb n\u00eb An\u00eb t\u00eb Malit e ndien t\u00eb nevojshme t\u00eb sqaroj\u00eb opinionin lidhur me deklaratat dhe artikujt e shumt\u00eb\" \/>\n<meta property=\"og:url\" content=\"https:\/\/www.visit-ulcinj.com\/blog\/2011\/08\/20\/fatmir-gjeka-deklarate-per-shtyp\/\" \/>\n<meta property=\"og:site_name\" content=\"Lajme nga Ulqini\" \/>\n<meta property=\"article:published_time\" content=\"2011-08-20T12:06:56+00:00\" \/>\n<meta property=\"article:modified_time\" content=\"2011-08-22T10:58:31+00:00\" \/>\n<meta property=\"og:image\" content=\"http:\/\/www.visit-ulcinj.com\/blog\/wp-content\/uploads\/2011\/08\/fatmir-gjeka.jpg\" \/>\n<meta name=\"twitter:label1\" content=\"Written by\" \/>\n\t<meta name=\"twitter:data1\" content=\"ulqini\" \/>\n\t<meta name=\"twitter:label2\" content=\"Est. reading time\" \/>\n\t<meta name=\"twitter:data2\" content=\"3 minutes\" \/>\n<script type=\"application\/ld+json\" class=\"yoast-schema-graph\">{\"@context\":\"https:\/\/schema.org\",\"@graph\":[{\"@type\":\"WebSite\",\"@id\":\"https:\/\/www.visit-ulcinj.com\/blog\/#website\",\"url\":\"https:\/\/www.visit-ulcinj.com\/blog\/\",\"name\":\"Lajme nga Ulqini\",\"description\":\"Lajme,Vijesti,Ulqini,Ulqin,Crna Gora,Mali i Zi\",\"potentialAction\":[{\"@type\":\"SearchAction\",\"target\":{\"@type\":\"EntryPoint\",\"urlTemplate\":\"https:\/\/www.visit-ulcinj.com\/blog\/?s={search_term_string}\"},\"query-input\":\"required name=search_term_string\"}],\"inLanguage\":\"en-US\"},{\"@type\":\"ImageObject\",\"inLanguage\":\"en-US\",\"@id\":\"https:\/\/www.visit-ulcinj.com\/blog\/2011\/08\/20\/fatmir-gjeka-deklarate-per-shtyp\/#primaryimage\",\"url\":\"https:\/\/www.visit-ulcinj.com\/blog\/wp-content\/uploads\/2011\/08\/fatmir-gjeka.jpg\",\"contentUrl\":\"https:\/\/www.visit-ulcinj.com\/blog\/wp-content\/uploads\/2011\/08\/fatmir-gjeka.jpg\",\"width\":\"372\",\"height\":\"331\"},{\"@type\":\"WebPage\",\"@id\":\"https:\/\/www.visit-ulcinj.com\/blog\/2011\/08\/20\/fatmir-gjeka-deklarate-per-shtyp\/#webpage\",\"url\":\"https:\/\/www.visit-ulcinj.com\/blog\/2011\/08\/20\/fatmir-gjeka-deklarate-per-shtyp\/\",\"name\":\"Fatmir Gjeka - Deklarate per shtyp - Lajme nga Ulqini\",\"isPartOf\":{\"@id\":\"https:\/\/www.visit-ulcinj.com\/blog\/#website\"},\"primaryImageOfPage\":{\"@id\":\"https:\/\/www.visit-ulcinj.com\/blog\/2011\/08\/20\/fatmir-gjeka-deklarate-per-shtyp\/#primaryimage\"},\"datePublished\":\"2011-08-20T12:06:56+00:00\",\"dateModified\":\"2011-08-22T10:58:31+00:00\",\"author\":{\"@id\":\"https:\/\/www.visit-ulcinj.com\/blog\/#\/schema\/person\/dcab619c614d3038751c63bc2aadc06d\"},\"description\":\"DEKLARAT\u00cb P\u00cbR SHTYP \u00a0 Kryesia e ish Deg\u00ebs s\u00eb UDSH-s\u00eb n\u00eb An\u00eb t\u00eb Malit e ndien t\u00eb nevojshme t\u00eb sqaroj\u00eb opinionin lidhur me deklaratat dhe artikujt e shumt\u00eb\",\"breadcrumb\":{\"@id\":\"https:\/\/www.visit-ulcinj.com\/blog\/2011\/08\/20\/fatmir-gjeka-deklarate-per-shtyp\/#breadcrumb\"},\"inLanguage\":\"en-US\",\"potentialAction\":[{\"@type\":\"ReadAction\",\"target\":[\"https:\/\/www.visit-ulcinj.com\/blog\/2011\/08\/20\/fatmir-gjeka-deklarate-per-shtyp\/\"]}]},{\"@type\":\"BreadcrumbList\",\"@id\":\"https:\/\/www.visit-ulcinj.com\/blog\/2011\/08\/20\/fatmir-gjeka-deklarate-per-shtyp\/#breadcrumb\",\"itemListElement\":[{\"@type\":\"ListItem\",\"position\":1,\"name\":\"Fatmir Gjeka &#8211; Deklarate per shtyp\"}]},{\"@type\":\"Person\",\"@id\":\"https:\/\/www.visit-ulcinj.com\/blog\/#\/schema\/person\/dcab619c614d3038751c63bc2aadc06d\",\"name\":\"ulqini\",\"sameAs\":[\"http:\/\/www.visit-ulcinj.com\"],\"url\":\"https:\/\/www.visit-ulcinj.com\/blog\/author\/admin\/\"}]}<\/script>\n<!-- \/ Yoast SEO plugin. -->","yoast_head_json":{"title":"Fatmir Gjeka - Deklarate per shtyp - Lajme nga Ulqini","description":"DEKLARAT\u00cb P\u00cbR SHTYP \u00a0 Kryesia e ish Deg\u00ebs s\u00eb UDSH-s\u00eb n\u00eb An\u00eb t\u00eb Malit e ndien t\u00eb nevojshme t\u00eb sqaroj\u00eb opinionin lidhur me deklaratat dhe artikujt e shumt\u00eb","robots":{"index":"index","follow":"follow","max-snippet":"max-snippet:-1","max-image-preview":"max-image-preview:large","max-video-preview":"max-video-preview:-1"},"canonical":"https:\/\/www.visit-ulcinj.com\/blog\/2011\/08\/20\/fatmir-gjeka-deklarate-per-shtyp\/","og_locale":"en_US","og_type":"article","og_title":"Fatmir Gjeka - Deklarate per shtyp - Lajme nga Ulqini","og_description":"DEKLARAT\u00cb P\u00cbR SHTYP \u00a0 Kryesia e ish Deg\u00ebs s\u00eb UDSH-s\u00eb n\u00eb An\u00eb t\u00eb Malit e ndien t\u00eb nevojshme t\u00eb sqaroj\u00eb opinionin lidhur me deklaratat dhe artikujt e shumt\u00eb","og_url":"https:\/\/www.visit-ulcinj.com\/blog\/2011\/08\/20\/fatmir-gjeka-deklarate-per-shtyp\/","og_site_name":"Lajme nga Ulqini","article_published_time":"2011-08-20T12:06:56+00:00","article_modified_time":"2011-08-22T10:58:31+00:00","og_image":[{"url":"http:\/\/www.visit-ulcinj.com\/blog\/wp-content\/uploads\/2011\/08\/fatmir-gjeka.jpg"}],"twitter_misc":{"Written by":"ulqini","Est. reading time":"3 minutes"},"schema":{"@context":"https:\/\/schema.org","@graph":[{"@type":"WebSite","@id":"https:\/\/www.visit-ulcinj.com\/blog\/#website","url":"https:\/\/www.visit-ulcinj.com\/blog\/","name":"Lajme nga Ulqini","description":"Lajme,Vijesti,Ulqini,Ulqin,Crna Gora,Mali i Zi","potentialAction":[{"@type":"SearchAction","target":{"@type":"EntryPoint","urlTemplate":"https:\/\/www.visit-ulcinj.com\/blog\/?s={search_term_string}"},"query-input":"required name=search_term_string"}],"inLanguage":"en-US"},{"@type":"ImageObject","inLanguage":"en-US","@id":"https:\/\/www.visit-ulcinj.com\/blog\/2011\/08\/20\/fatmir-gjeka-deklarate-per-shtyp\/#primaryimage","url":"https:\/\/www.visit-ulcinj.com\/blog\/wp-content\/uploads\/2011\/08\/fatmir-gjeka.jpg","contentUrl":"https:\/\/www.visit-ulcinj.com\/blog\/wp-content\/uploads\/2011\/08\/fatmir-gjeka.jpg","width":"372","height":"331"},{"@type":"WebPage","@id":"https:\/\/www.visit-ulcinj.com\/blog\/2011\/08\/20\/fatmir-gjeka-deklarate-per-shtyp\/#webpage","url":"https:\/\/www.visit-ulcinj.com\/blog\/2011\/08\/20\/fatmir-gjeka-deklarate-per-shtyp\/","name":"Fatmir Gjeka - Deklarate per shtyp - Lajme nga Ulqini","isPartOf":{"@id":"https:\/\/www.visit-ulcinj.com\/blog\/#website"},"primaryImageOfPage":{"@id":"https:\/\/www.visit-ulcinj.com\/blog\/2011\/08\/20\/fatmir-gjeka-deklarate-per-shtyp\/#primaryimage"},"datePublished":"2011-08-20T12:06:56+00:00","dateModified":"2011-08-22T10:58:31+00:00","author":{"@id":"https:\/\/www.visit-ulcinj.com\/blog\/#\/schema\/person\/dcab619c614d3038751c63bc2aadc06d"},"description":"DEKLARAT\u00cb P\u00cbR SHTYP \u00a0 Kryesia e ish Deg\u00ebs s\u00eb UDSH-s\u00eb n\u00eb An\u00eb t\u00eb Malit e ndien t\u00eb nevojshme t\u00eb sqaroj\u00eb opinionin lidhur me deklaratat dhe artikujt e shumt\u00eb","breadcrumb":{"@id":"https:\/\/www.visit-ulcinj.com\/blog\/2011\/08\/20\/fatmir-gjeka-deklarate-per-shtyp\/#breadcrumb"},"inLanguage":"en-US","potentialAction":[{"@type":"ReadAction","target":["https:\/\/www.visit-ulcinj.com\/blog\/2011\/08\/20\/fatmir-gjeka-deklarate-per-shtyp\/"]}]},{"@type":"BreadcrumbList","@id":"https:\/\/www.visit-ulcinj.com\/blog\/2011\/08\/20\/fatmir-gjeka-deklarate-per-shtyp\/#breadcrumb","itemListElement":[{"@type":"ListItem","position":1,"name":"Fatmir Gjeka &#8211; Deklarate per shtyp"}]},{"@type":"Person","@id":"https:\/\/www.visit-ulcinj.com\/blog\/#\/schema\/person\/dcab619c614d3038751c63bc2aadc06d","name":"ulqini","sameAs":["http:\/\/www.visit-ulcinj.com"],"url":"https:\/\/www.visit-ulcinj.com\/blog\/author\/admin\/"}]}},"jetpack_featured_media_url":"","jetpack_sharing_enabled":true,"jetpack_shortlink":"https:\/\/wp.me\/pe6lTn-cYP","_links":{"self":[{"href":"https:\/\/www.visit-ulcinj.com\/blog\/wp-json\/wp\/v2\/posts\/49899"}],"collection":[{"href":"https:\/\/www.visit-ulcinj.com\/blog\/wp-json\/wp\/v2\/posts"}],"about":[{"href":"https:\/\/www.visit-ulcinj.com\/blog\/wp-json\/wp\/v2\/types\/post"}],"author":[{"embeddable":true,"href":"https:\/\/www.visit-ulcinj.com\/blog\/wp-json\/wp\/v2\/users\/1"}],"replies":[{"embeddable":true,"href":"https:\/\/www.visit-ulcinj.com\/blog\/wp-json\/wp\/v2\/comments?post=49899"}],"version-history":[{"count":3,"href":"https:\/\/www.visit-ulcinj.com\/blog\/wp-json\/wp\/v2\/posts\/49899\/revisions"}],"predecessor-version":[{"id":50034,"href":"https:\/\/www.visit-ulcinj.com\/blog\/wp-json\/wp\/v2\/posts\/49899\/revisions\/50034"}],"wp:attachment":[{"href":"https:\/\/www.visit-ulcinj.com\/blog\/wp-json\/wp\/v2\/media?parent=49899"}],"wp:term":[{"taxonomy":"category","embeddable":true,"href":"https:\/\/www.visit-ulcinj.com\/blog\/wp-json\/wp\/v2\/categories?post=49899"},{"taxonomy":"post_tag","embeddable":true,"href":"https:\/\/www.visit-ulcinj.com\/blog\/wp-json\/wp\/v2\/tags?post=49899"}],"curies":[{"name":"wp","href":"https:\/\/api.w.org\/{rel}","templated":true}]}}