{"id":49907,"date":"2011-08-20T13:47:58","date_gmt":"2011-08-20T12:47:58","guid":{"rendered":"http:\/\/www.visit-ulcinj.com\/blog\/?p=49907"},"modified":"2011-08-20T13:50:11","modified_gmt":"2011-08-20T12:50:11","slug":"nimanbegu-mungojne-hapat-pozitiv-per-shqiptaret","status":"publish","type":"post","link":"https:\/\/www.visit-ulcinj.com\/blog\/2011\/08\/20\/nimanbegu-mungojne-hapat-pozitiv-per-shqiptaret\/","title":{"rendered":"Nimanbegu: Mungojn\u00eb hapat pozitiv p\u00ebr shqiptar\u00ebt"},"content":{"rendered":"<p><a href=\"http:\/\/www.visit-ulcinj.com\/blog\/wp-content\/uploads\/2011\/08\/Genci-Nimanbegu.jpg\"><img loading=\"lazy\" class=\"alignleft size-full wp-image-49908\" title=\"Genci Nimanbegu\" src=\"http:\/\/www.visit-ulcinj.com\/blog\/wp-content\/uploads\/2011\/08\/Genci-Nimanbegu.jpg\" alt=\"\" width=\"508\" height=\"380\" \/><\/a>Shumica parlamentare dhe tri partit\u00eb m\u00eb t\u00eb m\u00ebdha opozitare nuk kan\u00eb qellim t\u00eb sinqert\u00eb q\u00eb ta miratojn\u00eb kodin zgjedhor, konsideron deputeti i FORCA-s Genc Nimanbegu duke theksuar se n\u00eb tekstin aktual t\u00eb ligjit nuk ka hapa pozitiv p\u00ebrpara.<\/p>\n<p>P\u00ebr shqiptar\u00ebt nuk ka l\u00ebvizje pozitive p\u00ebrpara k\u00ebshtu q\u00eb mendojm\u00eb se n\u00eb nj\u00eb far\u00eb m\u00ebnyre shumica parlamentare mezi pret q\u00eb shqiptar\u00ebt ti p\u00ebrjashtoj\u00eb nga t\u00eb drejtat e arritura m\u00eb par\u00eb n\u00eb kuad\u00ebr t\u00eb ligjit zgjedhor ka theksuar Nimanbegu. Forca, si\u00e7 thekso ai do t\u00eb marr q\u00ebndrim serioz\u00eb me p\u00ebrfaq\u00ebsuesit e partive tjera shqiptare n\u00eb parlament dhe do t\u00eb shihet n\u00ebse ka hap\u00ebsir\u00eb p\u00ebr kompromis.<\/p>\n<p>Ai theksoi se shqiptar\u00ebt jan\u00eb t\u00eb zhg\u00ebnjyer me sjelljen e shumic\u00ebs parlamentare dhe t\u00eb partive opozitare duke shtuar se vet\u00ebm shqiptar\u00ebt n\u00eb Mal t\u00eb Zi jan\u00eb pakic\u00eb specifike dhe autoktone p\u00ebr \u00e7&#8217;gj\u00eb atyre duhet tu sigurohet p\u00ebrfaq\u00ebsimi n\u00eb parlament.<\/p>\n<p><strong>TVCG<\/strong><\/p>\n","protected":false},"excerpt":{"rendered":"<p>Shumica parlamentare dhe tri partit\u00eb m\u00eb t\u00eb m\u00ebdha opozitare nuk kan\u00eb qellim t\u00eb sinqert\u00eb q\u00eb ta miratojn\u00eb kodin zgjedhor, konsideron deputeti i FORCA-s Genc Nimanbegu duke theksuar se n\u00eb tekstin aktual t\u00eb ligjit nuk ka hapa pozitiv p\u00ebrpara. P\u00ebr shqiptar\u00ebt nuk ka l\u00ebvizje pozitive p\u00ebrpara k\u00ebshtu q\u00eb mendojm\u00eb se n\u00eb nj\u00eb far\u00eb m\u00ebnyre shumica parlamentare [&hellip;]<\/p>\n","protected":false},"author":1,"featured_media":0,"comment_status":"open","ping_status":"closed","sticky":false,"template":"","format":"standard","meta":{"spay_email":"","jetpack_publicize_message":"","jetpack_is_tweetstorm":false,"jetpack_publicize_feature_enabled":true},"categories":[12],"tags":[1074,200,18],"jetpack_publicize_connections":[],"yoast_head":"<!-- This site is optimized with the Yoast SEO plugin v19.1 - https:\/\/yoast.com\/wordpress\/plugins\/seo\/ -->\n<title>Nimanbegu: Mungojn\u00eb hapat pozitiv p\u00ebr shqiptar\u00ebt - Lajme nga Ulqini<\/title>\n<meta name=\"description\" content=\"Shumica parlamentare dhe tri partit\u00eb m\u00eb t\u00eb m\u00ebdha opozitare nuk kan\u00eb qellim t\u00eb sinqert\u00eb q\u00eb ta miratojn\u00eb kodin zgjedhor, konsideron deputeti i FORCA-s Genc\" \/>\n<meta name=\"robots\" content=\"index, follow, max-snippet:-1, max-image-preview:large, max-video-preview:-1\" \/>\n<link rel=\"canonical\" href=\"https:\/\/www.visit-ulcinj.com\/blog\/2011\/08\/20\/nimanbegu-mungojne-hapat-pozitiv-per-shqiptaret\/\" \/>\n<meta property=\"og:locale\" content=\"en_US\" \/>\n<meta property=\"og:type\" content=\"article\" \/>\n<meta property=\"og:title\" content=\"Nimanbegu: Mungojn\u00eb hapat pozitiv p\u00ebr shqiptar\u00ebt - Lajme nga Ulqini\" \/>\n<meta property=\"og:description\" content=\"Shumica parlamentare dhe tri partit\u00eb m\u00eb t\u00eb m\u00ebdha opozitare nuk kan\u00eb qellim t\u00eb sinqert\u00eb q\u00eb ta miratojn\u00eb kodin zgjedhor, konsideron deputeti i FORCA-s Genc\" \/>\n<meta property=\"og:url\" content=\"https:\/\/www.visit-ulcinj.com\/blog\/2011\/08\/20\/nimanbegu-mungojne-hapat-pozitiv-per-shqiptaret\/\" \/>\n<meta property=\"og:site_name\" content=\"Lajme nga Ulqini\" \/>\n<meta property=\"article:published_time\" content=\"2011-08-20T12:47:58+00:00\" \/>\n<meta property=\"article:modified_time\" content=\"2011-08-20T12:50:11+00:00\" \/>\n<meta property=\"og:image\" content=\"http:\/\/www.visit-ulcinj.com\/blog\/wp-content\/uploads\/2011\/08\/Genci-Nimanbegu.jpg\" \/>\n<meta name=\"twitter:label1\" content=\"Written by\" \/>\n\t<meta name=\"twitter:data1\" content=\"ulqini\" \/>\n\t<meta name=\"twitter:label2\" content=\"Est. reading time\" \/>\n\t<meta name=\"twitter:data2\" content=\"1 minute\" \/>\n<script type=\"application\/ld+json\" class=\"yoast-schema-graph\">{\"@context\":\"https:\/\/schema.org\",\"@graph\":[{\"@type\":\"WebSite\",\"@id\":\"https:\/\/www.visit-ulcinj.com\/blog\/#website\",\"url\":\"https:\/\/www.visit-ulcinj.com\/blog\/\",\"name\":\"Lajme nga Ulqini\",\"description\":\"Lajme,Vijesti,Ulqini,Ulqin,Crna Gora,Mali i Zi\",\"potentialAction\":[{\"@type\":\"SearchAction\",\"target\":{\"@type\":\"EntryPoint\",\"urlTemplate\":\"https:\/\/www.visit-ulcinj.com\/blog\/?s={search_term_string}\"},\"query-input\":\"required name=search_term_string\"}],\"inLanguage\":\"en-US\"},{\"@type\":\"ImageObject\",\"inLanguage\":\"en-US\",\"@id\":\"https:\/\/www.visit-ulcinj.com\/blog\/2011\/08\/20\/nimanbegu-mungojne-hapat-pozitiv-per-shqiptaret\/#primaryimage\",\"url\":\"https:\/\/www.visit-ulcinj.com\/blog\/wp-content\/uploads\/2011\/08\/Genci-Nimanbegu.jpg\",\"contentUrl\":\"https:\/\/www.visit-ulcinj.com\/blog\/wp-content\/uploads\/2011\/08\/Genci-Nimanbegu.jpg\",\"width\":\"604\",\"height\":\"404\"},{\"@type\":\"WebPage\",\"@id\":\"https:\/\/www.visit-ulcinj.com\/blog\/2011\/08\/20\/nimanbegu-mungojne-hapat-pozitiv-per-shqiptaret\/#webpage\",\"url\":\"https:\/\/www.visit-ulcinj.com\/blog\/2011\/08\/20\/nimanbegu-mungojne-hapat-pozitiv-per-shqiptaret\/\",\"name\":\"Nimanbegu: Mungojn\u00eb hapat pozitiv p\u00ebr shqiptar\u00ebt - Lajme nga Ulqini\",\"isPartOf\":{\"@id\":\"https:\/\/www.visit-ulcinj.com\/blog\/#website\"},\"primaryImageOfPage\":{\"@id\":\"https:\/\/www.visit-ulcinj.com\/blog\/2011\/08\/20\/nimanbegu-mungojne-hapat-pozitiv-per-shqiptaret\/#primaryimage\"},\"datePublished\":\"2011-08-20T12:47:58+00:00\",\"dateModified\":\"2011-08-20T12:50:11+00:00\",\"author\":{\"@id\":\"https:\/\/www.visit-ulcinj.com\/blog\/#\/schema\/person\/dcab619c614d3038751c63bc2aadc06d\"},\"description\":\"Shumica parlamentare dhe tri partit\u00eb m\u00eb t\u00eb m\u00ebdha opozitare nuk kan\u00eb qellim t\u00eb sinqert\u00eb q\u00eb ta miratojn\u00eb kodin zgjedhor, konsideron deputeti i FORCA-s Genc\",\"breadcrumb\":{\"@id\":\"https:\/\/www.visit-ulcinj.com\/blog\/2011\/08\/20\/nimanbegu-mungojne-hapat-pozitiv-per-shqiptaret\/#breadcrumb\"},\"inLanguage\":\"en-US\",\"potentialAction\":[{\"@type\":\"ReadAction\",\"target\":[\"https:\/\/www.visit-ulcinj.com\/blog\/2011\/08\/20\/nimanbegu-mungojne-hapat-pozitiv-per-shqiptaret\/\"]}]},{\"@type\":\"BreadcrumbList\",\"@id\":\"https:\/\/www.visit-ulcinj.com\/blog\/2011\/08\/20\/nimanbegu-mungojne-hapat-pozitiv-per-shqiptaret\/#breadcrumb\",\"itemListElement\":[{\"@type\":\"ListItem\",\"position\":1,\"name\":\"Nimanbegu: Mungojn\u00eb hapat pozitiv p\u00ebr shqiptar\u00ebt\"}]},{\"@type\":\"Person\",\"@id\":\"https:\/\/www.visit-ulcinj.com\/blog\/#\/schema\/person\/dcab619c614d3038751c63bc2aadc06d\",\"name\":\"ulqini\",\"sameAs\":[\"http:\/\/www.visit-ulcinj.com\"],\"url\":\"https:\/\/www.visit-ulcinj.com\/blog\/author\/admin\/\"}]}<\/script>\n<!-- \/ Yoast SEO plugin. -->","yoast_head_json":{"title":"Nimanbegu: Mungojn\u00eb hapat pozitiv p\u00ebr shqiptar\u00ebt - Lajme nga Ulqini","description":"Shumica parlamentare dhe tri partit\u00eb m\u00eb t\u00eb m\u00ebdha opozitare nuk kan\u00eb qellim t\u00eb sinqert\u00eb q\u00eb ta miratojn\u00eb kodin zgjedhor, konsideron deputeti i FORCA-s Genc","robots":{"index":"index","follow":"follow","max-snippet":"max-snippet:-1","max-image-preview":"max-image-preview:large","max-video-preview":"max-video-preview:-1"},"canonical":"https:\/\/www.visit-ulcinj.com\/blog\/2011\/08\/20\/nimanbegu-mungojne-hapat-pozitiv-per-shqiptaret\/","og_locale":"en_US","og_type":"article","og_title":"Nimanbegu: Mungojn\u00eb hapat pozitiv p\u00ebr shqiptar\u00ebt - Lajme nga Ulqini","og_description":"Shumica parlamentare dhe tri partit\u00eb m\u00eb t\u00eb m\u00ebdha opozitare nuk kan\u00eb qellim t\u00eb sinqert\u00eb q\u00eb ta miratojn\u00eb kodin zgjedhor, konsideron deputeti i FORCA-s Genc","og_url":"https:\/\/www.visit-ulcinj.com\/blog\/2011\/08\/20\/nimanbegu-mungojne-hapat-pozitiv-per-shqiptaret\/","og_site_name":"Lajme nga Ulqini","article_published_time":"2011-08-20T12:47:58+00:00","article_modified_time":"2011-08-20T12:50:11+00:00","og_image":[{"url":"http:\/\/www.visit-ulcinj.com\/blog\/wp-content\/uploads\/2011\/08\/Genci-Nimanbegu.jpg"}],"twitter_misc":{"Written by":"ulqini","Est. reading time":"1 minute"},"schema":{"@context":"https:\/\/schema.org","@graph":[{"@type":"WebSite","@id":"https:\/\/www.visit-ulcinj.com\/blog\/#website","url":"https:\/\/www.visit-ulcinj.com\/blog\/","name":"Lajme nga Ulqini","description":"Lajme,Vijesti,Ulqini,Ulqin,Crna Gora,Mali i Zi","potentialAction":[{"@type":"SearchAction","target":{"@type":"EntryPoint","urlTemplate":"https:\/\/www.visit-ulcinj.com\/blog\/?s={search_term_string}"},"query-input":"required name=search_term_string"}],"inLanguage":"en-US"},{"@type":"ImageObject","inLanguage":"en-US","@id":"https:\/\/www.visit-ulcinj.com\/blog\/2011\/08\/20\/nimanbegu-mungojne-hapat-pozitiv-per-shqiptaret\/#primaryimage","url":"https:\/\/www.visit-ulcinj.com\/blog\/wp-content\/uploads\/2011\/08\/Genci-Nimanbegu.jpg","contentUrl":"https:\/\/www.visit-ulcinj.com\/blog\/wp-content\/uploads\/2011\/08\/Genci-Nimanbegu.jpg","width":"604","height":"404"},{"@type":"WebPage","@id":"https:\/\/www.visit-ulcinj.com\/blog\/2011\/08\/20\/nimanbegu-mungojne-hapat-pozitiv-per-shqiptaret\/#webpage","url":"https:\/\/www.visit-ulcinj.com\/blog\/2011\/08\/20\/nimanbegu-mungojne-hapat-pozitiv-per-shqiptaret\/","name":"Nimanbegu: Mungojn\u00eb hapat pozitiv p\u00ebr shqiptar\u00ebt - Lajme nga Ulqini","isPartOf":{"@id":"https:\/\/www.visit-ulcinj.com\/blog\/#website"},"primaryImageOfPage":{"@id":"https:\/\/www.visit-ulcinj.com\/blog\/2011\/08\/20\/nimanbegu-mungojne-hapat-pozitiv-per-shqiptaret\/#primaryimage"},"datePublished":"2011-08-20T12:47:58+00:00","dateModified":"2011-08-20T12:50:11+00:00","author":{"@id":"https:\/\/www.visit-ulcinj.com\/blog\/#\/schema\/person\/dcab619c614d3038751c63bc2aadc06d"},"description":"Shumica parlamentare dhe tri partit\u00eb m\u00eb t\u00eb m\u00ebdha opozitare nuk kan\u00eb qellim t\u00eb sinqert\u00eb q\u00eb ta miratojn\u00eb kodin zgjedhor, konsideron deputeti i FORCA-s Genc","breadcrumb":{"@id":"https:\/\/www.visit-ulcinj.com\/blog\/2011\/08\/20\/nimanbegu-mungojne-hapat-pozitiv-per-shqiptaret\/#breadcrumb"},"inLanguage":"en-US","potentialAction":[{"@type":"ReadAction","target":["https:\/\/www.visit-ulcinj.com\/blog\/2011\/08\/20\/nimanbegu-mungojne-hapat-pozitiv-per-shqiptaret\/"]}]},{"@type":"BreadcrumbList","@id":"https:\/\/www.visit-ulcinj.com\/blog\/2011\/08\/20\/nimanbegu-mungojne-hapat-pozitiv-per-shqiptaret\/#breadcrumb","itemListElement":[{"@type":"ListItem","position":1,"name":"Nimanbegu: Mungojn\u00eb hapat pozitiv p\u00ebr shqiptar\u00ebt"}]},{"@type":"Person","@id":"https:\/\/www.visit-ulcinj.com\/blog\/#\/schema\/person\/dcab619c614d3038751c63bc2aadc06d","name":"ulqini","sameAs":["http:\/\/www.visit-ulcinj.com"],"url":"https:\/\/www.visit-ulcinj.com\/blog\/author\/admin\/"}]}},"jetpack_featured_media_url":"","jetpack_sharing_enabled":true,"jetpack_shortlink":"https:\/\/wp.me\/pe6lTn-cYX","_links":{"self":[{"href":"https:\/\/www.visit-ulcinj.com\/blog\/wp-json\/wp\/v2\/posts\/49907"}],"collection":[{"href":"https:\/\/www.visit-ulcinj.com\/blog\/wp-json\/wp\/v2\/posts"}],"about":[{"href":"https:\/\/www.visit-ulcinj.com\/blog\/wp-json\/wp\/v2\/types\/post"}],"author":[{"embeddable":true,"href":"https:\/\/www.visit-ulcinj.com\/blog\/wp-json\/wp\/v2\/users\/1"}],"replies":[{"embeddable":true,"href":"https:\/\/www.visit-ulcinj.com\/blog\/wp-json\/wp\/v2\/comments?post=49907"}],"version-history":[{"count":2,"href":"https:\/\/www.visit-ulcinj.com\/blog\/wp-json\/wp\/v2\/posts\/49907\/revisions"}],"predecessor-version":[{"id":49910,"href":"https:\/\/www.visit-ulcinj.com\/blog\/wp-json\/wp\/v2\/posts\/49907\/revisions\/49910"}],"wp:attachment":[{"href":"https:\/\/www.visit-ulcinj.com\/blog\/wp-json\/wp\/v2\/media?parent=49907"}],"wp:term":[{"taxonomy":"category","embeddable":true,"href":"https:\/\/www.visit-ulcinj.com\/blog\/wp-json\/wp\/v2\/categories?post=49907"},{"taxonomy":"post_tag","embeddable":true,"href":"https:\/\/www.visit-ulcinj.com\/blog\/wp-json\/wp\/v2\/tags?post=49907"}],"curies":[{"name":"wp","href":"https:\/\/api.w.org\/{rel}","templated":true}]}}