{"id":49911,"date":"2011-08-20T14:03:00","date_gmt":"2011-08-20T13:03:00","guid":{"rendered":"http:\/\/www.visit-ulcinj.com\/blog\/?p=49911"},"modified":"2011-08-22T16:48:32","modified_gmt":"2011-08-22T15:48:32","slug":"ali-redza-posjeta-nadmasila-ocekivanja","status":"publish","type":"post","link":"https:\/\/www.visit-ulcinj.com\/blog\/2011\/08\/20\/ali-redza-posjeta-nadmasila-ocekivanja\/","title":{"rendered":"Re\u0111\u017ea: Posjeta nadma\u0161ila o\u010dekivanja"},"content":{"rendered":"<p><a href=\"http:\/\/www.visit-ulcinj.com\/blog\/wp-content\/uploads\/2011\/08\/Ali-Redza_direktor-TO-Ulcinj.jpg\"><img loading=\"lazy\" class=\"alignleft size-full wp-image-49912\" title=\"Ali-Redza_direktor TO Ulcinj\" src=\"http:\/\/www.visit-ulcinj.com\/blog\/wp-content\/uploads\/2011\/08\/Ali-Redza_direktor-TO-Ulcinj.jpg\" alt=\"\" width=\"330\" height=\"400\" \/><\/a>Ulcinjska op\u0161tina je pro\u0161le godine imala jednu od najboljih turisti\u010dkih sezona, kako po broju turista tako i po ostvarenom prometu. Ve\u0107 je izvjesno da \u0107e ova biti jo\u0161 bolja, \u0161to nadma\u0161uje i najoptimisti\u010dkija predvi\u0111anja. To potvr\u0111uju zvani\u010dni podaci iz juna i jula, kao i trenutna popunjenost svih vrsta smje\u0161taja na podru\u010dju na\u0161e rivijere.<\/p>\n<p>Ovako dosada\u0161nji tok turisti\u010dke sezone u najju\u017enijem ljetovali\u0161tu na Crnogorskom primorju ocjenjuje Ali Red\u017ea, direktor TO Ulcinj, navode\u0107i da su u junu imali 10 odsto vi\u0161e turista nego u istom mjesecu lani, a da je u julu taj rast broja turista bio jo\u0161 ve\u0107i, te da se isti trend nastavlja i u ovom mjesecu.<\/p>\n<p>U prvoj dekadi avgusta popunjenost hotela na ulcinjskoj rivijeri je 2o odsto bolja nego prvih dana avgusta pro\u0161le godine, dok je broj prijavljenih gostiju koji borave u doma\u0107oj radinosti na podru\u010dju op\u0161tine ve\u0107i od pro\u0161logodi\u0161njeg u istom periodu osam odsto, kazao je Red\u017ea Turisti\u010dkom magazinu Pobjede, napominju\u0107i da sezona ne jenjava, jer se broj turista i dalje pove\u0107ava.<br \/>\n<a href=\"http:\/\/www.visit-ulcinj.com\/blog\/wp-content\/uploads\/2011\/08\/mala-plaza_ulcinj.jpg\"><img loading=\"lazy\" class=\"alignleft size-full wp-image-49914\" title=\"mala plaza_ulcinj\" src=\"http:\/\/www.visit-ulcinj.com\/blog\/wp-content\/uploads\/2011\/08\/mala-plaza_ulcinj.jpg\" alt=\"\" width=\"508\" height=\"330\" \/><\/a><\/p>\n<p>Direktor TO Ulcinj izra\u017eava zadovoljstvo strukturom ovogodi\u0161njih turista koja je bitnije promijenjena u odnosu na pretodne sezone. Pove\u0107an je broj turista iz zapadmoevropskih zemalja, naro\u0161ito Njema\u010dke, zatim iz \u010ce\u0161ke, Poljske, Rusije. Raduje nas \u010dinjenica da, uprkos tome \u0161to je sada vrijeme velikog posta Ramazana, nije opala posjeta sa podru\u010dja BiH i Kosova, ka\u017ee direktor Red\u017ea uz napomenu da, iako je registracija turista iz godine u godinu sve bolja, i dalje znatan broj gostiju u ulcinjskoj op\u0161tini izmi\u010de zvani\u010dnoj evidenciji. Tako, po zvani\u010dnoj statistici, broj turista je ne\u0161to iznad 20 hiljada, a na osnovu posjeta na pla\u017eama, gu\u017evi na ulicama, restoranima i \u0161etali\u0161tima, najupu\u0107eniji procjenjuju da iih je \u010detiri do pet puta vi\u0161e.<br \/>\n<a href=\"http:\/\/www.pobjeda.co.me\/citanje.php?datum=2011-08-14&amp;id=216706\" target=\"_blank\"><strong>N.Perkovi\u0107<br \/>\nPobjeda<\/strong><\/a><\/p>\n<p>[flv]http:\/\/www.rtcg.me\/images\/biblioteka\/dnevnik_-_video_arhiva\/dnevnik_21082011.flv[\/flv]<\/p>\n","protected":false},"excerpt":{"rendered":"<p>Ulcinjska op\u0161tina je pro\u0161le godine imala jednu od najboljih turisti\u010dkih sezona, kako po broju turista tako i po ostvarenom prometu. Ve\u0107 je izvjesno da \u0107e ova biti jo\u0161 bolja, \u0161to nadma\u0161uje i najoptimisti\u010dkija predvi\u0111anja. To potvr\u0111uju zvani\u010dni podaci iz juna i jula, kao i trenutna popunjenost svih vrsta smje\u0161taja na podru\u010dju na\u0161e rivijere. Ovako dosada\u0161nji [&hellip;]<\/p>\n","protected":false},"author":1,"featured_media":0,"comment_status":"open","ping_status":"closed","sticky":false,"template":"","format":"standard","meta":{"spay_email":"","jetpack_publicize_message":"","jetpack_is_tweetstorm":false,"jetpack_publicize_feature_enabled":true},"categories":[8337],"tags":[572,19],"jetpack_publicize_connections":[],"yoast_head":"<!-- This site is optimized with the Yoast SEO plugin v19.1 - https:\/\/yoast.com\/wordpress\/plugins\/seo\/ -->\n<title>Re\u0111\u017ea: Posjeta nadma\u0161ila o\u010dekivanja - Lajme nga Ulqini<\/title>\n<meta name=\"description\" content=\"Ulcinjska op\u0161tina je pro\u0161le godine imala jednu od najboljih turisti\u010dkih sezona, kako po broju turista tako i po ostvarenom prometu. Ve\u0107 je izvjesno da \u0107e\" \/>\n<meta name=\"robots\" content=\"index, follow, max-snippet:-1, max-image-preview:large, max-video-preview:-1\" \/>\n<link rel=\"canonical\" href=\"https:\/\/www.visit-ulcinj.com\/blog\/2011\/08\/20\/ali-redza-posjeta-nadmasila-ocekivanja\/\" \/>\n<meta property=\"og:locale\" content=\"en_US\" \/>\n<meta property=\"og:type\" content=\"article\" \/>\n<meta property=\"og:title\" content=\"Re\u0111\u017ea: Posjeta nadma\u0161ila o\u010dekivanja - Lajme nga Ulqini\" \/>\n<meta property=\"og:description\" content=\"Ulcinjska op\u0161tina je pro\u0161le godine imala jednu od najboljih turisti\u010dkih sezona, kako po broju turista tako i po ostvarenom prometu. Ve\u0107 je izvjesno da \u0107e\" \/>\n<meta property=\"og:url\" content=\"https:\/\/www.visit-ulcinj.com\/blog\/2011\/08\/20\/ali-redza-posjeta-nadmasila-ocekivanja\/\" \/>\n<meta property=\"og:site_name\" content=\"Lajme nga Ulqini\" \/>\n<meta property=\"article:published_time\" content=\"2011-08-20T13:03:00+00:00\" \/>\n<meta property=\"article:modified_time\" content=\"2011-08-22T15:48:32+00:00\" \/>\n<meta property=\"og:image\" content=\"http:\/\/www.visit-ulcinj.com\/blog\/wp-content\/uploads\/2011\/08\/Ali-Redza_direktor-TO-Ulcinj.jpg\" \/>\n<meta name=\"twitter:label1\" content=\"Written by\" \/>\n\t<meta name=\"twitter:data1\" content=\"ulqini\" \/>\n\t<meta name=\"twitter:label2\" content=\"Est. reading time\" \/>\n\t<meta name=\"twitter:data2\" content=\"2 minutes\" \/>\n<script type=\"application\/ld+json\" class=\"yoast-schema-graph\">{\"@context\":\"https:\/\/schema.org\",\"@graph\":[{\"@type\":\"WebSite\",\"@id\":\"https:\/\/www.visit-ulcinj.com\/blog\/#website\",\"url\":\"https:\/\/www.visit-ulcinj.com\/blog\/\",\"name\":\"Lajme nga Ulqini\",\"description\":\"Lajme,Vijesti,Ulqini,Ulqin,Crna Gora,Mali i Zi\",\"potentialAction\":[{\"@type\":\"SearchAction\",\"target\":{\"@type\":\"EntryPoint\",\"urlTemplate\":\"https:\/\/www.visit-ulcinj.com\/blog\/?s={search_term_string}\"},\"query-input\":\"required name=search_term_string\"}],\"inLanguage\":\"en-US\"},{\"@type\":\"ImageObject\",\"inLanguage\":\"en-US\",\"@id\":\"https:\/\/www.visit-ulcinj.com\/blog\/2011\/08\/20\/ali-redza-posjeta-nadmasila-ocekivanja\/#primaryimage\",\"url\":\"https:\/\/www.visit-ulcinj.com\/blog\/wp-content\/uploads\/2011\/08\/Ali-Redza_direktor-TO-Ulcinj.jpg\",\"contentUrl\":\"https:\/\/www.visit-ulcinj.com\/blog\/wp-content\/uploads\/2011\/08\/Ali-Redza_direktor-TO-Ulcinj.jpg\",\"width\":\"522\",\"height\":\"600\"},{\"@type\":\"WebPage\",\"@id\":\"https:\/\/www.visit-ulcinj.com\/blog\/2011\/08\/20\/ali-redza-posjeta-nadmasila-ocekivanja\/#webpage\",\"url\":\"https:\/\/www.visit-ulcinj.com\/blog\/2011\/08\/20\/ali-redza-posjeta-nadmasila-ocekivanja\/\",\"name\":\"Re\u0111\u017ea: Posjeta nadma\u0161ila o\u010dekivanja - Lajme nga Ulqini\",\"isPartOf\":{\"@id\":\"https:\/\/www.visit-ulcinj.com\/blog\/#website\"},\"primaryImageOfPage\":{\"@id\":\"https:\/\/www.visit-ulcinj.com\/blog\/2011\/08\/20\/ali-redza-posjeta-nadmasila-ocekivanja\/#primaryimage\"},\"datePublished\":\"2011-08-20T13:03:00+00:00\",\"dateModified\":\"2011-08-22T15:48:32+00:00\",\"author\":{\"@id\":\"https:\/\/www.visit-ulcinj.com\/blog\/#\/schema\/person\/dcab619c614d3038751c63bc2aadc06d\"},\"description\":\"Ulcinjska op\u0161tina je pro\u0161le godine imala jednu od najboljih turisti\u010dkih sezona, kako po broju turista tako i po ostvarenom prometu. Ve\u0107 je izvjesno da \u0107e\",\"breadcrumb\":{\"@id\":\"https:\/\/www.visit-ulcinj.com\/blog\/2011\/08\/20\/ali-redza-posjeta-nadmasila-ocekivanja\/#breadcrumb\"},\"inLanguage\":\"en-US\",\"potentialAction\":[{\"@type\":\"ReadAction\",\"target\":[\"https:\/\/www.visit-ulcinj.com\/blog\/2011\/08\/20\/ali-redza-posjeta-nadmasila-ocekivanja\/\"]}]},{\"@type\":\"BreadcrumbList\",\"@id\":\"https:\/\/www.visit-ulcinj.com\/blog\/2011\/08\/20\/ali-redza-posjeta-nadmasila-ocekivanja\/#breadcrumb\",\"itemListElement\":[{\"@type\":\"ListItem\",\"position\":1,\"name\":\"Re\u0111\u017ea: Posjeta nadma\u0161ila o\u010dekivanja\"}]},{\"@type\":\"Person\",\"@id\":\"https:\/\/www.visit-ulcinj.com\/blog\/#\/schema\/person\/dcab619c614d3038751c63bc2aadc06d\",\"name\":\"ulqini\",\"sameAs\":[\"http:\/\/www.visit-ulcinj.com\"],\"url\":\"https:\/\/www.visit-ulcinj.com\/blog\/author\/admin\/\"}]}<\/script>\n<!-- \/ Yoast SEO plugin. -->","yoast_head_json":{"title":"Re\u0111\u017ea: Posjeta nadma\u0161ila o\u010dekivanja - Lajme nga Ulqini","description":"Ulcinjska op\u0161tina je pro\u0161le godine imala jednu od najboljih turisti\u010dkih sezona, kako po broju turista tako i po ostvarenom prometu. Ve\u0107 je izvjesno da \u0107e","robots":{"index":"index","follow":"follow","max-snippet":"max-snippet:-1","max-image-preview":"max-image-preview:large","max-video-preview":"max-video-preview:-1"},"canonical":"https:\/\/www.visit-ulcinj.com\/blog\/2011\/08\/20\/ali-redza-posjeta-nadmasila-ocekivanja\/","og_locale":"en_US","og_type":"article","og_title":"Re\u0111\u017ea: Posjeta nadma\u0161ila o\u010dekivanja - Lajme nga Ulqini","og_description":"Ulcinjska op\u0161tina je pro\u0161le godine imala jednu od najboljih turisti\u010dkih sezona, kako po broju turista tako i po ostvarenom prometu. Ve\u0107 je izvjesno da \u0107e","og_url":"https:\/\/www.visit-ulcinj.com\/blog\/2011\/08\/20\/ali-redza-posjeta-nadmasila-ocekivanja\/","og_site_name":"Lajme nga Ulqini","article_published_time":"2011-08-20T13:03:00+00:00","article_modified_time":"2011-08-22T15:48:32+00:00","og_image":[{"url":"http:\/\/www.visit-ulcinj.com\/blog\/wp-content\/uploads\/2011\/08\/Ali-Redza_direktor-TO-Ulcinj.jpg"}],"twitter_misc":{"Written by":"ulqini","Est. reading time":"2 minutes"},"schema":{"@context":"https:\/\/schema.org","@graph":[{"@type":"WebSite","@id":"https:\/\/www.visit-ulcinj.com\/blog\/#website","url":"https:\/\/www.visit-ulcinj.com\/blog\/","name":"Lajme nga Ulqini","description":"Lajme,Vijesti,Ulqini,Ulqin,Crna Gora,Mali i Zi","potentialAction":[{"@type":"SearchAction","target":{"@type":"EntryPoint","urlTemplate":"https:\/\/www.visit-ulcinj.com\/blog\/?s={search_term_string}"},"query-input":"required name=search_term_string"}],"inLanguage":"en-US"},{"@type":"ImageObject","inLanguage":"en-US","@id":"https:\/\/www.visit-ulcinj.com\/blog\/2011\/08\/20\/ali-redza-posjeta-nadmasila-ocekivanja\/#primaryimage","url":"https:\/\/www.visit-ulcinj.com\/blog\/wp-content\/uploads\/2011\/08\/Ali-Redza_direktor-TO-Ulcinj.jpg","contentUrl":"https:\/\/www.visit-ulcinj.com\/blog\/wp-content\/uploads\/2011\/08\/Ali-Redza_direktor-TO-Ulcinj.jpg","width":"522","height":"600"},{"@type":"WebPage","@id":"https:\/\/www.visit-ulcinj.com\/blog\/2011\/08\/20\/ali-redza-posjeta-nadmasila-ocekivanja\/#webpage","url":"https:\/\/www.visit-ulcinj.com\/blog\/2011\/08\/20\/ali-redza-posjeta-nadmasila-ocekivanja\/","name":"Re\u0111\u017ea: Posjeta nadma\u0161ila o\u010dekivanja - Lajme nga Ulqini","isPartOf":{"@id":"https:\/\/www.visit-ulcinj.com\/blog\/#website"},"primaryImageOfPage":{"@id":"https:\/\/www.visit-ulcinj.com\/blog\/2011\/08\/20\/ali-redza-posjeta-nadmasila-ocekivanja\/#primaryimage"},"datePublished":"2011-08-20T13:03:00+00:00","dateModified":"2011-08-22T15:48:32+00:00","author":{"@id":"https:\/\/www.visit-ulcinj.com\/blog\/#\/schema\/person\/dcab619c614d3038751c63bc2aadc06d"},"description":"Ulcinjska op\u0161tina je pro\u0161le godine imala jednu od najboljih turisti\u010dkih sezona, kako po broju turista tako i po ostvarenom prometu. Ve\u0107 je izvjesno da \u0107e","breadcrumb":{"@id":"https:\/\/www.visit-ulcinj.com\/blog\/2011\/08\/20\/ali-redza-posjeta-nadmasila-ocekivanja\/#breadcrumb"},"inLanguage":"en-US","potentialAction":[{"@type":"ReadAction","target":["https:\/\/www.visit-ulcinj.com\/blog\/2011\/08\/20\/ali-redza-posjeta-nadmasila-ocekivanja\/"]}]},{"@type":"BreadcrumbList","@id":"https:\/\/www.visit-ulcinj.com\/blog\/2011\/08\/20\/ali-redza-posjeta-nadmasila-ocekivanja\/#breadcrumb","itemListElement":[{"@type":"ListItem","position":1,"name":"Re\u0111\u017ea: Posjeta nadma\u0161ila o\u010dekivanja"}]},{"@type":"Person","@id":"https:\/\/www.visit-ulcinj.com\/blog\/#\/schema\/person\/dcab619c614d3038751c63bc2aadc06d","name":"ulqini","sameAs":["http:\/\/www.visit-ulcinj.com"],"url":"https:\/\/www.visit-ulcinj.com\/blog\/author\/admin\/"}]}},"jetpack_featured_media_url":"","jetpack_sharing_enabled":true,"jetpack_shortlink":"https:\/\/wp.me\/pe6lTn-cZ1","_links":{"self":[{"href":"https:\/\/www.visit-ulcinj.com\/blog\/wp-json\/wp\/v2\/posts\/49911"}],"collection":[{"href":"https:\/\/www.visit-ulcinj.com\/blog\/wp-json\/wp\/v2\/posts"}],"about":[{"href":"https:\/\/www.visit-ulcinj.com\/blog\/wp-json\/wp\/v2\/types\/post"}],"author":[{"embeddable":true,"href":"https:\/\/www.visit-ulcinj.com\/blog\/wp-json\/wp\/v2\/users\/1"}],"replies":[{"embeddable":true,"href":"https:\/\/www.visit-ulcinj.com\/blog\/wp-json\/wp\/v2\/comments?post=49911"}],"version-history":[{"count":5,"href":"https:\/\/www.visit-ulcinj.com\/blog\/wp-json\/wp\/v2\/posts\/49911\/revisions"}],"predecessor-version":[{"id":50073,"href":"https:\/\/www.visit-ulcinj.com\/blog\/wp-json\/wp\/v2\/posts\/49911\/revisions\/50073"}],"wp:attachment":[{"href":"https:\/\/www.visit-ulcinj.com\/blog\/wp-json\/wp\/v2\/media?parent=49911"}],"wp:term":[{"taxonomy":"category","embeddable":true,"href":"https:\/\/www.visit-ulcinj.com\/blog\/wp-json\/wp\/v2\/categories?post=49911"},{"taxonomy":"post_tag","embeddable":true,"href":"https:\/\/www.visit-ulcinj.com\/blog\/wp-json\/wp\/v2\/tags?post=49911"}],"curies":[{"name":"wp","href":"https:\/\/api.w.org\/{rel}","templated":true}]}}