{"id":49919,"date":"2011-08-20T14:13:54","date_gmt":"2011-08-20T13:13:54","guid":{"rendered":"http:\/\/www.visit-ulcinj.com\/blog\/?p=49919"},"modified":"2011-08-20T14:13:54","modified_gmt":"2011-08-20T13:13:54","slug":"forca-nema-pozitivnog-pomaka-za-albance","status":"publish","type":"post","link":"https:\/\/www.visit-ulcinj.com\/blog\/2011\/08\/20\/forca-nema-pozitivnog-pomaka-za-albance\/","title":{"rendered":"FORCA: Nema pozitivnog pomaka za Albance"},"content":{"rendered":"<p><a href=\"http:\/\/www.visit-ulcinj.com\/blog\/wp-content\/uploads\/2011\/08\/logo-forca.jpg\"><img loading=\"lazy\" class=\"alignleft size-full wp-image-49920\" title=\"logo-forca\" src=\"http:\/\/www.visit-ulcinj.com\/blog\/wp-content\/uploads\/2011\/08\/logo-forca.jpg\" alt=\"\" width=\"300\" height=\"300\" \/><\/a>Skup\u0161tinska ve\u0107ina i tri najja\u010de opozicione partije nemaju iskrenu namjeru da usvoje izborni zakon, smatra poslanik FORCE Genci Nimanbegu, navode\u0107i da u sada\u0161njem tekstu zakona za Albance nema nikakvih pozitivnih pomaka.<\/p>\n<p>Kolegijum predsjednika parlamenta usaglasio je u \u010detvrtak tekst izbornog zakona, a podr\u0161ku su dale Demokratska partija socijalista, Socijaldemokratska partija, Socijalisti\u010dka narodna partija, Nova srpska demokratija, Pokret za promjene, kao i Bo\u0161nja\u010dka stranka u na\u010delu.<\/p>\n<p>\u201cAlbanci nemaju nikakvih pomaka u pozitivnom smjeru, tako da osje\u0107amo da ve\u0107ina, na neki na\u010din, jedva \u010deka da isklju\u010di Albance iz prava koje su ranije ostvarivali u okviru izbornog zakona\u201d, rekao je Nimanbegu agenciji Mina.<\/p>\n<p>FORCA \u0107e, kako je kazao, zauzeti ozbiljan stav sa drugim predstavnciima albanskih partija u parlamentu i vidjeti da li ima mjesta za kompromis.<\/p>\n<p>\u201cSagledavaju\u0107i cijelu situaciju, mislimo da je to samo igra izme\u0111u ve\u0107ine u Skup\u0161tini i tri najja\u010de opozicione partije i da nemaju iskrenu namjeru za usvajanje izbornog zakona i dobijanje datuma pregovora sa Evropskom komisijom\u201d, naveo je Nimanbegu.<\/p>\n<p>Prema njegovim rije\u010dima, predsjednik parlamenta Ranko Krivokapi\u0107 je vi\u0161e puta govorio da \u0107e sa njima razgovarati na kraju.<\/p>\n<p>\u201c\u0160ta na kraju? Treba na po\u010detku sa svim partnerima pri\u010dati ozbiljno\u201d, poru\u010dio je Nimanbegu.<\/p>\n<p>On je kazao da su razo\u010darani pona\u0161anjem i skup\u0161tinske ve\u0107ine i opozicionih partija, navode\u0107i da su Albanci u Crnoj Gori specifi\u010dna i autohtona manjina, zbog \u010dega im, smatra on, treba obezbijediti zastupljenost u parlamentu.<\/p>\n<p><a href=\"http:\/\/www.portalanalitika.me\/politika\/vijesti\/34870-forca-nema-pozitivnog-pomaka-za-albance.html\" target=\"_blank\"><strong>Analitika<\/strong><\/a><\/p>\n","protected":false},"excerpt":{"rendered":"<p>Skup\u0161tinska ve\u0107ina i tri najja\u010de opozicione partije nemaju iskrenu namjeru da usvoje izborni zakon, smatra poslanik FORCE Genci Nimanbegu, navode\u0107i da u sada\u0161njem tekstu zakona za Albance nema nikakvih pozitivnih pomaka. Kolegijum predsjednika parlamenta usaglasio je u \u010detvrtak tekst izbornog zakona, a podr\u0161ku su dale Demokratska partija socijalista, Socijaldemokratska partija, Socijalisti\u010dka narodna partija, Nova srpska [&hellip;]<\/p>\n","protected":false},"author":1,"featured_media":0,"comment_status":"open","ping_status":"closed","sticky":false,"template":"","format":"standard","meta":{"spay_email":"","jetpack_publicize_message":"","jetpack_is_tweetstorm":false,"jetpack_publicize_feature_enabled":true},"categories":[8337],"tags":[117,19],"jetpack_publicize_connections":[],"yoast_head":"<!-- This site is optimized with the Yoast SEO plugin v19.1 - https:\/\/yoast.com\/wordpress\/plugins\/seo\/ -->\n<title>FORCA: Nema pozitivnog pomaka za Albance - Lajme nga Ulqini<\/title>\n<meta name=\"description\" content=\"Skup\u0161tinska ve\u0107ina i tri najja\u010de opozicione partije nemaju iskrenu namjeru da usvoje izborni zakon, smatra poslanik FORCE Genci Nimanbegu, navode\u0107i da u\" \/>\n<meta name=\"robots\" content=\"index, follow, max-snippet:-1, max-image-preview:large, max-video-preview:-1\" \/>\n<link rel=\"canonical\" href=\"https:\/\/www.visit-ulcinj.com\/blog\/2011\/08\/20\/forca-nema-pozitivnog-pomaka-za-albance\/\" \/>\n<meta property=\"og:locale\" content=\"en_US\" \/>\n<meta property=\"og:type\" content=\"article\" \/>\n<meta property=\"og:title\" content=\"FORCA: Nema pozitivnog pomaka za Albance - Lajme nga Ulqini\" \/>\n<meta property=\"og:description\" content=\"Skup\u0161tinska ve\u0107ina i tri najja\u010de opozicione partije nemaju iskrenu namjeru da usvoje izborni zakon, smatra poslanik FORCE Genci Nimanbegu, navode\u0107i da u\" \/>\n<meta property=\"og:url\" content=\"https:\/\/www.visit-ulcinj.com\/blog\/2011\/08\/20\/forca-nema-pozitivnog-pomaka-za-albance\/\" \/>\n<meta property=\"og:site_name\" content=\"Lajme nga Ulqini\" \/>\n<meta property=\"article:published_time\" content=\"2011-08-20T13:13:54+00:00\" \/>\n<meta property=\"og:image\" content=\"http:\/\/www.visit-ulcinj.com\/blog\/wp-content\/uploads\/2011\/08\/logo-forca.jpg\" \/>\n<meta name=\"twitter:label1\" content=\"Written by\" \/>\n\t<meta name=\"twitter:data1\" content=\"ulqini\" \/>\n\t<meta name=\"twitter:label2\" content=\"Est. reading time\" \/>\n\t<meta name=\"twitter:data2\" content=\"1 minute\" \/>\n<script type=\"application\/ld+json\" class=\"yoast-schema-graph\">{\"@context\":\"https:\/\/schema.org\",\"@graph\":[{\"@type\":\"WebSite\",\"@id\":\"https:\/\/www.visit-ulcinj.com\/blog\/#website\",\"url\":\"https:\/\/www.visit-ulcinj.com\/blog\/\",\"name\":\"Lajme nga Ulqini\",\"description\":\"Lajme,Vijesti,Ulqini,Ulqin,Crna Gora,Mali i Zi\",\"potentialAction\":[{\"@type\":\"SearchAction\",\"target\":{\"@type\":\"EntryPoint\",\"urlTemplate\":\"https:\/\/www.visit-ulcinj.com\/blog\/?s={search_term_string}\"},\"query-input\":\"required name=search_term_string\"}],\"inLanguage\":\"en-US\"},{\"@type\":\"ImageObject\",\"inLanguage\":\"en-US\",\"@id\":\"https:\/\/www.visit-ulcinj.com\/blog\/2011\/08\/20\/forca-nema-pozitivnog-pomaka-za-albance\/#primaryimage\",\"url\":\"https:\/\/www.visit-ulcinj.com\/blog\/wp-content\/uploads\/2011\/08\/logo-forca.jpg\",\"contentUrl\":\"https:\/\/www.visit-ulcinj.com\/blog\/wp-content\/uploads\/2011\/08\/logo-forca.jpg\",\"width\":\"248\",\"height\":\"241\"},{\"@type\":\"WebPage\",\"@id\":\"https:\/\/www.visit-ulcinj.com\/blog\/2011\/08\/20\/forca-nema-pozitivnog-pomaka-za-albance\/#webpage\",\"url\":\"https:\/\/www.visit-ulcinj.com\/blog\/2011\/08\/20\/forca-nema-pozitivnog-pomaka-za-albance\/\",\"name\":\"FORCA: Nema pozitivnog pomaka za Albance - Lajme nga Ulqini\",\"isPartOf\":{\"@id\":\"https:\/\/www.visit-ulcinj.com\/blog\/#website\"},\"primaryImageOfPage\":{\"@id\":\"https:\/\/www.visit-ulcinj.com\/blog\/2011\/08\/20\/forca-nema-pozitivnog-pomaka-za-albance\/#primaryimage\"},\"datePublished\":\"2011-08-20T13:13:54+00:00\",\"dateModified\":\"2011-08-20T13:13:54+00:00\",\"author\":{\"@id\":\"https:\/\/www.visit-ulcinj.com\/blog\/#\/schema\/person\/dcab619c614d3038751c63bc2aadc06d\"},\"description\":\"Skup\u0161tinska ve\u0107ina i tri najja\u010de opozicione partije nemaju iskrenu namjeru da usvoje izborni zakon, smatra poslanik FORCE Genci Nimanbegu, navode\u0107i da u\",\"breadcrumb\":{\"@id\":\"https:\/\/www.visit-ulcinj.com\/blog\/2011\/08\/20\/forca-nema-pozitivnog-pomaka-za-albance\/#breadcrumb\"},\"inLanguage\":\"en-US\",\"potentialAction\":[{\"@type\":\"ReadAction\",\"target\":[\"https:\/\/www.visit-ulcinj.com\/blog\/2011\/08\/20\/forca-nema-pozitivnog-pomaka-za-albance\/\"]}]},{\"@type\":\"BreadcrumbList\",\"@id\":\"https:\/\/www.visit-ulcinj.com\/blog\/2011\/08\/20\/forca-nema-pozitivnog-pomaka-za-albance\/#breadcrumb\",\"itemListElement\":[{\"@type\":\"ListItem\",\"position\":1,\"name\":\"FORCA: Nema pozitivnog pomaka za Albance\"}]},{\"@type\":\"Person\",\"@id\":\"https:\/\/www.visit-ulcinj.com\/blog\/#\/schema\/person\/dcab619c614d3038751c63bc2aadc06d\",\"name\":\"ulqini\",\"sameAs\":[\"http:\/\/www.visit-ulcinj.com\"],\"url\":\"https:\/\/www.visit-ulcinj.com\/blog\/author\/admin\/\"}]}<\/script>\n<!-- \/ Yoast SEO plugin. -->","yoast_head_json":{"title":"FORCA: Nema pozitivnog pomaka za Albance - Lajme nga Ulqini","description":"Skup\u0161tinska ve\u0107ina i tri najja\u010de opozicione partije nemaju iskrenu namjeru da usvoje izborni zakon, smatra poslanik FORCE Genci Nimanbegu, navode\u0107i da u","robots":{"index":"index","follow":"follow","max-snippet":"max-snippet:-1","max-image-preview":"max-image-preview:large","max-video-preview":"max-video-preview:-1"},"canonical":"https:\/\/www.visit-ulcinj.com\/blog\/2011\/08\/20\/forca-nema-pozitivnog-pomaka-za-albance\/","og_locale":"en_US","og_type":"article","og_title":"FORCA: Nema pozitivnog pomaka za Albance - Lajme nga Ulqini","og_description":"Skup\u0161tinska ve\u0107ina i tri najja\u010de opozicione partije nemaju iskrenu namjeru da usvoje izborni zakon, smatra poslanik FORCE Genci Nimanbegu, navode\u0107i da u","og_url":"https:\/\/www.visit-ulcinj.com\/blog\/2011\/08\/20\/forca-nema-pozitivnog-pomaka-za-albance\/","og_site_name":"Lajme nga Ulqini","article_published_time":"2011-08-20T13:13:54+00:00","og_image":[{"url":"http:\/\/www.visit-ulcinj.com\/blog\/wp-content\/uploads\/2011\/08\/logo-forca.jpg"}],"twitter_misc":{"Written by":"ulqini","Est. reading time":"1 minute"},"schema":{"@context":"https:\/\/schema.org","@graph":[{"@type":"WebSite","@id":"https:\/\/www.visit-ulcinj.com\/blog\/#website","url":"https:\/\/www.visit-ulcinj.com\/blog\/","name":"Lajme nga Ulqini","description":"Lajme,Vijesti,Ulqini,Ulqin,Crna Gora,Mali i Zi","potentialAction":[{"@type":"SearchAction","target":{"@type":"EntryPoint","urlTemplate":"https:\/\/www.visit-ulcinj.com\/blog\/?s={search_term_string}"},"query-input":"required name=search_term_string"}],"inLanguage":"en-US"},{"@type":"ImageObject","inLanguage":"en-US","@id":"https:\/\/www.visit-ulcinj.com\/blog\/2011\/08\/20\/forca-nema-pozitivnog-pomaka-za-albance\/#primaryimage","url":"https:\/\/www.visit-ulcinj.com\/blog\/wp-content\/uploads\/2011\/08\/logo-forca.jpg","contentUrl":"https:\/\/www.visit-ulcinj.com\/blog\/wp-content\/uploads\/2011\/08\/logo-forca.jpg","width":"248","height":"241"},{"@type":"WebPage","@id":"https:\/\/www.visit-ulcinj.com\/blog\/2011\/08\/20\/forca-nema-pozitivnog-pomaka-za-albance\/#webpage","url":"https:\/\/www.visit-ulcinj.com\/blog\/2011\/08\/20\/forca-nema-pozitivnog-pomaka-za-albance\/","name":"FORCA: Nema pozitivnog pomaka za Albance - Lajme nga Ulqini","isPartOf":{"@id":"https:\/\/www.visit-ulcinj.com\/blog\/#website"},"primaryImageOfPage":{"@id":"https:\/\/www.visit-ulcinj.com\/blog\/2011\/08\/20\/forca-nema-pozitivnog-pomaka-za-albance\/#primaryimage"},"datePublished":"2011-08-20T13:13:54+00:00","dateModified":"2011-08-20T13:13:54+00:00","author":{"@id":"https:\/\/www.visit-ulcinj.com\/blog\/#\/schema\/person\/dcab619c614d3038751c63bc2aadc06d"},"description":"Skup\u0161tinska ve\u0107ina i tri najja\u010de opozicione partije nemaju iskrenu namjeru da usvoje izborni zakon, smatra poslanik FORCE Genci Nimanbegu, navode\u0107i da u","breadcrumb":{"@id":"https:\/\/www.visit-ulcinj.com\/blog\/2011\/08\/20\/forca-nema-pozitivnog-pomaka-za-albance\/#breadcrumb"},"inLanguage":"en-US","potentialAction":[{"@type":"ReadAction","target":["https:\/\/www.visit-ulcinj.com\/blog\/2011\/08\/20\/forca-nema-pozitivnog-pomaka-za-albance\/"]}]},{"@type":"BreadcrumbList","@id":"https:\/\/www.visit-ulcinj.com\/blog\/2011\/08\/20\/forca-nema-pozitivnog-pomaka-za-albance\/#breadcrumb","itemListElement":[{"@type":"ListItem","position":1,"name":"FORCA: Nema pozitivnog pomaka za Albance"}]},{"@type":"Person","@id":"https:\/\/www.visit-ulcinj.com\/blog\/#\/schema\/person\/dcab619c614d3038751c63bc2aadc06d","name":"ulqini","sameAs":["http:\/\/www.visit-ulcinj.com"],"url":"https:\/\/www.visit-ulcinj.com\/blog\/author\/admin\/"}]}},"jetpack_featured_media_url":"","jetpack_sharing_enabled":true,"jetpack_shortlink":"https:\/\/wp.me\/pe6lTn-cZ9","_links":{"self":[{"href":"https:\/\/www.visit-ulcinj.com\/blog\/wp-json\/wp\/v2\/posts\/49919"}],"collection":[{"href":"https:\/\/www.visit-ulcinj.com\/blog\/wp-json\/wp\/v2\/posts"}],"about":[{"href":"https:\/\/www.visit-ulcinj.com\/blog\/wp-json\/wp\/v2\/types\/post"}],"author":[{"embeddable":true,"href":"https:\/\/www.visit-ulcinj.com\/blog\/wp-json\/wp\/v2\/users\/1"}],"replies":[{"embeddable":true,"href":"https:\/\/www.visit-ulcinj.com\/blog\/wp-json\/wp\/v2\/comments?post=49919"}],"version-history":[{"count":1,"href":"https:\/\/www.visit-ulcinj.com\/blog\/wp-json\/wp\/v2\/posts\/49919\/revisions"}],"predecessor-version":[{"id":49921,"href":"https:\/\/www.visit-ulcinj.com\/blog\/wp-json\/wp\/v2\/posts\/49919\/revisions\/49921"}],"wp:attachment":[{"href":"https:\/\/www.visit-ulcinj.com\/blog\/wp-json\/wp\/v2\/media?parent=49919"}],"wp:term":[{"taxonomy":"category","embeddable":true,"href":"https:\/\/www.visit-ulcinj.com\/blog\/wp-json\/wp\/v2\/categories?post=49919"},{"taxonomy":"post_tag","embeddable":true,"href":"https:\/\/www.visit-ulcinj.com\/blog\/wp-json\/wp\/v2\/tags?post=49919"}],"curies":[{"name":"wp","href":"https:\/\/api.w.org\/{rel}","templated":true}]}}