{"id":49925,"date":"2011-08-20T14:42:02","date_gmt":"2011-08-20T13:42:02","guid":{"rendered":"http:\/\/www.visit-ulcinj.com\/blog\/?p=49925"},"modified":"2011-08-20T14:42:02","modified_gmt":"2011-08-20T13:42:02","slug":"cungu-nemamo-dogovor-sa-dps-om","status":"publish","type":"post","link":"https:\/\/www.visit-ulcinj.com\/blog\/2011\/08\/20\/cungu-nemamo-dogovor-sa-dps-om\/","title":{"rendered":"Cungu: Nemamo dogovor sa DPS-om"},"content":{"rendered":"<p><a href=\"http:\/\/www.visit-ulcinj.com\/blog\/wp-content\/uploads\/2011\/08\/NAZF-CUNGU_FORCA_ULCINJ.jpg\"><img loading=\"lazy\" class=\"alignleft size-full wp-image-49926\" title=\"NAZF CUNGU_FORCA_ULCINJ\" src=\"http:\/\/www.visit-ulcinj.com\/blog\/wp-content\/uploads\/2011\/08\/NAZF-CUNGU_FORCA_ULCINJ.jpg\" alt=\"\" width=\"508\" height=\"380\" \/><\/a>Lider Force, budu\u0107i predsjednik ulcinjske op\u0161tine, Nazif Cungu, za Antenu M odbacio navode DPS-a da su se te dvije partije na\u010delno dogovorile o koaliciji na lokalnom nivou.<\/p>\n<p>Kada je ju\u010de nastala nova ve\u0107ina u ulcinjskoj Skup\u0161tini koju \u010dine nekada\u0161nja \u010detiri odbornika Demokratske unije Albanaca, Forca,\u00a0 SDP i Perspektiva, predsjednik Skup\u0161tine Lui\u0111 \u0160krelja iz DPS-a optu\u017eio je Forcu za nepo\u0161tovanje dogovora koji su na\u010delno postigli prije nekoliko dana. Tim sporazumom se, tvrdi \u0160krelja, podrazumijevalo da Forca bude dio koalicije DUA-DPS-Prosperitet.<\/p>\n<p>\u201cPostignut je na\u010delni sporazum da tokom septembra prakti\u010dno to realizujemo. Zna\u010di, DPS je pristao na takvu jednu \u0161iroku koaliciju, a oni su nam radili iza le\u0111a i danas sklapaju koaliciju sa grupom partizana iz Vladimira koji mimo Statuta, pravila partije i mimo pravila ljudskosti, trud i mandate koje su zaradili ustupaju drugom politi\u010dkom partneru.\u201d<\/p>\n<p>Lider Force, budu\u0107i predsjednik ulcinjske op\u0161tine, Nazif Cungu, ka\u017ee za Antenu M da njegova partija nije potpisala nikakav sporazum sa DPS-om kojim je dogovorena budu\u0107a saradnja na lokalnom nivou.<\/p>\n<p>\u00abNemamo mi potpisan nikakav dogovor ni sporazum. Mi smo pripremali dogovor za saradnju na lokalnom i dr\u017eavnom nivou. Me\u0111utim, protiv saradnje na lokalnom nivou bili su Lui\u0111 \u0160krelja i Ferhat Dino\u0161a i ostalo je da sara\u0111ujemo na dr\u017eavnom nivou. Razgovore na tu temu, nastavi\u0107emo u septembru.\u00bb<\/p>\n<p><a href=\"http:\/\/antenam.net\/sajt\/index.php?option=com_content&amp;view=article&amp;id=6306:cungu-nemamo-dogovor-sa-dps-om&amp;catid=34:politika&amp;Itemid=53\" target=\"_blank\"><strong>Radio Antena M<\/strong><\/a><\/p>\n","protected":false},"excerpt":{"rendered":"<p>Lider Force, budu\u0107i predsjednik ulcinjske op\u0161tine, Nazif Cungu, za Antenu M odbacio navode DPS-a da su se te dvije partije na\u010delno dogovorile o koaliciji na lokalnom nivou. Kada je ju\u010de nastala nova ve\u0107ina u ulcinjskoj Skup\u0161tini koju \u010dine nekada\u0161nja \u010detiri odbornika Demokratske unije Albanaca, Forca,\u00a0 SDP i Perspektiva, predsjednik Skup\u0161tine Lui\u0111 \u0160krelja iz DPS-a optu\u017eio [&hellip;]<\/p>\n","protected":false},"author":1,"featured_media":0,"comment_status":"open","ping_status":"closed","sticky":false,"template":"","format":"standard","meta":{"spay_email":"","jetpack_publicize_message":"","jetpack_is_tweetstorm":false,"jetpack_publicize_feature_enabled":true},"categories":[8337],"tags":[118],"jetpack_publicize_connections":[],"yoast_head":"<!-- This site is optimized with the Yoast SEO plugin v19.1 - https:\/\/yoast.com\/wordpress\/plugins\/seo\/ -->\n<title>Cungu: Nemamo dogovor sa DPS-om - Lajme nga Ulqini<\/title>\n<meta name=\"description\" content=\"Lider Force, budu\u0107i predsjednik ulcinjske op\u0161tine, Nazif Cungu, za Antenu M odbacio navode DPS-a da su se te dvije partije na\u010delno dogovorile o koaliciji\" \/>\n<meta name=\"robots\" content=\"index, follow, max-snippet:-1, max-image-preview:large, max-video-preview:-1\" \/>\n<link rel=\"canonical\" href=\"https:\/\/www.visit-ulcinj.com\/blog\/2011\/08\/20\/cungu-nemamo-dogovor-sa-dps-om\/\" \/>\n<meta property=\"og:locale\" content=\"en_US\" \/>\n<meta property=\"og:type\" content=\"article\" \/>\n<meta property=\"og:title\" content=\"Cungu: Nemamo dogovor sa DPS-om - Lajme nga Ulqini\" \/>\n<meta property=\"og:description\" content=\"Lider Force, budu\u0107i predsjednik ulcinjske op\u0161tine, Nazif Cungu, za Antenu M odbacio navode DPS-a da su se te dvije partije na\u010delno dogovorile o koaliciji\" \/>\n<meta property=\"og:url\" content=\"https:\/\/www.visit-ulcinj.com\/blog\/2011\/08\/20\/cungu-nemamo-dogovor-sa-dps-om\/\" \/>\n<meta property=\"og:site_name\" content=\"Lajme nga Ulqini\" \/>\n<meta property=\"article:published_time\" content=\"2011-08-20T13:42:02+00:00\" \/>\n<meta property=\"og:image\" content=\"http:\/\/www.visit-ulcinj.com\/blog\/wp-content\/uploads\/2011\/08\/NAZF-CUNGU_FORCA_ULCINJ.jpg\" \/>\n<meta name=\"twitter:label1\" content=\"Written by\" \/>\n\t<meta name=\"twitter:data1\" content=\"ulqini\" \/>\n\t<meta name=\"twitter:label2\" content=\"Est. reading time\" \/>\n\t<meta name=\"twitter:data2\" content=\"1 minute\" \/>\n<script type=\"application\/ld+json\" class=\"yoast-schema-graph\">{\"@context\":\"https:\/\/schema.org\",\"@graph\":[{\"@type\":\"WebSite\",\"@id\":\"https:\/\/www.visit-ulcinj.com\/blog\/#website\",\"url\":\"https:\/\/www.visit-ulcinj.com\/blog\/\",\"name\":\"Lajme nga Ulqini\",\"description\":\"Lajme,Vijesti,Ulqini,Ulqin,Crna Gora,Mali i Zi\",\"potentialAction\":[{\"@type\":\"SearchAction\",\"target\":{\"@type\":\"EntryPoint\",\"urlTemplate\":\"https:\/\/www.visit-ulcinj.com\/blog\/?s={search_term_string}\"},\"query-input\":\"required name=search_term_string\"}],\"inLanguage\":\"en-US\"},{\"@type\":\"ImageObject\",\"inLanguage\":\"en-US\",\"@id\":\"https:\/\/www.visit-ulcinj.com\/blog\/2011\/08\/20\/cungu-nemamo-dogovor-sa-dps-om\/#primaryimage\",\"url\":\"https:\/\/www.visit-ulcinj.com\/blog\/wp-content\/uploads\/2011\/08\/NAZF-CUNGU_FORCA_ULCINJ.jpg\",\"contentUrl\":\"https:\/\/www.visit-ulcinj.com\/blog\/wp-content\/uploads\/2011\/08\/NAZF-CUNGU_FORCA_ULCINJ.jpg\",\"width\":\"720\",\"height\":\"480\"},{\"@type\":\"WebPage\",\"@id\":\"https:\/\/www.visit-ulcinj.com\/blog\/2011\/08\/20\/cungu-nemamo-dogovor-sa-dps-om\/#webpage\",\"url\":\"https:\/\/www.visit-ulcinj.com\/blog\/2011\/08\/20\/cungu-nemamo-dogovor-sa-dps-om\/\",\"name\":\"Cungu: Nemamo dogovor sa DPS-om - Lajme nga Ulqini\",\"isPartOf\":{\"@id\":\"https:\/\/www.visit-ulcinj.com\/blog\/#website\"},\"primaryImageOfPage\":{\"@id\":\"https:\/\/www.visit-ulcinj.com\/blog\/2011\/08\/20\/cungu-nemamo-dogovor-sa-dps-om\/#primaryimage\"},\"datePublished\":\"2011-08-20T13:42:02+00:00\",\"dateModified\":\"2011-08-20T13:42:02+00:00\",\"author\":{\"@id\":\"https:\/\/www.visit-ulcinj.com\/blog\/#\/schema\/person\/dcab619c614d3038751c63bc2aadc06d\"},\"description\":\"Lider Force, budu\u0107i predsjednik ulcinjske op\u0161tine, Nazif Cungu, za Antenu M odbacio navode DPS-a da su se te dvije partije na\u010delno dogovorile o koaliciji\",\"breadcrumb\":{\"@id\":\"https:\/\/www.visit-ulcinj.com\/blog\/2011\/08\/20\/cungu-nemamo-dogovor-sa-dps-om\/#breadcrumb\"},\"inLanguage\":\"en-US\",\"potentialAction\":[{\"@type\":\"ReadAction\",\"target\":[\"https:\/\/www.visit-ulcinj.com\/blog\/2011\/08\/20\/cungu-nemamo-dogovor-sa-dps-om\/\"]}]},{\"@type\":\"BreadcrumbList\",\"@id\":\"https:\/\/www.visit-ulcinj.com\/blog\/2011\/08\/20\/cungu-nemamo-dogovor-sa-dps-om\/#breadcrumb\",\"itemListElement\":[{\"@type\":\"ListItem\",\"position\":1,\"name\":\"Cungu: Nemamo dogovor sa DPS-om\"}]},{\"@type\":\"Person\",\"@id\":\"https:\/\/www.visit-ulcinj.com\/blog\/#\/schema\/person\/dcab619c614d3038751c63bc2aadc06d\",\"name\":\"ulqini\",\"sameAs\":[\"http:\/\/www.visit-ulcinj.com\"],\"url\":\"https:\/\/www.visit-ulcinj.com\/blog\/author\/admin\/\"}]}<\/script>\n<!-- \/ Yoast SEO plugin. -->","yoast_head_json":{"title":"Cungu: Nemamo dogovor sa DPS-om - Lajme nga Ulqini","description":"Lider Force, budu\u0107i predsjednik ulcinjske op\u0161tine, Nazif Cungu, za Antenu M odbacio navode DPS-a da su se te dvije partije na\u010delno dogovorile o koaliciji","robots":{"index":"index","follow":"follow","max-snippet":"max-snippet:-1","max-image-preview":"max-image-preview:large","max-video-preview":"max-video-preview:-1"},"canonical":"https:\/\/www.visit-ulcinj.com\/blog\/2011\/08\/20\/cungu-nemamo-dogovor-sa-dps-om\/","og_locale":"en_US","og_type":"article","og_title":"Cungu: Nemamo dogovor sa DPS-om - Lajme nga Ulqini","og_description":"Lider Force, budu\u0107i predsjednik ulcinjske op\u0161tine, Nazif Cungu, za Antenu M odbacio navode DPS-a da su se te dvije partije na\u010delno dogovorile o koaliciji","og_url":"https:\/\/www.visit-ulcinj.com\/blog\/2011\/08\/20\/cungu-nemamo-dogovor-sa-dps-om\/","og_site_name":"Lajme nga Ulqini","article_published_time":"2011-08-20T13:42:02+00:00","og_image":[{"url":"http:\/\/www.visit-ulcinj.com\/blog\/wp-content\/uploads\/2011\/08\/NAZF-CUNGU_FORCA_ULCINJ.jpg"}],"twitter_misc":{"Written by":"ulqini","Est. reading time":"1 minute"},"schema":{"@context":"https:\/\/schema.org","@graph":[{"@type":"WebSite","@id":"https:\/\/www.visit-ulcinj.com\/blog\/#website","url":"https:\/\/www.visit-ulcinj.com\/blog\/","name":"Lajme nga Ulqini","description":"Lajme,Vijesti,Ulqini,Ulqin,Crna Gora,Mali i Zi","potentialAction":[{"@type":"SearchAction","target":{"@type":"EntryPoint","urlTemplate":"https:\/\/www.visit-ulcinj.com\/blog\/?s={search_term_string}"},"query-input":"required name=search_term_string"}],"inLanguage":"en-US"},{"@type":"ImageObject","inLanguage":"en-US","@id":"https:\/\/www.visit-ulcinj.com\/blog\/2011\/08\/20\/cungu-nemamo-dogovor-sa-dps-om\/#primaryimage","url":"https:\/\/www.visit-ulcinj.com\/blog\/wp-content\/uploads\/2011\/08\/NAZF-CUNGU_FORCA_ULCINJ.jpg","contentUrl":"https:\/\/www.visit-ulcinj.com\/blog\/wp-content\/uploads\/2011\/08\/NAZF-CUNGU_FORCA_ULCINJ.jpg","width":"720","height":"480"},{"@type":"WebPage","@id":"https:\/\/www.visit-ulcinj.com\/blog\/2011\/08\/20\/cungu-nemamo-dogovor-sa-dps-om\/#webpage","url":"https:\/\/www.visit-ulcinj.com\/blog\/2011\/08\/20\/cungu-nemamo-dogovor-sa-dps-om\/","name":"Cungu: Nemamo dogovor sa DPS-om - Lajme nga Ulqini","isPartOf":{"@id":"https:\/\/www.visit-ulcinj.com\/blog\/#website"},"primaryImageOfPage":{"@id":"https:\/\/www.visit-ulcinj.com\/blog\/2011\/08\/20\/cungu-nemamo-dogovor-sa-dps-om\/#primaryimage"},"datePublished":"2011-08-20T13:42:02+00:00","dateModified":"2011-08-20T13:42:02+00:00","author":{"@id":"https:\/\/www.visit-ulcinj.com\/blog\/#\/schema\/person\/dcab619c614d3038751c63bc2aadc06d"},"description":"Lider Force, budu\u0107i predsjednik ulcinjske op\u0161tine, Nazif Cungu, za Antenu M odbacio navode DPS-a da su se te dvije partije na\u010delno dogovorile o koaliciji","breadcrumb":{"@id":"https:\/\/www.visit-ulcinj.com\/blog\/2011\/08\/20\/cungu-nemamo-dogovor-sa-dps-om\/#breadcrumb"},"inLanguage":"en-US","potentialAction":[{"@type":"ReadAction","target":["https:\/\/www.visit-ulcinj.com\/blog\/2011\/08\/20\/cungu-nemamo-dogovor-sa-dps-om\/"]}]},{"@type":"BreadcrumbList","@id":"https:\/\/www.visit-ulcinj.com\/blog\/2011\/08\/20\/cungu-nemamo-dogovor-sa-dps-om\/#breadcrumb","itemListElement":[{"@type":"ListItem","position":1,"name":"Cungu: Nemamo dogovor sa DPS-om"}]},{"@type":"Person","@id":"https:\/\/www.visit-ulcinj.com\/blog\/#\/schema\/person\/dcab619c614d3038751c63bc2aadc06d","name":"ulqini","sameAs":["http:\/\/www.visit-ulcinj.com"],"url":"https:\/\/www.visit-ulcinj.com\/blog\/author\/admin\/"}]}},"jetpack_featured_media_url":"","jetpack_sharing_enabled":true,"jetpack_shortlink":"https:\/\/wp.me\/pe6lTn-cZf","_links":{"self":[{"href":"https:\/\/www.visit-ulcinj.com\/blog\/wp-json\/wp\/v2\/posts\/49925"}],"collection":[{"href":"https:\/\/www.visit-ulcinj.com\/blog\/wp-json\/wp\/v2\/posts"}],"about":[{"href":"https:\/\/www.visit-ulcinj.com\/blog\/wp-json\/wp\/v2\/types\/post"}],"author":[{"embeddable":true,"href":"https:\/\/www.visit-ulcinj.com\/blog\/wp-json\/wp\/v2\/users\/1"}],"replies":[{"embeddable":true,"href":"https:\/\/www.visit-ulcinj.com\/blog\/wp-json\/wp\/v2\/comments?post=49925"}],"version-history":[{"count":1,"href":"https:\/\/www.visit-ulcinj.com\/blog\/wp-json\/wp\/v2\/posts\/49925\/revisions"}],"predecessor-version":[{"id":49927,"href":"https:\/\/www.visit-ulcinj.com\/blog\/wp-json\/wp\/v2\/posts\/49925\/revisions\/49927"}],"wp:attachment":[{"href":"https:\/\/www.visit-ulcinj.com\/blog\/wp-json\/wp\/v2\/media?parent=49925"}],"wp:term":[{"taxonomy":"category","embeddable":true,"href":"https:\/\/www.visit-ulcinj.com\/blog\/wp-json\/wp\/v2\/categories?post=49925"},{"taxonomy":"post_tag","embeddable":true,"href":"https:\/\/www.visit-ulcinj.com\/blog\/wp-json\/wp\/v2\/tags?post=49925"}],"curies":[{"name":"wp","href":"https:\/\/api.w.org\/{rel}","templated":true}]}}