{"id":49928,"date":"2011-08-20T17:18:06","date_gmt":"2011-08-20T16:18:06","guid":{"rendered":"http:\/\/www.visit-ulcinj.com\/blog\/?p=49928"},"modified":"2011-08-20T19:28:41","modified_gmt":"2011-08-20T18:28:41","slug":"ulcinjski-dps-odrzao-vanrednu-sjednicu-traze-vanredne-izbore","status":"publish","type":"post","link":"https:\/\/www.visit-ulcinj.com\/blog\/2011\/08\/20\/ulcinjski-dps-odrzao-vanrednu-sjednicu-traze-vanredne-izbore\/","title":{"rendered":"Ulcinjski DPS odr\u017eao vanrednu sjednicu, tra\u017ee vanredne izbore"},"content":{"rendered":"<p><strong><a href=\"http:\/\/www.visit-ulcinj.com\/blog\/wp-content\/uploads\/2011\/08\/Koalicija-Force-Ulcinja.jpg\"><img loading=\"lazy\" class=\"alignleft size-full wp-image-49929\" title=\"Koalicija Force Ulcinja\" src=\"http:\/\/www.visit-ulcinj.com\/blog\/wp-content\/uploads\/2011\/08\/Koalicija-Force-Ulcinja.jpg\" alt=\"\" width=\"508\" height=\"380\" \/><\/a>DPS-u smetaju preleta\u010di kad mora da preda vlast<\/strong><\/p>\n<p>DPS je saop\u0161tio da je za\u010du\u0111en i postupkom Force &#8220;koja kao stabilan i ozbiljan subjekat ulazi u avanturu sa grupom odbornika DUA&#8221;<\/p>\n<p>Izvr\u0161ni odbor ulcinjskog DPS-a ocijenio je da formiranje nove skup\u0161tinske ve\u0107ine na \u010delu sa Forcom Nazifa Cungua u tom gradu sadr\u017ei elemente politi\u010dke korupcije i zaklju\u010dio da su vanredni loklani izbori trenutno najbolje rje\u0161enje koje ide u korist gra\u0111ana.<\/p>\n<p>&#8220;Mirno \u0107emo \u010dekati ishod ove \u010dudne politi\u010dke igre i insistirati da se preispita uloga politi\u010dara-preleta\u010da, kojima je trn u oku razvoj grada i koncept evropskog puta Crne Gore&#8221;, isti\u010de se u saop\u0161tenju.<\/p>\n<p>DPS je zasjedao povodom stvaranja nove skup\u0161tinske ve\u0107ine koja je tu partiju i DUA Ferhata Dino\u0161e poslala u opozicione klupe. U novom sazivu parlamenta sa 33 odbornika ve\u0107inu \u0107e \u010diniti Forca sa 11 odbornika, \u010detiri biv\u0161a odbornika DUA iz anamalskog ogranka koji su okrenuli le\u0111a Ferhatu Dino\u0161i, dva SDP-a i jedan Perspektive.<\/p>\n<p>To je ujedno i epilog raskola u DUA, najja\u010doj albanskoj partiji na dr\u017eavnom nivou, koja je nedavno ostala bez vladimirskog odnosno anamalskog ogranka koji predvodi biv\u0161i generalni sekretar DUA Fatmir \u0110eka. \u0110ekin potez sprije\u010dio je dogovoreni reizbor Gzima Hajdinage (DUA) za predsjednika op\u0161tine, tako da \u0107e novi gradona\u010delnik biti Cungu.<\/p>\n<p>DPS je saop\u0161tio da je za\u010du\u0111en i postupkom Force &#8220;koja kao stabilan i ozbiljan subjekat ulazi u avanturu sa grupom odbornika DUA koja nema demokratskog kapaciteta&#8221;.<\/p>\n<p>&#8220;Ali, to je stvar DUA i u to ne ulazimo. DPS je u\u010dinio napor kako na lokalnom tako i na dr\u017eavnom nivou da na\u0111e zajedni\u010dki jezik sa Forcom. Ponudili smo im na\u0161e kvote za u\u010de\u0161\u0107e u vlasti radi dobra Ulcinja i Crne Gore i prevazila\u017eenja aminoziteta sa DUA. Zato \u010dudi da uprkos na\u0161oj spremnosti, Forca zaklju\u010duje dogovor iza na\u0161ih le\u0111a&#8221;, isti\u010de se u saop\u0161tenju.<\/p>\n<p><strong>Cungu bio na ve\u010deri sa Dino\u0161om i vrhom DPS-a<\/strong><\/p>\n<p>Cungu je potvrdio da je bio na radnoj ve\u010deri sa Dino\u0161om, \u0161efom ulcinjskog DPS-a Ljui\u0111om \u0160kreljom i politi\u010dkim direktorom DPS-a Branimirom Gvozdenovi\u0107em, ali je demantovao da je tada Forci nu\u0111eno bilo \u0161ta konkretno.<\/p>\n<p>&#8220;Gvozdenovi\u0107 je rekao da \u0107e podr\u017eati ono \u0161to nas trojica dogovorimo. S obzirom na to da je Dino\u0161a stavio \u0161apu na mjesto predsjednika op\u0161tine a \u0160krelja na prvog \u010dovjeka parlamenta, njima dvojici sam predlo\u017eio da nam dostave predlog u kome \u0107e navesti \u0161ta nam sve nude. Naglasio sam da ne bi trebalo da dijelimo funkcije ve\u0107 da napravimo tim koji \u0107e Ulcinj izvu\u0107i iz krize&#8221;, kazao je Cungu &#8220;Vijestima&#8221;.<\/p>\n<h3><strong><strong><strong><\/strong><\/strong><\/strong><a href=\"http:\/\/www.vijesti.me\/vijesti\/dps-u-smetaju-preletaci-kad-mora-da-preda-vlast-clanak-34050\" target=\"_blank\"><strong><strong><strong><strong><strong><strong><strong><strong><strong><strong><strong><strong><strong>Pro\u010ditaj vijest do kraja &gt;&gt; Vijesti Online &gt;&gt;Samir Adrovi\u0107<\/strong><\/strong><\/strong><\/strong><\/strong><\/strong><\/strong><\/strong><\/strong><\/strong><\/strong><\/strong><\/strong><\/a><\/h3>\n<p><strong>VIDEO TV IN<\/strong><br \/>\n[flv]http:\/\/stream.rtvin.com\/flv\/17_08_post_ulcinj.flv[\/flv]<\/p>\n","protected":false},"excerpt":{"rendered":"<p>DPS-u smetaju preleta\u010di kad mora da preda vlast DPS je saop\u0161tio da je za\u010du\u0111en i postupkom Force &#8220;koja kao stabilan i ozbiljan subjekat ulazi u avanturu sa grupom odbornika DUA&#8221; Izvr\u0161ni odbor ulcinjskog DPS-a ocijenio je da formiranje nove skup\u0161tinske ve\u0107ine na \u010delu sa Forcom Nazifa Cungua u tom gradu sadr\u017ei elemente politi\u010dke korupcije i [&hellip;]<\/p>\n","protected":false},"author":1,"featured_media":0,"comment_status":"open","ping_status":"closed","sticky":false,"template":"","format":"standard","meta":{"spay_email":"","jetpack_publicize_message":"","jetpack_is_tweetstorm":false,"jetpack_publicize_feature_enabled":true},"categories":[8337],"tags":[19],"jetpack_publicize_connections":[],"yoast_head":"<!-- This site is optimized with the Yoast SEO plugin v19.1 - https:\/\/yoast.com\/wordpress\/plugins\/seo\/ -->\n<title>Ulcinjski DPS odr\u017eao vanrednu sjednicu, tra\u017ee vanredne izbore - Lajme nga Ulqini<\/title>\n<meta name=\"description\" content=\"DPS-u smetaju preleta\u010di kad mora da preda vlast DPS je saop\u0161tio da je za\u010du\u0111en i postupkom Force &quot;koja kao stabilan i ozbiljan subjekat ulazi u avanturu sa\" \/>\n<meta name=\"robots\" content=\"index, follow, max-snippet:-1, max-image-preview:large, max-video-preview:-1\" \/>\n<link rel=\"canonical\" href=\"https:\/\/www.visit-ulcinj.com\/blog\/2011\/08\/20\/ulcinjski-dps-odrzao-vanrednu-sjednicu-traze-vanredne-izbore\/\" \/>\n<meta property=\"og:locale\" content=\"en_US\" \/>\n<meta property=\"og:type\" content=\"article\" \/>\n<meta property=\"og:title\" content=\"Ulcinjski DPS odr\u017eao vanrednu sjednicu, tra\u017ee vanredne izbore - Lajme nga Ulqini\" \/>\n<meta property=\"og:description\" content=\"DPS-u smetaju preleta\u010di kad mora da preda vlast DPS je saop\u0161tio da je za\u010du\u0111en i postupkom Force &quot;koja kao stabilan i ozbiljan subjekat ulazi u avanturu sa\" \/>\n<meta property=\"og:url\" content=\"https:\/\/www.visit-ulcinj.com\/blog\/2011\/08\/20\/ulcinjski-dps-odrzao-vanrednu-sjednicu-traze-vanredne-izbore\/\" \/>\n<meta property=\"og:site_name\" content=\"Lajme nga Ulqini\" \/>\n<meta property=\"article:published_time\" content=\"2011-08-20T16:18:06+00:00\" \/>\n<meta property=\"article:modified_time\" content=\"2011-08-20T18:28:41+00:00\" \/>\n<meta property=\"og:image\" content=\"http:\/\/www.visit-ulcinj.com\/blog\/wp-content\/uploads\/2011\/08\/Koalicija-Force-Ulcinja.jpg\" \/>\n<meta name=\"twitter:label1\" content=\"Written by\" \/>\n\t<meta name=\"twitter:data1\" content=\"ulqini\" \/>\n\t<meta name=\"twitter:label2\" content=\"Est. reading time\" \/>\n\t<meta name=\"twitter:data2\" content=\"2 minutes\" \/>\n<script type=\"application\/ld+json\" class=\"yoast-schema-graph\">{\"@context\":\"https:\/\/schema.org\",\"@graph\":[{\"@type\":\"WebSite\",\"@id\":\"https:\/\/www.visit-ulcinj.com\/blog\/#website\",\"url\":\"https:\/\/www.visit-ulcinj.com\/blog\/\",\"name\":\"Lajme nga Ulqini\",\"description\":\"Lajme,Vijesti,Ulqini,Ulqin,Crna Gora,Mali i Zi\",\"potentialAction\":[{\"@type\":\"SearchAction\",\"target\":{\"@type\":\"EntryPoint\",\"urlTemplate\":\"https:\/\/www.visit-ulcinj.com\/blog\/?s={search_term_string}\"},\"query-input\":\"required name=search_term_string\"}],\"inLanguage\":\"en-US\"},{\"@type\":\"ImageObject\",\"inLanguage\":\"en-US\",\"@id\":\"https:\/\/www.visit-ulcinj.com\/blog\/2011\/08\/20\/ulcinjski-dps-odrzao-vanrednu-sjednicu-traze-vanredne-izbore\/#primaryimage\",\"url\":\"https:\/\/www.visit-ulcinj.com\/blog\/wp-content\/uploads\/2011\/08\/Koalicija-Force-Ulcinja.jpg\",\"contentUrl\":\"https:\/\/www.visit-ulcinj.com\/blog\/wp-content\/uploads\/2011\/08\/Koalicija-Force-Ulcinja.jpg\",\"width\":\"1000\",\"height\":\"607\"},{\"@type\":\"WebPage\",\"@id\":\"https:\/\/www.visit-ulcinj.com\/blog\/2011\/08\/20\/ulcinjski-dps-odrzao-vanrednu-sjednicu-traze-vanredne-izbore\/#webpage\",\"url\":\"https:\/\/www.visit-ulcinj.com\/blog\/2011\/08\/20\/ulcinjski-dps-odrzao-vanrednu-sjednicu-traze-vanredne-izbore\/\",\"name\":\"Ulcinjski DPS odr\u017eao vanrednu sjednicu, tra\u017ee vanredne izbore - Lajme nga Ulqini\",\"isPartOf\":{\"@id\":\"https:\/\/www.visit-ulcinj.com\/blog\/#website\"},\"primaryImageOfPage\":{\"@id\":\"https:\/\/www.visit-ulcinj.com\/blog\/2011\/08\/20\/ulcinjski-dps-odrzao-vanrednu-sjednicu-traze-vanredne-izbore\/#primaryimage\"},\"datePublished\":\"2011-08-20T16:18:06+00:00\",\"dateModified\":\"2011-08-20T18:28:41+00:00\",\"author\":{\"@id\":\"https:\/\/www.visit-ulcinj.com\/blog\/#\/schema\/person\/dcab619c614d3038751c63bc2aadc06d\"},\"description\":\"DPS-u smetaju preleta\u010di kad mora da preda vlast DPS je saop\u0161tio da je za\u010du\u0111en i postupkom Force \\\"koja kao stabilan i ozbiljan subjekat ulazi u avanturu sa\",\"breadcrumb\":{\"@id\":\"https:\/\/www.visit-ulcinj.com\/blog\/2011\/08\/20\/ulcinjski-dps-odrzao-vanrednu-sjednicu-traze-vanredne-izbore\/#breadcrumb\"},\"inLanguage\":\"en-US\",\"potentialAction\":[{\"@type\":\"ReadAction\",\"target\":[\"https:\/\/www.visit-ulcinj.com\/blog\/2011\/08\/20\/ulcinjski-dps-odrzao-vanrednu-sjednicu-traze-vanredne-izbore\/\"]}]},{\"@type\":\"BreadcrumbList\",\"@id\":\"https:\/\/www.visit-ulcinj.com\/blog\/2011\/08\/20\/ulcinjski-dps-odrzao-vanrednu-sjednicu-traze-vanredne-izbore\/#breadcrumb\",\"itemListElement\":[{\"@type\":\"ListItem\",\"position\":1,\"name\":\"Ulcinjski DPS odr\u017eao vanrednu sjednicu, tra\u017ee vanredne izbore\"}]},{\"@type\":\"Person\",\"@id\":\"https:\/\/www.visit-ulcinj.com\/blog\/#\/schema\/person\/dcab619c614d3038751c63bc2aadc06d\",\"name\":\"ulqini\",\"sameAs\":[\"http:\/\/www.visit-ulcinj.com\"],\"url\":\"https:\/\/www.visit-ulcinj.com\/blog\/author\/admin\/\"}]}<\/script>\n<!-- \/ Yoast SEO plugin. -->","yoast_head_json":{"title":"Ulcinjski DPS odr\u017eao vanrednu sjednicu, tra\u017ee vanredne izbore - Lajme nga Ulqini","description":"DPS-u smetaju preleta\u010di kad mora da preda vlast DPS je saop\u0161tio da je za\u010du\u0111en i postupkom Force \"koja kao stabilan i ozbiljan subjekat ulazi u avanturu sa","robots":{"index":"index","follow":"follow","max-snippet":"max-snippet:-1","max-image-preview":"max-image-preview:large","max-video-preview":"max-video-preview:-1"},"canonical":"https:\/\/www.visit-ulcinj.com\/blog\/2011\/08\/20\/ulcinjski-dps-odrzao-vanrednu-sjednicu-traze-vanredne-izbore\/","og_locale":"en_US","og_type":"article","og_title":"Ulcinjski DPS odr\u017eao vanrednu sjednicu, tra\u017ee vanredne izbore - Lajme nga Ulqini","og_description":"DPS-u smetaju preleta\u010di kad mora da preda vlast DPS je saop\u0161tio da je za\u010du\u0111en i postupkom Force \"koja kao stabilan i ozbiljan subjekat ulazi u avanturu sa","og_url":"https:\/\/www.visit-ulcinj.com\/blog\/2011\/08\/20\/ulcinjski-dps-odrzao-vanrednu-sjednicu-traze-vanredne-izbore\/","og_site_name":"Lajme nga Ulqini","article_published_time":"2011-08-20T16:18:06+00:00","article_modified_time":"2011-08-20T18:28:41+00:00","og_image":[{"url":"http:\/\/www.visit-ulcinj.com\/blog\/wp-content\/uploads\/2011\/08\/Koalicija-Force-Ulcinja.jpg"}],"twitter_misc":{"Written by":"ulqini","Est. reading time":"2 minutes"},"schema":{"@context":"https:\/\/schema.org","@graph":[{"@type":"WebSite","@id":"https:\/\/www.visit-ulcinj.com\/blog\/#website","url":"https:\/\/www.visit-ulcinj.com\/blog\/","name":"Lajme nga Ulqini","description":"Lajme,Vijesti,Ulqini,Ulqin,Crna Gora,Mali i Zi","potentialAction":[{"@type":"SearchAction","target":{"@type":"EntryPoint","urlTemplate":"https:\/\/www.visit-ulcinj.com\/blog\/?s={search_term_string}"},"query-input":"required name=search_term_string"}],"inLanguage":"en-US"},{"@type":"ImageObject","inLanguage":"en-US","@id":"https:\/\/www.visit-ulcinj.com\/blog\/2011\/08\/20\/ulcinjski-dps-odrzao-vanrednu-sjednicu-traze-vanredne-izbore\/#primaryimage","url":"https:\/\/www.visit-ulcinj.com\/blog\/wp-content\/uploads\/2011\/08\/Koalicija-Force-Ulcinja.jpg","contentUrl":"https:\/\/www.visit-ulcinj.com\/blog\/wp-content\/uploads\/2011\/08\/Koalicija-Force-Ulcinja.jpg","width":"1000","height":"607"},{"@type":"WebPage","@id":"https:\/\/www.visit-ulcinj.com\/blog\/2011\/08\/20\/ulcinjski-dps-odrzao-vanrednu-sjednicu-traze-vanredne-izbore\/#webpage","url":"https:\/\/www.visit-ulcinj.com\/blog\/2011\/08\/20\/ulcinjski-dps-odrzao-vanrednu-sjednicu-traze-vanredne-izbore\/","name":"Ulcinjski DPS odr\u017eao vanrednu sjednicu, tra\u017ee vanredne izbore - Lajme nga Ulqini","isPartOf":{"@id":"https:\/\/www.visit-ulcinj.com\/blog\/#website"},"primaryImageOfPage":{"@id":"https:\/\/www.visit-ulcinj.com\/blog\/2011\/08\/20\/ulcinjski-dps-odrzao-vanrednu-sjednicu-traze-vanredne-izbore\/#primaryimage"},"datePublished":"2011-08-20T16:18:06+00:00","dateModified":"2011-08-20T18:28:41+00:00","author":{"@id":"https:\/\/www.visit-ulcinj.com\/blog\/#\/schema\/person\/dcab619c614d3038751c63bc2aadc06d"},"description":"DPS-u smetaju preleta\u010di kad mora da preda vlast DPS je saop\u0161tio da je za\u010du\u0111en i postupkom Force \"koja kao stabilan i ozbiljan subjekat ulazi u avanturu sa","breadcrumb":{"@id":"https:\/\/www.visit-ulcinj.com\/blog\/2011\/08\/20\/ulcinjski-dps-odrzao-vanrednu-sjednicu-traze-vanredne-izbore\/#breadcrumb"},"inLanguage":"en-US","potentialAction":[{"@type":"ReadAction","target":["https:\/\/www.visit-ulcinj.com\/blog\/2011\/08\/20\/ulcinjski-dps-odrzao-vanrednu-sjednicu-traze-vanredne-izbore\/"]}]},{"@type":"BreadcrumbList","@id":"https:\/\/www.visit-ulcinj.com\/blog\/2011\/08\/20\/ulcinjski-dps-odrzao-vanrednu-sjednicu-traze-vanredne-izbore\/#breadcrumb","itemListElement":[{"@type":"ListItem","position":1,"name":"Ulcinjski DPS odr\u017eao vanrednu sjednicu, tra\u017ee vanredne izbore"}]},{"@type":"Person","@id":"https:\/\/www.visit-ulcinj.com\/blog\/#\/schema\/person\/dcab619c614d3038751c63bc2aadc06d","name":"ulqini","sameAs":["http:\/\/www.visit-ulcinj.com"],"url":"https:\/\/www.visit-ulcinj.com\/blog\/author\/admin\/"}]}},"jetpack_featured_media_url":"","jetpack_sharing_enabled":true,"jetpack_shortlink":"https:\/\/wp.me\/pe6lTn-cZi","_links":{"self":[{"href":"https:\/\/www.visit-ulcinj.com\/blog\/wp-json\/wp\/v2\/posts\/49928"}],"collection":[{"href":"https:\/\/www.visit-ulcinj.com\/blog\/wp-json\/wp\/v2\/posts"}],"about":[{"href":"https:\/\/www.visit-ulcinj.com\/blog\/wp-json\/wp\/v2\/types\/post"}],"author":[{"embeddable":true,"href":"https:\/\/www.visit-ulcinj.com\/blog\/wp-json\/wp\/v2\/users\/1"}],"replies":[{"embeddable":true,"href":"https:\/\/www.visit-ulcinj.com\/blog\/wp-json\/wp\/v2\/comments?post=49928"}],"version-history":[{"count":2,"href":"https:\/\/www.visit-ulcinj.com\/blog\/wp-json\/wp\/v2\/posts\/49928\/revisions"}],"predecessor-version":[{"id":49938,"href":"https:\/\/www.visit-ulcinj.com\/blog\/wp-json\/wp\/v2\/posts\/49928\/revisions\/49938"}],"wp:attachment":[{"href":"https:\/\/www.visit-ulcinj.com\/blog\/wp-json\/wp\/v2\/media?parent=49928"}],"wp:term":[{"taxonomy":"category","embeddable":true,"href":"https:\/\/www.visit-ulcinj.com\/blog\/wp-json\/wp\/v2\/categories?post=49928"},{"taxonomy":"post_tag","embeddable":true,"href":"https:\/\/www.visit-ulcinj.com\/blog\/wp-json\/wp\/v2\/tags?post=49928"}],"curies":[{"name":"wp","href":"https:\/\/api.w.org\/{rel}","templated":true}]}}