{"id":49939,"date":"2011-08-20T19:43:51","date_gmt":"2011-08-20T18:43:51","guid":{"rendered":"http:\/\/www.visit-ulcinj.com\/blog\/?p=49939"},"modified":"2011-08-20T19:49:54","modified_gmt":"2011-08-20T18:49:54","slug":"ko-je-kriv-za-sramotu-u-stoju","status":"publish","type":"post","link":"https:\/\/www.visit-ulcinj.com\/blog\/2011\/08\/20\/ko-je-kriv-za-sramotu-u-stoju\/","title":{"rendered":"Ko je kriv za sramotu u \u0160toju? Video"},"content":{"rendered":"<p><a href=\"http:\/\/www.visit-ulcinj.com\/blog\/wp-content\/uploads\/2011\/08\/Divlja-deponija-STOJ_ULCINJ.jpg\"><img loading=\"lazy\" class=\"alignleft size-full wp-image-49940\" title=\"STOJ ULCINJ_SMECE\" src=\"http:\/\/www.visit-ulcinj.com\/blog\/wp-content\/uploads\/2011\/08\/Divlja-deponija-STOJ_ULCINJ.jpg\" alt=\"Foto: Ivana Novakovi\u0107 Lekovi\u0107\" width=\"508\" height=\"380\" srcset=\"https:\/\/www.visit-ulcinj.com\/blog\/wp-content\/uploads\/2011\/08\/Divlja-deponija-STOJ_ULCINJ.jpg 800w, https:\/\/www.visit-ulcinj.com\/blog\/wp-content\/uploads\/2011\/08\/Divlja-deponija-STOJ_ULCINJ-300x225.jpg 300w\" sizes=\"(max-width: 508px) 100vw, 508px\" \/><\/a><strong><\/strong><\/p>\n<p>Ulcinjsko naselje \u0160toj, u \u0161picu turisti\u010de sezone zatrpano sme\u0107em. Gra\u0111ani optu\u017euju komunalno preduze\u0107e da ne obavlja posao kako treba. Sa druge strane u komunalnoj policiji ka\u017eu da radnici komunalnog preduze\u0107a ne mogu da stignu da odlo\u017ee otpad jer imaju previ\u0161e posla. Isti\u010du i da je problem i to \u0161to gra\u0111ani ne pla\u0107aju komunalne usluge. Dok krivicu prebacuju jedni na druge, sve ve\u0107i broj turista nap\u0161ta Ulcinj poru\u010duju\u0107i da se nikada ne\u0107e vratiti.<\/p>\n<p>Gra\u0111ani naselja \u0160toj u Ulcinju u jeku turisti\u010dke sezone\u00a0suo\u010davaju se sa velikim problemom-sme\u0107em. Mje\u0161tanka Cvijeta \u017duri\u0107 ka\u017ee da je naselje zatrpano otpadom jer obja\u0161njava komunalni radnici u taj dio grada rijetko dolaze:<\/p>\n<p>\u00bbNe da je sme\u0107e nego maltene \u017eivimo u sme\u0107u. Jednostavno to je ruglo na svakom koraku, plastika, kese, to niko ne vodi ra\u010duna. Nema nijednog komunalnog radnika koji bi trebalo to da pokupi, o\u010disti.\u00bb<\/p>\n<p>Osim \u0161to nema ko da ukloni sme\u0107e, gra\u0111ani skoro da nemaju ni gdje da ga bace:<\/p>\n<p>\u00abUop\u0161te kontejnera nema ispred ku\u0107a ili negdje u naselju, jednostavno ja nosim sme\u0107e 500 metara i vi\u0161e.\u00bb<\/p>\n<p>Umjesto da u\u017eivaju u prirodnim ljepotama tog naselja, kada ih do\u010deka takav prizor turisti obi\u010dno odlaze ranije i razo\u010darani, ka\u017ee \u017duri\u0107:<\/p>\n<p>\u00abKoliko sam gostiju imala, jednostavno ljudi ka\u017eu -\u017eali Bo\u017ee ovakvu prirodu i ovakvu ljepotu. Mnogi su mi rekli- nikad vi\u0161e u Ulcinj do\u0107i ne\u0107emo.\u00bb<\/p>\n<p><a href=\"http:\/\/www.visit-ulcinj.com\/blog\/wp-content\/uploads\/2011\/08\/kapllan-muca_ULCINJ.jpg\"><img loading=\"lazy\" class=\"alignleft size-full wp-image-49941\" title=\"kapllan-muca_ULCINJ\" src=\"http:\/\/www.visit-ulcinj.com\/blog\/wp-content\/uploads\/2011\/08\/kapllan-muca_ULCINJ.jpg\" alt=\"\" width=\"504\" height=\"340\" \/><\/a>Na\u010delnik komunlne policije Kaplan Mu\u010daj kazao nam je da je komunalna slu\u017eba od jutra do mraka na terenu ali da posla ima previ\u0161e. Problem su i zakupci pla\u017ea:<br \/>\n\u00bbTreba gospoda koja imaju pla\u017ee da sklope ugovor sa komunalnim, za sada ima samo 18 pla\u017ea ugovor za odvo\u017eenje sme\u0107a a treba da ima najmanje 40.\u00bb<\/p>\n<p>Postoji jo\u0161 jedan problem:<\/p>\n<p>\u00bbNema ni pla\u0107anja, niko ne odvozi sme\u0107e besplatno, za\u0161to nemaju fakture. Za\u0161to niko ne ode u komunalno da ka\u017ee \u2013odnesi sme\u0107e ja priznajem da platim. Ne mo\u017ee komunalno da ide od ku\u0107e do ku\u0107e da skuplja sme\u0107e.\u00bb<\/p>\n<p>Kako bi rije\u0161ili problem Mu\u010daj predla\u017ee gra\u0111anima:<br \/>\n\u00bbGra\u0111ani treba da idu u komunalno, da se organizuju, da ka\u017eu gdje treba da se postave kante. I da prihvate te fakture.\u00bb<\/p>\n<p>Mu\u010daj poru\u010duje i da \u0107e razgovarati sa direktorom komunalnog preduze\u0107a te da \u0107e u saradnji sa gra\u0111anima poku\u0161ati da rije\u0161e problem.<\/p>\n<p><a href=\"http:\/\/antenam.net\/sajt\/index.php?option=com_content&amp;view=article&amp;id=6307:ko-je-kriv-za-sramotu-u-toju&amp;catid=35:drutvo&amp;Itemid=54\" target=\"_blank\"><strong>Nikoleta Bo\u0161kovi\u0107<\/strong><br \/>\n<strong>Radio Antena M<\/strong><\/a><\/p>\n<p><a href=\"http:\/\/www.rtvin.com\/index.php?option=com_content&amp;view=article&amp;id=10312:toj-divlja-deponija&amp;catid=8:video&amp;Itemid=29\" target=\"_blank\"><strong>VIDEO TV IN<\/strong><\/a><\/p>\n<p>[flv]http:\/\/stream.rtvin.com\/flv\/16_08_post_smece.flv[\/flv]<\/p>\n","protected":false},"excerpt":{"rendered":"<p>Ulcinjsko naselje \u0160toj, u \u0161picu turisti\u010de sezone zatrpano sme\u0107em. Gra\u0111ani optu\u017euju komunalno preduze\u0107e da ne obavlja posao kako treba. Sa druge strane u komunalnoj policiji ka\u017eu da radnici komunalnog preduze\u0107a ne mogu da stignu da odlo\u017ee otpad jer imaju previ\u0161e posla. Isti\u010du i da je problem i to \u0161to gra\u0111ani ne pla\u0107aju komunalne usluge. Dok [&hellip;]<\/p>\n","protected":false},"author":1,"featured_media":0,"comment_status":"open","ping_status":"closed","sticky":false,"template":"","format":"standard","meta":{"spay_email":"","jetpack_publicize_message":"","jetpack_is_tweetstorm":false,"jetpack_publicize_feature_enabled":true},"categories":[8337],"tags":[19],"jetpack_publicize_connections":[],"yoast_head":"<!-- This site is optimized with the Yoast SEO plugin v19.1 - https:\/\/yoast.com\/wordpress\/plugins\/seo\/ -->\n<title>Ko je kriv za sramotu u \u0160toju? Video - Lajme nga Ulqini<\/title>\n<meta name=\"description\" content=\"Ulcinjsko naselje \u0160toj, u \u0161picu turisti\u010de sezone zatrpano sme\u0107em. Gra\u0111ani optu\u017euju komunalno preduze\u0107e da ne obavlja posao kako treba. Sa druge strane u\" \/>\n<meta name=\"robots\" content=\"index, follow, max-snippet:-1, max-image-preview:large, max-video-preview:-1\" \/>\n<link rel=\"canonical\" href=\"https:\/\/www.visit-ulcinj.com\/blog\/2011\/08\/20\/ko-je-kriv-za-sramotu-u-stoju\/\" \/>\n<meta property=\"og:locale\" content=\"en_US\" \/>\n<meta property=\"og:type\" content=\"article\" \/>\n<meta property=\"og:title\" content=\"Ko je kriv za sramotu u \u0160toju? Video - Lajme nga Ulqini\" \/>\n<meta property=\"og:description\" content=\"Ulcinjsko naselje \u0160toj, u \u0161picu turisti\u010de sezone zatrpano sme\u0107em. Gra\u0111ani optu\u017euju komunalno preduze\u0107e da ne obavlja posao kako treba. Sa druge strane u\" \/>\n<meta property=\"og:url\" content=\"https:\/\/www.visit-ulcinj.com\/blog\/2011\/08\/20\/ko-je-kriv-za-sramotu-u-stoju\/\" \/>\n<meta property=\"og:site_name\" content=\"Lajme nga Ulqini\" \/>\n<meta property=\"article:published_time\" content=\"2011-08-20T18:43:51+00:00\" \/>\n<meta property=\"article:modified_time\" content=\"2011-08-20T18:49:54+00:00\" \/>\n<meta property=\"og:image\" content=\"http:\/\/www.visit-ulcinj.com\/blog\/wp-content\/uploads\/2011\/08\/Divlja-deponija-STOJ_ULCINJ.jpg\" \/>\n<meta name=\"twitter:label1\" content=\"Written by\" \/>\n\t<meta name=\"twitter:data1\" content=\"ulqini\" \/>\n\t<meta name=\"twitter:label2\" content=\"Est. reading time\" \/>\n\t<meta name=\"twitter:data2\" content=\"2 minutes\" \/>\n<script type=\"application\/ld+json\" class=\"yoast-schema-graph\">{\"@context\":\"https:\/\/schema.org\",\"@graph\":[{\"@type\":\"WebSite\",\"@id\":\"https:\/\/www.visit-ulcinj.com\/blog\/#website\",\"url\":\"https:\/\/www.visit-ulcinj.com\/blog\/\",\"name\":\"Lajme nga Ulqini\",\"description\":\"Lajme,Vijesti,Ulqini,Ulqin,Crna Gora,Mali i Zi\",\"potentialAction\":[{\"@type\":\"SearchAction\",\"target\":{\"@type\":\"EntryPoint\",\"urlTemplate\":\"https:\/\/www.visit-ulcinj.com\/blog\/?s={search_term_string}\"},\"query-input\":\"required name=search_term_string\"}],\"inLanguage\":\"en-US\"},{\"@type\":\"ImageObject\",\"inLanguage\":\"en-US\",\"@id\":\"https:\/\/www.visit-ulcinj.com\/blog\/2011\/08\/20\/ko-je-kriv-za-sramotu-u-stoju\/#primaryimage\",\"url\":\"https:\/\/www.visit-ulcinj.com\/blog\/wp-content\/uploads\/2011\/08\/Divlja-deponija-STOJ_ULCINJ.jpg\",\"contentUrl\":\"https:\/\/www.visit-ulcinj.com\/blog\/wp-content\/uploads\/2011\/08\/Divlja-deponija-STOJ_ULCINJ.jpg\",\"width\":\"800\",\"height\":\"600\"},{\"@type\":\"WebPage\",\"@id\":\"https:\/\/www.visit-ulcinj.com\/blog\/2011\/08\/20\/ko-je-kriv-za-sramotu-u-stoju\/#webpage\",\"url\":\"https:\/\/www.visit-ulcinj.com\/blog\/2011\/08\/20\/ko-je-kriv-za-sramotu-u-stoju\/\",\"name\":\"Ko je kriv za sramotu u \u0160toju? Video - Lajme nga Ulqini\",\"isPartOf\":{\"@id\":\"https:\/\/www.visit-ulcinj.com\/blog\/#website\"},\"primaryImageOfPage\":{\"@id\":\"https:\/\/www.visit-ulcinj.com\/blog\/2011\/08\/20\/ko-je-kriv-za-sramotu-u-stoju\/#primaryimage\"},\"datePublished\":\"2011-08-20T18:43:51+00:00\",\"dateModified\":\"2011-08-20T18:49:54+00:00\",\"author\":{\"@id\":\"https:\/\/www.visit-ulcinj.com\/blog\/#\/schema\/person\/dcab619c614d3038751c63bc2aadc06d\"},\"description\":\"Ulcinjsko naselje \u0160toj, u \u0161picu turisti\u010de sezone zatrpano sme\u0107em. Gra\u0111ani optu\u017euju komunalno preduze\u0107e da ne obavlja posao kako treba. Sa druge strane u\",\"breadcrumb\":{\"@id\":\"https:\/\/www.visit-ulcinj.com\/blog\/2011\/08\/20\/ko-je-kriv-za-sramotu-u-stoju\/#breadcrumb\"},\"inLanguage\":\"en-US\",\"potentialAction\":[{\"@type\":\"ReadAction\",\"target\":[\"https:\/\/www.visit-ulcinj.com\/blog\/2011\/08\/20\/ko-je-kriv-za-sramotu-u-stoju\/\"]}]},{\"@type\":\"BreadcrumbList\",\"@id\":\"https:\/\/www.visit-ulcinj.com\/blog\/2011\/08\/20\/ko-je-kriv-za-sramotu-u-stoju\/#breadcrumb\",\"itemListElement\":[{\"@type\":\"ListItem\",\"position\":1,\"name\":\"Ko je kriv za sramotu u \u0160toju? Video\"}]},{\"@type\":\"Person\",\"@id\":\"https:\/\/www.visit-ulcinj.com\/blog\/#\/schema\/person\/dcab619c614d3038751c63bc2aadc06d\",\"name\":\"ulqini\",\"sameAs\":[\"http:\/\/www.visit-ulcinj.com\"],\"url\":\"https:\/\/www.visit-ulcinj.com\/blog\/author\/admin\/\"}]}<\/script>\n<!-- \/ Yoast SEO plugin. -->","yoast_head_json":{"title":"Ko je kriv za sramotu u \u0160toju? Video - Lajme nga Ulqini","description":"Ulcinjsko naselje \u0160toj, u \u0161picu turisti\u010de sezone zatrpano sme\u0107em. Gra\u0111ani optu\u017euju komunalno preduze\u0107e da ne obavlja posao kako treba. Sa druge strane u","robots":{"index":"index","follow":"follow","max-snippet":"max-snippet:-1","max-image-preview":"max-image-preview:large","max-video-preview":"max-video-preview:-1"},"canonical":"https:\/\/www.visit-ulcinj.com\/blog\/2011\/08\/20\/ko-je-kriv-za-sramotu-u-stoju\/","og_locale":"en_US","og_type":"article","og_title":"Ko je kriv za sramotu u \u0160toju? Video - Lajme nga Ulqini","og_description":"Ulcinjsko naselje \u0160toj, u \u0161picu turisti\u010de sezone zatrpano sme\u0107em. Gra\u0111ani optu\u017euju komunalno preduze\u0107e da ne obavlja posao kako treba. Sa druge strane u","og_url":"https:\/\/www.visit-ulcinj.com\/blog\/2011\/08\/20\/ko-je-kriv-za-sramotu-u-stoju\/","og_site_name":"Lajme nga Ulqini","article_published_time":"2011-08-20T18:43:51+00:00","article_modified_time":"2011-08-20T18:49:54+00:00","og_image":[{"url":"http:\/\/www.visit-ulcinj.com\/blog\/wp-content\/uploads\/2011\/08\/Divlja-deponija-STOJ_ULCINJ.jpg"}],"twitter_misc":{"Written by":"ulqini","Est. reading time":"2 minutes"},"schema":{"@context":"https:\/\/schema.org","@graph":[{"@type":"WebSite","@id":"https:\/\/www.visit-ulcinj.com\/blog\/#website","url":"https:\/\/www.visit-ulcinj.com\/blog\/","name":"Lajme nga Ulqini","description":"Lajme,Vijesti,Ulqini,Ulqin,Crna Gora,Mali i Zi","potentialAction":[{"@type":"SearchAction","target":{"@type":"EntryPoint","urlTemplate":"https:\/\/www.visit-ulcinj.com\/blog\/?s={search_term_string}"},"query-input":"required name=search_term_string"}],"inLanguage":"en-US"},{"@type":"ImageObject","inLanguage":"en-US","@id":"https:\/\/www.visit-ulcinj.com\/blog\/2011\/08\/20\/ko-je-kriv-za-sramotu-u-stoju\/#primaryimage","url":"https:\/\/www.visit-ulcinj.com\/blog\/wp-content\/uploads\/2011\/08\/Divlja-deponija-STOJ_ULCINJ.jpg","contentUrl":"https:\/\/www.visit-ulcinj.com\/blog\/wp-content\/uploads\/2011\/08\/Divlja-deponija-STOJ_ULCINJ.jpg","width":"800","height":"600"},{"@type":"WebPage","@id":"https:\/\/www.visit-ulcinj.com\/blog\/2011\/08\/20\/ko-je-kriv-za-sramotu-u-stoju\/#webpage","url":"https:\/\/www.visit-ulcinj.com\/blog\/2011\/08\/20\/ko-je-kriv-za-sramotu-u-stoju\/","name":"Ko je kriv za sramotu u \u0160toju? Video - Lajme nga Ulqini","isPartOf":{"@id":"https:\/\/www.visit-ulcinj.com\/blog\/#website"},"primaryImageOfPage":{"@id":"https:\/\/www.visit-ulcinj.com\/blog\/2011\/08\/20\/ko-je-kriv-za-sramotu-u-stoju\/#primaryimage"},"datePublished":"2011-08-20T18:43:51+00:00","dateModified":"2011-08-20T18:49:54+00:00","author":{"@id":"https:\/\/www.visit-ulcinj.com\/blog\/#\/schema\/person\/dcab619c614d3038751c63bc2aadc06d"},"description":"Ulcinjsko naselje \u0160toj, u \u0161picu turisti\u010de sezone zatrpano sme\u0107em. Gra\u0111ani optu\u017euju komunalno preduze\u0107e da ne obavlja posao kako treba. Sa druge strane u","breadcrumb":{"@id":"https:\/\/www.visit-ulcinj.com\/blog\/2011\/08\/20\/ko-je-kriv-za-sramotu-u-stoju\/#breadcrumb"},"inLanguage":"en-US","potentialAction":[{"@type":"ReadAction","target":["https:\/\/www.visit-ulcinj.com\/blog\/2011\/08\/20\/ko-je-kriv-za-sramotu-u-stoju\/"]}]},{"@type":"BreadcrumbList","@id":"https:\/\/www.visit-ulcinj.com\/blog\/2011\/08\/20\/ko-je-kriv-za-sramotu-u-stoju\/#breadcrumb","itemListElement":[{"@type":"ListItem","position":1,"name":"Ko je kriv za sramotu u \u0160toju? Video"}]},{"@type":"Person","@id":"https:\/\/www.visit-ulcinj.com\/blog\/#\/schema\/person\/dcab619c614d3038751c63bc2aadc06d","name":"ulqini","sameAs":["http:\/\/www.visit-ulcinj.com"],"url":"https:\/\/www.visit-ulcinj.com\/blog\/author\/admin\/"}]}},"jetpack_featured_media_url":"","jetpack_sharing_enabled":true,"jetpack_shortlink":"https:\/\/wp.me\/pe6lTn-cZt","_links":{"self":[{"href":"https:\/\/www.visit-ulcinj.com\/blog\/wp-json\/wp\/v2\/posts\/49939"}],"collection":[{"href":"https:\/\/www.visit-ulcinj.com\/blog\/wp-json\/wp\/v2\/posts"}],"about":[{"href":"https:\/\/www.visit-ulcinj.com\/blog\/wp-json\/wp\/v2\/types\/post"}],"author":[{"embeddable":true,"href":"https:\/\/www.visit-ulcinj.com\/blog\/wp-json\/wp\/v2\/users\/1"}],"replies":[{"embeddable":true,"href":"https:\/\/www.visit-ulcinj.com\/blog\/wp-json\/wp\/v2\/comments?post=49939"}],"version-history":[{"count":7,"href":"https:\/\/www.visit-ulcinj.com\/blog\/wp-json\/wp\/v2\/posts\/49939\/revisions"}],"predecessor-version":[{"id":49948,"href":"https:\/\/www.visit-ulcinj.com\/blog\/wp-json\/wp\/v2\/posts\/49939\/revisions\/49948"}],"wp:attachment":[{"href":"https:\/\/www.visit-ulcinj.com\/blog\/wp-json\/wp\/v2\/media?parent=49939"}],"wp:term":[{"taxonomy":"category","embeddable":true,"href":"https:\/\/www.visit-ulcinj.com\/blog\/wp-json\/wp\/v2\/categories?post=49939"},{"taxonomy":"post_tag","embeddable":true,"href":"https:\/\/www.visit-ulcinj.com\/blog\/wp-json\/wp\/v2\/tags?post=49939"}],"curies":[{"name":"wp","href":"https:\/\/api.w.org\/{rel}","templated":true}]}}