{"id":49970,"date":"2011-08-21T17:02:48","date_gmt":"2011-08-21T16:02:48","guid":{"rendered":"http:\/\/www.visit-ulcinj.com\/blog\/?p=49970"},"modified":"2011-08-21T17:04:20","modified_gmt":"2011-08-21T16:04:20","slug":"intervista-e-xheladin-zenelit-ne-tv-teuta","status":"publish","type":"post","link":"https:\/\/www.visit-ulcinj.com\/blog\/2011\/08\/21\/intervista-e-xheladin-zenelit-ne-tv-teuta\/","title":{"rendered":"Intervista e Xheladin Zenelit  n\u00eb TV Teuta"},"content":{"rendered":"<p><a href=\"http:\/\/www.visit-ulcinj.com\/blog\/wp-content\/uploads\/2011\/08\/Intervista-e-Xheladin-Zenelit-n%C3%AB-TV-Teuta.jpg\"><img loading=\"lazy\" class=\"alignleft size-full wp-image-49971\" title=\"Intervista e Xheladin Zenelit  n\u00eb TV Teuta\" src=\"http:\/\/www.visit-ulcinj.com\/blog\/wp-content\/uploads\/2011\/08\/Intervista-e-Xheladin-Zenelit-n%C3%AB-TV-Teuta.jpg\" alt=\"\" width=\"330\" height=\"300\" \/><\/a>Xheladin Zeneli, si ish-deputet i LD n\u00eb MZ n\u00eb Kuvendin e Malit t\u00eb Zi, i vler\u00ebson \u00a0zhvillimet brenda spektrit politik shqiptar n\u00eb Mal t\u00eb Zi n\u00eb TV Teuta i intervistuar nga gazetari &#8211; publicisti Ibrahim Berjashi?<\/p>\n<p>Duhet cekur se shtunen e kaluar n\u00eb An\u00eb t\u00eb Malit u b\u00eb p\u00ebrurimi i librit \u201cDIASPORA DHE VENDLINDJA\u201d nga autori Xheladin Zeneli. N\u00eb k\u00ebt\u00eb p\u00ebrurim merrnin pjes\u00eb shum\u00eb intelektual\u00eb, njer\u00ebz nga jeta politike, kulturore por edhe dashamir\u00eb t\u00eb mir\u00ebfillt\u00eb t\u00eb fjal\u00ebs s\u00eb shkruar.<\/p>\n<p>Libri \u201cDIASPORA DHE VENDLINDJA\u201d Xheladin Zeneli, flet \u00a0p\u00ebr gjendjen e shqiptar\u00ebve n\u00eb p\u00ebrgjith\u00ebsi dhe duke vler\u00ebsuar arritje sidomos n\u00eb Shqip\u00ebri (pjes\u00eb e NATO-s) dhe n\u00eb Kosov\u00eb (shtet i pavarur), Zeneli shtoi s\u00eb p\u00ebr shqiptar\u00ebt q\u00eb jetojn\u00eb jasht\u00eb shteteve t\u00eb tyre komb\u00ebtare, si n\u00eb \u00c7am\u00ebri, n\u00eb Ilirid\u00eb, p\u00ebr shqiptar\u00ebt n\u00eb Lugin\u00ebn e Preshev\u00ebs dhe p\u00ebr shqiptar\u00ebt n\u00eb Mal t\u00eb Zi, edhe m\u00eb tutje vazhdojn\u00eb t\u00eb ekzistojn\u00eb sfida t\u00eb m\u00ebdha. &#8220;Sfidat e tyre kan\u00eb koeficientin e p\u00ebrbashk\u00ebt i cili \u00ebsht\u00eb realizimi i t\u00eb drejtave t\u00eb tyre komb\u00ebtare n\u00eb trojet e veta autoktone, t\u00eb drejta k\u00ebto q\u00eb vazhdimisht po ju mohohen nga qeverit\u00eb e shteteve ku ata jetojn\u00eb&#8221;.<\/p>\n<p>Ja pra disa Fotografi nga p\u00ebrurimi i librit \u201cDIASPORA DHE VENDLINDJA\u201d nga autori Xheladin Zeneli.<br \/>\n<strong><a href=\"http:\/\/www.facebook.com\/profile.php?id=100001564340764\">Marur nga Ana E Malit TraditaFacebook<\/a><\/strong><br \/>\n\n\t\t<style type=\"text\/css\">\n\t\t\t#gallery-1 {\n\t\t\t\tmargin: auto;\n\t\t\t}\n\t\t\t#gallery-1 .gallery-item {\n\t\t\t\tfloat: left;\n\t\t\t\tmargin-top: 10px;\n\t\t\t\ttext-align: center;\n\t\t\t\twidth: 33%;\n\t\t\t}\n\t\t\t#gallery-1 img {\n\t\t\t\tborder: 2px solid #cfcfcf;\n\t\t\t}\n\t\t\t#gallery-1 .gallery-caption {\n\t\t\t\tmargin-left: 0;\n\t\t\t}\n\t\t\t\/* see gallery_shortcode() in wp-includes\/media.php *\/\n\t\t<\/style>\n\t\t<div id='gallery-1' class='gallery galleryid-49970 gallery-columns-3 gallery-size-thumbnail'><dl class='gallery-item'>\n\t\t\t<dt class='gallery-icon landscape'>\n\t\t\t\t<a href='https:\/\/www.visit-ulcinj.com\/blog\/wp-content\/uploads\/2011\/08\/Intervista-e-Xheladin-Zenelit-n\u00eb-TV-Teuta.jpg'><img width=\"150\" height=\"150\" src=\"https:\/\/www.visit-ulcinj.com\/blog\/wp-content\/uploads\/2011\/08\/Intervista-e-Xheladin-Zenelit-n\u00eb-TV-Teuta-150x150.jpg\" class=\"attachment-thumbnail size-thumbnail\" alt=\"\" loading=\"lazy\" \/><\/a>\n\t\t\t<\/dt><\/dl><dl class='gallery-item'>\n\t\t\t<dt class='gallery-icon landscape'>\n\t\t\t\t<a href='https:\/\/www.visit-ulcinj.com\/blog\/wp-content\/uploads\/2011\/08\/Perurimi-i-librit_DIASPORA-DHE-VENDLINDJA_Xheladin-Zeneli.3.jpg'><img width=\"150\" height=\"150\" src=\"https:\/\/www.visit-ulcinj.com\/blog\/wp-content\/uploads\/2011\/08\/Perurimi-i-librit_DIASPORA-DHE-VENDLINDJA_Xheladin-Zeneli.3-150x150.jpg\" class=\"attachment-thumbnail size-thumbnail\" alt=\"\" loading=\"lazy\" \/><\/a>\n\t\t\t<\/dt><\/dl><dl class='gallery-item'>\n\t\t\t<dt class='gallery-icon landscape'>\n\t\t\t\t<a href='https:\/\/www.visit-ulcinj.com\/blog\/wp-content\/uploads\/2011\/08\/Perurimi-i-librit_DIASPORA-DHE-VENDLINDJA_Xheladin-Zeneli.4.jpg'><img width=\"150\" height=\"150\" src=\"https:\/\/www.visit-ulcinj.com\/blog\/wp-content\/uploads\/2011\/08\/Perurimi-i-librit_DIASPORA-DHE-VENDLINDJA_Xheladin-Zeneli.4-150x150.jpg\" class=\"attachment-thumbnail size-thumbnail\" alt=\"\" loading=\"lazy\" \/><\/a>\n\t\t\t<\/dt><\/dl><br style=\"clear: both\" \/><dl class='gallery-item'>\n\t\t\t<dt class='gallery-icon landscape'>\n\t\t\t\t<a href='https:\/\/www.visit-ulcinj.com\/blog\/wp-content\/uploads\/2011\/08\/Perurimi-i-librit_DIASPORA-DHE-VENDLINDJA_Xheladin-Zeneli.5.jpg'><img width=\"150\" height=\"150\" src=\"https:\/\/www.visit-ulcinj.com\/blog\/wp-content\/uploads\/2011\/08\/Perurimi-i-librit_DIASPORA-DHE-VENDLINDJA_Xheladin-Zeneli.5-150x150.jpg\" class=\"attachment-thumbnail size-thumbnail\" alt=\"\" loading=\"lazy\" \/><\/a>\n\t\t\t<\/dt><\/dl><dl class='gallery-item'>\n\t\t\t<dt class='gallery-icon landscape'>\n\t\t\t\t<a href='https:\/\/www.visit-ulcinj.com\/blog\/wp-content\/uploads\/2011\/08\/Perurimi-i-librit_DIASPORA-DHE-VENDLINDJA_Xheladin-Zeneli.jpg'><img width=\"150\" height=\"150\" src=\"https:\/\/www.visit-ulcinj.com\/blog\/wp-content\/uploads\/2011\/08\/Perurimi-i-librit_DIASPORA-DHE-VENDLINDJA_Xheladin-Zeneli-150x150.jpg\" class=\"attachment-thumbnail size-thumbnail\" alt=\"\" loading=\"lazy\" \/><\/a>\n\t\t\t<\/dt><\/dl><dl class='gallery-item'>\n\t\t\t<dt class='gallery-icon landscape'>\n\t\t\t\t<a href='https:\/\/www.visit-ulcinj.com\/blog\/wp-content\/uploads\/2011\/08\/Perurimi-i-librit_DIASPORA-DHE-VENDLINDJA_Xheladin-Zeneli.1.jpg'><img width=\"150\" height=\"150\" src=\"https:\/\/www.visit-ulcinj.com\/blog\/wp-content\/uploads\/2011\/08\/Perurimi-i-librit_DIASPORA-DHE-VENDLINDJA_Xheladin-Zeneli.1-150x150.jpg\" class=\"attachment-thumbnail size-thumbnail\" alt=\"\" loading=\"lazy\" \/><\/a>\n\t\t\t<\/dt><\/dl><br style=\"clear: both\" \/>\n\t\t<\/div>\n<\/p>\n<!--YouTube Error: bad URL entered-->\n","protected":false},"excerpt":{"rendered":"<p>Xheladin Zeneli, si ish-deputet i LD n\u00eb MZ n\u00eb Kuvendin e Malit t\u00eb Zi, i vler\u00ebson \u00a0zhvillimet brenda spektrit politik shqiptar n\u00eb Mal t\u00eb Zi n\u00eb TV Teuta i intervistuar nga gazetari &#8211; publicisti Ibrahim Berjashi? Duhet cekur se shtunen e kaluar n\u00eb An\u00eb t\u00eb Malit u b\u00eb p\u00ebrurimi i librit \u201cDIASPORA DHE VENDLINDJA\u201d nga [&hellip;]<\/p>\n","protected":false},"author":1,"featured_media":0,"comment_status":"open","ping_status":"closed","sticky":false,"template":"","format":"standard","meta":{"spay_email":"","jetpack_publicize_message":"","jetpack_is_tweetstorm":false,"jetpack_publicize_feature_enabled":true},"categories":[5],"tags":[19023,11863],"jetpack_publicize_connections":[],"yoast_head":"<!-- This site is optimized with the Yoast SEO plugin v19.1 - https:\/\/yoast.com\/wordpress\/plugins\/seo\/ -->\n<title>Intervista e Xheladin Zenelit n\u00eb TV Teuta - Lajme nga Ulqini<\/title>\n<meta name=\"description\" content=\"Xheladin Zeneli, si ish-deputet i LD n\u00eb MZ n\u00eb Kuvendin e Malit t\u00eb Zi, i vler\u00ebson \u00a0zhvillimet brenda spektrit politik shqiptar n\u00eb Mal t\u00eb Zi n\u00eb TV Teuta i\" \/>\n<meta name=\"robots\" content=\"index, follow, max-snippet:-1, max-image-preview:large, max-video-preview:-1\" \/>\n<link rel=\"canonical\" href=\"https:\/\/www.visit-ulcinj.com\/blog\/2011\/08\/21\/intervista-e-xheladin-zenelit-ne-tv-teuta\/\" \/>\n<meta property=\"og:locale\" content=\"en_US\" \/>\n<meta property=\"og:type\" content=\"article\" \/>\n<meta property=\"og:title\" content=\"Intervista e Xheladin Zenelit n\u00eb TV Teuta - Lajme nga Ulqini\" \/>\n<meta property=\"og:description\" content=\"Xheladin Zeneli, si ish-deputet i LD n\u00eb MZ n\u00eb Kuvendin e Malit t\u00eb Zi, i vler\u00ebson \u00a0zhvillimet brenda spektrit politik shqiptar n\u00eb Mal t\u00eb Zi n\u00eb TV Teuta i\" \/>\n<meta property=\"og:url\" content=\"https:\/\/www.visit-ulcinj.com\/blog\/2011\/08\/21\/intervista-e-xheladin-zenelit-ne-tv-teuta\/\" \/>\n<meta property=\"og:site_name\" content=\"Lajme nga Ulqini\" \/>\n<meta property=\"article:published_time\" content=\"2011-08-21T16:02:48+00:00\" \/>\n<meta property=\"article:modified_time\" content=\"2011-08-21T16:04:20+00:00\" \/>\n<meta property=\"og:image\" content=\"https:\/\/www.visit-ulcinj.com\/blog\/wp-content\/uploads\/2011\/08\/Intervista-e-Xheladin-Zenelit-n\u00eb-TV-Teuta-150x150.jpg\" \/>\n<meta name=\"twitter:label1\" content=\"Written by\" \/>\n\t<meta name=\"twitter:data1\" content=\"ulqini\" \/>\n\t<meta name=\"twitter:label2\" content=\"Est. reading time\" \/>\n\t<meta name=\"twitter:data2\" content=\"1 minute\" \/>\n<script type=\"application\/ld+json\" class=\"yoast-schema-graph\">{\"@context\":\"https:\/\/schema.org\",\"@graph\":[{\"@type\":\"WebSite\",\"@id\":\"https:\/\/www.visit-ulcinj.com\/blog\/#website\",\"url\":\"https:\/\/www.visit-ulcinj.com\/blog\/\",\"name\":\"Lajme nga Ulqini\",\"description\":\"Lajme,Vijesti,Ulqini,Ulqin,Crna Gora,Mali i Zi\",\"potentialAction\":[{\"@type\":\"SearchAction\",\"target\":{\"@type\":\"EntryPoint\",\"urlTemplate\":\"https:\/\/www.visit-ulcinj.com\/blog\/?s={search_term_string}\"},\"query-input\":\"required name=search_term_string\"}],\"inLanguage\":\"en-US\"},{\"@type\":\"ImageObject\",\"inLanguage\":\"en-US\",\"@id\":\"https:\/\/www.visit-ulcinj.com\/blog\/2011\/08\/21\/intervista-e-xheladin-zenelit-ne-tv-teuta\/#primaryimage\",\"url\":\"http:\/\/www.visit-ulcinj.com\/blog\/wp-content\/uploads\/2011\/08\/Intervista-e-Xheladin-Zenelit-n%C3%AB-TV-Teuta.jpg\",\"contentUrl\":\"http:\/\/www.visit-ulcinj.com\/blog\/wp-content\/uploads\/2011\/08\/Intervista-e-Xheladin-Zenelit-n%C3%AB-TV-Teuta.jpg\"},{\"@type\":\"WebPage\",\"@id\":\"https:\/\/www.visit-ulcinj.com\/blog\/2011\/08\/21\/intervista-e-xheladin-zenelit-ne-tv-teuta\/#webpage\",\"url\":\"https:\/\/www.visit-ulcinj.com\/blog\/2011\/08\/21\/intervista-e-xheladin-zenelit-ne-tv-teuta\/\",\"name\":\"Intervista e Xheladin Zenelit n\u00eb TV Teuta - Lajme nga Ulqini\",\"isPartOf\":{\"@id\":\"https:\/\/www.visit-ulcinj.com\/blog\/#website\"},\"primaryImageOfPage\":{\"@id\":\"https:\/\/www.visit-ulcinj.com\/blog\/2011\/08\/21\/intervista-e-xheladin-zenelit-ne-tv-teuta\/#primaryimage\"},\"datePublished\":\"2011-08-21T16:02:48+00:00\",\"dateModified\":\"2011-08-21T16:04:20+00:00\",\"author\":{\"@id\":\"https:\/\/www.visit-ulcinj.com\/blog\/#\/schema\/person\/dcab619c614d3038751c63bc2aadc06d\"},\"description\":\"Xheladin Zeneli, si ish-deputet i LD n\u00eb MZ n\u00eb Kuvendin e Malit t\u00eb Zi, i vler\u00ebson \u00a0zhvillimet brenda spektrit politik shqiptar n\u00eb Mal t\u00eb Zi n\u00eb TV Teuta i\",\"breadcrumb\":{\"@id\":\"https:\/\/www.visit-ulcinj.com\/blog\/2011\/08\/21\/intervista-e-xheladin-zenelit-ne-tv-teuta\/#breadcrumb\"},\"inLanguage\":\"en-US\",\"potentialAction\":[{\"@type\":\"ReadAction\",\"target\":[\"https:\/\/www.visit-ulcinj.com\/blog\/2011\/08\/21\/intervista-e-xheladin-zenelit-ne-tv-teuta\/\"]}]},{\"@type\":\"BreadcrumbList\",\"@id\":\"https:\/\/www.visit-ulcinj.com\/blog\/2011\/08\/21\/intervista-e-xheladin-zenelit-ne-tv-teuta\/#breadcrumb\",\"itemListElement\":[{\"@type\":\"ListItem\",\"position\":1,\"name\":\"Intervista e Xheladin Zenelit n\u00eb TV Teuta\"}]},{\"@type\":\"Person\",\"@id\":\"https:\/\/www.visit-ulcinj.com\/blog\/#\/schema\/person\/dcab619c614d3038751c63bc2aadc06d\",\"name\":\"ulqini\",\"sameAs\":[\"http:\/\/www.visit-ulcinj.com\"],\"url\":\"https:\/\/www.visit-ulcinj.com\/blog\/author\/admin\/\"}]}<\/script>\n<!-- \/ Yoast SEO plugin. -->","yoast_head_json":{"title":"Intervista e Xheladin Zenelit n\u00eb TV Teuta - Lajme nga Ulqini","description":"Xheladin Zeneli, si ish-deputet i LD n\u00eb MZ n\u00eb Kuvendin e Malit t\u00eb Zi, i vler\u00ebson \u00a0zhvillimet brenda spektrit politik shqiptar n\u00eb Mal t\u00eb Zi n\u00eb TV Teuta i","robots":{"index":"index","follow":"follow","max-snippet":"max-snippet:-1","max-image-preview":"max-image-preview:large","max-video-preview":"max-video-preview:-1"},"canonical":"https:\/\/www.visit-ulcinj.com\/blog\/2011\/08\/21\/intervista-e-xheladin-zenelit-ne-tv-teuta\/","og_locale":"en_US","og_type":"article","og_title":"Intervista e Xheladin Zenelit n\u00eb TV Teuta - Lajme nga Ulqini","og_description":"Xheladin Zeneli, si ish-deputet i LD n\u00eb MZ n\u00eb Kuvendin e Malit t\u00eb Zi, i vler\u00ebson \u00a0zhvillimet brenda spektrit politik shqiptar n\u00eb Mal t\u00eb Zi n\u00eb TV Teuta i","og_url":"https:\/\/www.visit-ulcinj.com\/blog\/2011\/08\/21\/intervista-e-xheladin-zenelit-ne-tv-teuta\/","og_site_name":"Lajme nga Ulqini","article_published_time":"2011-08-21T16:02:48+00:00","article_modified_time":"2011-08-21T16:04:20+00:00","og_image":[{"url":"https:\/\/www.visit-ulcinj.com\/blog\/wp-content\/uploads\/2011\/08\/Intervista-e-Xheladin-Zenelit-n\u00eb-TV-Teuta-150x150.jpg"}],"twitter_misc":{"Written by":"ulqini","Est. reading time":"1 minute"},"schema":{"@context":"https:\/\/schema.org","@graph":[{"@type":"WebSite","@id":"https:\/\/www.visit-ulcinj.com\/blog\/#website","url":"https:\/\/www.visit-ulcinj.com\/blog\/","name":"Lajme nga Ulqini","description":"Lajme,Vijesti,Ulqini,Ulqin,Crna Gora,Mali i Zi","potentialAction":[{"@type":"SearchAction","target":{"@type":"EntryPoint","urlTemplate":"https:\/\/www.visit-ulcinj.com\/blog\/?s={search_term_string}"},"query-input":"required name=search_term_string"}],"inLanguage":"en-US"},{"@type":"ImageObject","inLanguage":"en-US","@id":"https:\/\/www.visit-ulcinj.com\/blog\/2011\/08\/21\/intervista-e-xheladin-zenelit-ne-tv-teuta\/#primaryimage","url":"http:\/\/www.visit-ulcinj.com\/blog\/wp-content\/uploads\/2011\/08\/Intervista-e-Xheladin-Zenelit-n%C3%AB-TV-Teuta.jpg","contentUrl":"http:\/\/www.visit-ulcinj.com\/blog\/wp-content\/uploads\/2011\/08\/Intervista-e-Xheladin-Zenelit-n%C3%AB-TV-Teuta.jpg"},{"@type":"WebPage","@id":"https:\/\/www.visit-ulcinj.com\/blog\/2011\/08\/21\/intervista-e-xheladin-zenelit-ne-tv-teuta\/#webpage","url":"https:\/\/www.visit-ulcinj.com\/blog\/2011\/08\/21\/intervista-e-xheladin-zenelit-ne-tv-teuta\/","name":"Intervista e Xheladin Zenelit n\u00eb TV Teuta - Lajme nga Ulqini","isPartOf":{"@id":"https:\/\/www.visit-ulcinj.com\/blog\/#website"},"primaryImageOfPage":{"@id":"https:\/\/www.visit-ulcinj.com\/blog\/2011\/08\/21\/intervista-e-xheladin-zenelit-ne-tv-teuta\/#primaryimage"},"datePublished":"2011-08-21T16:02:48+00:00","dateModified":"2011-08-21T16:04:20+00:00","author":{"@id":"https:\/\/www.visit-ulcinj.com\/blog\/#\/schema\/person\/dcab619c614d3038751c63bc2aadc06d"},"description":"Xheladin Zeneli, si ish-deputet i LD n\u00eb MZ n\u00eb Kuvendin e Malit t\u00eb Zi, i vler\u00ebson \u00a0zhvillimet brenda spektrit politik shqiptar n\u00eb Mal t\u00eb Zi n\u00eb TV Teuta i","breadcrumb":{"@id":"https:\/\/www.visit-ulcinj.com\/blog\/2011\/08\/21\/intervista-e-xheladin-zenelit-ne-tv-teuta\/#breadcrumb"},"inLanguage":"en-US","potentialAction":[{"@type":"ReadAction","target":["https:\/\/www.visit-ulcinj.com\/blog\/2011\/08\/21\/intervista-e-xheladin-zenelit-ne-tv-teuta\/"]}]},{"@type":"BreadcrumbList","@id":"https:\/\/www.visit-ulcinj.com\/blog\/2011\/08\/21\/intervista-e-xheladin-zenelit-ne-tv-teuta\/#breadcrumb","itemListElement":[{"@type":"ListItem","position":1,"name":"Intervista e Xheladin Zenelit n\u00eb TV Teuta"}]},{"@type":"Person","@id":"https:\/\/www.visit-ulcinj.com\/blog\/#\/schema\/person\/dcab619c614d3038751c63bc2aadc06d","name":"ulqini","sameAs":["http:\/\/www.visit-ulcinj.com"],"url":"https:\/\/www.visit-ulcinj.com\/blog\/author\/admin\/"}]}},"jetpack_featured_media_url":"","jetpack_sharing_enabled":true,"jetpack_shortlink":"https:\/\/wp.me\/pe6lTn-cZY","_links":{"self":[{"href":"https:\/\/www.visit-ulcinj.com\/blog\/wp-json\/wp\/v2\/posts\/49970"}],"collection":[{"href":"https:\/\/www.visit-ulcinj.com\/blog\/wp-json\/wp\/v2\/posts"}],"about":[{"href":"https:\/\/www.visit-ulcinj.com\/blog\/wp-json\/wp\/v2\/types\/post"}],"author":[{"embeddable":true,"href":"https:\/\/www.visit-ulcinj.com\/blog\/wp-json\/wp\/v2\/users\/1"}],"replies":[{"embeddable":true,"href":"https:\/\/www.visit-ulcinj.com\/blog\/wp-json\/wp\/v2\/comments?post=49970"}],"version-history":[{"count":3,"href":"https:\/\/www.visit-ulcinj.com\/blog\/wp-json\/wp\/v2\/posts\/49970\/revisions"}],"predecessor-version":[{"id":49981,"href":"https:\/\/www.visit-ulcinj.com\/blog\/wp-json\/wp\/v2\/posts\/49970\/revisions\/49981"}],"wp:attachment":[{"href":"https:\/\/www.visit-ulcinj.com\/blog\/wp-json\/wp\/v2\/media?parent=49970"}],"wp:term":[{"taxonomy":"category","embeddable":true,"href":"https:\/\/www.visit-ulcinj.com\/blog\/wp-json\/wp\/v2\/categories?post=49970"},{"taxonomy":"post_tag","embeddable":true,"href":"https:\/\/www.visit-ulcinj.com\/blog\/wp-json\/wp\/v2\/tags?post=49970"}],"curies":[{"name":"wp","href":"https:\/\/api.w.org\/{rel}","templated":true}]}}