{"id":49983,"date":"2011-08-21T17:35:43","date_gmt":"2011-08-21T16:35:43","guid":{"rendered":"http:\/\/www.visit-ulcinj.com\/blog\/?p=49983"},"modified":"2011-08-21T17:35:43","modified_gmt":"2011-08-21T16:35:43","slug":"fluks-i-madh-udhetaresh-ne-pikekalimin-kufitar-sukubin-muriqan","status":"publish","type":"post","link":"https:\/\/www.visit-ulcinj.com\/blog\/2011\/08\/21\/fluks-i-madh-udhetaresh-ne-pikekalimin-kufitar-sukubin-muriqan\/","title":{"rendered":"Fluks i madh udh\u00ebtar\u00ebsh n\u00eb pik\u00ebkalimin kufitar Sukubin &#8211; Muriqan"},"content":{"rendered":"<p><a href=\"http:\/\/www.visit-ulcinj.com\/blog\/wp-content\/uploads\/2011\/08\/Fluks-i-madh-udh%C3%ABtar%C3%ABsh-n%C3%AB-pik%C3%ABkalimin-kufitar-Sukubin-Muriqan.jpg\"><img loading=\"lazy\" class=\"alignleft size-full wp-image-49984\" title=\"Fluks i madh udh\u00ebtar\u00ebsh n\u00eb pik\u00ebkalimin kufitar Sukubin - Muriqan\" src=\"http:\/\/www.visit-ulcinj.com\/blog\/wp-content\/uploads\/2011\/08\/Fluks-i-madh-udh%C3%ABtar%C3%ABsh-n%C3%AB-pik%C3%ABkalimin-kufitar-Sukubin-Muriqan.jpg\" alt=\"\" width=\"508\" height=\"367\" \/><\/a>Gjat\u00eb k\u00ebsaj fundjave, n\u00ebp\u00ebr pik\u00ebkalimet kufitare t\u00eb Shqip\u00ebris\u00eb \u00ebsht\u00eb v\u00ebn\u00eb re nj\u00eb fluks shum\u00eb i madh i l\u00ebvizjes s\u00eb udh\u00ebtar\u00ebve. Autoritetet shqiptare e lidhin k\u00ebt\u00eb me nj\u00eb shtim prej rreth 50 p\u00ebrqind t\u00eb l\u00ebvizjes s\u00eb shtetasve shqiptar\u00eb edhe t\u00eb huaj q\u00eb vijn\u00eb p\u00ebr pushime n\u00eb\u00a0 Shqip\u00ebri. N\u00eb pik\u00ebkalimin kufitar t\u00eb Muriqanit, n\u00eb kufirin e Shqip\u00ebris\u00eb me Malin e Zi, dita e sotme sh\u00ebnoi edhe fluksin m\u00eb t\u00eb madh t\u00eb personave q\u00eb kalojn\u00eb p\u00ebrmes k\u00ebtij pik\u00ebkalimi kufitar.<\/p>\n<p><strong>P\u00ebllumb Sulo, Muriqan <\/strong><\/p>\n<p><strong>VAO<\/strong><\/p>\n<!--YouTube Error: bad URL entered-->\n","protected":false},"excerpt":{"rendered":"<p>Gjat\u00eb k\u00ebsaj fundjave, n\u00ebp\u00ebr pik\u00ebkalimet kufitare t\u00eb Shqip\u00ebris\u00eb \u00ebsht\u00eb v\u00ebn\u00eb re nj\u00eb fluks shum\u00eb i madh i l\u00ebvizjes s\u00eb udh\u00ebtar\u00ebve. Autoritetet shqiptare e lidhin k\u00ebt\u00eb me nj\u00eb shtim prej rreth 50 p\u00ebrqind t\u00eb l\u00ebvizjes s\u00eb shtetasve shqiptar\u00eb edhe t\u00eb huaj q\u00eb vijn\u00eb p\u00ebr pushime n\u00eb\u00a0 Shqip\u00ebri. N\u00eb pik\u00ebkalimin kufitar t\u00eb Muriqanit, n\u00eb kufirin e Shqip\u00ebris\u00eb [&hellip;]<\/p>\n","protected":false},"author":1,"featured_media":0,"comment_status":"open","ping_status":"closed","sticky":false,"template":"","format":"standard","meta":{"spay_email":"","jetpack_publicize_message":"","jetpack_is_tweetstorm":false,"jetpack_publicize_feature_enabled":true},"categories":[13],"tags":[19024],"jetpack_publicize_connections":[],"yoast_head":"<!-- This site is optimized with the Yoast SEO plugin v19.1 - https:\/\/yoast.com\/wordpress\/plugins\/seo\/ -->\n<title>Fluks i madh udh\u00ebtar\u00ebsh n\u00eb pik\u00ebkalimin kufitar Sukubin - Muriqan - Lajme nga Ulqini<\/title>\n<meta name=\"description\" content=\"Gjat\u00eb k\u00ebsaj fundjave, n\u00ebp\u00ebr pik\u00ebkalimet kufitare t\u00eb Shqip\u00ebris\u00eb \u00ebsht\u00eb v\u00ebn\u00eb re nj\u00eb fluks shum\u00eb i madh i l\u00ebvizjes s\u00eb udh\u00ebtar\u00ebve. Autoritetet shqiptare e\" \/>\n<meta name=\"robots\" content=\"index, follow, max-snippet:-1, max-image-preview:large, max-video-preview:-1\" \/>\n<link rel=\"canonical\" href=\"https:\/\/www.visit-ulcinj.com\/blog\/2011\/08\/21\/fluks-i-madh-udhetaresh-ne-pikekalimin-kufitar-sukubin-muriqan\/\" \/>\n<meta property=\"og:locale\" content=\"en_US\" \/>\n<meta property=\"og:type\" content=\"article\" \/>\n<meta property=\"og:title\" content=\"Fluks i madh udh\u00ebtar\u00ebsh n\u00eb pik\u00ebkalimin kufitar Sukubin - Muriqan - Lajme nga Ulqini\" \/>\n<meta property=\"og:description\" content=\"Gjat\u00eb k\u00ebsaj fundjave, n\u00ebp\u00ebr pik\u00ebkalimet kufitare t\u00eb Shqip\u00ebris\u00eb \u00ebsht\u00eb v\u00ebn\u00eb re nj\u00eb fluks shum\u00eb i madh i l\u00ebvizjes s\u00eb udh\u00ebtar\u00ebve. Autoritetet shqiptare e\" \/>\n<meta property=\"og:url\" content=\"https:\/\/www.visit-ulcinj.com\/blog\/2011\/08\/21\/fluks-i-madh-udhetaresh-ne-pikekalimin-kufitar-sukubin-muriqan\/\" \/>\n<meta property=\"og:site_name\" content=\"Lajme nga Ulqini\" \/>\n<meta property=\"article:published_time\" content=\"2011-08-21T16:35:43+00:00\" \/>\n<meta property=\"og:image\" content=\"http:\/\/www.visit-ulcinj.com\/blog\/wp-content\/uploads\/2011\/08\/Fluks-i-madh-udh%C3%ABtar%C3%ABsh-n%C3%AB-pik%C3%ABkalimin-kufitar-Sukubin-Muriqan.jpg\" \/>\n<meta name=\"twitter:label1\" content=\"Written by\" \/>\n\t<meta name=\"twitter:data1\" content=\"ulqini\" \/>\n\t<meta name=\"twitter:label2\" content=\"Est. reading time\" \/>\n\t<meta name=\"twitter:data2\" content=\"1 minute\" \/>\n<script type=\"application\/ld+json\" class=\"yoast-schema-graph\">{\"@context\":\"https:\/\/schema.org\",\"@graph\":[{\"@type\":\"WebSite\",\"@id\":\"https:\/\/www.visit-ulcinj.com\/blog\/#website\",\"url\":\"https:\/\/www.visit-ulcinj.com\/blog\/\",\"name\":\"Lajme nga Ulqini\",\"description\":\"Lajme,Vijesti,Ulqini,Ulqin,Crna Gora,Mali i Zi\",\"potentialAction\":[{\"@type\":\"SearchAction\",\"target\":{\"@type\":\"EntryPoint\",\"urlTemplate\":\"https:\/\/www.visit-ulcinj.com\/blog\/?s={search_term_string}\"},\"query-input\":\"required name=search_term_string\"}],\"inLanguage\":\"en-US\"},{\"@type\":\"ImageObject\",\"inLanguage\":\"en-US\",\"@id\":\"https:\/\/www.visit-ulcinj.com\/blog\/2011\/08\/21\/fluks-i-madh-udhetaresh-ne-pikekalimin-kufitar-sukubin-muriqan\/#primaryimage\",\"url\":\"http:\/\/www.visit-ulcinj.com\/blog\/wp-content\/uploads\/2011\/08\/Fluks-i-madh-udh%C3%ABtar%C3%ABsh-n%C3%AB-pik%C3%ABkalimin-kufitar-Sukubin-Muriqan.jpg\",\"contentUrl\":\"http:\/\/www.visit-ulcinj.com\/blog\/wp-content\/uploads\/2011\/08\/Fluks-i-madh-udh%C3%ABtar%C3%ABsh-n%C3%AB-pik%C3%ABkalimin-kufitar-Sukubin-Muriqan.jpg\"},{\"@type\":\"WebPage\",\"@id\":\"https:\/\/www.visit-ulcinj.com\/blog\/2011\/08\/21\/fluks-i-madh-udhetaresh-ne-pikekalimin-kufitar-sukubin-muriqan\/#webpage\",\"url\":\"https:\/\/www.visit-ulcinj.com\/blog\/2011\/08\/21\/fluks-i-madh-udhetaresh-ne-pikekalimin-kufitar-sukubin-muriqan\/\",\"name\":\"Fluks i madh udh\u00ebtar\u00ebsh n\u00eb pik\u00ebkalimin kufitar Sukubin - Muriqan - Lajme nga Ulqini\",\"isPartOf\":{\"@id\":\"https:\/\/www.visit-ulcinj.com\/blog\/#website\"},\"primaryImageOfPage\":{\"@id\":\"https:\/\/www.visit-ulcinj.com\/blog\/2011\/08\/21\/fluks-i-madh-udhetaresh-ne-pikekalimin-kufitar-sukubin-muriqan\/#primaryimage\"},\"datePublished\":\"2011-08-21T16:35:43+00:00\",\"dateModified\":\"2011-08-21T16:35:43+00:00\",\"author\":{\"@id\":\"https:\/\/www.visit-ulcinj.com\/blog\/#\/schema\/person\/dcab619c614d3038751c63bc2aadc06d\"},\"description\":\"Gjat\u00eb k\u00ebsaj fundjave, n\u00ebp\u00ebr pik\u00ebkalimet kufitare t\u00eb Shqip\u00ebris\u00eb \u00ebsht\u00eb v\u00ebn\u00eb re nj\u00eb fluks shum\u00eb i madh i l\u00ebvizjes s\u00eb udh\u00ebtar\u00ebve. Autoritetet shqiptare e\",\"breadcrumb\":{\"@id\":\"https:\/\/www.visit-ulcinj.com\/blog\/2011\/08\/21\/fluks-i-madh-udhetaresh-ne-pikekalimin-kufitar-sukubin-muriqan\/#breadcrumb\"},\"inLanguage\":\"en-US\",\"potentialAction\":[{\"@type\":\"ReadAction\",\"target\":[\"https:\/\/www.visit-ulcinj.com\/blog\/2011\/08\/21\/fluks-i-madh-udhetaresh-ne-pikekalimin-kufitar-sukubin-muriqan\/\"]}]},{\"@type\":\"BreadcrumbList\",\"@id\":\"https:\/\/www.visit-ulcinj.com\/blog\/2011\/08\/21\/fluks-i-madh-udhetaresh-ne-pikekalimin-kufitar-sukubin-muriqan\/#breadcrumb\",\"itemListElement\":[{\"@type\":\"ListItem\",\"position\":1,\"name\":\"Fluks i madh udh\u00ebtar\u00ebsh n\u00eb pik\u00ebkalimin kufitar Sukubin &#8211; Muriqan\"}]},{\"@type\":\"Person\",\"@id\":\"https:\/\/www.visit-ulcinj.com\/blog\/#\/schema\/person\/dcab619c614d3038751c63bc2aadc06d\",\"name\":\"ulqini\",\"sameAs\":[\"http:\/\/www.visit-ulcinj.com\"],\"url\":\"https:\/\/www.visit-ulcinj.com\/blog\/author\/admin\/\"}]}<\/script>\n<!-- \/ Yoast SEO plugin. -->","yoast_head_json":{"title":"Fluks i madh udh\u00ebtar\u00ebsh n\u00eb pik\u00ebkalimin kufitar Sukubin - Muriqan - Lajme nga Ulqini","description":"Gjat\u00eb k\u00ebsaj fundjave, n\u00ebp\u00ebr pik\u00ebkalimet kufitare t\u00eb Shqip\u00ebris\u00eb \u00ebsht\u00eb v\u00ebn\u00eb re nj\u00eb fluks shum\u00eb i madh i l\u00ebvizjes s\u00eb udh\u00ebtar\u00ebve. Autoritetet shqiptare e","robots":{"index":"index","follow":"follow","max-snippet":"max-snippet:-1","max-image-preview":"max-image-preview:large","max-video-preview":"max-video-preview:-1"},"canonical":"https:\/\/www.visit-ulcinj.com\/blog\/2011\/08\/21\/fluks-i-madh-udhetaresh-ne-pikekalimin-kufitar-sukubin-muriqan\/","og_locale":"en_US","og_type":"article","og_title":"Fluks i madh udh\u00ebtar\u00ebsh n\u00eb pik\u00ebkalimin kufitar Sukubin - Muriqan - Lajme nga Ulqini","og_description":"Gjat\u00eb k\u00ebsaj fundjave, n\u00ebp\u00ebr pik\u00ebkalimet kufitare t\u00eb Shqip\u00ebris\u00eb \u00ebsht\u00eb v\u00ebn\u00eb re nj\u00eb fluks shum\u00eb i madh i l\u00ebvizjes s\u00eb udh\u00ebtar\u00ebve. Autoritetet shqiptare e","og_url":"https:\/\/www.visit-ulcinj.com\/blog\/2011\/08\/21\/fluks-i-madh-udhetaresh-ne-pikekalimin-kufitar-sukubin-muriqan\/","og_site_name":"Lajme nga Ulqini","article_published_time":"2011-08-21T16:35:43+00:00","og_image":[{"url":"http:\/\/www.visit-ulcinj.com\/blog\/wp-content\/uploads\/2011\/08\/Fluks-i-madh-udh%C3%ABtar%C3%ABsh-n%C3%AB-pik%C3%ABkalimin-kufitar-Sukubin-Muriqan.jpg"}],"twitter_misc":{"Written by":"ulqini","Est. reading time":"1 minute"},"schema":{"@context":"https:\/\/schema.org","@graph":[{"@type":"WebSite","@id":"https:\/\/www.visit-ulcinj.com\/blog\/#website","url":"https:\/\/www.visit-ulcinj.com\/blog\/","name":"Lajme nga Ulqini","description":"Lajme,Vijesti,Ulqini,Ulqin,Crna Gora,Mali i Zi","potentialAction":[{"@type":"SearchAction","target":{"@type":"EntryPoint","urlTemplate":"https:\/\/www.visit-ulcinj.com\/blog\/?s={search_term_string}"},"query-input":"required name=search_term_string"}],"inLanguage":"en-US"},{"@type":"ImageObject","inLanguage":"en-US","@id":"https:\/\/www.visit-ulcinj.com\/blog\/2011\/08\/21\/fluks-i-madh-udhetaresh-ne-pikekalimin-kufitar-sukubin-muriqan\/#primaryimage","url":"http:\/\/www.visit-ulcinj.com\/blog\/wp-content\/uploads\/2011\/08\/Fluks-i-madh-udh%C3%ABtar%C3%ABsh-n%C3%AB-pik%C3%ABkalimin-kufitar-Sukubin-Muriqan.jpg","contentUrl":"http:\/\/www.visit-ulcinj.com\/blog\/wp-content\/uploads\/2011\/08\/Fluks-i-madh-udh%C3%ABtar%C3%ABsh-n%C3%AB-pik%C3%ABkalimin-kufitar-Sukubin-Muriqan.jpg"},{"@type":"WebPage","@id":"https:\/\/www.visit-ulcinj.com\/blog\/2011\/08\/21\/fluks-i-madh-udhetaresh-ne-pikekalimin-kufitar-sukubin-muriqan\/#webpage","url":"https:\/\/www.visit-ulcinj.com\/blog\/2011\/08\/21\/fluks-i-madh-udhetaresh-ne-pikekalimin-kufitar-sukubin-muriqan\/","name":"Fluks i madh udh\u00ebtar\u00ebsh n\u00eb pik\u00ebkalimin kufitar Sukubin - Muriqan - Lajme nga Ulqini","isPartOf":{"@id":"https:\/\/www.visit-ulcinj.com\/blog\/#website"},"primaryImageOfPage":{"@id":"https:\/\/www.visit-ulcinj.com\/blog\/2011\/08\/21\/fluks-i-madh-udhetaresh-ne-pikekalimin-kufitar-sukubin-muriqan\/#primaryimage"},"datePublished":"2011-08-21T16:35:43+00:00","dateModified":"2011-08-21T16:35:43+00:00","author":{"@id":"https:\/\/www.visit-ulcinj.com\/blog\/#\/schema\/person\/dcab619c614d3038751c63bc2aadc06d"},"description":"Gjat\u00eb k\u00ebsaj fundjave, n\u00ebp\u00ebr pik\u00ebkalimet kufitare t\u00eb Shqip\u00ebris\u00eb \u00ebsht\u00eb v\u00ebn\u00eb re nj\u00eb fluks shum\u00eb i madh i l\u00ebvizjes s\u00eb udh\u00ebtar\u00ebve. Autoritetet shqiptare e","breadcrumb":{"@id":"https:\/\/www.visit-ulcinj.com\/blog\/2011\/08\/21\/fluks-i-madh-udhetaresh-ne-pikekalimin-kufitar-sukubin-muriqan\/#breadcrumb"},"inLanguage":"en-US","potentialAction":[{"@type":"ReadAction","target":["https:\/\/www.visit-ulcinj.com\/blog\/2011\/08\/21\/fluks-i-madh-udhetaresh-ne-pikekalimin-kufitar-sukubin-muriqan\/"]}]},{"@type":"BreadcrumbList","@id":"https:\/\/www.visit-ulcinj.com\/blog\/2011\/08\/21\/fluks-i-madh-udhetaresh-ne-pikekalimin-kufitar-sukubin-muriqan\/#breadcrumb","itemListElement":[{"@type":"ListItem","position":1,"name":"Fluks i madh udh\u00ebtar\u00ebsh n\u00eb pik\u00ebkalimin kufitar Sukubin &#8211; Muriqan"}]},{"@type":"Person","@id":"https:\/\/www.visit-ulcinj.com\/blog\/#\/schema\/person\/dcab619c614d3038751c63bc2aadc06d","name":"ulqini","sameAs":["http:\/\/www.visit-ulcinj.com"],"url":"https:\/\/www.visit-ulcinj.com\/blog\/author\/admin\/"}]}},"jetpack_featured_media_url":"","jetpack_sharing_enabled":true,"jetpack_shortlink":"https:\/\/wp.me\/pe6lTn-d0b","_links":{"self":[{"href":"https:\/\/www.visit-ulcinj.com\/blog\/wp-json\/wp\/v2\/posts\/49983"}],"collection":[{"href":"https:\/\/www.visit-ulcinj.com\/blog\/wp-json\/wp\/v2\/posts"}],"about":[{"href":"https:\/\/www.visit-ulcinj.com\/blog\/wp-json\/wp\/v2\/types\/post"}],"author":[{"embeddable":true,"href":"https:\/\/www.visit-ulcinj.com\/blog\/wp-json\/wp\/v2\/users\/1"}],"replies":[{"embeddable":true,"href":"https:\/\/www.visit-ulcinj.com\/blog\/wp-json\/wp\/v2\/comments?post=49983"}],"version-history":[{"count":1,"href":"https:\/\/www.visit-ulcinj.com\/blog\/wp-json\/wp\/v2\/posts\/49983\/revisions"}],"predecessor-version":[{"id":49985,"href":"https:\/\/www.visit-ulcinj.com\/blog\/wp-json\/wp\/v2\/posts\/49983\/revisions\/49985"}],"wp:attachment":[{"href":"https:\/\/www.visit-ulcinj.com\/blog\/wp-json\/wp\/v2\/media?parent=49983"}],"wp:term":[{"taxonomy":"category","embeddable":true,"href":"https:\/\/www.visit-ulcinj.com\/blog\/wp-json\/wp\/v2\/categories?post=49983"},{"taxonomy":"post_tag","embeddable":true,"href":"https:\/\/www.visit-ulcinj.com\/blog\/wp-json\/wp\/v2\/tags?post=49983"}],"curies":[{"name":"wp","href":"https:\/\/api.w.org\/{rel}","templated":true}]}}