{"id":50008,"date":"2011-08-22T08:20:15","date_gmt":"2011-08-22T07:20:15","guid":{"rendered":"http:\/\/www.visit-ulcinj.com\/blog\/?p=50008"},"modified":"2011-08-22T14:21:11","modified_gmt":"2011-08-22T13:21:11","slug":"incident-sa-radnikom-obezbjedenja-na-ulcinjskoj-plazi-valdanos","status":"publish","type":"post","link":"https:\/\/www.visit-ulcinj.com\/blog\/2011\/08\/22\/incident-sa-radnikom-obezbjedenja-na-ulcinjskoj-plazi-valdanos\/","title":{"rendered":"Incident sa radnikom obezbje\u0111enja na Ulcinjskoj pla\u017ei Valdanos"},"content":{"rendered":"<div id=\"attachment_50009\" style=\"width: 518px\" class=\"wp-caption alignleft\"><a href=\"http:\/\/www.visit-ulcinj.com\/blog\/wp-content\/uploads\/2011\/08\/Radnik-obezbjedjenja-na-Ulcinjskoj-plazi-Valdanos.1.jpg\"><img aria-describedby=\"caption-attachment-50009\" loading=\"lazy\" class=\"size-full wp-image-50009 \" title=\"Radnik obezbjedjenja na Ulcinjskoj plazi Valdanos.1\" src=\"http:\/\/www.visit-ulcinj.com\/blog\/wp-content\/uploads\/2011\/08\/Radnik-obezbjedjenja-na-Ulcinjskoj-plazi-Valdanos.1.jpg\" alt=\"\" width=\"508\" height=\"380\" \/><\/a><p id=\"caption-attachment-50009\" class=\"wp-caption-text\">Foto: Arhiva valdanos.me<\/p><\/div>\n<p><strong>Pi\u0161toljem prijetio turistima<\/strong><br \/>\nGrupa turista na ulcinjskoj pla\u017ei Valdanos ju\u010de je do\u017eivjela neprijatan incident, ali sre\u0107om bez te\u017eih posledica, kada im je radnik privatnog obezbje\u0111enja R. R. prijetio pi\u0161toljem.<br \/>\nKupa\u010di koji su se javili na\u0161oj redakciji navode da je R. R. iz nepoznatih razloga automobilom pri\u0161ao grupi stranih turista, uglavnom Italijana koji ve\u0107 nekoliko dana borave u auto-kampu na Valdanosu. Prema rije\u010dima o\u010devidaca koji su se obratili na\u0161oj redakciji, odmah po izlasku iz auta R. R. je po\u010deo da vi\u010de, vrije\u0111a i ma\u0161e rukama. U tom trenutku iz mini-kampa za\u010duo se lave\u017e pasa, nakon \u010dega je radnik obezbje\u0111enja stao, a potom se, iako psi nisu krenuli prema njemu jer su bili vezani, u\u017eurbano vratio do automobila, izvukao torbicu u kojoj je bio pi\u0161tolj, repetirao ga i na zaprepa\u0161\u0107enje kupa\u010da uperio u pravcu turista. Sre\u0107om pi\u0161tolj nije opalio, a verbalni sukob ubrzo je okon\u010dan.<br \/>\nO\u010devidci su sve prijavili policiji, koja je potom ispitala radnika obezbje\u0111enja R.R, kao i svjedoke incidenta.<br \/>\nU trenutku nemilog doga\u0111aja na pla\u017ei je bilo i maloljetne djece, a cijelu scenu moglo je da vidi desetak kupa\u010da, uglavnom turista iz inostranstva koji su do\u0161li na ulcinjsku pla\u017eu da odmaraju ne slute\u0107i da \u0107e prisustvovati scenama iz kaubojskih filmova.<\/p>\n<p><a href=\"http:\/\/www.dan.co.me\/?nivo=3&amp;rubrika=Hronika&amp;datum=2011-08-21&amp;clanak=293879\" target=\"_blank\"><strong>M.S<\/strong><br \/>\n<strong> Izvor: DAN<\/strong><\/a><br \/>\n\n\t\t<style type=\"text\/css\">\n\t\t\t#gallery-1 {\n\t\t\t\tmargin: auto;\n\t\t\t}\n\t\t\t#gallery-1 .gallery-item {\n\t\t\t\tfloat: left;\n\t\t\t\tmargin-top: 10px;\n\t\t\t\ttext-align: center;\n\t\t\t\twidth: 33%;\n\t\t\t}\n\t\t\t#gallery-1 img {\n\t\t\t\tborder: 2px solid #cfcfcf;\n\t\t\t}\n\t\t\t#gallery-1 .gallery-caption {\n\t\t\t\tmargin-left: 0;\n\t\t\t}\n\t\t\t\/* see gallery_shortcode() in wp-includes\/media.php *\/\n\t\t<\/style>\n\t\t<div id='gallery-1' class='gallery galleryid-50008 gallery-columns-3 gallery-size-thumbnail'><dl class='gallery-item'>\n\t\t\t<dt class='gallery-icon landscape'>\n\t\t\t\t<a href='https:\/\/www.visit-ulcinj.com\/blog\/wp-content\/uploads\/2011\/08\/Radnik-obezbjedjenja-na-Ulcinjskoj-plazi-Valdanos.1.jpg'><img width=\"150\" height=\"150\" src=\"https:\/\/www.visit-ulcinj.com\/blog\/wp-content\/uploads\/2011\/08\/Radnik-obezbjedjenja-na-Ulcinjskoj-plazi-Valdanos.1-150x150.jpg\" class=\"attachment-thumbnail size-thumbnail\" alt=\"\" loading=\"lazy\" aria-describedby=\"gallery-1-50009\" \/><\/a>\n\t\t\t<\/dt>\n\t\t\t\t<dd class='wp-caption-text gallery-caption' id='gallery-1-50009'>\n\t\t\t\tFoto: Arhiva valdanos.me\n\t\t\t\t<\/dd><\/dl><dl class='gallery-item'>\n\t\t\t<dt class='gallery-icon landscape'>\n\t\t\t\t<a href='https:\/\/www.visit-ulcinj.com\/blog\/wp-content\/uploads\/2011\/08\/Plaza-Valdanos-Ulcinj.5_picnik.jpg'><img width=\"150\" height=\"150\" src=\"https:\/\/www.visit-ulcinj.com\/blog\/wp-content\/uploads\/2011\/08\/Plaza-Valdanos-Ulcinj.5_picnik-150x150.jpg\" class=\"attachment-thumbnail size-thumbnail\" alt=\"\" loading=\"lazy\" \/><\/a>\n\t\t\t<\/dt><\/dl><dl class='gallery-item'>\n\t\t\t<dt class='gallery-icon landscape'>\n\t\t\t\t<a href='https:\/\/www.visit-ulcinj.com\/blog\/wp-content\/uploads\/2011\/08\/Plaza-Valdanos-Ulcinj.3_picnik.jpg'><img width=\"150\" height=\"150\" src=\"https:\/\/www.visit-ulcinj.com\/blog\/wp-content\/uploads\/2011\/08\/Plaza-Valdanos-Ulcinj.3_picnik-150x150.jpg\" class=\"attachment-thumbnail size-thumbnail\" alt=\"\" loading=\"lazy\" \/><\/a>\n\t\t\t<\/dt><\/dl><br style=\"clear: both\" \/><dl class='gallery-item'>\n\t\t\t<dt class='gallery-icon landscape'>\n\t\t\t\t<a href='https:\/\/www.visit-ulcinj.com\/blog\/wp-content\/uploads\/2011\/08\/Plaza-Valdanos-Ulcinj.2_picnik.jpg'><img width=\"150\" height=\"150\" src=\"https:\/\/www.visit-ulcinj.com\/blog\/wp-content\/uploads\/2011\/08\/Plaza-Valdanos-Ulcinj.2_picnik-150x150.jpg\" class=\"attachment-thumbnail size-thumbnail\" alt=\"\" loading=\"lazy\" \/><\/a>\n\t\t\t<\/dt><\/dl><dl class='gallery-item'>\n\t\t\t<dt class='gallery-icon landscape'>\n\t\t\t\t<a href='https:\/\/www.visit-ulcinj.com\/blog\/wp-content\/uploads\/2011\/08\/Plaza-Valdanos-Ulcinj.1_picnik.jpg'><img width=\"150\" height=\"150\" src=\"https:\/\/www.visit-ulcinj.com\/blog\/wp-content\/uploads\/2011\/08\/Plaza-Valdanos-Ulcinj.1_picnik-150x150.jpg\" class=\"attachment-thumbnail size-thumbnail\" alt=\"\" loading=\"lazy\" \/><\/a>\n\t\t\t<\/dt><\/dl><dl class='gallery-item'>\n\t\t\t<dt class='gallery-icon landscape'>\n\t\t\t\t<a href='https:\/\/www.visit-ulcinj.com\/blog\/wp-content\/uploads\/2011\/08\/Plaza-Valdanos-Ulcinj_picnik.jpg'><img width=\"150\" height=\"150\" src=\"https:\/\/www.visit-ulcinj.com\/blog\/wp-content\/uploads\/2011\/08\/Plaza-Valdanos-Ulcinj_picnik-150x150.jpg\" class=\"attachment-thumbnail size-thumbnail\" alt=\"\" loading=\"lazy\" \/><\/a>\n\t\t\t<\/dt><\/dl><br style=\"clear: both\" \/>\n\t\t<\/div>\n<\/p>\n<!--YouTube Error: bad URL entered-->\n","protected":false},"excerpt":{"rendered":"<p>Pi\u0161toljem prijetio turistima Grupa turista na ulcinjskoj pla\u017ei Valdanos ju\u010de je do\u017eivjela neprijatan incident, ali sre\u0107om bez te\u017eih posledica, kada im je radnik privatnog obezbje\u0111enja R. R. prijetio pi\u0161toljem. Kupa\u010di koji su se javili na\u0161oj redakciji navode da je R. R. iz nepoznatih razloga automobilom pri\u0161ao grupi stranih turista, uglavnom Italijana koji ve\u0107 nekoliko dana [&hellip;]<\/p>\n","protected":false},"author":1,"featured_media":0,"comment_status":"open","ping_status":"closed","sticky":false,"template":"","format":"standard","meta":{"spay_email":"","jetpack_publicize_message":"","jetpack_is_tweetstorm":false,"jetpack_publicize_feature_enabled":true},"categories":[8337],"tags":[19025,19,4144,136],"jetpack_publicize_connections":[],"yoast_head":"<!-- This site is optimized with the Yoast SEO plugin v19.1 - https:\/\/yoast.com\/wordpress\/plugins\/seo\/ -->\n<title>Incident sa radnikom obezbje\u0111enja na Ulcinjskoj pla\u017ei Valdanos - Lajme nga Ulqini<\/title>\n<meta name=\"description\" content=\"Pi\u0161toljem prijetio turistima Grupa turista na ulcinjskoj pla\u017ei Valdanos ju\u010de je do\u017eivjela neprijatan incident, ali sre\u0107om bez te\u017eih posledica, kada im je\" \/>\n<meta name=\"robots\" content=\"index, follow, max-snippet:-1, max-image-preview:large, max-video-preview:-1\" \/>\n<link rel=\"canonical\" href=\"https:\/\/www.visit-ulcinj.com\/blog\/2011\/08\/22\/incident-sa-radnikom-obezbjedenja-na-ulcinjskoj-plazi-valdanos\/\" \/>\n<meta property=\"og:locale\" content=\"en_US\" \/>\n<meta property=\"og:type\" content=\"article\" \/>\n<meta property=\"og:title\" content=\"Incident sa radnikom obezbje\u0111enja na Ulcinjskoj pla\u017ei Valdanos - Lajme nga Ulqini\" \/>\n<meta property=\"og:description\" content=\"Pi\u0161toljem prijetio turistima Grupa turista na ulcinjskoj pla\u017ei Valdanos ju\u010de je do\u017eivjela neprijatan incident, ali sre\u0107om bez te\u017eih posledica, kada im je\" \/>\n<meta property=\"og:url\" content=\"https:\/\/www.visit-ulcinj.com\/blog\/2011\/08\/22\/incident-sa-radnikom-obezbjedenja-na-ulcinjskoj-plazi-valdanos\/\" \/>\n<meta property=\"og:site_name\" content=\"Lajme nga Ulqini\" \/>\n<meta property=\"article:published_time\" content=\"2011-08-22T07:20:15+00:00\" \/>\n<meta property=\"article:modified_time\" content=\"2011-08-22T13:21:11+00:00\" \/>\n<meta property=\"og:image\" content=\"https:\/\/www.visit-ulcinj.com\/blog\/wp-content\/uploads\/2011\/08\/Radnik-obezbjedjenja-na-Ulcinjskoj-plazi-Valdanos.1-150x150.jpg\" \/>\n<meta name=\"twitter:label1\" content=\"Written by\" \/>\n\t<meta name=\"twitter:data1\" content=\"ulqini\" \/>\n\t<meta name=\"twitter:label2\" content=\"Est. reading time\" \/>\n\t<meta name=\"twitter:data2\" content=\"1 minute\" \/>\n<script type=\"application\/ld+json\" class=\"yoast-schema-graph\">{\"@context\":\"https:\/\/schema.org\",\"@graph\":[{\"@type\":\"WebSite\",\"@id\":\"https:\/\/www.visit-ulcinj.com\/blog\/#website\",\"url\":\"https:\/\/www.visit-ulcinj.com\/blog\/\",\"name\":\"Lajme nga Ulqini\",\"description\":\"Lajme,Vijesti,Ulqini,Ulqin,Crna Gora,Mali i Zi\",\"potentialAction\":[{\"@type\":\"SearchAction\",\"target\":{\"@type\":\"EntryPoint\",\"urlTemplate\":\"https:\/\/www.visit-ulcinj.com\/blog\/?s={search_term_string}\"},\"query-input\":\"required name=search_term_string\"}],\"inLanguage\":\"en-US\"},{\"@type\":\"ImageObject\",\"inLanguage\":\"en-US\",\"@id\":\"https:\/\/www.visit-ulcinj.com\/blog\/2011\/08\/22\/incident-sa-radnikom-obezbjedenja-na-ulcinjskoj-plazi-valdanos\/#primaryimage\",\"url\":\"https:\/\/www.visit-ulcinj.com\/blog\/wp-content\/uploads\/2011\/08\/Radnik-obezbjedjenja-na-Ulcinjskoj-plazi-Valdanos.1.jpg\",\"contentUrl\":\"https:\/\/www.visit-ulcinj.com\/blog\/wp-content\/uploads\/2011\/08\/Radnik-obezbjedjenja-na-Ulcinjskoj-plazi-Valdanos.1.jpg\",\"width\":\"638\",\"height\":\"426\",\"caption\":\"Foto: Arhiva valdanos.me\"},{\"@type\":\"WebPage\",\"@id\":\"https:\/\/www.visit-ulcinj.com\/blog\/2011\/08\/22\/incident-sa-radnikom-obezbjedenja-na-ulcinjskoj-plazi-valdanos\/#webpage\",\"url\":\"https:\/\/www.visit-ulcinj.com\/blog\/2011\/08\/22\/incident-sa-radnikom-obezbjedenja-na-ulcinjskoj-plazi-valdanos\/\",\"name\":\"Incident sa radnikom obezbje\u0111enja na Ulcinjskoj pla\u017ei Valdanos - Lajme nga Ulqini\",\"isPartOf\":{\"@id\":\"https:\/\/www.visit-ulcinj.com\/blog\/#website\"},\"primaryImageOfPage\":{\"@id\":\"https:\/\/www.visit-ulcinj.com\/blog\/2011\/08\/22\/incident-sa-radnikom-obezbjedenja-na-ulcinjskoj-plazi-valdanos\/#primaryimage\"},\"datePublished\":\"2011-08-22T07:20:15+00:00\",\"dateModified\":\"2011-08-22T13:21:11+00:00\",\"author\":{\"@id\":\"https:\/\/www.visit-ulcinj.com\/blog\/#\/schema\/person\/dcab619c614d3038751c63bc2aadc06d\"},\"description\":\"Pi\u0161toljem prijetio turistima Grupa turista na ulcinjskoj pla\u017ei Valdanos ju\u010de je do\u017eivjela neprijatan incident, ali sre\u0107om bez te\u017eih posledica, kada im je\",\"breadcrumb\":{\"@id\":\"https:\/\/www.visit-ulcinj.com\/blog\/2011\/08\/22\/incident-sa-radnikom-obezbjedenja-na-ulcinjskoj-plazi-valdanos\/#breadcrumb\"},\"inLanguage\":\"en-US\",\"potentialAction\":[{\"@type\":\"ReadAction\",\"target\":[\"https:\/\/www.visit-ulcinj.com\/blog\/2011\/08\/22\/incident-sa-radnikom-obezbjedenja-na-ulcinjskoj-plazi-valdanos\/\"]}]},{\"@type\":\"BreadcrumbList\",\"@id\":\"https:\/\/www.visit-ulcinj.com\/blog\/2011\/08\/22\/incident-sa-radnikom-obezbjedenja-na-ulcinjskoj-plazi-valdanos\/#breadcrumb\",\"itemListElement\":[{\"@type\":\"ListItem\",\"position\":1,\"name\":\"Incident sa radnikom obezbje\u0111enja na Ulcinjskoj pla\u017ei Valdanos\"}]},{\"@type\":\"Person\",\"@id\":\"https:\/\/www.visit-ulcinj.com\/blog\/#\/schema\/person\/dcab619c614d3038751c63bc2aadc06d\",\"name\":\"ulqini\",\"sameAs\":[\"http:\/\/www.visit-ulcinj.com\"],\"url\":\"https:\/\/www.visit-ulcinj.com\/blog\/author\/admin\/\"}]}<\/script>\n<!-- \/ Yoast SEO plugin. -->","yoast_head_json":{"title":"Incident sa radnikom obezbje\u0111enja na Ulcinjskoj pla\u017ei Valdanos - Lajme nga Ulqini","description":"Pi\u0161toljem prijetio turistima Grupa turista na ulcinjskoj pla\u017ei Valdanos ju\u010de je do\u017eivjela neprijatan incident, ali sre\u0107om bez te\u017eih posledica, kada im je","robots":{"index":"index","follow":"follow","max-snippet":"max-snippet:-1","max-image-preview":"max-image-preview:large","max-video-preview":"max-video-preview:-1"},"canonical":"https:\/\/www.visit-ulcinj.com\/blog\/2011\/08\/22\/incident-sa-radnikom-obezbjedenja-na-ulcinjskoj-plazi-valdanos\/","og_locale":"en_US","og_type":"article","og_title":"Incident sa radnikom obezbje\u0111enja na Ulcinjskoj pla\u017ei Valdanos - Lajme nga Ulqini","og_description":"Pi\u0161toljem prijetio turistima Grupa turista na ulcinjskoj pla\u017ei Valdanos ju\u010de je do\u017eivjela neprijatan incident, ali sre\u0107om bez te\u017eih posledica, kada im je","og_url":"https:\/\/www.visit-ulcinj.com\/blog\/2011\/08\/22\/incident-sa-radnikom-obezbjedenja-na-ulcinjskoj-plazi-valdanos\/","og_site_name":"Lajme nga Ulqini","article_published_time":"2011-08-22T07:20:15+00:00","article_modified_time":"2011-08-22T13:21:11+00:00","og_image":[{"url":"https:\/\/www.visit-ulcinj.com\/blog\/wp-content\/uploads\/2011\/08\/Radnik-obezbjedjenja-na-Ulcinjskoj-plazi-Valdanos.1-150x150.jpg"}],"twitter_misc":{"Written by":"ulqini","Est. reading time":"1 minute"},"schema":{"@context":"https:\/\/schema.org","@graph":[{"@type":"WebSite","@id":"https:\/\/www.visit-ulcinj.com\/blog\/#website","url":"https:\/\/www.visit-ulcinj.com\/blog\/","name":"Lajme nga Ulqini","description":"Lajme,Vijesti,Ulqini,Ulqin,Crna Gora,Mali i Zi","potentialAction":[{"@type":"SearchAction","target":{"@type":"EntryPoint","urlTemplate":"https:\/\/www.visit-ulcinj.com\/blog\/?s={search_term_string}"},"query-input":"required name=search_term_string"}],"inLanguage":"en-US"},{"@type":"ImageObject","inLanguage":"en-US","@id":"https:\/\/www.visit-ulcinj.com\/blog\/2011\/08\/22\/incident-sa-radnikom-obezbjedenja-na-ulcinjskoj-plazi-valdanos\/#primaryimage","url":"https:\/\/www.visit-ulcinj.com\/blog\/wp-content\/uploads\/2011\/08\/Radnik-obezbjedjenja-na-Ulcinjskoj-plazi-Valdanos.1.jpg","contentUrl":"https:\/\/www.visit-ulcinj.com\/blog\/wp-content\/uploads\/2011\/08\/Radnik-obezbjedjenja-na-Ulcinjskoj-plazi-Valdanos.1.jpg","width":"638","height":"426","caption":"Foto: Arhiva valdanos.me"},{"@type":"WebPage","@id":"https:\/\/www.visit-ulcinj.com\/blog\/2011\/08\/22\/incident-sa-radnikom-obezbjedenja-na-ulcinjskoj-plazi-valdanos\/#webpage","url":"https:\/\/www.visit-ulcinj.com\/blog\/2011\/08\/22\/incident-sa-radnikom-obezbjedenja-na-ulcinjskoj-plazi-valdanos\/","name":"Incident sa radnikom obezbje\u0111enja na Ulcinjskoj pla\u017ei Valdanos - Lajme nga Ulqini","isPartOf":{"@id":"https:\/\/www.visit-ulcinj.com\/blog\/#website"},"primaryImageOfPage":{"@id":"https:\/\/www.visit-ulcinj.com\/blog\/2011\/08\/22\/incident-sa-radnikom-obezbjedenja-na-ulcinjskoj-plazi-valdanos\/#primaryimage"},"datePublished":"2011-08-22T07:20:15+00:00","dateModified":"2011-08-22T13:21:11+00:00","author":{"@id":"https:\/\/www.visit-ulcinj.com\/blog\/#\/schema\/person\/dcab619c614d3038751c63bc2aadc06d"},"description":"Pi\u0161toljem prijetio turistima Grupa turista na ulcinjskoj pla\u017ei Valdanos ju\u010de je do\u017eivjela neprijatan incident, ali sre\u0107om bez te\u017eih posledica, kada im je","breadcrumb":{"@id":"https:\/\/www.visit-ulcinj.com\/blog\/2011\/08\/22\/incident-sa-radnikom-obezbjedenja-na-ulcinjskoj-plazi-valdanos\/#breadcrumb"},"inLanguage":"en-US","potentialAction":[{"@type":"ReadAction","target":["https:\/\/www.visit-ulcinj.com\/blog\/2011\/08\/22\/incident-sa-radnikom-obezbjedenja-na-ulcinjskoj-plazi-valdanos\/"]}]},{"@type":"BreadcrumbList","@id":"https:\/\/www.visit-ulcinj.com\/blog\/2011\/08\/22\/incident-sa-radnikom-obezbjedenja-na-ulcinjskoj-plazi-valdanos\/#breadcrumb","itemListElement":[{"@type":"ListItem","position":1,"name":"Incident sa radnikom obezbje\u0111enja na Ulcinjskoj pla\u017ei Valdanos"}]},{"@type":"Person","@id":"https:\/\/www.visit-ulcinj.com\/blog\/#\/schema\/person\/dcab619c614d3038751c63bc2aadc06d","name":"ulqini","sameAs":["http:\/\/www.visit-ulcinj.com"],"url":"https:\/\/www.visit-ulcinj.com\/blog\/author\/admin\/"}]}},"jetpack_featured_media_url":"","jetpack_sharing_enabled":true,"jetpack_shortlink":"https:\/\/wp.me\/pe6lTn-d0A","_links":{"self":[{"href":"https:\/\/www.visit-ulcinj.com\/blog\/wp-json\/wp\/v2\/posts\/50008"}],"collection":[{"href":"https:\/\/www.visit-ulcinj.com\/blog\/wp-json\/wp\/v2\/posts"}],"about":[{"href":"https:\/\/www.visit-ulcinj.com\/blog\/wp-json\/wp\/v2\/types\/post"}],"author":[{"embeddable":true,"href":"https:\/\/www.visit-ulcinj.com\/blog\/wp-json\/wp\/v2\/users\/1"}],"replies":[{"embeddable":true,"href":"https:\/\/www.visit-ulcinj.com\/blog\/wp-json\/wp\/v2\/comments?post=50008"}],"version-history":[{"count":5,"href":"https:\/\/www.visit-ulcinj.com\/blog\/wp-json\/wp\/v2\/posts\/50008\/revisions"}],"predecessor-version":[{"id":50052,"href":"https:\/\/www.visit-ulcinj.com\/blog\/wp-json\/wp\/v2\/posts\/50008\/revisions\/50052"}],"wp:attachment":[{"href":"https:\/\/www.visit-ulcinj.com\/blog\/wp-json\/wp\/v2\/media?parent=50008"}],"wp:term":[{"taxonomy":"category","embeddable":true,"href":"https:\/\/www.visit-ulcinj.com\/blog\/wp-json\/wp\/v2\/categories?post=50008"},{"taxonomy":"post_tag","embeddable":true,"href":"https:\/\/www.visit-ulcinj.com\/blog\/wp-json\/wp\/v2\/tags?post=50008"}],"curies":[{"name":"wp","href":"https:\/\/api.w.org\/{rel}","templated":true}]}}