{"id":50037,"date":"2011-08-22T13:45:40","date_gmt":"2011-08-22T12:45:40","guid":{"rendered":"http:\/\/www.visit-ulcinj.com\/blog\/?p=50037"},"modified":"2011-08-22T13:49:39","modified_gmt":"2011-08-22T12:49:39","slug":"gushti-i-cudirave","status":"publish","type":"post","link":"https:\/\/www.visit-ulcinj.com\/blog\/2011\/08\/22\/gushti-i-cudirave\/","title":{"rendered":"Gushti i \u00e7udirave nga Enver Mollabeqiri &#8211; Eno"},"content":{"rendered":"<p><a href=\"http:\/\/www.visit-ulcinj.com\/blog\/wp-content\/uploads\/2011\/08\/efekti-domino-ne-politike-te-ulqinit.jpg\"><img loading=\"lazy\" class=\"alignleft size-large wp-image-50038\" title=\"efekti domino ne politike te ulqinit\" src=\"http:\/\/www.visit-ulcinj.com\/blog\/wp-content\/uploads\/2011\/08\/efekti-domino-ne-politike-te-ulqinit-1024x768.jpg\" alt=\"\" width=\"508\" height=\"360\" \/><\/a>Dit\u00ebt e nxehta t\u00eb gushtit, me plot diell p\u00ebrv\u00eblues, sikur arrit\u00ebn shkall\u00ebn e vlimit k\u00ebto dit\u00eb. Si\u00e7 dihet, erdhi deri te p\u00ebr\u00e7arja edhe tek Unioni Demokratik i Shqiptar\u00ebve. Kjo nuk \u00ebsht\u00eb e panjohur n\u00eb politik\u00eb, e sidomos nuk \u00ebsht\u00eb di\u00e7ka e re p\u00ebr opinionin shqiptar n\u00eb Mal t\u00eb Zi.<br \/>\nKan\u00eb ndodhur edhe m\u00eb par\u00eb p\u00ebr\u00e7arje dhe shk\u00ebputje t\u00eb tilla politike, si dhe formimi i subjekteve t\u00eb reja nacionale. K\u00ebshtu q\u00eb kemi nj\u00eb situat\u00eb absurde kur n\u00eb nj\u00eb territor mjaft t\u00eb vog\u00ebl dhe me num\u00ebr t\u00eb vog\u00ebl t\u00eb banor\u00ebve, kemi nj\u00eb s\u00ebr\u00eb partish dhe listash shqiptare. Kjo medoemos shkakton huti tek elektorati dhe cop\u00ebtim t\u00eb trupit votues shqiptar.<br \/>\nKjo nuk \u00ebsht\u00eb mir\u00eb dhe jan\u00eb m\u00eb se t\u00eb mjaftuesh\u00ebm dy subjekte t\u00eb m\u00ebdha shqiptare, t\u00eb cil\u00ebt do t\u00eb ishin t\u00eb fort\u00eb si p\u00ebr nga elektorati, ashtu edhe p\u00ebr nga idet\u00eb, q\u00ebllimet, si dhe koordinimi i nd\u00ebrsjell\u00eb, sa i takon aksioneve dhe veprimeve politike.<br \/>\nPa dyshim se cop\u00ebtimi nuk shkon n\u00eb favor dhe n\u00eb interes t\u00eb elektoratit shqiptar, por n\u00ebse kjo ka t\u00eb b\u00ebj\u00eb me nd\u00ebrgjegj\u00ebsimin e q\u00ebllimeve, veprimeve dhe pritshm\u00ebris\u00eb s\u00eb elektoratit, \u00ebsht\u00eb e mir\u00ebseardhur dhe e mir\u00ebpritur.<br \/>\nNormalisht, si\u00e7 e thash\u00eb edhe m\u00eb par\u00eb, \u00ebsht\u00eb optimale q\u00eb p\u00ebr k\u00ebt\u00eb rajon dhe p\u00ebr k\u00ebt\u00eb popullsi relativisht t\u00eb vog\u00ebl, t\u00eb jen\u00eb dy subjekte t\u00eb fuqishme politike shqiptare. \u00c7do risi \u00ebsht\u00eb e mir\u00ebpritur. Andaj edhe kjo risi n\u00eb sken\u00ebn politike t\u00eb Ulqinit, edhe pse befasuese, \u00ebsht\u00eb inkurajuese n\u00eb aspektin e zhvillimeve t\u00eb ardhshme politike, sidomos ekonomike, n\u00eb komun\u00ebn e Ulqinit.<br \/>\nKy tekst \u00ebsht\u00eb duke u shkruar (t\u00eb mart\u00ebn mbr\u00ebma) n\u00eb momentin kur jan\u00eb dh\u00ebn\u00eb deklaratat e para p\u00ebr mund\u00ebsin\u00eb e formimit t\u00eb shumic\u00ebs s\u00eb re parlamentare dhe p\u00ebr formimin e pushtetit t\u00eb ri lokal, me subjekte t\u00eb tjera politike, kur marr\u00ebveshja nuk \u00ebsht\u00eb zyrtarizuar akoma. Por sidoqoft\u00eb, n\u00ebse ajo realizohet, nuk duhet shfryt\u00ebzuar n\u00eb kahje degraduese, n\u00eb energji negative dhe veprimi i saj politik nuk duhet shkuar kah revanshizmi i mundsh\u00ebm politik apo p\u00ebr veprime t\u00eb pahijshme n\u00eb rrafshin personal, pasi q\u00eb kjo nuk na ka hije as si popull, as si njer\u00ebz dhe nuk na ka karakterizuar kurr\u00eb. N\u00ebse formohet shumica e re kuvendore, ajo duhet t\u2019i drejtoj\u00eb syt\u00eb kah elektorati, d\u00ebshirat dhe pritshm\u00ebrit\u00eb e tij. Energjit\u00eb duhen shfryt\u00ebzuar p\u00ebr rim\u00ebk\u00ebmbjen ekonomike t\u00eb komun\u00ebs s\u00eb Ulqinit, thithjen e investimeve t\u00eb q\u00eblluara dhe t\u00eb sh\u00ebndosha, t\u00eb cilat do t\u2019i japin gjall\u00ebrin\u00eb e nevojshme ekonomis\u00eb s\u00eb gjunj\u00ebzuar ulqinake dhe do t\u00eb japin shpres\u00eb p\u00ebr pun\u00ebsime t\u00eb reja, p\u00ebr angazhimin e kuadrove ambicioz\u00eb, inventiv\u00eb dhe t\u00eb palodhsh\u00ebm, t\u00eb cil\u00ebt idet\u00eb dhe projektet do t\u2019i realizonin n\u00eb jet\u00eb dhe do t\u00eb b\u00ebnin p\u00ebrpjekje p\u00ebr ringjalljen e shpres\u00ebs n\u00eb k\u00ebto vise dhe do ta\u00a0 rikthenin Ulqinin n\u00eb nj\u00eb prej qendrave m\u00eb t\u00eb m\u00ebdha turistike dhe n\u00eb vendin q\u00eb e meriton. Idet\u00eb dhe energjit\u00eb duhen shpenzuar n\u00eb k\u00ebt\u00eb drejtim si dhe n\u00eb ruajtjen dhe avancimin e identitetit dhe t\u00eb drejtave t\u00eb shqiptar\u00ebve. Kjo nuk arrihet pa ekonomi t\u00eb q\u00ebndrueshme dhe t\u00eb zhvilluar, e cila duhet t\u00eb jet\u00eb shtys\u00eb e fuqishme p\u00ebr aksione politike n\u00eb k\u00ebt\u00eb drejtim. Kjo me siguri do t\u00eb zgjoj\u00eb shpresat tek t\u00eb rinjt\u00eb, t\u00eb cil\u00ebt ardhm\u00ebrin\u00eb e vet e shohin n\u00eb mes t\u00eb bashk\u00ebkombasve t\u00eb vet dhe n\u00eb vendin e vet, e jo n\u00eb emigracion.<br \/>\nSidoqoft\u00eb do t\u00eb shohim \u00e7far\u00eb do t\u00eb ndodh\u00eb n\u00eb t\u00eb ardhmen. Shpresojm\u00eb, gjith\u00ebher\u00eb n\u00eb t\u00eb mir\u00eb t\u00eb Ulqinit, pasi q\u00eb Ulqini dhe populli i tij e meritojn\u00eb k\u00ebt\u00eb.<\/p>\n<p><strong>Koha Javore<\/strong><\/p>\n","protected":false},"excerpt":{"rendered":"<p>Dit\u00ebt e nxehta t\u00eb gushtit, me plot diell p\u00ebrv\u00eblues, sikur arrit\u00ebn shkall\u00ebn e vlimit k\u00ebto dit\u00eb. Si\u00e7 dihet, erdhi deri te p\u00ebr\u00e7arja edhe tek Unioni Demokratik i Shqiptar\u00ebve. Kjo nuk \u00ebsht\u00eb e panjohur n\u00eb politik\u00eb, e sidomos nuk \u00ebsht\u00eb di\u00e7ka e re p\u00ebr opinionin shqiptar n\u00eb Mal t\u00eb Zi. Kan\u00eb ndodhur edhe m\u00eb par\u00eb p\u00ebr\u00e7arje [&hellip;]<\/p>\n","protected":false},"author":1,"featured_media":0,"comment_status":"open","ping_status":"closed","sticky":false,"template":"","format":"standard","meta":{"spay_email":"","jetpack_publicize_message":"","jetpack_is_tweetstorm":false,"jetpack_publicize_feature_enabled":true},"categories":[12],"tags":[200,18],"jetpack_publicize_connections":[],"yoast_head":"<!-- This site is optimized with the Yoast SEO plugin v19.1 - https:\/\/yoast.com\/wordpress\/plugins\/seo\/ -->\n<title>Gushti i \u00e7udirave nga Enver Mollabeqiri - Eno - Lajme nga Ulqini<\/title>\n<meta name=\"description\" content=\"Dit\u00ebt e nxehta t\u00eb gushtit, me plot diell p\u00ebrv\u00eblues, sikur arrit\u00ebn shkall\u00ebn e vlimit k\u00ebto dit\u00eb. Si\u00e7 dihet, erdhi deri te p\u00ebr\u00e7arja edhe tek Unioni\" \/>\n<meta name=\"robots\" content=\"index, follow, max-snippet:-1, max-image-preview:large, max-video-preview:-1\" \/>\n<link rel=\"canonical\" href=\"https:\/\/www.visit-ulcinj.com\/blog\/2011\/08\/22\/gushti-i-cudirave\/\" \/>\n<meta property=\"og:locale\" content=\"en_US\" \/>\n<meta property=\"og:type\" content=\"article\" \/>\n<meta property=\"og:title\" content=\"Gushti i \u00e7udirave nga Enver Mollabeqiri - Eno - Lajme nga Ulqini\" \/>\n<meta property=\"og:description\" content=\"Dit\u00ebt e nxehta t\u00eb gushtit, me plot diell p\u00ebrv\u00eblues, sikur arrit\u00ebn shkall\u00ebn e vlimit k\u00ebto dit\u00eb. Si\u00e7 dihet, erdhi deri te p\u00ebr\u00e7arja edhe tek Unioni\" \/>\n<meta property=\"og:url\" content=\"https:\/\/www.visit-ulcinj.com\/blog\/2011\/08\/22\/gushti-i-cudirave\/\" \/>\n<meta property=\"og:site_name\" content=\"Lajme nga Ulqini\" \/>\n<meta property=\"article:published_time\" content=\"2011-08-22T12:45:40+00:00\" \/>\n<meta property=\"article:modified_time\" content=\"2011-08-22T12:49:39+00:00\" \/>\n<meta property=\"og:image\" content=\"http:\/\/www.visit-ulcinj.com\/blog\/wp-content\/uploads\/2011\/08\/efekti-domino-ne-politike-te-ulqinit-1024x768.jpg\" \/>\n<meta name=\"twitter:label1\" content=\"Written by\" \/>\n\t<meta name=\"twitter:data1\" content=\"ulqini\" \/>\n\t<meta name=\"twitter:label2\" content=\"Est. reading time\" \/>\n\t<meta name=\"twitter:data2\" content=\"3 minutes\" \/>\n<script type=\"application\/ld+json\" class=\"yoast-schema-graph\">{\"@context\":\"https:\/\/schema.org\",\"@graph\":[{\"@type\":\"WebSite\",\"@id\":\"https:\/\/www.visit-ulcinj.com\/blog\/#website\",\"url\":\"https:\/\/www.visit-ulcinj.com\/blog\/\",\"name\":\"Lajme nga Ulqini\",\"description\":\"Lajme,Vijesti,Ulqini,Ulqin,Crna Gora,Mali i Zi\",\"potentialAction\":[{\"@type\":\"SearchAction\",\"target\":{\"@type\":\"EntryPoint\",\"urlTemplate\":\"https:\/\/www.visit-ulcinj.com\/blog\/?s={search_term_string}\"},\"query-input\":\"required name=search_term_string\"}],\"inLanguage\":\"en-US\"},{\"@type\":\"ImageObject\",\"inLanguage\":\"en-US\",\"@id\":\"https:\/\/www.visit-ulcinj.com\/blog\/2011\/08\/22\/gushti-i-cudirave\/#primaryimage\",\"url\":\"https:\/\/www.visit-ulcinj.com\/blog\/wp-content\/uploads\/2011\/08\/efekti-domino-ne-politike-te-ulqinit.jpg\",\"contentUrl\":\"https:\/\/www.visit-ulcinj.com\/blog\/wp-content\/uploads\/2011\/08\/efekti-domino-ne-politike-te-ulqinit.jpg\",\"width\":\"1200\",\"height\":\"900\"},{\"@type\":\"WebPage\",\"@id\":\"https:\/\/www.visit-ulcinj.com\/blog\/2011\/08\/22\/gushti-i-cudirave\/#webpage\",\"url\":\"https:\/\/www.visit-ulcinj.com\/blog\/2011\/08\/22\/gushti-i-cudirave\/\",\"name\":\"Gushti i \u00e7udirave nga Enver Mollabeqiri - Eno - Lajme nga Ulqini\",\"isPartOf\":{\"@id\":\"https:\/\/www.visit-ulcinj.com\/blog\/#website\"},\"primaryImageOfPage\":{\"@id\":\"https:\/\/www.visit-ulcinj.com\/blog\/2011\/08\/22\/gushti-i-cudirave\/#primaryimage\"},\"datePublished\":\"2011-08-22T12:45:40+00:00\",\"dateModified\":\"2011-08-22T12:49:39+00:00\",\"author\":{\"@id\":\"https:\/\/www.visit-ulcinj.com\/blog\/#\/schema\/person\/dcab619c614d3038751c63bc2aadc06d\"},\"description\":\"Dit\u00ebt e nxehta t\u00eb gushtit, me plot diell p\u00ebrv\u00eblues, sikur arrit\u00ebn shkall\u00ebn e vlimit k\u00ebto dit\u00eb. Si\u00e7 dihet, erdhi deri te p\u00ebr\u00e7arja edhe tek Unioni\",\"breadcrumb\":{\"@id\":\"https:\/\/www.visit-ulcinj.com\/blog\/2011\/08\/22\/gushti-i-cudirave\/#breadcrumb\"},\"inLanguage\":\"en-US\",\"potentialAction\":[{\"@type\":\"ReadAction\",\"target\":[\"https:\/\/www.visit-ulcinj.com\/blog\/2011\/08\/22\/gushti-i-cudirave\/\"]}]},{\"@type\":\"BreadcrumbList\",\"@id\":\"https:\/\/www.visit-ulcinj.com\/blog\/2011\/08\/22\/gushti-i-cudirave\/#breadcrumb\",\"itemListElement\":[{\"@type\":\"ListItem\",\"position\":1,\"name\":\"Gushti i \u00e7udirave nga Enver Mollabeqiri &#8211; Eno\"}]},{\"@type\":\"Person\",\"@id\":\"https:\/\/www.visit-ulcinj.com\/blog\/#\/schema\/person\/dcab619c614d3038751c63bc2aadc06d\",\"name\":\"ulqini\",\"sameAs\":[\"http:\/\/www.visit-ulcinj.com\"],\"url\":\"https:\/\/www.visit-ulcinj.com\/blog\/author\/admin\/\"}]}<\/script>\n<!-- \/ Yoast SEO plugin. -->","yoast_head_json":{"title":"Gushti i \u00e7udirave nga Enver Mollabeqiri - Eno - Lajme nga Ulqini","description":"Dit\u00ebt e nxehta t\u00eb gushtit, me plot diell p\u00ebrv\u00eblues, sikur arrit\u00ebn shkall\u00ebn e vlimit k\u00ebto dit\u00eb. Si\u00e7 dihet, erdhi deri te p\u00ebr\u00e7arja edhe tek Unioni","robots":{"index":"index","follow":"follow","max-snippet":"max-snippet:-1","max-image-preview":"max-image-preview:large","max-video-preview":"max-video-preview:-1"},"canonical":"https:\/\/www.visit-ulcinj.com\/blog\/2011\/08\/22\/gushti-i-cudirave\/","og_locale":"en_US","og_type":"article","og_title":"Gushti i \u00e7udirave nga Enver Mollabeqiri - Eno - Lajme nga Ulqini","og_description":"Dit\u00ebt e nxehta t\u00eb gushtit, me plot diell p\u00ebrv\u00eblues, sikur arrit\u00ebn shkall\u00ebn e vlimit k\u00ebto dit\u00eb. Si\u00e7 dihet, erdhi deri te p\u00ebr\u00e7arja edhe tek Unioni","og_url":"https:\/\/www.visit-ulcinj.com\/blog\/2011\/08\/22\/gushti-i-cudirave\/","og_site_name":"Lajme nga Ulqini","article_published_time":"2011-08-22T12:45:40+00:00","article_modified_time":"2011-08-22T12:49:39+00:00","og_image":[{"url":"http:\/\/www.visit-ulcinj.com\/blog\/wp-content\/uploads\/2011\/08\/efekti-domino-ne-politike-te-ulqinit-1024x768.jpg"}],"twitter_misc":{"Written by":"ulqini","Est. reading time":"3 minutes"},"schema":{"@context":"https:\/\/schema.org","@graph":[{"@type":"WebSite","@id":"https:\/\/www.visit-ulcinj.com\/blog\/#website","url":"https:\/\/www.visit-ulcinj.com\/blog\/","name":"Lajme nga Ulqini","description":"Lajme,Vijesti,Ulqini,Ulqin,Crna Gora,Mali i Zi","potentialAction":[{"@type":"SearchAction","target":{"@type":"EntryPoint","urlTemplate":"https:\/\/www.visit-ulcinj.com\/blog\/?s={search_term_string}"},"query-input":"required name=search_term_string"}],"inLanguage":"en-US"},{"@type":"ImageObject","inLanguage":"en-US","@id":"https:\/\/www.visit-ulcinj.com\/blog\/2011\/08\/22\/gushti-i-cudirave\/#primaryimage","url":"https:\/\/www.visit-ulcinj.com\/blog\/wp-content\/uploads\/2011\/08\/efekti-domino-ne-politike-te-ulqinit.jpg","contentUrl":"https:\/\/www.visit-ulcinj.com\/blog\/wp-content\/uploads\/2011\/08\/efekti-domino-ne-politike-te-ulqinit.jpg","width":"1200","height":"900"},{"@type":"WebPage","@id":"https:\/\/www.visit-ulcinj.com\/blog\/2011\/08\/22\/gushti-i-cudirave\/#webpage","url":"https:\/\/www.visit-ulcinj.com\/blog\/2011\/08\/22\/gushti-i-cudirave\/","name":"Gushti i \u00e7udirave nga Enver Mollabeqiri - Eno - Lajme nga Ulqini","isPartOf":{"@id":"https:\/\/www.visit-ulcinj.com\/blog\/#website"},"primaryImageOfPage":{"@id":"https:\/\/www.visit-ulcinj.com\/blog\/2011\/08\/22\/gushti-i-cudirave\/#primaryimage"},"datePublished":"2011-08-22T12:45:40+00:00","dateModified":"2011-08-22T12:49:39+00:00","author":{"@id":"https:\/\/www.visit-ulcinj.com\/blog\/#\/schema\/person\/dcab619c614d3038751c63bc2aadc06d"},"description":"Dit\u00ebt e nxehta t\u00eb gushtit, me plot diell p\u00ebrv\u00eblues, sikur arrit\u00ebn shkall\u00ebn e vlimit k\u00ebto dit\u00eb. Si\u00e7 dihet, erdhi deri te p\u00ebr\u00e7arja edhe tek Unioni","breadcrumb":{"@id":"https:\/\/www.visit-ulcinj.com\/blog\/2011\/08\/22\/gushti-i-cudirave\/#breadcrumb"},"inLanguage":"en-US","potentialAction":[{"@type":"ReadAction","target":["https:\/\/www.visit-ulcinj.com\/blog\/2011\/08\/22\/gushti-i-cudirave\/"]}]},{"@type":"BreadcrumbList","@id":"https:\/\/www.visit-ulcinj.com\/blog\/2011\/08\/22\/gushti-i-cudirave\/#breadcrumb","itemListElement":[{"@type":"ListItem","position":1,"name":"Gushti i \u00e7udirave nga Enver Mollabeqiri &#8211; Eno"}]},{"@type":"Person","@id":"https:\/\/www.visit-ulcinj.com\/blog\/#\/schema\/person\/dcab619c614d3038751c63bc2aadc06d","name":"ulqini","sameAs":["http:\/\/www.visit-ulcinj.com"],"url":"https:\/\/www.visit-ulcinj.com\/blog\/author\/admin\/"}]}},"jetpack_featured_media_url":"","jetpack_sharing_enabled":true,"jetpack_shortlink":"https:\/\/wp.me\/pe6lTn-d13","_links":{"self":[{"href":"https:\/\/www.visit-ulcinj.com\/blog\/wp-json\/wp\/v2\/posts\/50037"}],"collection":[{"href":"https:\/\/www.visit-ulcinj.com\/blog\/wp-json\/wp\/v2\/posts"}],"about":[{"href":"https:\/\/www.visit-ulcinj.com\/blog\/wp-json\/wp\/v2\/types\/post"}],"author":[{"embeddable":true,"href":"https:\/\/www.visit-ulcinj.com\/blog\/wp-json\/wp\/v2\/users\/1"}],"replies":[{"embeddable":true,"href":"https:\/\/www.visit-ulcinj.com\/blog\/wp-json\/wp\/v2\/comments?post=50037"}],"version-history":[{"count":4,"href":"https:\/\/www.visit-ulcinj.com\/blog\/wp-json\/wp\/v2\/posts\/50037\/revisions"}],"predecessor-version":[{"id":50042,"href":"https:\/\/www.visit-ulcinj.com\/blog\/wp-json\/wp\/v2\/posts\/50037\/revisions\/50042"}],"wp:attachment":[{"href":"https:\/\/www.visit-ulcinj.com\/blog\/wp-json\/wp\/v2\/media?parent=50037"}],"wp:term":[{"taxonomy":"category","embeddable":true,"href":"https:\/\/www.visit-ulcinj.com\/blog\/wp-json\/wp\/v2\/categories?post=50037"},{"taxonomy":"post_tag","embeddable":true,"href":"https:\/\/www.visit-ulcinj.com\/blog\/wp-json\/wp\/v2\/tags?post=50037"}],"curies":[{"name":"wp","href":"https:\/\/api.w.org\/{rel}","templated":true}]}}