{"id":50053,"date":"2011-08-22T14:39:19","date_gmt":"2011-08-22T13:39:19","guid":{"rendered":"http:\/\/www.visit-ulcinj.com\/blog\/?p=50053"},"modified":"2011-08-22T14:41:13","modified_gmt":"2011-08-22T13:41:13","slug":"kumtese-per-opinion-te-unionit-demokratik-te-shqiptareve","status":"publish","type":"post","link":"https:\/\/www.visit-ulcinj.com\/blog\/2011\/08\/22\/kumtese-per-opinion-te-unionit-demokratik-te-shqiptareve\/","title":{"rendered":"Kumtes\u00eb p\u00ebr opinion t\u00eb Unionit Demokratik t\u00eb Shqiptar\u00ebve"},"content":{"rendered":"<h2><img loading=\"lazy\" class=\"alignleft size-thumbnail wp-image-36988\" title=\"UNIONI  DEMOKRATIK I SHQIPTAR\u00cbVE\" src=\"http:\/\/www.visit-ulcinj.com\/blog\/wp-content\/uploads\/2010\/09\/UNIONI-DEMOKRATIK-I-SHQIPTAR\u00cbVE-150x150.jpg\" alt=\"\" width=\"150\" height=\"150\" \/>UNIONI DEMOKRATIK I SHQIPTAR\u00cbVE<\/h2>\n<p>&nbsp;<\/p>\n<p>Ulqin, m\u00eb\u00a0 22.08.2011<\/p>\n<p>&nbsp;<\/p>\n<h3 style=\"text-align: center;\"><strong>Kumtes\u00eb p\u00ebr opinion<\/strong><\/h3>\n<p>Unioni Demokratik i Shqip\u00ebtar\u00ebve n\u00eb pun\u00ebn shum\u00ebvje\u00e7are asnj\u00ebher\u00eb nuk i ka ndar\u00eb njer\u00ebzit n\u00eb \u2018\u2019engj\u00ebj\u2019\u2019 dhe \u2018\u2019djaj\u2019\u2019.<\/p>\n<p>N\u00eb kumtes\u00ebn e fundit, t\u00eb l\u00ebshuar nga ish kryesia e deg\u00ebs s\u00eb UDSH-s\u00eb p\u00ebr An\u00eb t\u00eb Malit, akuzojn\u00eb shok\u00ebt dhe bashk\u00ebpun\u00ebtor\u00ebt e tyre p\u00ebr gjoja grumbullim funkcionesh dhe familjariz\u00ebm.<\/p>\n<p>P\u00ebr hir t\u00eb s\u00eb v\u00ebrtet\u00ebs dhe p\u00ebr t\u00eb njoftuar opinionin e gjer\u00eb me p\u00ebrgjegjesi t\u00eb plot\u00eb theksojm\u00eb se t\u00eb privilegjuarit e partis\u00eb, sa i p\u00ebrket grumbullimit t\u00eb funkcioneve dhe familjarizmit, ka qen\u00eb pikrisht kreu i dege s\u00eb An\u00ebs s\u00eb Malit z.Fatmir Gjeka nd\u00ebrkoh\u00eb q\u00eb dhe shok\u00ebt e tij nuk b\u00ebjn\u00eb p\u00ebrjashtim.<\/p>\n<p>N\u00ebse i referohemi fakteve mund t\u00eb themi se n\u00eb organet administrative komunale krahas Fatmir Gjek\u00ebs punojn\u00eb bashk\u00ebshortja e tij, kunati dhe daja, e n\u00eb organet e tjera ku themelues \u00ebsht\u00eb Kuvendi kan\u00eb gjetur pun\u00eb 10-15 t\u00eb af\u00ebrm t\u00eb Fatmir Gjek\u00ebs.<\/p>\n<p>Milazim Mustafa, krahas vehtes, ka pun\u00ebsuar n\u00eb organet e administrat\u00ebs dhe bashk\u00ebshorten e tij. E nj\u00ebjta gj\u00eb mund t\u00eb thuhet edhe p\u00ebr Haxhi Sulejmanin q\u00eb ka mbuluar postin e sekretariti gjeneral, n\u00eb aministrat\u00ebn lokale ka insistuar dhe siguruar pun\u00ebsim p\u00ebr dy t\u00eb af\u00ebrm t\u00eb tij. K\u00ebshtu mund te thuhet dhe p\u00ebr nj\u00eb p\u00ebrqindje t\u00eb madhe t\u00eb n\u00ebnshkruesve t\u00eb letr\u00ebs q\u00eb mbi 80 % punojn\u00eb n\u00eb organet administrative.<\/p>\n<p>T\u00eb nj\u00ebjt\u00ebn gj\u00eb Fatmir Gjeka e vazhdon dhe n\u00eb sip\u00ebrmarrjen p\u00ebr \u00e7\u00ebshtje komunale ku me t\u00eb emruar n\u00eb postin e drejtorit, me apo pa p\u00ebrfilljen e K\u00ebshilit drejtues, pun\u00ebson mbi 15 pun\u00ebtor\u00eb ku n\u00eb krye t\u00eb list\u00ebs p\u00ebrs\u00ebri gjinden njer\u00ebz nga far\u00ebfisi i tij.<\/p>\n<p>E t\u00ebr\u00eb kjo d\u00ebshmon p\u00ebr vitrytet morale, njerezore dhe qytetare t\u00eb zot\u00ebris\u00eb n\u00eb fjal\u00eb dhe politik\u00ebn parimore t\u00eb cil\u00ebs i referohet se e ndjek dhe do ta ndjek n\u00eb t\u00eb ardhmen.<\/p>\n<p>&nbsp;<\/p>\n<p><strong>\u00a0\u00a0\u00a0 SH\u00cbRBIMI P\u00cbR INFORMIM I UDSH-S\u00cb<\/strong><\/p>\n","protected":false},"excerpt":{"rendered":"<p>UNIONI DEMOKRATIK I SHQIPTAR\u00cbVE &nbsp; Ulqin, m\u00eb\u00a0 22.08.2011 &nbsp; Kumtes\u00eb p\u00ebr opinion Unioni Demokratik i Shqip\u00ebtar\u00ebve n\u00eb pun\u00ebn shum\u00ebvje\u00e7are asnj\u00ebher\u00eb nuk i ka ndar\u00eb njer\u00ebzit n\u00eb \u2018\u2019engj\u00ebj\u2019\u2019 dhe \u2018\u2019djaj\u2019\u2019. N\u00eb kumtes\u00ebn e fundit, t\u00eb l\u00ebshuar nga ish kryesia e deg\u00ebs s\u00eb UDSH-s\u00eb p\u00ebr An\u00eb t\u00eb Malit, akuzojn\u00eb shok\u00ebt dhe bashk\u00ebpun\u00ebtor\u00ebt e tyre p\u00ebr gjoja grumbullim [&hellip;]<\/p>\n","protected":false},"author":1,"featured_media":0,"comment_status":"open","ping_status":"closed","sticky":false,"template":"","format":"standard","meta":{"spay_email":"","jetpack_publicize_message":"","jetpack_is_tweetstorm":false,"jetpack_publicize_feature_enabled":true},"categories":[6],"tags":[19026,95,200,6531],"jetpack_publicize_connections":[],"yoast_head":"<!-- This site is optimized with the Yoast SEO plugin v19.1 - https:\/\/yoast.com\/wordpress\/plugins\/seo\/ -->\n<title>Kumtes\u00eb p\u00ebr opinion t\u00eb Unionit Demokratik t\u00eb Shqiptar\u00ebve - Lajme nga Ulqini<\/title>\n<meta name=\"description\" content=\"UNIONI DEMOKRATIK I SHQIPTAR\u00cbVE &nbsp; Ulqin, m\u00eb\u00a0 22.08.2011 &nbsp; Kumtes\u00eb p\u00ebr opinion Unioni Demokratik i Shqip\u00ebtar\u00ebve n\u00eb pun\u00ebn shum\u00ebvje\u00e7are asnj\u00ebher\u00eb\" \/>\n<meta name=\"robots\" content=\"index, follow, max-snippet:-1, max-image-preview:large, max-video-preview:-1\" \/>\n<link rel=\"canonical\" href=\"https:\/\/www.visit-ulcinj.com\/blog\/2011\/08\/22\/kumtese-per-opinion-te-unionit-demokratik-te-shqiptareve\/\" \/>\n<meta property=\"og:locale\" content=\"en_US\" \/>\n<meta property=\"og:type\" content=\"article\" \/>\n<meta property=\"og:title\" content=\"Kumtes\u00eb p\u00ebr opinion t\u00eb Unionit Demokratik t\u00eb Shqiptar\u00ebve - Lajme nga Ulqini\" \/>\n<meta property=\"og:description\" content=\"UNIONI DEMOKRATIK I SHQIPTAR\u00cbVE &nbsp; Ulqin, m\u00eb\u00a0 22.08.2011 &nbsp; Kumtes\u00eb p\u00ebr opinion Unioni Demokratik i Shqip\u00ebtar\u00ebve n\u00eb pun\u00ebn shum\u00ebvje\u00e7are asnj\u00ebher\u00eb\" \/>\n<meta property=\"og:url\" content=\"https:\/\/www.visit-ulcinj.com\/blog\/2011\/08\/22\/kumtese-per-opinion-te-unionit-demokratik-te-shqiptareve\/\" \/>\n<meta property=\"og:site_name\" content=\"Lajme nga Ulqini\" \/>\n<meta property=\"article:published_time\" content=\"2011-08-22T13:39:19+00:00\" \/>\n<meta property=\"article:modified_time\" content=\"2011-08-22T13:41:13+00:00\" \/>\n<meta name=\"twitter:label1\" content=\"Written by\" \/>\n\t<meta name=\"twitter:data1\" content=\"ulqini\" \/>\n\t<meta name=\"twitter:label2\" content=\"Est. reading time\" \/>\n\t<meta name=\"twitter:data2\" content=\"2 minutes\" \/>\n<script type=\"application\/ld+json\" class=\"yoast-schema-graph\">{\"@context\":\"https:\/\/schema.org\",\"@graph\":[{\"@type\":\"WebSite\",\"@id\":\"https:\/\/www.visit-ulcinj.com\/blog\/#website\",\"url\":\"https:\/\/www.visit-ulcinj.com\/blog\/\",\"name\":\"Lajme nga Ulqini\",\"description\":\"Lajme,Vijesti,Ulqini,Ulqin,Crna Gora,Mali i Zi\",\"potentialAction\":[{\"@type\":\"SearchAction\",\"target\":{\"@type\":\"EntryPoint\",\"urlTemplate\":\"https:\/\/www.visit-ulcinj.com\/blog\/?s={search_term_string}\"},\"query-input\":\"required name=search_term_string\"}],\"inLanguage\":\"en-US\"},{\"@type\":\"WebPage\",\"@id\":\"https:\/\/www.visit-ulcinj.com\/blog\/2011\/08\/22\/kumtese-per-opinion-te-unionit-demokratik-te-shqiptareve\/#webpage\",\"url\":\"https:\/\/www.visit-ulcinj.com\/blog\/2011\/08\/22\/kumtese-per-opinion-te-unionit-demokratik-te-shqiptareve\/\",\"name\":\"Kumtes\u00eb p\u00ebr opinion t\u00eb Unionit Demokratik t\u00eb Shqiptar\u00ebve - Lajme nga Ulqini\",\"isPartOf\":{\"@id\":\"https:\/\/www.visit-ulcinj.com\/blog\/#website\"},\"datePublished\":\"2011-08-22T13:39:19+00:00\",\"dateModified\":\"2011-08-22T13:41:13+00:00\",\"author\":{\"@id\":\"https:\/\/www.visit-ulcinj.com\/blog\/#\/schema\/person\/dcab619c614d3038751c63bc2aadc06d\"},\"description\":\"UNIONI DEMOKRATIK I SHQIPTAR\u00cbVE &nbsp; Ulqin, m\u00eb\u00a0 22.08.2011 &nbsp; Kumtes\u00eb p\u00ebr opinion Unioni Demokratik i Shqip\u00ebtar\u00ebve n\u00eb pun\u00ebn shum\u00ebvje\u00e7are asnj\u00ebher\u00eb\",\"breadcrumb\":{\"@id\":\"https:\/\/www.visit-ulcinj.com\/blog\/2011\/08\/22\/kumtese-per-opinion-te-unionit-demokratik-te-shqiptareve\/#breadcrumb\"},\"inLanguage\":\"en-US\",\"potentialAction\":[{\"@type\":\"ReadAction\",\"target\":[\"https:\/\/www.visit-ulcinj.com\/blog\/2011\/08\/22\/kumtese-per-opinion-te-unionit-demokratik-te-shqiptareve\/\"]}]},{\"@type\":\"BreadcrumbList\",\"@id\":\"https:\/\/www.visit-ulcinj.com\/blog\/2011\/08\/22\/kumtese-per-opinion-te-unionit-demokratik-te-shqiptareve\/#breadcrumb\",\"itemListElement\":[{\"@type\":\"ListItem\",\"position\":1,\"name\":\"Kumtes\u00eb p\u00ebr opinion t\u00eb Unionit Demokratik t\u00eb Shqiptar\u00ebve\"}]},{\"@type\":\"Person\",\"@id\":\"https:\/\/www.visit-ulcinj.com\/blog\/#\/schema\/person\/dcab619c614d3038751c63bc2aadc06d\",\"name\":\"ulqini\",\"sameAs\":[\"http:\/\/www.visit-ulcinj.com\"],\"url\":\"https:\/\/www.visit-ulcinj.com\/blog\/author\/admin\/\"}]}<\/script>\n<!-- \/ Yoast SEO plugin. -->","yoast_head_json":{"title":"Kumtes\u00eb p\u00ebr opinion t\u00eb Unionit Demokratik t\u00eb Shqiptar\u00ebve - Lajme nga Ulqini","description":"UNIONI DEMOKRATIK I SHQIPTAR\u00cbVE &nbsp; Ulqin, m\u00eb\u00a0 22.08.2011 &nbsp; Kumtes\u00eb p\u00ebr opinion Unioni Demokratik i Shqip\u00ebtar\u00ebve n\u00eb pun\u00ebn shum\u00ebvje\u00e7are asnj\u00ebher\u00eb","robots":{"index":"index","follow":"follow","max-snippet":"max-snippet:-1","max-image-preview":"max-image-preview:large","max-video-preview":"max-video-preview:-1"},"canonical":"https:\/\/www.visit-ulcinj.com\/blog\/2011\/08\/22\/kumtese-per-opinion-te-unionit-demokratik-te-shqiptareve\/","og_locale":"en_US","og_type":"article","og_title":"Kumtes\u00eb p\u00ebr opinion t\u00eb Unionit Demokratik t\u00eb Shqiptar\u00ebve - Lajme nga Ulqini","og_description":"UNIONI DEMOKRATIK I SHQIPTAR\u00cbVE &nbsp; Ulqin, m\u00eb\u00a0 22.08.2011 &nbsp; Kumtes\u00eb p\u00ebr opinion Unioni Demokratik i Shqip\u00ebtar\u00ebve n\u00eb pun\u00ebn shum\u00ebvje\u00e7are asnj\u00ebher\u00eb","og_url":"https:\/\/www.visit-ulcinj.com\/blog\/2011\/08\/22\/kumtese-per-opinion-te-unionit-demokratik-te-shqiptareve\/","og_site_name":"Lajme nga Ulqini","article_published_time":"2011-08-22T13:39:19+00:00","article_modified_time":"2011-08-22T13:41:13+00:00","twitter_misc":{"Written by":"ulqini","Est. reading time":"2 minutes"},"schema":{"@context":"https:\/\/schema.org","@graph":[{"@type":"WebSite","@id":"https:\/\/www.visit-ulcinj.com\/blog\/#website","url":"https:\/\/www.visit-ulcinj.com\/blog\/","name":"Lajme nga Ulqini","description":"Lajme,Vijesti,Ulqini,Ulqin,Crna Gora,Mali i Zi","potentialAction":[{"@type":"SearchAction","target":{"@type":"EntryPoint","urlTemplate":"https:\/\/www.visit-ulcinj.com\/blog\/?s={search_term_string}"},"query-input":"required name=search_term_string"}],"inLanguage":"en-US"},{"@type":"WebPage","@id":"https:\/\/www.visit-ulcinj.com\/blog\/2011\/08\/22\/kumtese-per-opinion-te-unionit-demokratik-te-shqiptareve\/#webpage","url":"https:\/\/www.visit-ulcinj.com\/blog\/2011\/08\/22\/kumtese-per-opinion-te-unionit-demokratik-te-shqiptareve\/","name":"Kumtes\u00eb p\u00ebr opinion t\u00eb Unionit Demokratik t\u00eb Shqiptar\u00ebve - Lajme nga Ulqini","isPartOf":{"@id":"https:\/\/www.visit-ulcinj.com\/blog\/#website"},"datePublished":"2011-08-22T13:39:19+00:00","dateModified":"2011-08-22T13:41:13+00:00","author":{"@id":"https:\/\/www.visit-ulcinj.com\/blog\/#\/schema\/person\/dcab619c614d3038751c63bc2aadc06d"},"description":"UNIONI DEMOKRATIK I SHQIPTAR\u00cbVE &nbsp; Ulqin, m\u00eb\u00a0 22.08.2011 &nbsp; Kumtes\u00eb p\u00ebr opinion Unioni Demokratik i Shqip\u00ebtar\u00ebve n\u00eb pun\u00ebn shum\u00ebvje\u00e7are asnj\u00ebher\u00eb","breadcrumb":{"@id":"https:\/\/www.visit-ulcinj.com\/blog\/2011\/08\/22\/kumtese-per-opinion-te-unionit-demokratik-te-shqiptareve\/#breadcrumb"},"inLanguage":"en-US","potentialAction":[{"@type":"ReadAction","target":["https:\/\/www.visit-ulcinj.com\/blog\/2011\/08\/22\/kumtese-per-opinion-te-unionit-demokratik-te-shqiptareve\/"]}]},{"@type":"BreadcrumbList","@id":"https:\/\/www.visit-ulcinj.com\/blog\/2011\/08\/22\/kumtese-per-opinion-te-unionit-demokratik-te-shqiptareve\/#breadcrumb","itemListElement":[{"@type":"ListItem","position":1,"name":"Kumtes\u00eb p\u00ebr opinion t\u00eb Unionit Demokratik t\u00eb Shqiptar\u00ebve"}]},{"@type":"Person","@id":"https:\/\/www.visit-ulcinj.com\/blog\/#\/schema\/person\/dcab619c614d3038751c63bc2aadc06d","name":"ulqini","sameAs":["http:\/\/www.visit-ulcinj.com"],"url":"https:\/\/www.visit-ulcinj.com\/blog\/author\/admin\/"}]}},"jetpack_featured_media_url":"","jetpack_sharing_enabled":true,"jetpack_shortlink":"https:\/\/wp.me\/pe6lTn-d1j","_links":{"self":[{"href":"https:\/\/www.visit-ulcinj.com\/blog\/wp-json\/wp\/v2\/posts\/50053"}],"collection":[{"href":"https:\/\/www.visit-ulcinj.com\/blog\/wp-json\/wp\/v2\/posts"}],"about":[{"href":"https:\/\/www.visit-ulcinj.com\/blog\/wp-json\/wp\/v2\/types\/post"}],"author":[{"embeddable":true,"href":"https:\/\/www.visit-ulcinj.com\/blog\/wp-json\/wp\/v2\/users\/1"}],"replies":[{"embeddable":true,"href":"https:\/\/www.visit-ulcinj.com\/blog\/wp-json\/wp\/v2\/comments?post=50053"}],"version-history":[{"count":3,"href":"https:\/\/www.visit-ulcinj.com\/blog\/wp-json\/wp\/v2\/posts\/50053\/revisions"}],"predecessor-version":[{"id":58003,"href":"https:\/\/www.visit-ulcinj.com\/blog\/wp-json\/wp\/v2\/posts\/50053\/revisions\/58003"}],"wp:attachment":[{"href":"https:\/\/www.visit-ulcinj.com\/blog\/wp-json\/wp\/v2\/media?parent=50053"}],"wp:term":[{"taxonomy":"category","embeddable":true,"href":"https:\/\/www.visit-ulcinj.com\/blog\/wp-json\/wp\/v2\/categories?post=50053"},{"taxonomy":"post_tag","embeddable":true,"href":"https:\/\/www.visit-ulcinj.com\/blog\/wp-json\/wp\/v2\/tags?post=50053"}],"curies":[{"name":"wp","href":"https:\/\/api.w.org\/{rel}","templated":true}]}}