{"id":50063,"date":"2011-08-22T15:43:54","date_gmt":"2011-08-22T14:43:54","guid":{"rendered":"http:\/\/www.visit-ulcinj.com\/blog\/?p=50063"},"modified":"2011-08-22T19:17:20","modified_gmt":"2011-08-22T18:17:20","slug":"edhe-nje-parti-e-re-shqiptare-ne-malin-e-zi","status":"publish","type":"post","link":"https:\/\/www.visit-ulcinj.com\/blog\/2011\/08\/22\/edhe-nje-parti-e-re-shqiptare-ne-malin-e-zi\/","title":{"rendered":"Edhe nj\u00eb parti e re shqiptare n\u00eb Malin e Zi?"},"content":{"rendered":"<p><a href=\"http:\/\/www.visit-ulcinj.com\/blog\/wp-content\/uploads\/2011\/08\/Muhamet-Nika_ULQIN.jpg\"><img loading=\"lazy\" class=\"alignleft size-full wp-image-50064\" title=\"Muhamet-Nika_ULQIN\" src=\"http:\/\/www.visit-ulcinj.com\/blog\/wp-content\/uploads\/2011\/08\/Muhamet-Nika_ULQIN.jpg\" alt=\"\" width=\"490\" height=\"327\" \/><\/a>Ulqin, 22 gusht &#8211; N\u00eb sken\u00ebn politike n\u00eb Mal t\u00eb Zi flitet se n\u00eb themelim e sip\u00ebr \u00ebsht\u00eb edhe nj\u00eb parti e re politike shqiptare, e cila do t\u00eb quhet Partia Demokratike, b\u00ebn t\u00eb ditur KosovaLive.<\/p>\n<p>K\u00ebt\u00eb ide e nuk e ka konfirmuar, por as mohuar njeri prej zyrtar\u00ebve t\u00eb lart\u00eb t\u00eb Partis\u00eb s\u00eb Prosperitetit Demokratik \/PPD\/, Muhamet Nika, partner i koalicionit aktual q\u00eb drejton aktualisht Ulqinin.<\/p>\n<p>Sipas tij, gjendja e re ka gjeneruar, sidomos nga p\u00ebrgatitja p\u00ebr t\u00eb rizgjedhur kryetarin aktual t\u00eb Komun\u00ebs s\u00eb Ulqinit, G\u00ebzim Hajdinaga n\u00eb k\u00ebt\u00eb post.<\/p>\n<p>Kjo ka shkaktuar braktisjen e kat\u00ebr k\u00ebshilltar\u00ebve t\u00eb deg\u00ebs s\u00eb Unionit Demokratik t\u00eb Shqiptar\u00ebve \/UDSH\/ p\u00ebr An\u00ebn e Malit.<\/p>\n<p>\u201cNe si PPD, me deg\u00ebn e UDSH n\u00eb An\u00eb t\u00eb Malit, n\u00eb zgjedhjet e fundit t\u00eb vitit t\u00eb kaluar komunale, kemi qen\u00eb n\u00eb nj\u00eb list\u00eb unike \u201cBashk\u00eb p\u00ebr t\u00eb ardhmen\u201d. Detyrimisht ne p\u00ebrkrahim shumic\u00ebn e krijuar parlamentare, ku ndodhet edhe z. Fatmir Gjeka, i cili i prin grupit t\u00eb k\u00ebshilltar\u00ebve t\u00eb shk\u00ebputur nga UDSH\u201d,- shprehet Nika, ish- kryetar i Parlamentit t\u00eb Ulqinit edhe ish- sekretar i Lidhjes Demokratike n\u00eb Mal t\u00eb Zi deri n\u00eb fund t\u00eb viteve 90- ta.<\/p>\n<p>Ai shton se, v\u00ebrtet\u00eb K\u00ebshilli drejtues i PPD ende nuk ka dalur n\u00eb opinion, por vet\u00eb fakti se dit\u00ebn e zyrtarizimit t\u00eb shumic\u00ebs parlamentare me n\u00eb krye Forc\u00ebn e Re Demokratike para gazetar\u00ebve, ishin t\u00eb pranish\u00ebm edhe shumic\u00eb e an\u00ebtar\u00ebve t\u00eb K\u00ebshillit drejtues, tregon qart\u00eb se kend p\u00ebrkrah PPD.<\/p>\n<p>Muhamet Nika thot\u00eb se dy partner\u00ebt e koalicionit, UDSH dhe Partia Demokratike e Socialist\u00ebve t\u00eb Milo Gjukanoviqit, k\u00ebshilli n\u00eb Ulqin, pas k\u00ebtij akti t\u00eb anamalasve, kan\u00eb pasur negociata q\u00eb t\u00eb inkuadrojn\u00eb edhe Forc\u00ebn e Re Demokratike n\u00eb bashk\u00ebqeverisje lokale, por pa e konsultuar subjektin m\u00eb t\u00eb vog\u00ebl, Partin\u00eb e Prosperitetit Demokratik rreth k\u00ebtyre risive. Por, sipas tij, braktisja e 4 k\u00ebshilltar\u00ebve t\u00eb deg\u00ebs s\u00eb UDSH n\u00eb An\u00eb Malit ka sh\u00ebnuar kthes\u00eb n\u00eb sken\u00ebn politike n\u00eb Ulqin.<\/p>\n<p><strong>KOHA NET<\/strong><\/p>\n<p><strong>VIDEO TV IN<\/strong><\/p>\n<p>[flv]http:\/\/stream.rtvin.com\/flv\/17_08_post_ulcinj.flv[\/flv]<strong><br \/>\n<\/strong><\/p>\n","protected":false},"excerpt":{"rendered":"<p>Ulqin, 22 gusht &#8211; N\u00eb sken\u00ebn politike n\u00eb Mal t\u00eb Zi flitet se n\u00eb themelim e sip\u00ebr \u00ebsht\u00eb edhe nj\u00eb parti e re politike shqiptare, e cila do t\u00eb quhet Partia Demokratike, b\u00ebn t\u00eb ditur KosovaLive. K\u00ebt\u00eb ide e nuk e ka konfirmuar, por as mohuar njeri prej zyrtar\u00ebve t\u00eb lart\u00eb t\u00eb Partis\u00eb s\u00eb Prosperitetit [&hellip;]<\/p>\n","protected":false},"author":1,"featured_media":0,"comment_status":"open","ping_status":"closed","sticky":false,"template":"","format":"standard","meta":{"spay_email":"","jetpack_publicize_message":"","jetpack_is_tweetstorm":false,"jetpack_publicize_feature_enabled":true},"categories":[1,12],"tags":[212,944,200,18],"jetpack_publicize_connections":[],"yoast_head":"<!-- This site is optimized with the Yoast SEO plugin v19.1 - https:\/\/yoast.com\/wordpress\/plugins\/seo\/ -->\n<title>Edhe nj\u00eb parti e re shqiptare n\u00eb Malin e Zi? - Lajme nga Ulqini<\/title>\n<meta name=\"description\" content=\"Ulqin, 22 gusht - N\u00eb sken\u00ebn politike n\u00eb Mal t\u00eb Zi flitet se n\u00eb themelim e sip\u00ebr \u00ebsht\u00eb edhe nj\u00eb parti e re politike shqiptare, e cila do t\u00eb quhet Partia\" \/>\n<meta name=\"robots\" content=\"index, follow, max-snippet:-1, max-image-preview:large, max-video-preview:-1\" \/>\n<link rel=\"canonical\" href=\"https:\/\/www.visit-ulcinj.com\/blog\/2011\/08\/22\/edhe-nje-parti-e-re-shqiptare-ne-malin-e-zi\/\" \/>\n<meta property=\"og:locale\" content=\"en_US\" \/>\n<meta property=\"og:type\" content=\"article\" \/>\n<meta property=\"og:title\" content=\"Edhe nj\u00eb parti e re shqiptare n\u00eb Malin e Zi? - Lajme nga Ulqini\" \/>\n<meta property=\"og:description\" content=\"Ulqin, 22 gusht - N\u00eb sken\u00ebn politike n\u00eb Mal t\u00eb Zi flitet se n\u00eb themelim e sip\u00ebr \u00ebsht\u00eb edhe nj\u00eb parti e re politike shqiptare, e cila do t\u00eb quhet Partia\" \/>\n<meta property=\"og:url\" content=\"https:\/\/www.visit-ulcinj.com\/blog\/2011\/08\/22\/edhe-nje-parti-e-re-shqiptare-ne-malin-e-zi\/\" \/>\n<meta property=\"og:site_name\" content=\"Lajme nga Ulqini\" \/>\n<meta property=\"article:published_time\" content=\"2011-08-22T14:43:54+00:00\" \/>\n<meta property=\"article:modified_time\" content=\"2011-08-22T18:17:20+00:00\" \/>\n<meta property=\"og:image\" content=\"http:\/\/www.visit-ulcinj.com\/blog\/wp-content\/uploads\/2011\/08\/Muhamet-Nika_ULQIN.jpg\" \/>\n<meta name=\"twitter:label1\" content=\"Written by\" \/>\n\t<meta name=\"twitter:data1\" content=\"ulqini\" \/>\n\t<meta name=\"twitter:label2\" content=\"Est. reading time\" \/>\n\t<meta name=\"twitter:data2\" content=\"2 minutes\" \/>\n<script type=\"application\/ld+json\" class=\"yoast-schema-graph\">{\"@context\":\"https:\/\/schema.org\",\"@graph\":[{\"@type\":\"WebSite\",\"@id\":\"https:\/\/www.visit-ulcinj.com\/blog\/#website\",\"url\":\"https:\/\/www.visit-ulcinj.com\/blog\/\",\"name\":\"Lajme nga Ulqini\",\"description\":\"Lajme,Vijesti,Ulqini,Ulqin,Crna Gora,Mali i Zi\",\"potentialAction\":[{\"@type\":\"SearchAction\",\"target\":{\"@type\":\"EntryPoint\",\"urlTemplate\":\"https:\/\/www.visit-ulcinj.com\/blog\/?s={search_term_string}\"},\"query-input\":\"required name=search_term_string\"}],\"inLanguage\":\"en-US\"},{\"@type\":\"ImageObject\",\"inLanguage\":\"en-US\",\"@id\":\"https:\/\/www.visit-ulcinj.com\/blog\/2011\/08\/22\/edhe-nje-parti-e-re-shqiptare-ne-malin-e-zi\/#primaryimage\",\"url\":\"https:\/\/www.visit-ulcinj.com\/blog\/wp-content\/uploads\/2011\/08\/Muhamet-Nika_ULQIN.jpg\",\"contentUrl\":\"https:\/\/www.visit-ulcinj.com\/blog\/wp-content\/uploads\/2011\/08\/Muhamet-Nika_ULQIN.jpg\",\"width\":\"435\",\"height\":\"327\"},{\"@type\":\"WebPage\",\"@id\":\"https:\/\/www.visit-ulcinj.com\/blog\/2011\/08\/22\/edhe-nje-parti-e-re-shqiptare-ne-malin-e-zi\/#webpage\",\"url\":\"https:\/\/www.visit-ulcinj.com\/blog\/2011\/08\/22\/edhe-nje-parti-e-re-shqiptare-ne-malin-e-zi\/\",\"name\":\"Edhe nj\u00eb parti e re shqiptare n\u00eb Malin e Zi? - Lajme nga Ulqini\",\"isPartOf\":{\"@id\":\"https:\/\/www.visit-ulcinj.com\/blog\/#website\"},\"primaryImageOfPage\":{\"@id\":\"https:\/\/www.visit-ulcinj.com\/blog\/2011\/08\/22\/edhe-nje-parti-e-re-shqiptare-ne-malin-e-zi\/#primaryimage\"},\"datePublished\":\"2011-08-22T14:43:54+00:00\",\"dateModified\":\"2011-08-22T18:17:20+00:00\",\"author\":{\"@id\":\"https:\/\/www.visit-ulcinj.com\/blog\/#\/schema\/person\/dcab619c614d3038751c63bc2aadc06d\"},\"description\":\"Ulqin, 22 gusht - N\u00eb sken\u00ebn politike n\u00eb Mal t\u00eb Zi flitet se n\u00eb themelim e sip\u00ebr \u00ebsht\u00eb edhe nj\u00eb parti e re politike shqiptare, e cila do t\u00eb quhet Partia\",\"breadcrumb\":{\"@id\":\"https:\/\/www.visit-ulcinj.com\/blog\/2011\/08\/22\/edhe-nje-parti-e-re-shqiptare-ne-malin-e-zi\/#breadcrumb\"},\"inLanguage\":\"en-US\",\"potentialAction\":[{\"@type\":\"ReadAction\",\"target\":[\"https:\/\/www.visit-ulcinj.com\/blog\/2011\/08\/22\/edhe-nje-parti-e-re-shqiptare-ne-malin-e-zi\/\"]}]},{\"@type\":\"BreadcrumbList\",\"@id\":\"https:\/\/www.visit-ulcinj.com\/blog\/2011\/08\/22\/edhe-nje-parti-e-re-shqiptare-ne-malin-e-zi\/#breadcrumb\",\"itemListElement\":[{\"@type\":\"ListItem\",\"position\":1,\"name\":\"Edhe nj\u00eb parti e re shqiptare n\u00eb Malin e Zi?\"}]},{\"@type\":\"Person\",\"@id\":\"https:\/\/www.visit-ulcinj.com\/blog\/#\/schema\/person\/dcab619c614d3038751c63bc2aadc06d\",\"name\":\"ulqini\",\"sameAs\":[\"http:\/\/www.visit-ulcinj.com\"],\"url\":\"https:\/\/www.visit-ulcinj.com\/blog\/author\/admin\/\"}]}<\/script>\n<!-- \/ Yoast SEO plugin. -->","yoast_head_json":{"title":"Edhe nj\u00eb parti e re shqiptare n\u00eb Malin e Zi? - Lajme nga Ulqini","description":"Ulqin, 22 gusht - N\u00eb sken\u00ebn politike n\u00eb Mal t\u00eb Zi flitet se n\u00eb themelim e sip\u00ebr \u00ebsht\u00eb edhe nj\u00eb parti e re politike shqiptare, e cila do t\u00eb quhet Partia","robots":{"index":"index","follow":"follow","max-snippet":"max-snippet:-1","max-image-preview":"max-image-preview:large","max-video-preview":"max-video-preview:-1"},"canonical":"https:\/\/www.visit-ulcinj.com\/blog\/2011\/08\/22\/edhe-nje-parti-e-re-shqiptare-ne-malin-e-zi\/","og_locale":"en_US","og_type":"article","og_title":"Edhe nj\u00eb parti e re shqiptare n\u00eb Malin e Zi? - Lajme nga Ulqini","og_description":"Ulqin, 22 gusht - N\u00eb sken\u00ebn politike n\u00eb Mal t\u00eb Zi flitet se n\u00eb themelim e sip\u00ebr \u00ebsht\u00eb edhe nj\u00eb parti e re politike shqiptare, e cila do t\u00eb quhet Partia","og_url":"https:\/\/www.visit-ulcinj.com\/blog\/2011\/08\/22\/edhe-nje-parti-e-re-shqiptare-ne-malin-e-zi\/","og_site_name":"Lajme nga Ulqini","article_published_time":"2011-08-22T14:43:54+00:00","article_modified_time":"2011-08-22T18:17:20+00:00","og_image":[{"url":"http:\/\/www.visit-ulcinj.com\/blog\/wp-content\/uploads\/2011\/08\/Muhamet-Nika_ULQIN.jpg"}],"twitter_misc":{"Written by":"ulqini","Est. reading time":"2 minutes"},"schema":{"@context":"https:\/\/schema.org","@graph":[{"@type":"WebSite","@id":"https:\/\/www.visit-ulcinj.com\/blog\/#website","url":"https:\/\/www.visit-ulcinj.com\/blog\/","name":"Lajme nga Ulqini","description":"Lajme,Vijesti,Ulqini,Ulqin,Crna Gora,Mali i Zi","potentialAction":[{"@type":"SearchAction","target":{"@type":"EntryPoint","urlTemplate":"https:\/\/www.visit-ulcinj.com\/blog\/?s={search_term_string}"},"query-input":"required name=search_term_string"}],"inLanguage":"en-US"},{"@type":"ImageObject","inLanguage":"en-US","@id":"https:\/\/www.visit-ulcinj.com\/blog\/2011\/08\/22\/edhe-nje-parti-e-re-shqiptare-ne-malin-e-zi\/#primaryimage","url":"https:\/\/www.visit-ulcinj.com\/blog\/wp-content\/uploads\/2011\/08\/Muhamet-Nika_ULQIN.jpg","contentUrl":"https:\/\/www.visit-ulcinj.com\/blog\/wp-content\/uploads\/2011\/08\/Muhamet-Nika_ULQIN.jpg","width":"435","height":"327"},{"@type":"WebPage","@id":"https:\/\/www.visit-ulcinj.com\/blog\/2011\/08\/22\/edhe-nje-parti-e-re-shqiptare-ne-malin-e-zi\/#webpage","url":"https:\/\/www.visit-ulcinj.com\/blog\/2011\/08\/22\/edhe-nje-parti-e-re-shqiptare-ne-malin-e-zi\/","name":"Edhe nj\u00eb parti e re shqiptare n\u00eb Malin e Zi? - Lajme nga Ulqini","isPartOf":{"@id":"https:\/\/www.visit-ulcinj.com\/blog\/#website"},"primaryImageOfPage":{"@id":"https:\/\/www.visit-ulcinj.com\/blog\/2011\/08\/22\/edhe-nje-parti-e-re-shqiptare-ne-malin-e-zi\/#primaryimage"},"datePublished":"2011-08-22T14:43:54+00:00","dateModified":"2011-08-22T18:17:20+00:00","author":{"@id":"https:\/\/www.visit-ulcinj.com\/blog\/#\/schema\/person\/dcab619c614d3038751c63bc2aadc06d"},"description":"Ulqin, 22 gusht - N\u00eb sken\u00ebn politike n\u00eb Mal t\u00eb Zi flitet se n\u00eb themelim e sip\u00ebr \u00ebsht\u00eb edhe nj\u00eb parti e re politike shqiptare, e cila do t\u00eb quhet Partia","breadcrumb":{"@id":"https:\/\/www.visit-ulcinj.com\/blog\/2011\/08\/22\/edhe-nje-parti-e-re-shqiptare-ne-malin-e-zi\/#breadcrumb"},"inLanguage":"en-US","potentialAction":[{"@type":"ReadAction","target":["https:\/\/www.visit-ulcinj.com\/blog\/2011\/08\/22\/edhe-nje-parti-e-re-shqiptare-ne-malin-e-zi\/"]}]},{"@type":"BreadcrumbList","@id":"https:\/\/www.visit-ulcinj.com\/blog\/2011\/08\/22\/edhe-nje-parti-e-re-shqiptare-ne-malin-e-zi\/#breadcrumb","itemListElement":[{"@type":"ListItem","position":1,"name":"Edhe nj\u00eb parti e re shqiptare n\u00eb Malin e Zi?"}]},{"@type":"Person","@id":"https:\/\/www.visit-ulcinj.com\/blog\/#\/schema\/person\/dcab619c614d3038751c63bc2aadc06d","name":"ulqini","sameAs":["http:\/\/www.visit-ulcinj.com"],"url":"https:\/\/www.visit-ulcinj.com\/blog\/author\/admin\/"}]}},"jetpack_featured_media_url":"","jetpack_sharing_enabled":true,"jetpack_shortlink":"https:\/\/wp.me\/pe6lTn-d1t","_links":{"self":[{"href":"https:\/\/www.visit-ulcinj.com\/blog\/wp-json\/wp\/v2\/posts\/50063"}],"collection":[{"href":"https:\/\/www.visit-ulcinj.com\/blog\/wp-json\/wp\/v2\/posts"}],"about":[{"href":"https:\/\/www.visit-ulcinj.com\/blog\/wp-json\/wp\/v2\/types\/post"}],"author":[{"embeddable":true,"href":"https:\/\/www.visit-ulcinj.com\/blog\/wp-json\/wp\/v2\/users\/1"}],"replies":[{"embeddable":true,"href":"https:\/\/www.visit-ulcinj.com\/blog\/wp-json\/wp\/v2\/comments?post=50063"}],"version-history":[{"count":3,"href":"https:\/\/www.visit-ulcinj.com\/blog\/wp-json\/wp\/v2\/posts\/50063\/revisions"}],"predecessor-version":[{"id":50112,"href":"https:\/\/www.visit-ulcinj.com\/blog\/wp-json\/wp\/v2\/posts\/50063\/revisions\/50112"}],"wp:attachment":[{"href":"https:\/\/www.visit-ulcinj.com\/blog\/wp-json\/wp\/v2\/media?parent=50063"}],"wp:term":[{"taxonomy":"category","embeddable":true,"href":"https:\/\/www.visit-ulcinj.com\/blog\/wp-json\/wp\/v2\/categories?post=50063"},{"taxonomy":"post_tag","embeddable":true,"href":"https:\/\/www.visit-ulcinj.com\/blog\/wp-json\/wp\/v2\/tags?post=50063"}],"curies":[{"name":"wp","href":"https:\/\/api.w.org\/{rel}","templated":true}]}}