{"id":50074,"date":"2011-08-22T17:02:25","date_gmt":"2011-08-22T16:02:25","guid":{"rendered":"http:\/\/www.visit-ulcinj.com\/blog\/?p=50074"},"modified":"2011-08-22T17:49:16","modified_gmt":"2011-08-22T16:49:16","slug":"aferdita-dhe-shpati-drejt-brazilit-per-konkursin-e-miss-univers","status":"publish","type":"post","link":"https:\/\/www.visit-ulcinj.com\/blog\/2011\/08\/22\/aferdita-dhe-shpati-drejt-brazilit-per-konkursin-e-miss-univers\/","title":{"rendered":"Af\u00ebrdita dhe Shpati, drejt Brazilit p\u00ebr konkursin e \u201cMiss Univers\u201d"},"content":{"rendered":"<p><a href=\"http:\/\/www.visit-ulcinj.com\/blog\/wp-content\/uploads\/2011\/08\/aferdita-dreshaj_miss-universe_brazil.jpg\"><img loading=\"lazy\" class=\"alignleft size-full wp-image-50075\" title=\"aferdita dreshaj_miss universe_brazil\" src=\"http:\/\/www.visit-ulcinj.com\/blog\/wp-content\/uploads\/2011\/08\/aferdita-dreshaj_miss-universe_brazil.jpg\" alt=\"\" width=\"490\" height=\"321\" \/><\/a>Kosova k\u00ebt\u00eb vit n\u00eb \u201cMiss Universe\u201d do t\u00eb p\u00ebrfaq\u00ebsohet nga bukuroshja Af\u00ebrdita Dreshaj, nj\u00eb modele me p\u00ebrvoj\u00eb dhe karrier\u00eb t\u00eb zhvilluar n\u00eb Shtetet e Bashkuara t\u00eb Amerik\u00ebs. K\u00ebto dit\u00eb ajo pritet t\u00eb udh\u00ebtoj\u00eb drejt Brazilit, ku edhe zyrtarisht do t\u00eb fillojn\u00eb provat p\u00ebrfundimtare p\u00ebr mbajtjen e spektaklit q\u00eb do t\u00eb zhvillohet m\u00eb 12 shtator n\u00eb San Paolo. N\u00eb mesin e 84 kandidateve p\u00ebrve\u00e7 Af\u00ebrdit\u00ebs, do t\u00eb jet\u00eb edhe Xhesika Berberi, e cila do t\u00eb p\u00ebrfaq\u00ebsoj\u00eb Shqip\u00ebrin\u00eb. Ndryshe nga viti i kaluar kur veshjen komb\u00ebtare t\u00eb Angela Martinit e dizajnoi \u201cVictoria Secret\u201d, k\u00ebt\u00eb radh\u00eb Af\u00ebrdit\u00ebs k\u00ebt\u00eb lloj veshjeje do t\u2019ia realizoj\u00eb stilistja e njohur Suzana Susuri. Nga 84 shtetet e bot\u00ebs, konkurentja e Kosov\u00ebs shihet si nj\u00eb konkurenc\u00eb e fort\u00eb p\u00ebr faktin se, si\u00e7 thuhet, kur dalin n\u00eb shesh t\u00eb gjitha kandidaturat edhe vendet pretendente shohin konkurrentet e tjera, p\u00ebr shembull Venezuela, e cila ka qen\u00eb fituese disa vite me radh\u00eb dhe q\u00eb njihet p\u00ebr bukurin\u00eb fem\u00ebrore, k\u00ebt\u00eb vit ia ka frik\u00ebn Kosov\u00ebs. N\u00eb shum\u00eb forume, Af\u00ebrdita shihet si favorite. Urojm\u00eb t\u00eb ket\u00eb nj\u00eb sukses m\u00eb t\u00eb madh k\u00ebt\u00eb radh\u00eb.<br \/>\n<a href=\"http:\/\/www.visit-ulcinj.com\/blog\/wp-content\/uploads\/2011\/08\/MISS-UNIVERS-BRAZIL1.jpg\"><img loading=\"lazy\" class=\"alignleft size-full wp-image-50077\" title=\"MISS UNIVERS BRAZIL\" src=\"http:\/\/www.visit-ulcinj.com\/blog\/wp-content\/uploads\/2011\/08\/MISS-UNIVERS-BRAZIL1.jpg\" alt=\"\" width=\"508\" height=\"340\" \/><\/a><\/p>\n<p><strong>M\u00cb E GJATA N\u00cb KOMPETICION<\/strong><br \/>\nN\u00ebse n\u00eb Miss Universe nuk fitoi asnj\u00eb \u00e7mim kryesor, t\u00eb pakt\u00ebn Kosova do t\u00eb krenohet se n\u00eb k\u00ebt\u00eb kompeticion do ket\u00eb vajz\u00ebn m\u00eb t\u00eb gjat\u00eb nga t\u00eb gjitha shtetet. K\u00ebt\u00eb gj\u00eb e ka pohuar vet\u00eb Af\u00ebrdita gjat\u00eb nj\u00eb emisioni televiziv q\u00eb \u00ebsht\u00eb organizuar n\u00eb Prishtin\u00eb. \u201cNga ajo q\u00eb m\u00eb kan\u00eb informuar dhe q\u00eb kam par\u00eb t\u00eb gjitha kandidatet n\u00eb web faqen zyrtare t\u00eb spektaklit, kam v\u00ebn\u00eb re q\u00eb jam un\u00eb m\u00eb e gjata nga t\u00eb gjitha, jam diku 1.83 cm\u201d, ka theksuar Af\u00ebrdita. Q\u00ebllimi i pjes\u00ebmarrjes \u00ebsht\u00eb q\u00eb p\u00ebrve\u00e7se t\u00eb fitoj\u00eb ndonj\u00eb \u00e7mim t\u00eb r\u00ebnd\u00ebsish\u00ebm, Af\u00ebrdita duhet t\u00eb jap\u00eb maksimumin p\u00ebr t\u2019u radhitur n\u00eb mesin e top 10-es s\u00eb nxeht\u00eb, pasi edhe viteve t\u00eb kaluara Kosova ka pasur sukses t\u00eb jasht\u00ebzakonsh\u00ebm n\u00eb k\u00ebt\u00eb spektak\u00ebl, ve\u00e7an\u00ebrisht me Marigona Dragush\u00ebn.<br \/>\n<a href=\"http:\/\/www.visit-ulcinj.com\/blog\/wp-content\/uploads\/2011\/08\/shpat-kasapi_aferdita-dreshaj.jpg\"><img loading=\"lazy\" class=\"alignleft size-full wp-image-50078\" title=\"shpat kasapi_aferdita dreshaj\" src=\"http:\/\/www.visit-ulcinj.com\/blog\/wp-content\/uploads\/2011\/08\/shpat-kasapi_aferdita-dreshaj.jpg\" alt=\"\" width=\"508\" height=\"340\" \/><\/a><\/p>\n<p><strong>SHPATI L\u00cb M\u00cbNJAN\u00cb ANGAZHIMET P\u00cbR T\u00cb FEJUAR\u00cbN<\/strong><br \/>\nNdoshta p\u00ebr dik\u00eb m\u00eb t\u00eb r\u00ebnd\u00ebsishme do t\u00eb ishin koncertet dhe mbr\u00ebmjet muzikore, por p\u00ebr Shpat Kasapin m\u00eb i r\u00ebnd\u00ebsish\u00ebm \u00ebsht\u00eb suksesi i t\u00eb fejuar\u00ebs, Af\u00ebrdit\u00ebs. Si\u00e7 m\u00ebsojm\u00eb, k\u00ebng\u00ebtari ka l\u00ebn\u00eb t\u00eb gjitha angazhimet n\u00eb karrier\u00ebn e tij p\u00ebr t\u00eb udh\u00ebtuar drejt Brazilit dhe p\u00ebr t\u2019i dh\u00ebn\u00eb p\u00ebrkrahje morale t\u00eb fejuar\u00ebs s\u00eb bashku me t\u00eb gjith\u00eb stafin organizues t\u00eb \u201cMiss Universe Kosova\u201d. Pjes\u00ebmarrja e tij atje do ta b\u00ebj\u00eb Af\u00ebrdit\u00ebn t\u00eb ndihet m\u00eb e vendosur n\u00eb realizimin e \u00ebndrr\u00ebs. Pasi t\u00eb p\u00ebrfundoj\u00eb spektakli, \u00e7ifti i njohur do t\u00eb b\u00ebj\u00eb nj\u00eb pushim pak m\u00eb t\u00eb gjat\u00eb, p\u00ebr shkak se jan\u00eb t\u00eb lodhur nga gjith\u00eb angazhimet q\u00eb kan\u00eb pasur gjat\u00eb periudh\u00ebs s\u00eb fundit. Ata do t\u00eb rikthehen p\u00ebrs\u00ebri me surpriza. K\u00ebt\u00eb radh\u00eb do t\u00eb jet\u00eb nj\u00eb duet mes tyre, i cili tashm\u00eb po punohet nga kompozitor\u00ebt dhe pritet t\u00eb finalizohet edhe me vokalin e \u00e7iftit.<\/p>\n<p><strong>SHQIPMEDIA<\/strong><\/p>\n<p><a href=\"http:\/\/missuniverse.com\/members\/profile\/599543\/year:2011\" target=\"_blank\"><strong>VOTONI P\u00cbR AFERDITA DRESHAJ &#8211;\u00a0 MISS UNIVERSE<\/strong><\/a><br \/>\n<!--YouTube Error: bad URL entered--><\/p>\n","protected":false},"excerpt":{"rendered":"<p>Kosova k\u00ebt\u00eb vit n\u00eb \u201cMiss Universe\u201d do t\u00eb p\u00ebrfaq\u00ebsohet nga bukuroshja Af\u00ebrdita Dreshaj, nj\u00eb modele me p\u00ebrvoj\u00eb dhe karrier\u00eb t\u00eb zhvilluar n\u00eb Shtetet e Bashkuara t\u00eb Amerik\u00ebs. K\u00ebto dit\u00eb ajo pritet t\u00eb udh\u00ebtoj\u00eb drejt Brazilit, ku edhe zyrtarisht do t\u00eb fillojn\u00eb provat p\u00ebrfundimtare p\u00ebr mbajtjen e spektaklit q\u00eb do t\u00eb zhvillohet m\u00eb 12 shtator n\u00eb [&hellip;]<\/p>\n","protected":false},"author":1,"featured_media":0,"comment_status":"open","ping_status":"closed","sticky":false,"template":"","format":"standard","meta":{"spay_email":"","jetpack_publicize_message":"","jetpack_is_tweetstorm":false,"jetpack_publicize_feature_enabled":true},"categories":[1],"tags":[6121,19028,16730,227],"jetpack_publicize_connections":[],"yoast_head":"<!-- This site is optimized with the Yoast SEO plugin v19.1 - https:\/\/yoast.com\/wordpress\/plugins\/seo\/ -->\n<title>Af\u00ebrdita dhe Shpati, drejt Brazilit p\u00ebr konkursin e \u201cMiss Univers\u201d - Lajme nga Ulqini<\/title>\n<meta name=\"description\" content=\"Kosova k\u00ebt\u00eb vit n\u00eb \u201cMiss Universe\u201d do t\u00eb p\u00ebrfaq\u00ebsohet nga bukuroshja Af\u00ebrdita Dreshaj, nj\u00eb modele me p\u00ebrvoj\u00eb dhe karrier\u00eb t\u00eb zhvilluar n\u00eb Shtetet e\" \/>\n<meta name=\"robots\" content=\"index, follow, max-snippet:-1, max-image-preview:large, max-video-preview:-1\" \/>\n<link rel=\"canonical\" href=\"https:\/\/www.visit-ulcinj.com\/blog\/2011\/08\/22\/aferdita-dhe-shpati-drejt-brazilit-per-konkursin-e-miss-univers\/\" \/>\n<meta property=\"og:locale\" content=\"en_US\" \/>\n<meta property=\"og:type\" content=\"article\" \/>\n<meta property=\"og:title\" content=\"Af\u00ebrdita dhe Shpati, drejt Brazilit p\u00ebr konkursin e \u201cMiss Univers\u201d - Lajme nga Ulqini\" \/>\n<meta property=\"og:description\" content=\"Kosova k\u00ebt\u00eb vit n\u00eb \u201cMiss Universe\u201d do t\u00eb p\u00ebrfaq\u00ebsohet nga bukuroshja Af\u00ebrdita Dreshaj, nj\u00eb modele me p\u00ebrvoj\u00eb dhe karrier\u00eb t\u00eb zhvilluar n\u00eb Shtetet e\" \/>\n<meta property=\"og:url\" content=\"https:\/\/www.visit-ulcinj.com\/blog\/2011\/08\/22\/aferdita-dhe-shpati-drejt-brazilit-per-konkursin-e-miss-univers\/\" \/>\n<meta property=\"og:site_name\" content=\"Lajme nga Ulqini\" \/>\n<meta property=\"article:published_time\" content=\"2011-08-22T16:02:25+00:00\" \/>\n<meta property=\"article:modified_time\" content=\"2011-08-22T16:49:16+00:00\" \/>\n<meta property=\"og:image\" content=\"http:\/\/www.visit-ulcinj.com\/blog\/wp-content\/uploads\/2011\/08\/aferdita-dreshaj_miss-universe_brazil.jpg\" \/>\n<meta name=\"twitter:label1\" content=\"Written by\" \/>\n\t<meta name=\"twitter:data1\" content=\"ulqini\" \/>\n\t<meta name=\"twitter:label2\" content=\"Est. reading time\" \/>\n\t<meta name=\"twitter:data2\" content=\"3 minutes\" \/>\n<script type=\"application\/ld+json\" class=\"yoast-schema-graph\">{\"@context\":\"https:\/\/schema.org\",\"@graph\":[{\"@type\":\"WebSite\",\"@id\":\"https:\/\/www.visit-ulcinj.com\/blog\/#website\",\"url\":\"https:\/\/www.visit-ulcinj.com\/blog\/\",\"name\":\"Lajme nga Ulqini\",\"description\":\"Lajme,Vijesti,Ulqini,Ulqin,Crna Gora,Mali i Zi\",\"potentialAction\":[{\"@type\":\"SearchAction\",\"target\":{\"@type\":\"EntryPoint\",\"urlTemplate\":\"https:\/\/www.visit-ulcinj.com\/blog\/?s={search_term_string}\"},\"query-input\":\"required name=search_term_string\"}],\"inLanguage\":\"en-US\"},{\"@type\":\"ImageObject\",\"inLanguage\":\"en-US\",\"@id\":\"https:\/\/www.visit-ulcinj.com\/blog\/2011\/08\/22\/aferdita-dhe-shpati-drejt-brazilit-per-konkursin-e-miss-univers\/#primaryimage\",\"url\":\"http:\/\/www.visit-ulcinj.com\/blog\/wp-content\/uploads\/2011\/08\/aferdita-dreshaj_miss-universe_brazil.jpg\",\"contentUrl\":\"http:\/\/www.visit-ulcinj.com\/blog\/wp-content\/uploads\/2011\/08\/aferdita-dreshaj_miss-universe_brazil.jpg\"},{\"@type\":\"WebPage\",\"@id\":\"https:\/\/www.visit-ulcinj.com\/blog\/2011\/08\/22\/aferdita-dhe-shpati-drejt-brazilit-per-konkursin-e-miss-univers\/#webpage\",\"url\":\"https:\/\/www.visit-ulcinj.com\/blog\/2011\/08\/22\/aferdita-dhe-shpati-drejt-brazilit-per-konkursin-e-miss-univers\/\",\"name\":\"Af\u00ebrdita dhe Shpati, drejt Brazilit p\u00ebr konkursin e \u201cMiss Univers\u201d - Lajme nga Ulqini\",\"isPartOf\":{\"@id\":\"https:\/\/www.visit-ulcinj.com\/blog\/#website\"},\"primaryImageOfPage\":{\"@id\":\"https:\/\/www.visit-ulcinj.com\/blog\/2011\/08\/22\/aferdita-dhe-shpati-drejt-brazilit-per-konkursin-e-miss-univers\/#primaryimage\"},\"datePublished\":\"2011-08-22T16:02:25+00:00\",\"dateModified\":\"2011-08-22T16:49:16+00:00\",\"author\":{\"@id\":\"https:\/\/www.visit-ulcinj.com\/blog\/#\/schema\/person\/dcab619c614d3038751c63bc2aadc06d\"},\"description\":\"Kosova k\u00ebt\u00eb vit n\u00eb \u201cMiss Universe\u201d do t\u00eb p\u00ebrfaq\u00ebsohet nga bukuroshja Af\u00ebrdita Dreshaj, nj\u00eb modele me p\u00ebrvoj\u00eb dhe karrier\u00eb t\u00eb zhvilluar n\u00eb Shtetet e\",\"breadcrumb\":{\"@id\":\"https:\/\/www.visit-ulcinj.com\/blog\/2011\/08\/22\/aferdita-dhe-shpati-drejt-brazilit-per-konkursin-e-miss-univers\/#breadcrumb\"},\"inLanguage\":\"en-US\",\"potentialAction\":[{\"@type\":\"ReadAction\",\"target\":[\"https:\/\/www.visit-ulcinj.com\/blog\/2011\/08\/22\/aferdita-dhe-shpati-drejt-brazilit-per-konkursin-e-miss-univers\/\"]}]},{\"@type\":\"BreadcrumbList\",\"@id\":\"https:\/\/www.visit-ulcinj.com\/blog\/2011\/08\/22\/aferdita-dhe-shpati-drejt-brazilit-per-konkursin-e-miss-univers\/#breadcrumb\",\"itemListElement\":[{\"@type\":\"ListItem\",\"position\":1,\"name\":\"Af\u00ebrdita dhe Shpati, drejt Brazilit p\u00ebr konkursin e \u201cMiss Univers\u201d\"}]},{\"@type\":\"Person\",\"@id\":\"https:\/\/www.visit-ulcinj.com\/blog\/#\/schema\/person\/dcab619c614d3038751c63bc2aadc06d\",\"name\":\"ulqini\",\"sameAs\":[\"http:\/\/www.visit-ulcinj.com\"],\"url\":\"https:\/\/www.visit-ulcinj.com\/blog\/author\/admin\/\"}]}<\/script>\n<!-- \/ Yoast SEO plugin. -->","yoast_head_json":{"title":"Af\u00ebrdita dhe Shpati, drejt Brazilit p\u00ebr konkursin e \u201cMiss Univers\u201d - Lajme nga Ulqini","description":"Kosova k\u00ebt\u00eb vit n\u00eb \u201cMiss Universe\u201d do t\u00eb p\u00ebrfaq\u00ebsohet nga bukuroshja Af\u00ebrdita Dreshaj, nj\u00eb modele me p\u00ebrvoj\u00eb dhe karrier\u00eb t\u00eb zhvilluar n\u00eb Shtetet e","robots":{"index":"index","follow":"follow","max-snippet":"max-snippet:-1","max-image-preview":"max-image-preview:large","max-video-preview":"max-video-preview:-1"},"canonical":"https:\/\/www.visit-ulcinj.com\/blog\/2011\/08\/22\/aferdita-dhe-shpati-drejt-brazilit-per-konkursin-e-miss-univers\/","og_locale":"en_US","og_type":"article","og_title":"Af\u00ebrdita dhe Shpati, drejt Brazilit p\u00ebr konkursin e \u201cMiss Univers\u201d - Lajme nga Ulqini","og_description":"Kosova k\u00ebt\u00eb vit n\u00eb \u201cMiss Universe\u201d do t\u00eb p\u00ebrfaq\u00ebsohet nga bukuroshja Af\u00ebrdita Dreshaj, nj\u00eb modele me p\u00ebrvoj\u00eb dhe karrier\u00eb t\u00eb zhvilluar n\u00eb Shtetet e","og_url":"https:\/\/www.visit-ulcinj.com\/blog\/2011\/08\/22\/aferdita-dhe-shpati-drejt-brazilit-per-konkursin-e-miss-univers\/","og_site_name":"Lajme nga Ulqini","article_published_time":"2011-08-22T16:02:25+00:00","article_modified_time":"2011-08-22T16:49:16+00:00","og_image":[{"url":"http:\/\/www.visit-ulcinj.com\/blog\/wp-content\/uploads\/2011\/08\/aferdita-dreshaj_miss-universe_brazil.jpg"}],"twitter_misc":{"Written by":"ulqini","Est. reading time":"3 minutes"},"schema":{"@context":"https:\/\/schema.org","@graph":[{"@type":"WebSite","@id":"https:\/\/www.visit-ulcinj.com\/blog\/#website","url":"https:\/\/www.visit-ulcinj.com\/blog\/","name":"Lajme nga Ulqini","description":"Lajme,Vijesti,Ulqini,Ulqin,Crna Gora,Mali i Zi","potentialAction":[{"@type":"SearchAction","target":{"@type":"EntryPoint","urlTemplate":"https:\/\/www.visit-ulcinj.com\/blog\/?s={search_term_string}"},"query-input":"required name=search_term_string"}],"inLanguage":"en-US"},{"@type":"ImageObject","inLanguage":"en-US","@id":"https:\/\/www.visit-ulcinj.com\/blog\/2011\/08\/22\/aferdita-dhe-shpati-drejt-brazilit-per-konkursin-e-miss-univers\/#primaryimage","url":"http:\/\/www.visit-ulcinj.com\/blog\/wp-content\/uploads\/2011\/08\/aferdita-dreshaj_miss-universe_brazil.jpg","contentUrl":"http:\/\/www.visit-ulcinj.com\/blog\/wp-content\/uploads\/2011\/08\/aferdita-dreshaj_miss-universe_brazil.jpg"},{"@type":"WebPage","@id":"https:\/\/www.visit-ulcinj.com\/blog\/2011\/08\/22\/aferdita-dhe-shpati-drejt-brazilit-per-konkursin-e-miss-univers\/#webpage","url":"https:\/\/www.visit-ulcinj.com\/blog\/2011\/08\/22\/aferdita-dhe-shpati-drejt-brazilit-per-konkursin-e-miss-univers\/","name":"Af\u00ebrdita dhe Shpati, drejt Brazilit p\u00ebr konkursin e \u201cMiss Univers\u201d - Lajme nga Ulqini","isPartOf":{"@id":"https:\/\/www.visit-ulcinj.com\/blog\/#website"},"primaryImageOfPage":{"@id":"https:\/\/www.visit-ulcinj.com\/blog\/2011\/08\/22\/aferdita-dhe-shpati-drejt-brazilit-per-konkursin-e-miss-univers\/#primaryimage"},"datePublished":"2011-08-22T16:02:25+00:00","dateModified":"2011-08-22T16:49:16+00:00","author":{"@id":"https:\/\/www.visit-ulcinj.com\/blog\/#\/schema\/person\/dcab619c614d3038751c63bc2aadc06d"},"description":"Kosova k\u00ebt\u00eb vit n\u00eb \u201cMiss Universe\u201d do t\u00eb p\u00ebrfaq\u00ebsohet nga bukuroshja Af\u00ebrdita Dreshaj, nj\u00eb modele me p\u00ebrvoj\u00eb dhe karrier\u00eb t\u00eb zhvilluar n\u00eb Shtetet e","breadcrumb":{"@id":"https:\/\/www.visit-ulcinj.com\/blog\/2011\/08\/22\/aferdita-dhe-shpati-drejt-brazilit-per-konkursin-e-miss-univers\/#breadcrumb"},"inLanguage":"en-US","potentialAction":[{"@type":"ReadAction","target":["https:\/\/www.visit-ulcinj.com\/blog\/2011\/08\/22\/aferdita-dhe-shpati-drejt-brazilit-per-konkursin-e-miss-univers\/"]}]},{"@type":"BreadcrumbList","@id":"https:\/\/www.visit-ulcinj.com\/blog\/2011\/08\/22\/aferdita-dhe-shpati-drejt-brazilit-per-konkursin-e-miss-univers\/#breadcrumb","itemListElement":[{"@type":"ListItem","position":1,"name":"Af\u00ebrdita dhe Shpati, drejt Brazilit p\u00ebr konkursin e \u201cMiss Univers\u201d"}]},{"@type":"Person","@id":"https:\/\/www.visit-ulcinj.com\/blog\/#\/schema\/person\/dcab619c614d3038751c63bc2aadc06d","name":"ulqini","sameAs":["http:\/\/www.visit-ulcinj.com"],"url":"https:\/\/www.visit-ulcinj.com\/blog\/author\/admin\/"}]}},"jetpack_featured_media_url":"","jetpack_sharing_enabled":true,"jetpack_shortlink":"https:\/\/wp.me\/pe6lTn-d1E","_links":{"self":[{"href":"https:\/\/www.visit-ulcinj.com\/blog\/wp-json\/wp\/v2\/posts\/50074"}],"collection":[{"href":"https:\/\/www.visit-ulcinj.com\/blog\/wp-json\/wp\/v2\/posts"}],"about":[{"href":"https:\/\/www.visit-ulcinj.com\/blog\/wp-json\/wp\/v2\/types\/post"}],"author":[{"embeddable":true,"href":"https:\/\/www.visit-ulcinj.com\/blog\/wp-json\/wp\/v2\/users\/1"}],"replies":[{"embeddable":true,"href":"https:\/\/www.visit-ulcinj.com\/blog\/wp-json\/wp\/v2\/comments?post=50074"}],"version-history":[{"count":6,"href":"https:\/\/www.visit-ulcinj.com\/blog\/wp-json\/wp\/v2\/posts\/50074\/revisions"}],"predecessor-version":[{"id":50080,"href":"https:\/\/www.visit-ulcinj.com\/blog\/wp-json\/wp\/v2\/posts\/50074\/revisions\/50080"}],"wp:attachment":[{"href":"https:\/\/www.visit-ulcinj.com\/blog\/wp-json\/wp\/v2\/media?parent=50074"}],"wp:term":[{"taxonomy":"category","embeddable":true,"href":"https:\/\/www.visit-ulcinj.com\/blog\/wp-json\/wp\/v2\/categories?post=50074"},{"taxonomy":"post_tag","embeddable":true,"href":"https:\/\/www.visit-ulcinj.com\/blog\/wp-json\/wp\/v2\/tags?post=50074"}],"curies":[{"name":"wp","href":"https:\/\/api.w.org\/{rel}","templated":true}]}}