{"id":50083,"date":"2011-08-22T17:20:27","date_gmt":"2011-08-22T16:20:27","guid":{"rendered":"http:\/\/www.visit-ulcinj.com\/blog\/?p=50083"},"modified":"2011-08-22T17:21:07","modified_gmt":"2011-08-22T16:21:07","slug":"ciljetes-gjithcka-i-shkon-per-mrekulli","status":"publish","type":"post","link":"https:\/\/www.visit-ulcinj.com\/blog\/2011\/08\/22\/ciljetes-gjithcka-i-shkon-per-mrekulli\/","title":{"rendered":"\u00c7iljet\u00ebs gjith\u00e7ka i shkon p\u00ebr mrekulli"},"content":{"rendered":"<p><a href=\"http:\/\/www.visit-ulcinj.com\/blog\/wp-content\/uploads\/2011\/08\/CILJETA-XHILAGA.jpg\"><img loading=\"lazy\" class=\"alignleft size-full wp-image-50084\" title=\"CILJETA XHILAGA\" src=\"http:\/\/www.visit-ulcinj.com\/blog\/wp-content\/uploads\/2011\/08\/CILJETA-XHILAGA.jpg\" alt=\"\" width=\"490\" height=\"560\" \/><\/a>\u00cbsht\u00eb nj\u00eb ver\u00eb me plot koncerte, para e k\u00ebnaq\u00ebsi, kjo e k\u00ebtij viti, p\u00ebr k\u00ebng\u00ebtaren \u00c7iljeta. \u201cNuk po b\u00ebj asnj\u00eb dit\u00eb pushim, njer\u00ebzit m\u00eb presin mir\u00eb kudo q\u00eb shkoj dhe sa i p\u00ebrket pages\u00ebs duke qen\u00eb se e di q\u00eb jeni kurioz edhe p\u00ebr k\u00ebt\u00eb, jam shum\u00eb e k\u00ebnaqur\u201d, \u00ebsht\u00eb rr\u00ebfyer k\u00ebng\u00ebtarja p\u00ebr mediet shqiptare.<\/p>\n<p>Klipi i ri \u201cSonte me dhemb zemra\u201d, n\u00eb bashk\u00ebpunim me Vanin \u00ebsht\u00eb pritur mir\u00eb. \u00c7iljeta tregon se bashk\u00ebpunimi ishte propozim i producentit t\u00eb k\u00ebng\u00ebs, Flori Mumajesi, dhe mjeshtrit t\u00eb violin\u00ebs, Ervin Gonxhi, p\u00ebr t\u00eb sjell\u00eb n\u00eb treg di\u00e7ka t\u00eb ve\u00e7ant\u00eb dhe \u00c7iljeta beson se ia ka dal\u00eb mban\u00eb.<\/p>\n<p>Edhe me zemr\u00ebn ndihet mir\u00eb. \u201cShyqyr Zotit jam \u2018xham\u2019 fare\u201d tregon \u00c7iljeta e cila edhe me partin\u00eb pun\u00ebt i ka n\u00eb rregull e s\u00eb shpejti do t\u00eb jet\u00eb imazhi i nj\u00eb kompanie tjet\u00ebr.<\/p>\n<p><strong>Z\u00cbRI<br \/>\n<\/strong><br \/>\n<!--YouTube Error: bad URL entered--><\/p>\n","protected":false},"excerpt":{"rendered":"<p>\u00cbsht\u00eb nj\u00eb ver\u00eb me plot koncerte, para e k\u00ebnaq\u00ebsi, kjo e k\u00ebtij viti, p\u00ebr k\u00ebng\u00ebtaren \u00c7iljeta. \u201cNuk po b\u00ebj asnj\u00eb dit\u00eb pushim, njer\u00ebzit m\u00eb presin mir\u00eb kudo q\u00eb shkoj dhe sa i p\u00ebrket pages\u00ebs duke qen\u00eb se e di q\u00eb jeni kurioz edhe p\u00ebr k\u00ebt\u00eb, jam shum\u00eb e k\u00ebnaqur\u201d, \u00ebsht\u00eb rr\u00ebfyer k\u00ebng\u00ebtarja p\u00ebr mediet shqiptare. [&hellip;]<\/p>\n","protected":false},"author":1,"featured_media":0,"comment_status":"open","ping_status":"closed","sticky":false,"template":"","format":"standard","meta":{"spay_email":"","jetpack_publicize_message":"","jetpack_is_tweetstorm":false,"jetpack_publicize_feature_enabled":true},"categories":[1],"tags":[5456],"jetpack_publicize_connections":[],"yoast_head":"<!-- This site is optimized with the Yoast SEO plugin v19.1 - https:\/\/yoast.com\/wordpress\/plugins\/seo\/ -->\n<title>\u00c7iljet\u00ebs gjith\u00e7ka i shkon p\u00ebr mrekulli - Lajme nga Ulqini<\/title>\n<meta name=\"description\" content=\"\u00cbsht\u00eb nj\u00eb ver\u00eb me plot koncerte, para e k\u00ebnaq\u00ebsi, kjo e k\u00ebtij viti, p\u00ebr k\u00ebng\u00ebtaren \u00c7iljeta. \u201cNuk po b\u00ebj asnj\u00eb dit\u00eb pushim, njer\u00ebzit m\u00eb presin mir\u00eb kudo q\u00eb\" \/>\n<meta name=\"robots\" content=\"index, follow, max-snippet:-1, max-image-preview:large, max-video-preview:-1\" \/>\n<link rel=\"canonical\" href=\"https:\/\/www.visit-ulcinj.com\/blog\/2011\/08\/22\/ciljetes-gjithcka-i-shkon-per-mrekulli\/\" \/>\n<meta property=\"og:locale\" content=\"en_US\" \/>\n<meta property=\"og:type\" content=\"article\" \/>\n<meta property=\"og:title\" content=\"\u00c7iljet\u00ebs gjith\u00e7ka i shkon p\u00ebr mrekulli - Lajme nga Ulqini\" \/>\n<meta property=\"og:description\" content=\"\u00cbsht\u00eb nj\u00eb ver\u00eb me plot koncerte, para e k\u00ebnaq\u00ebsi, kjo e k\u00ebtij viti, p\u00ebr k\u00ebng\u00ebtaren \u00c7iljeta. \u201cNuk po b\u00ebj asnj\u00eb dit\u00eb pushim, njer\u00ebzit m\u00eb presin mir\u00eb kudo q\u00eb\" \/>\n<meta property=\"og:url\" content=\"https:\/\/www.visit-ulcinj.com\/blog\/2011\/08\/22\/ciljetes-gjithcka-i-shkon-per-mrekulli\/\" \/>\n<meta property=\"og:site_name\" content=\"Lajme nga Ulqini\" \/>\n<meta property=\"article:published_time\" content=\"2011-08-22T16:20:27+00:00\" \/>\n<meta property=\"article:modified_time\" content=\"2011-08-22T16:21:07+00:00\" \/>\n<meta property=\"og:image\" content=\"https:\/\/www.visit-ulcinj.com\/blog\/wp-content\/uploads\/2011\/08\/CILJETA-XHILAGA-150x150.jpg\" \/>\n<meta name=\"twitter:label1\" content=\"Written by\" \/>\n\t<meta name=\"twitter:data1\" content=\"ulqini\" \/>\n\t<meta name=\"twitter:label2\" content=\"Est. reading time\" \/>\n\t<meta name=\"twitter:data2\" content=\"1 minute\" \/>\n<script type=\"application\/ld+json\" class=\"yoast-schema-graph\">{\"@context\":\"https:\/\/schema.org\",\"@graph\":[{\"@type\":\"WebSite\",\"@id\":\"https:\/\/www.visit-ulcinj.com\/blog\/#website\",\"url\":\"https:\/\/www.visit-ulcinj.com\/blog\/\",\"name\":\"Lajme nga Ulqini\",\"description\":\"Lajme,Vijesti,Ulqini,Ulqin,Crna Gora,Mali i Zi\",\"potentialAction\":[{\"@type\":\"SearchAction\",\"target\":{\"@type\":\"EntryPoint\",\"urlTemplate\":\"https:\/\/www.visit-ulcinj.com\/blog\/?s={search_term_string}\"},\"query-input\":\"required name=search_term_string\"}],\"inLanguage\":\"en-US\"},{\"@type\":\"ImageObject\",\"inLanguage\":\"en-US\",\"@id\":\"https:\/\/www.visit-ulcinj.com\/blog\/2011\/08\/22\/ciljetes-gjithcka-i-shkon-per-mrekulli\/#primaryimage\",\"url\":\"http:\/\/www.visit-ulcinj.com\/blog\/wp-content\/uploads\/2011\/08\/CILJETA-XHILAGA.jpg\",\"contentUrl\":\"http:\/\/www.visit-ulcinj.com\/blog\/wp-content\/uploads\/2011\/08\/CILJETA-XHILAGA.jpg\"},{\"@type\":\"WebPage\",\"@id\":\"https:\/\/www.visit-ulcinj.com\/blog\/2011\/08\/22\/ciljetes-gjithcka-i-shkon-per-mrekulli\/#webpage\",\"url\":\"https:\/\/www.visit-ulcinj.com\/blog\/2011\/08\/22\/ciljetes-gjithcka-i-shkon-per-mrekulli\/\",\"name\":\"\u00c7iljet\u00ebs gjith\u00e7ka i shkon p\u00ebr mrekulli - Lajme nga Ulqini\",\"isPartOf\":{\"@id\":\"https:\/\/www.visit-ulcinj.com\/blog\/#website\"},\"primaryImageOfPage\":{\"@id\":\"https:\/\/www.visit-ulcinj.com\/blog\/2011\/08\/22\/ciljetes-gjithcka-i-shkon-per-mrekulli\/#primaryimage\"},\"datePublished\":\"2011-08-22T16:20:27+00:00\",\"dateModified\":\"2011-08-22T16:21:07+00:00\",\"author\":{\"@id\":\"https:\/\/www.visit-ulcinj.com\/blog\/#\/schema\/person\/dcab619c614d3038751c63bc2aadc06d\"},\"description\":\"\u00cbsht\u00eb nj\u00eb ver\u00eb me plot koncerte, para e k\u00ebnaq\u00ebsi, kjo e k\u00ebtij viti, p\u00ebr k\u00ebng\u00ebtaren \u00c7iljeta. \u201cNuk po b\u00ebj asnj\u00eb dit\u00eb pushim, njer\u00ebzit m\u00eb presin mir\u00eb kudo q\u00eb\",\"breadcrumb\":{\"@id\":\"https:\/\/www.visit-ulcinj.com\/blog\/2011\/08\/22\/ciljetes-gjithcka-i-shkon-per-mrekulli\/#breadcrumb\"},\"inLanguage\":\"en-US\",\"potentialAction\":[{\"@type\":\"ReadAction\",\"target\":[\"https:\/\/www.visit-ulcinj.com\/blog\/2011\/08\/22\/ciljetes-gjithcka-i-shkon-per-mrekulli\/\"]}]},{\"@type\":\"BreadcrumbList\",\"@id\":\"https:\/\/www.visit-ulcinj.com\/blog\/2011\/08\/22\/ciljetes-gjithcka-i-shkon-per-mrekulli\/#breadcrumb\",\"itemListElement\":[{\"@type\":\"ListItem\",\"position\":1,\"name\":\"\u00c7iljet\u00ebs gjith\u00e7ka i shkon p\u00ebr mrekulli\"}]},{\"@type\":\"Person\",\"@id\":\"https:\/\/www.visit-ulcinj.com\/blog\/#\/schema\/person\/dcab619c614d3038751c63bc2aadc06d\",\"name\":\"ulqini\",\"sameAs\":[\"http:\/\/www.visit-ulcinj.com\"],\"url\":\"https:\/\/www.visit-ulcinj.com\/blog\/author\/admin\/\"}]}<\/script>\n<!-- \/ Yoast SEO plugin. -->","yoast_head_json":{"title":"\u00c7iljet\u00ebs gjith\u00e7ka i shkon p\u00ebr mrekulli - Lajme nga Ulqini","description":"\u00cbsht\u00eb nj\u00eb ver\u00eb me plot koncerte, para e k\u00ebnaq\u00ebsi, kjo e k\u00ebtij viti, p\u00ebr k\u00ebng\u00ebtaren \u00c7iljeta. \u201cNuk po b\u00ebj asnj\u00eb dit\u00eb pushim, njer\u00ebzit m\u00eb presin mir\u00eb kudo q\u00eb","robots":{"index":"index","follow":"follow","max-snippet":"max-snippet:-1","max-image-preview":"max-image-preview:large","max-video-preview":"max-video-preview:-1"},"canonical":"https:\/\/www.visit-ulcinj.com\/blog\/2011\/08\/22\/ciljetes-gjithcka-i-shkon-per-mrekulli\/","og_locale":"en_US","og_type":"article","og_title":"\u00c7iljet\u00ebs gjith\u00e7ka i shkon p\u00ebr mrekulli - Lajme nga Ulqini","og_description":"\u00cbsht\u00eb nj\u00eb ver\u00eb me plot koncerte, para e k\u00ebnaq\u00ebsi, kjo e k\u00ebtij viti, p\u00ebr k\u00ebng\u00ebtaren \u00c7iljeta. \u201cNuk po b\u00ebj asnj\u00eb dit\u00eb pushim, njer\u00ebzit m\u00eb presin mir\u00eb kudo q\u00eb","og_url":"https:\/\/www.visit-ulcinj.com\/blog\/2011\/08\/22\/ciljetes-gjithcka-i-shkon-per-mrekulli\/","og_site_name":"Lajme nga Ulqini","article_published_time":"2011-08-22T16:20:27+00:00","article_modified_time":"2011-08-22T16:21:07+00:00","og_image":[{"url":"https:\/\/www.visit-ulcinj.com\/blog\/wp-content\/uploads\/2011\/08\/CILJETA-XHILAGA-150x150.jpg"}],"twitter_misc":{"Written by":"ulqini","Est. reading time":"1 minute"},"schema":{"@context":"https:\/\/schema.org","@graph":[{"@type":"WebSite","@id":"https:\/\/www.visit-ulcinj.com\/blog\/#website","url":"https:\/\/www.visit-ulcinj.com\/blog\/","name":"Lajme nga Ulqini","description":"Lajme,Vijesti,Ulqini,Ulqin,Crna Gora,Mali i Zi","potentialAction":[{"@type":"SearchAction","target":{"@type":"EntryPoint","urlTemplate":"https:\/\/www.visit-ulcinj.com\/blog\/?s={search_term_string}"},"query-input":"required name=search_term_string"}],"inLanguage":"en-US"},{"@type":"ImageObject","inLanguage":"en-US","@id":"https:\/\/www.visit-ulcinj.com\/blog\/2011\/08\/22\/ciljetes-gjithcka-i-shkon-per-mrekulli\/#primaryimage","url":"http:\/\/www.visit-ulcinj.com\/blog\/wp-content\/uploads\/2011\/08\/CILJETA-XHILAGA.jpg","contentUrl":"http:\/\/www.visit-ulcinj.com\/blog\/wp-content\/uploads\/2011\/08\/CILJETA-XHILAGA.jpg"},{"@type":"WebPage","@id":"https:\/\/www.visit-ulcinj.com\/blog\/2011\/08\/22\/ciljetes-gjithcka-i-shkon-per-mrekulli\/#webpage","url":"https:\/\/www.visit-ulcinj.com\/blog\/2011\/08\/22\/ciljetes-gjithcka-i-shkon-per-mrekulli\/","name":"\u00c7iljet\u00ebs gjith\u00e7ka i shkon p\u00ebr mrekulli - Lajme nga Ulqini","isPartOf":{"@id":"https:\/\/www.visit-ulcinj.com\/blog\/#website"},"primaryImageOfPage":{"@id":"https:\/\/www.visit-ulcinj.com\/blog\/2011\/08\/22\/ciljetes-gjithcka-i-shkon-per-mrekulli\/#primaryimage"},"datePublished":"2011-08-22T16:20:27+00:00","dateModified":"2011-08-22T16:21:07+00:00","author":{"@id":"https:\/\/www.visit-ulcinj.com\/blog\/#\/schema\/person\/dcab619c614d3038751c63bc2aadc06d"},"description":"\u00cbsht\u00eb nj\u00eb ver\u00eb me plot koncerte, para e k\u00ebnaq\u00ebsi, kjo e k\u00ebtij viti, p\u00ebr k\u00ebng\u00ebtaren \u00c7iljeta. \u201cNuk po b\u00ebj asnj\u00eb dit\u00eb pushim, njer\u00ebzit m\u00eb presin mir\u00eb kudo q\u00eb","breadcrumb":{"@id":"https:\/\/www.visit-ulcinj.com\/blog\/2011\/08\/22\/ciljetes-gjithcka-i-shkon-per-mrekulli\/#breadcrumb"},"inLanguage":"en-US","potentialAction":[{"@type":"ReadAction","target":["https:\/\/www.visit-ulcinj.com\/blog\/2011\/08\/22\/ciljetes-gjithcka-i-shkon-per-mrekulli\/"]}]},{"@type":"BreadcrumbList","@id":"https:\/\/www.visit-ulcinj.com\/blog\/2011\/08\/22\/ciljetes-gjithcka-i-shkon-per-mrekulli\/#breadcrumb","itemListElement":[{"@type":"ListItem","position":1,"name":"\u00c7iljet\u00ebs gjith\u00e7ka i shkon p\u00ebr mrekulli"}]},{"@type":"Person","@id":"https:\/\/www.visit-ulcinj.com\/blog\/#\/schema\/person\/dcab619c614d3038751c63bc2aadc06d","name":"ulqini","sameAs":["http:\/\/www.visit-ulcinj.com"],"url":"https:\/\/www.visit-ulcinj.com\/blog\/author\/admin\/"}]}},"jetpack_featured_media_url":"","jetpack_sharing_enabled":true,"jetpack_shortlink":"https:\/\/wp.me\/pe6lTn-d1N","_links":{"self":[{"href":"https:\/\/www.visit-ulcinj.com\/blog\/wp-json\/wp\/v2\/posts\/50083"}],"collection":[{"href":"https:\/\/www.visit-ulcinj.com\/blog\/wp-json\/wp\/v2\/posts"}],"about":[{"href":"https:\/\/www.visit-ulcinj.com\/blog\/wp-json\/wp\/v2\/types\/post"}],"author":[{"embeddable":true,"href":"https:\/\/www.visit-ulcinj.com\/blog\/wp-json\/wp\/v2\/users\/1"}],"replies":[{"embeddable":true,"href":"https:\/\/www.visit-ulcinj.com\/blog\/wp-json\/wp\/v2\/comments?post=50083"}],"version-history":[{"count":2,"href":"https:\/\/www.visit-ulcinj.com\/blog\/wp-json\/wp\/v2\/posts\/50083\/revisions"}],"predecessor-version":[{"id":50091,"href":"https:\/\/www.visit-ulcinj.com\/blog\/wp-json\/wp\/v2\/posts\/50083\/revisions\/50091"}],"wp:attachment":[{"href":"https:\/\/www.visit-ulcinj.com\/blog\/wp-json\/wp\/v2\/media?parent=50083"}],"wp:term":[{"taxonomy":"category","embeddable":true,"href":"https:\/\/www.visit-ulcinj.com\/blog\/wp-json\/wp\/v2\/categories?post=50083"},{"taxonomy":"post_tag","embeddable":true,"href":"https:\/\/www.visit-ulcinj.com\/blog\/wp-json\/wp\/v2\/tags?post=50083"}],"curies":[{"name":"wp","href":"https:\/\/api.w.org\/{rel}","templated":true}]}}