{"id":501,"date":"2008-02-13T12:25:49","date_gmt":"2008-02-13T17:25:49","guid":{"rendered":"http:\/\/www.visit-ulcinj.com\/blog\/2008\/02\/13\/zastitite-port-milenu\/"},"modified":"2008-02-15T17:17:08","modified_gmt":"2008-02-15T22:17:08","slug":"zastitite-port-milenu","status":"publish","type":"post","link":"https:\/\/www.visit-ulcinj.com\/blog\/2008\/02\/13\/zastitite-port-milenu\/","title":{"rendered":"Za\u0161titite Port Milenu"},"content":{"rendered":"<p><a rel=\"attachment wp-att-502\" href=\"http:\/\/www.visit-ulcinj.com\/blog\/2008\/02\/13\/zastitite-port-milenu\/port-milena-ulqin-2\/\" title=\"Port Milena ulqin\"><img loading=\"lazy\" align=\"left\" width=\"222\" src=\"http:\/\/www.visit-ulcinj.com\/blog\/wp-content\/uploads\/2008\/02\/plazha-e-madhe5.jpg\" alt=\"Port Milena ulqin\" height=\"158\" \/><\/a>Ulcinj &#8211; NVO &#8220;Zeleni korak&#8221; i &#8220;Bojana&#8221; pozvali su turisti?ku inspekciju da utvrdi da li hoteli i privatni pansioni koji ispu\u0161taju otpadne vode u Port Milenu imaju upotrebnu dozvolu za rad, a glavnog inspektora Bo\u017ea Vu?ekovi?a da obave\u017ee sve zaga?iva?e tog kanala na kori\u0161?enje filtera na ispustima mini-sistema za pre?i\u0161?avanje.<br \/>\n&#8211; Podr\u017eavamo aktivnosti Turisti?ke inspekcije koja kontroli\u0161e djelatnosti turisti?kih i ugostiteljskih objekata.<br \/>\nOno \u0161to najvi\u0161e zabrinjava Ulcinjane i mnogobrojne turiste, svakako je stanje na Port Mileni, pa vas pitamo da li hoteli i privatni pansioni koji ispu\u0161taju vode u kanal imaju upotrebne dozvole za rad &#8211; isti?e se u dopisu dviju ulcinjskih NVO upu?enom Vu?ekovi?u.<br \/>\nDodaje se da je ote\u017eavaju?a okolnost to \u0161to sticajem okolnosti samo Ulcinj kao primorska op\u0161tina nije uklju?en u regionalni sistem rje\u0161avanja otpadnih voda.<br \/>\n&#8211; S obzirom na to da nadle\u017ene dr\u017eavne institucije ne preduzimaju potrebne mjere da se ubla\u017ei ili sanira \u0161tetno i negativno dejstvo ispu\u0161tanja otpadnih voda, uklju?uju?i i opasni otpad smatramo da bi vi trebalo da obave\u017eete sve zaga?iva?e Port MIlene da postave ispuste na filterima i izrade mini-sisteme za pre?i\u0161?avanje koji se danas koriste u svijetu &#8211; ka\u017ee se u dopisu koji su potpisali predsjednici tih NVO D\u017eelal Hod\u017ei? i Miomir Lekovi?.<br \/>\nU saop\u0161tenju se sugeri\u0161e da bi uporedo sa tim aktivnostima po\u017eeljno bilo tokom februara inicirati organizovanje zajedni?kog sastanka menad\u017eera i vlasnika objekata koji ispu\u0161taju otpadne vode u Port Milenu i predstavnika dr\u017eavnih organa i institucija radi iznala\u017eenja na?ina za rje\u0161avanje problema nekad najve?eg mrestili\u0161ta ribe na ju\u017enom Jadranu.<\/p>\n<p>S.A.<\/p>\n<table border=\"0\" bgColor=\"#ffffff\" align=\"center\" width=\"750\" cellPadding=\"0\" cellSpacing=\"0\" height=\"100%\">\n<tr>\n<td height=\"131\" background=\"zaglavlje.gif\" vAlign=\"top\">\n<table border=\"0\" align=\"right\" width=\"300\" cellPadding=\"0\" cellSpacing=\"0\" height=\"125\">\n<tr>\n<td height=\"74\" vAlign=\"top\"><a href=\"http:\/\/www.vijesti.cg.yu\/vijesti_old\/?akcija=biblioteka\"><\/a>\u00a0<\/td>\n<\/tr>\n<tr>\n<td height=\"45\" vAlign=\"bottom\">\n<form method=\"post\" action=\"naslovna.php?akcija=search\" name=\"form1\">\n<table border=\"0\" align=\"right\" width=\"300\" cellPadding=\"0\" cellSpacing=\"0\" height=\"50\">\n<tr>\n<td width=\"193\" align=\"right\" noWrap=\"true\" vAlign=\"bottom\" class=\"style27\"><span class=\"style17\"><a href=\"http:\/\/www.vijesti.cg.yu\/vijesti_old\/naslovna.php\" class=\"style27\"><\/a><\/span>\u00a0<\/td>\n<td width=\"30\" vAlign=\"bottom\"><\/td>\n<td width=\"77\" vAlign=\"bottom\">\n<p align=\"center\"><span class=\"style26\"><br \/>\n<\/span><\/td>\n<\/tr>\n<\/table>\n<\/form>\n<\/td>\n<\/tr>\n<\/table>\n<table border=\"0\" cellPadding=\"1\" cellSpacing=\"0\" height=\"100%\">\n<tr>\n<td height=\"77\" width=\"158\" noWrap=\"true\" vAlign=\"top\"><span class=\"style17\"><a href=\"http:\/\/www.vijesti.cg.yu\/vijesti_old\/naslovna.php\"><img loading=\"lazy\" border=\"0\" useMap=\"#Map2\" align=\"top\" width=\"118\" src=\"http:\/\/www.vijesti.cg.yu\/vijesti_old\/link.gif\" height=\"64\" style=\"width: 93px; height: 45px\" \/><\/a><\/span><\/td>\n<\/tr>\n<\/table>\n<\/td>\n<\/tr>\n<\/table>\n","protected":false},"excerpt":{"rendered":"<p><img loading=\"lazy\" src=\"http:\/\/www.visit-ulcinj.com\/blog\/wp-content\/uploads\/2008\/02\/plazha-e-madhe5.jpg\" alt=\"Port Milena ulqin\" align=\"left\" height=\"140\" width=\"140\" \/><\/p>\n","protected":false},"author":1,"featured_media":0,"comment_status":"open","ping_status":"closed","sticky":false,"template":"","format":"standard","meta":{"spay_email":"","jetpack_publicize_message":"","jetpack_is_tweetstorm":false,"jetpack_publicize_feature_enabled":true},"categories":[15],"tags":[1340,1434,1438,1435,1436,19,1437],"jetpack_publicize_connections":[],"yoast_head":"<!-- This site is optimized with the Yoast SEO plugin v19.1 - https:\/\/yoast.com\/wordpress\/plugins\/seo\/ -->\n<title>Za\u0161titite Port Milenu - Lajme nga Ulqini<\/title>\n<meta name=\"robots\" content=\"index, follow, max-snippet:-1, max-image-preview:large, max-video-preview:-1\" \/>\n<link rel=\"canonical\" href=\"https:\/\/www.visit-ulcinj.com\/blog\/2008\/02\/13\/zastitite-port-milenu\/\" \/>\n<meta property=\"og:locale\" content=\"en_US\" \/>\n<meta property=\"og:type\" content=\"article\" \/>\n<meta property=\"og:title\" content=\"Za\u0161titite Port Milenu - Lajme nga Ulqini\" \/>\n<meta property=\"og:url\" content=\"https:\/\/www.visit-ulcinj.com\/blog\/2008\/02\/13\/zastitite-port-milenu\/\" \/>\n<meta property=\"og:site_name\" content=\"Lajme nga Ulqini\" \/>\n<meta property=\"article:published_time\" content=\"2008-02-13T17:25:49+00:00\" \/>\n<meta property=\"article:modified_time\" content=\"2008-02-15T22:17:08+00:00\" \/>\n<meta property=\"og:image\" content=\"http:\/\/www.visit-ulcinj.com\/blog\/wp-content\/uploads\/2008\/02\/plazha-e-madhe5.jpg\" \/>\n<meta name=\"twitter:label1\" content=\"Written by\" \/>\n\t<meta name=\"twitter:data1\" content=\"ulqini\" \/>\n\t<meta name=\"twitter:label2\" content=\"Est. reading time\" \/>\n\t<meta name=\"twitter:data2\" content=\"2 minutes\" \/>\n<script type=\"application\/ld+json\" class=\"yoast-schema-graph\">{\"@context\":\"https:\/\/schema.org\",\"@graph\":[{\"@type\":\"WebSite\",\"@id\":\"https:\/\/www.visit-ulcinj.com\/blog\/#website\",\"url\":\"https:\/\/www.visit-ulcinj.com\/blog\/\",\"name\":\"Lajme nga Ulqini\",\"description\":\"Lajme,Vijesti,Ulqini,Ulqin,Crna Gora,Mali i Zi\",\"potentialAction\":[{\"@type\":\"SearchAction\",\"target\":{\"@type\":\"EntryPoint\",\"urlTemplate\":\"https:\/\/www.visit-ulcinj.com\/blog\/?s={search_term_string}\"},\"query-input\":\"required name=search_term_string\"}],\"inLanguage\":\"en-US\"},{\"@type\":\"ImageObject\",\"inLanguage\":\"en-US\",\"@id\":\"https:\/\/www.visit-ulcinj.com\/blog\/2008\/02\/13\/zastitite-port-milenu\/#primaryimage\",\"url\":\"http:\/\/www.visit-ulcinj.com\/blog\/wp-content\/uploads\/2008\/02\/plazha-e-madhe5.jpg\",\"contentUrl\":\"http:\/\/www.visit-ulcinj.com\/blog\/wp-content\/uploads\/2008\/02\/plazha-e-madhe5.jpg\"},{\"@type\":\"WebPage\",\"@id\":\"https:\/\/www.visit-ulcinj.com\/blog\/2008\/02\/13\/zastitite-port-milenu\/#webpage\",\"url\":\"https:\/\/www.visit-ulcinj.com\/blog\/2008\/02\/13\/zastitite-port-milenu\/\",\"name\":\"Za\u0161titite Port Milenu - Lajme nga Ulqini\",\"isPartOf\":{\"@id\":\"https:\/\/www.visit-ulcinj.com\/blog\/#website\"},\"primaryImageOfPage\":{\"@id\":\"https:\/\/www.visit-ulcinj.com\/blog\/2008\/02\/13\/zastitite-port-milenu\/#primaryimage\"},\"datePublished\":\"2008-02-13T17:25:49+00:00\",\"dateModified\":\"2008-02-15T22:17:08+00:00\",\"author\":{\"@id\":\"https:\/\/www.visit-ulcinj.com\/blog\/#\/schema\/person\/dcab619c614d3038751c63bc2aadc06d\"},\"breadcrumb\":{\"@id\":\"https:\/\/www.visit-ulcinj.com\/blog\/2008\/02\/13\/zastitite-port-milenu\/#breadcrumb\"},\"inLanguage\":\"en-US\",\"potentialAction\":[{\"@type\":\"ReadAction\",\"target\":[\"https:\/\/www.visit-ulcinj.com\/blog\/2008\/02\/13\/zastitite-port-milenu\/\"]}]},{\"@type\":\"BreadcrumbList\",\"@id\":\"https:\/\/www.visit-ulcinj.com\/blog\/2008\/02\/13\/zastitite-port-milenu\/#breadcrumb\",\"itemListElement\":[{\"@type\":\"ListItem\",\"position\":1,\"name\":\"Za\u0161titite Port Milenu\"}]},{\"@type\":\"Person\",\"@id\":\"https:\/\/www.visit-ulcinj.com\/blog\/#\/schema\/person\/dcab619c614d3038751c63bc2aadc06d\",\"name\":\"ulqini\",\"sameAs\":[\"http:\/\/www.visit-ulcinj.com\"],\"url\":\"https:\/\/www.visit-ulcinj.com\/blog\/author\/admin\/\"}]}<\/script>\n<!-- \/ Yoast SEO plugin. -->","yoast_head_json":{"title":"Za\u0161titite Port Milenu - Lajme nga Ulqini","robots":{"index":"index","follow":"follow","max-snippet":"max-snippet:-1","max-image-preview":"max-image-preview:large","max-video-preview":"max-video-preview:-1"},"canonical":"https:\/\/www.visit-ulcinj.com\/blog\/2008\/02\/13\/zastitite-port-milenu\/","og_locale":"en_US","og_type":"article","og_title":"Za\u0161titite Port Milenu - Lajme nga Ulqini","og_url":"https:\/\/www.visit-ulcinj.com\/blog\/2008\/02\/13\/zastitite-port-milenu\/","og_site_name":"Lajme nga Ulqini","article_published_time":"2008-02-13T17:25:49+00:00","article_modified_time":"2008-02-15T22:17:08+00:00","og_image":[{"url":"http:\/\/www.visit-ulcinj.com\/blog\/wp-content\/uploads\/2008\/02\/plazha-e-madhe5.jpg"}],"twitter_misc":{"Written by":"ulqini","Est. reading time":"2 minutes"},"schema":{"@context":"https:\/\/schema.org","@graph":[{"@type":"WebSite","@id":"https:\/\/www.visit-ulcinj.com\/blog\/#website","url":"https:\/\/www.visit-ulcinj.com\/blog\/","name":"Lajme nga Ulqini","description":"Lajme,Vijesti,Ulqini,Ulqin,Crna Gora,Mali i Zi","potentialAction":[{"@type":"SearchAction","target":{"@type":"EntryPoint","urlTemplate":"https:\/\/www.visit-ulcinj.com\/blog\/?s={search_term_string}"},"query-input":"required name=search_term_string"}],"inLanguage":"en-US"},{"@type":"ImageObject","inLanguage":"en-US","@id":"https:\/\/www.visit-ulcinj.com\/blog\/2008\/02\/13\/zastitite-port-milenu\/#primaryimage","url":"http:\/\/www.visit-ulcinj.com\/blog\/wp-content\/uploads\/2008\/02\/plazha-e-madhe5.jpg","contentUrl":"http:\/\/www.visit-ulcinj.com\/blog\/wp-content\/uploads\/2008\/02\/plazha-e-madhe5.jpg"},{"@type":"WebPage","@id":"https:\/\/www.visit-ulcinj.com\/blog\/2008\/02\/13\/zastitite-port-milenu\/#webpage","url":"https:\/\/www.visit-ulcinj.com\/blog\/2008\/02\/13\/zastitite-port-milenu\/","name":"Za\u0161titite Port Milenu - Lajme nga Ulqini","isPartOf":{"@id":"https:\/\/www.visit-ulcinj.com\/blog\/#website"},"primaryImageOfPage":{"@id":"https:\/\/www.visit-ulcinj.com\/blog\/2008\/02\/13\/zastitite-port-milenu\/#primaryimage"},"datePublished":"2008-02-13T17:25:49+00:00","dateModified":"2008-02-15T22:17:08+00:00","author":{"@id":"https:\/\/www.visit-ulcinj.com\/blog\/#\/schema\/person\/dcab619c614d3038751c63bc2aadc06d"},"breadcrumb":{"@id":"https:\/\/www.visit-ulcinj.com\/blog\/2008\/02\/13\/zastitite-port-milenu\/#breadcrumb"},"inLanguage":"en-US","potentialAction":[{"@type":"ReadAction","target":["https:\/\/www.visit-ulcinj.com\/blog\/2008\/02\/13\/zastitite-port-milenu\/"]}]},{"@type":"BreadcrumbList","@id":"https:\/\/www.visit-ulcinj.com\/blog\/2008\/02\/13\/zastitite-port-milenu\/#breadcrumb","itemListElement":[{"@type":"ListItem","position":1,"name":"Za\u0161titite Port Milenu"}]},{"@type":"Person","@id":"https:\/\/www.visit-ulcinj.com\/blog\/#\/schema\/person\/dcab619c614d3038751c63bc2aadc06d","name":"ulqini","sameAs":["http:\/\/www.visit-ulcinj.com"],"url":"https:\/\/www.visit-ulcinj.com\/blog\/author\/admin\/"}]}},"jetpack_featured_media_url":"","jetpack_sharing_enabled":true,"jetpack_shortlink":"https:\/\/wp.me\/pe6lTn-85","_links":{"self":[{"href":"https:\/\/www.visit-ulcinj.com\/blog\/wp-json\/wp\/v2\/posts\/501"}],"collection":[{"href":"https:\/\/www.visit-ulcinj.com\/blog\/wp-json\/wp\/v2\/posts"}],"about":[{"href":"https:\/\/www.visit-ulcinj.com\/blog\/wp-json\/wp\/v2\/types\/post"}],"author":[{"embeddable":true,"href":"https:\/\/www.visit-ulcinj.com\/blog\/wp-json\/wp\/v2\/users\/1"}],"replies":[{"embeddable":true,"href":"https:\/\/www.visit-ulcinj.com\/blog\/wp-json\/wp\/v2\/comments?post=501"}],"version-history":[{"count":0,"href":"https:\/\/www.visit-ulcinj.com\/blog\/wp-json\/wp\/v2\/posts\/501\/revisions"}],"wp:attachment":[{"href":"https:\/\/www.visit-ulcinj.com\/blog\/wp-json\/wp\/v2\/media?parent=501"}],"wp:term":[{"taxonomy":"category","embeddable":true,"href":"https:\/\/www.visit-ulcinj.com\/blog\/wp-json\/wp\/v2\/categories?post=501"},{"taxonomy":"post_tag","embeddable":true,"href":"https:\/\/www.visit-ulcinj.com\/blog\/wp-json\/wp\/v2\/tags?post=501"}],"curies":[{"name":"wp","href":"https:\/\/api.w.org\/{rel}","templated":true}]}}