{"id":50109,"date":"2011-08-22T19:16:54","date_gmt":"2011-08-22T18:16:54","guid":{"rendered":"http:\/\/www.visit-ulcinj.com\/blog\/?p=50109"},"modified":"2011-08-23T12:38:24","modified_gmt":"2011-08-23T11:38:24","slug":"luigj-shkrela-nuk-besoj-qe-do-te-shkarkohem","status":"publish","type":"post","link":"https:\/\/www.visit-ulcinj.com\/blog\/2011\/08\/22\/luigj-shkrela-nuk-besoj-qe-do-te-shkarkohem\/","title":{"rendered":"Luigj Shkrela: Nuk besoj q\u00eb do t\u00eb shkarkohem"},"content":{"rendered":"<p><a href=\"http:\/\/www.visit-ulcinj.com\/blog\/wp-content\/uploads\/2011\/08\/Luigj-Shkreli_ulqin.jpg\"><img loading=\"lazy\" class=\"alignleft size-full wp-image-50110\" title=\"Luigj Shkreli_ulqin\" src=\"http:\/\/www.visit-ulcinj.com\/blog\/wp-content\/uploads\/2011\/08\/Luigj-Shkreli_ulqin.jpg\" alt=\"\" width=\"508\" height=\"380\" \/><\/a>Kryetari i K\u00ebshillit Komunal t\u00eb Partis\u00eb Demokratike t\u00eb Socialist\u00ebve n\u00eb Ulqin Luigj Shkrela deklaroi n\u00eb TV Teuta para dy net\u00ebve\u00a0 se PDS do t\u00eb pranoj\u00eb \u00e7do version q\u00eb do t\u00eb dale nga loja politike por nj\u00ebheri shprehi habin\u00eb dhe \u00e7udin\u00eb p\u00ebr rrjedh\u00ebn e ngjarjeve n\u00eb sken\u00ebn politike n\u00eb komun\u00ebn e Ulqinit b\u00ebn t\u00eb ditur Promul Ulqin.<br \/>\nKryetari aktual poashtu premtoi se mbledhja e Kuvendit komunal do t\u00eb mbahet brenda afatit ligjor prej 15 dit\u00ebve nga dita e paraqitjes s\u00eb k\u00ebrkes\u00ebs.<\/p>\n<p>Edhe p\u00ebrkund\u00ebr rrethanave t\u00eb reja t\u00eb krijuara zoti Shkrela beson se ai nuk do t\u00eb shkarkohet nga pozita e kryetarit t\u00eb Kuvendit pasi, sipas tij, gjat\u00eb karrier\u00ebs s\u00eb tij t\u00eb deritanishme ka ndihmuar n\u00eb mas\u00eb t\u00eb madhe edhe njer\u00ebzit q\u00eb tani e kan\u00eb braktisur politikisht. Ai p\u00ebrmendi ndihma t\u00eb tilla si avancim n\u00eb karrier\u00eb, pun\u00ebsim familjar, ndihm\u00eb n\u00eb dh\u00ebnie t\u00eb provimeve etj.<\/p>\n<p>N\u00eb pyetjen e moderatorit se a ka ngjashm\u00ebri rasti i tanish\u00ebm i kalimit t\u00eb k\u00ebshilltar\u00ebve nga nj\u00ebri krah n\u00eb tjetrin me rastin e PPD-s\u00eb t\u00eb vitit 2007 ai e pohoi k\u00ebt\u00eb duke th\u00ebn\u00eb se rasti \u00ebsht\u00eb i nj\u00ebjt\u00eb.<\/p>\n<p><strong>Promul Ulqin<\/strong><\/p>\n","protected":false},"excerpt":{"rendered":"<p>Kryetari i K\u00ebshillit Komunal t\u00eb Partis\u00eb Demokratike t\u00eb Socialist\u00ebve n\u00eb Ulqin Luigj Shkrela deklaroi n\u00eb TV Teuta para dy net\u00ebve\u00a0 se PDS do t\u00eb pranoj\u00eb \u00e7do version q\u00eb do t\u00eb dale nga loja politike por nj\u00ebheri shprehi habin\u00eb dhe \u00e7udin\u00eb p\u00ebr rrjedh\u00ebn e ngjarjeve n\u00eb sken\u00ebn politike n\u00eb komun\u00ebn e Ulqinit b\u00ebn t\u00eb ditur Promul [&hellip;]<\/p>\n","protected":false},"author":1,"featured_media":0,"comment_status":"open","ping_status":"closed","sticky":false,"template":"","format":"standard","meta":{"spay_email":"","jetpack_publicize_message":"","jetpack_is_tweetstorm":false,"jetpack_publicize_feature_enabled":true},"categories":[1,12],"tags":[13573,2088,200],"jetpack_publicize_connections":[],"yoast_head":"<!-- This site is optimized with the Yoast SEO plugin v19.1 - https:\/\/yoast.com\/wordpress\/plugins\/seo\/ -->\n<title>Luigj Shkrela: Nuk besoj q\u00eb do t\u00eb shkarkohem - Lajme nga Ulqini<\/title>\n<meta name=\"description\" content=\"Kryetari i K\u00ebshillit Komunal t\u00eb Partis\u00eb Demokratike t\u00eb Socialist\u00ebve n\u00eb Ulqin Luigj Shkrela deklaroi n\u00eb TV Teuta para dy net\u00ebve\u00a0 se PDS do t\u00eb pranoj\u00eb \u00e7do\" \/>\n<meta name=\"robots\" content=\"index, follow, max-snippet:-1, max-image-preview:large, max-video-preview:-1\" \/>\n<link rel=\"canonical\" href=\"https:\/\/www.visit-ulcinj.com\/blog\/2011\/08\/22\/luigj-shkrela-nuk-besoj-qe-do-te-shkarkohem\/\" \/>\n<meta property=\"og:locale\" content=\"en_US\" \/>\n<meta property=\"og:type\" content=\"article\" \/>\n<meta property=\"og:title\" content=\"Luigj Shkrela: Nuk besoj q\u00eb do t\u00eb shkarkohem - Lajme nga Ulqini\" \/>\n<meta property=\"og:description\" content=\"Kryetari i K\u00ebshillit Komunal t\u00eb Partis\u00eb Demokratike t\u00eb Socialist\u00ebve n\u00eb Ulqin Luigj Shkrela deklaroi n\u00eb TV Teuta para dy net\u00ebve\u00a0 se PDS do t\u00eb pranoj\u00eb \u00e7do\" \/>\n<meta property=\"og:url\" content=\"https:\/\/www.visit-ulcinj.com\/blog\/2011\/08\/22\/luigj-shkrela-nuk-besoj-qe-do-te-shkarkohem\/\" \/>\n<meta property=\"og:site_name\" content=\"Lajme nga Ulqini\" \/>\n<meta property=\"article:published_time\" content=\"2011-08-22T18:16:54+00:00\" \/>\n<meta property=\"article:modified_time\" content=\"2011-08-23T11:38:24+00:00\" \/>\n<meta property=\"og:image\" content=\"http:\/\/www.visit-ulcinj.com\/blog\/wp-content\/uploads\/2011\/08\/Luigj-Shkreli_ulqin.jpg\" \/>\n<meta name=\"twitter:label1\" content=\"Written by\" \/>\n\t<meta name=\"twitter:data1\" content=\"ulqini\" \/>\n\t<meta name=\"twitter:label2\" content=\"Est. reading time\" \/>\n\t<meta name=\"twitter:data2\" content=\"1 minute\" \/>\n<script type=\"application\/ld+json\" class=\"yoast-schema-graph\">{\"@context\":\"https:\/\/schema.org\",\"@graph\":[{\"@type\":\"WebSite\",\"@id\":\"https:\/\/www.visit-ulcinj.com\/blog\/#website\",\"url\":\"https:\/\/www.visit-ulcinj.com\/blog\/\",\"name\":\"Lajme nga Ulqini\",\"description\":\"Lajme,Vijesti,Ulqini,Ulqin,Crna Gora,Mali i Zi\",\"potentialAction\":[{\"@type\":\"SearchAction\",\"target\":{\"@type\":\"EntryPoint\",\"urlTemplate\":\"https:\/\/www.visit-ulcinj.com\/blog\/?s={search_term_string}\"},\"query-input\":\"required name=search_term_string\"}],\"inLanguage\":\"en-US\"},{\"@type\":\"ImageObject\",\"inLanguage\":\"en-US\",\"@id\":\"https:\/\/www.visit-ulcinj.com\/blog\/2011\/08\/22\/luigj-shkrela-nuk-besoj-qe-do-te-shkarkohem\/#primaryimage\",\"url\":\"https:\/\/www.visit-ulcinj.com\/blog\/wp-content\/uploads\/2011\/08\/Luigj-Shkreli_ulqin.jpg\",\"contentUrl\":\"https:\/\/www.visit-ulcinj.com\/blog\/wp-content\/uploads\/2011\/08\/Luigj-Shkreli_ulqin.jpg\",\"width\":\"720\",\"height\":\"404\"},{\"@type\":\"WebPage\",\"@id\":\"https:\/\/www.visit-ulcinj.com\/blog\/2011\/08\/22\/luigj-shkrela-nuk-besoj-qe-do-te-shkarkohem\/#webpage\",\"url\":\"https:\/\/www.visit-ulcinj.com\/blog\/2011\/08\/22\/luigj-shkrela-nuk-besoj-qe-do-te-shkarkohem\/\",\"name\":\"Luigj Shkrela: Nuk besoj q\u00eb do t\u00eb shkarkohem - Lajme nga Ulqini\",\"isPartOf\":{\"@id\":\"https:\/\/www.visit-ulcinj.com\/blog\/#website\"},\"primaryImageOfPage\":{\"@id\":\"https:\/\/www.visit-ulcinj.com\/blog\/2011\/08\/22\/luigj-shkrela-nuk-besoj-qe-do-te-shkarkohem\/#primaryimage\"},\"datePublished\":\"2011-08-22T18:16:54+00:00\",\"dateModified\":\"2011-08-23T11:38:24+00:00\",\"author\":{\"@id\":\"https:\/\/www.visit-ulcinj.com\/blog\/#\/schema\/person\/dcab619c614d3038751c63bc2aadc06d\"},\"description\":\"Kryetari i K\u00ebshillit Komunal t\u00eb Partis\u00eb Demokratike t\u00eb Socialist\u00ebve n\u00eb Ulqin Luigj Shkrela deklaroi n\u00eb TV Teuta para dy net\u00ebve\u00a0 se PDS do t\u00eb pranoj\u00eb \u00e7do\",\"breadcrumb\":{\"@id\":\"https:\/\/www.visit-ulcinj.com\/blog\/2011\/08\/22\/luigj-shkrela-nuk-besoj-qe-do-te-shkarkohem\/#breadcrumb\"},\"inLanguage\":\"en-US\",\"potentialAction\":[{\"@type\":\"ReadAction\",\"target\":[\"https:\/\/www.visit-ulcinj.com\/blog\/2011\/08\/22\/luigj-shkrela-nuk-besoj-qe-do-te-shkarkohem\/\"]}]},{\"@type\":\"BreadcrumbList\",\"@id\":\"https:\/\/www.visit-ulcinj.com\/blog\/2011\/08\/22\/luigj-shkrela-nuk-besoj-qe-do-te-shkarkohem\/#breadcrumb\",\"itemListElement\":[{\"@type\":\"ListItem\",\"position\":1,\"name\":\"Luigj Shkrela: Nuk besoj q\u00eb do t\u00eb shkarkohem\"}]},{\"@type\":\"Person\",\"@id\":\"https:\/\/www.visit-ulcinj.com\/blog\/#\/schema\/person\/dcab619c614d3038751c63bc2aadc06d\",\"name\":\"ulqini\",\"sameAs\":[\"http:\/\/www.visit-ulcinj.com\"],\"url\":\"https:\/\/www.visit-ulcinj.com\/blog\/author\/admin\/\"}]}<\/script>\n<!-- \/ Yoast SEO plugin. -->","yoast_head_json":{"title":"Luigj Shkrela: Nuk besoj q\u00eb do t\u00eb shkarkohem - Lajme nga Ulqini","description":"Kryetari i K\u00ebshillit Komunal t\u00eb Partis\u00eb Demokratike t\u00eb Socialist\u00ebve n\u00eb Ulqin Luigj Shkrela deklaroi n\u00eb TV Teuta para dy net\u00ebve\u00a0 se PDS do t\u00eb pranoj\u00eb \u00e7do","robots":{"index":"index","follow":"follow","max-snippet":"max-snippet:-1","max-image-preview":"max-image-preview:large","max-video-preview":"max-video-preview:-1"},"canonical":"https:\/\/www.visit-ulcinj.com\/blog\/2011\/08\/22\/luigj-shkrela-nuk-besoj-qe-do-te-shkarkohem\/","og_locale":"en_US","og_type":"article","og_title":"Luigj Shkrela: Nuk besoj q\u00eb do t\u00eb shkarkohem - Lajme nga Ulqini","og_description":"Kryetari i K\u00ebshillit Komunal t\u00eb Partis\u00eb Demokratike t\u00eb Socialist\u00ebve n\u00eb Ulqin Luigj Shkrela deklaroi n\u00eb TV Teuta para dy net\u00ebve\u00a0 se PDS do t\u00eb pranoj\u00eb \u00e7do","og_url":"https:\/\/www.visit-ulcinj.com\/blog\/2011\/08\/22\/luigj-shkrela-nuk-besoj-qe-do-te-shkarkohem\/","og_site_name":"Lajme nga Ulqini","article_published_time":"2011-08-22T18:16:54+00:00","article_modified_time":"2011-08-23T11:38:24+00:00","og_image":[{"url":"http:\/\/www.visit-ulcinj.com\/blog\/wp-content\/uploads\/2011\/08\/Luigj-Shkreli_ulqin.jpg"}],"twitter_misc":{"Written by":"ulqini","Est. reading time":"1 minute"},"schema":{"@context":"https:\/\/schema.org","@graph":[{"@type":"WebSite","@id":"https:\/\/www.visit-ulcinj.com\/blog\/#website","url":"https:\/\/www.visit-ulcinj.com\/blog\/","name":"Lajme nga Ulqini","description":"Lajme,Vijesti,Ulqini,Ulqin,Crna Gora,Mali i Zi","potentialAction":[{"@type":"SearchAction","target":{"@type":"EntryPoint","urlTemplate":"https:\/\/www.visit-ulcinj.com\/blog\/?s={search_term_string}"},"query-input":"required name=search_term_string"}],"inLanguage":"en-US"},{"@type":"ImageObject","inLanguage":"en-US","@id":"https:\/\/www.visit-ulcinj.com\/blog\/2011\/08\/22\/luigj-shkrela-nuk-besoj-qe-do-te-shkarkohem\/#primaryimage","url":"https:\/\/www.visit-ulcinj.com\/blog\/wp-content\/uploads\/2011\/08\/Luigj-Shkreli_ulqin.jpg","contentUrl":"https:\/\/www.visit-ulcinj.com\/blog\/wp-content\/uploads\/2011\/08\/Luigj-Shkreli_ulqin.jpg","width":"720","height":"404"},{"@type":"WebPage","@id":"https:\/\/www.visit-ulcinj.com\/blog\/2011\/08\/22\/luigj-shkrela-nuk-besoj-qe-do-te-shkarkohem\/#webpage","url":"https:\/\/www.visit-ulcinj.com\/blog\/2011\/08\/22\/luigj-shkrela-nuk-besoj-qe-do-te-shkarkohem\/","name":"Luigj Shkrela: Nuk besoj q\u00eb do t\u00eb shkarkohem - Lajme nga Ulqini","isPartOf":{"@id":"https:\/\/www.visit-ulcinj.com\/blog\/#website"},"primaryImageOfPage":{"@id":"https:\/\/www.visit-ulcinj.com\/blog\/2011\/08\/22\/luigj-shkrela-nuk-besoj-qe-do-te-shkarkohem\/#primaryimage"},"datePublished":"2011-08-22T18:16:54+00:00","dateModified":"2011-08-23T11:38:24+00:00","author":{"@id":"https:\/\/www.visit-ulcinj.com\/blog\/#\/schema\/person\/dcab619c614d3038751c63bc2aadc06d"},"description":"Kryetari i K\u00ebshillit Komunal t\u00eb Partis\u00eb Demokratike t\u00eb Socialist\u00ebve n\u00eb Ulqin Luigj Shkrela deklaroi n\u00eb TV Teuta para dy net\u00ebve\u00a0 se PDS do t\u00eb pranoj\u00eb \u00e7do","breadcrumb":{"@id":"https:\/\/www.visit-ulcinj.com\/blog\/2011\/08\/22\/luigj-shkrela-nuk-besoj-qe-do-te-shkarkohem\/#breadcrumb"},"inLanguage":"en-US","potentialAction":[{"@type":"ReadAction","target":["https:\/\/www.visit-ulcinj.com\/blog\/2011\/08\/22\/luigj-shkrela-nuk-besoj-qe-do-te-shkarkohem\/"]}]},{"@type":"BreadcrumbList","@id":"https:\/\/www.visit-ulcinj.com\/blog\/2011\/08\/22\/luigj-shkrela-nuk-besoj-qe-do-te-shkarkohem\/#breadcrumb","itemListElement":[{"@type":"ListItem","position":1,"name":"Luigj Shkrela: Nuk besoj q\u00eb do t\u00eb shkarkohem"}]},{"@type":"Person","@id":"https:\/\/www.visit-ulcinj.com\/blog\/#\/schema\/person\/dcab619c614d3038751c63bc2aadc06d","name":"ulqini","sameAs":["http:\/\/www.visit-ulcinj.com"],"url":"https:\/\/www.visit-ulcinj.com\/blog\/author\/admin\/"}]}},"jetpack_featured_media_url":"","jetpack_sharing_enabled":true,"jetpack_shortlink":"https:\/\/wp.me\/pe6lTn-d2d","_links":{"self":[{"href":"https:\/\/www.visit-ulcinj.com\/blog\/wp-json\/wp\/v2\/posts\/50109"}],"collection":[{"href":"https:\/\/www.visit-ulcinj.com\/blog\/wp-json\/wp\/v2\/posts"}],"about":[{"href":"https:\/\/www.visit-ulcinj.com\/blog\/wp-json\/wp\/v2\/types\/post"}],"author":[{"embeddable":true,"href":"https:\/\/www.visit-ulcinj.com\/blog\/wp-json\/wp\/v2\/users\/1"}],"replies":[{"embeddable":true,"href":"https:\/\/www.visit-ulcinj.com\/blog\/wp-json\/wp\/v2\/comments?post=50109"}],"version-history":[{"count":2,"href":"https:\/\/www.visit-ulcinj.com\/blog\/wp-json\/wp\/v2\/posts\/50109\/revisions"}],"predecessor-version":[{"id":50154,"href":"https:\/\/www.visit-ulcinj.com\/blog\/wp-json\/wp\/v2\/posts\/50109\/revisions\/50154"}],"wp:attachment":[{"href":"https:\/\/www.visit-ulcinj.com\/blog\/wp-json\/wp\/v2\/media?parent=50109"}],"wp:term":[{"taxonomy":"category","embeddable":true,"href":"https:\/\/www.visit-ulcinj.com\/blog\/wp-json\/wp\/v2\/categories?post=50109"},{"taxonomy":"post_tag","embeddable":true,"href":"https:\/\/www.visit-ulcinj.com\/blog\/wp-json\/wp\/v2\/tags?post=50109"}],"curies":[{"name":"wp","href":"https:\/\/api.w.org\/{rel}","templated":true}]}}