{"id":50113,"date":"2011-08-22T20:25:58","date_gmt":"2011-08-22T19:25:58","guid":{"rendered":"http:\/\/www.visit-ulcinj.com\/blog\/?p=50113"},"modified":"2011-08-22T20:31:28","modified_gmt":"2011-08-22T19:31:28","slug":"luigj-shkreli-ne-inaugurimin-e-shtatores-se-nene-terezes-ne-peje","status":"publish","type":"post","link":"https:\/\/www.visit-ulcinj.com\/blog\/2011\/08\/22\/luigj-shkreli-ne-inaugurimin-e-shtatores-se-nene-terezes-ne-peje\/","title":{"rendered":"Luigj Shkreli n\u00eb inaugurimin e shtatores s\u00eb N\u00ebn\u00eb Terez\u00ebs n\u00eb Pej\u00eb"},"content":{"rendered":"<p><strong><a href=\"http:\/\/www.visit-ulcinj.com\/blog\/wp-content\/uploads\/2011\/08\/Luigj-Shkreli-n%C3%AB-inaugurimin-e-shtatores-s%C3%AB-N%C3%ABn%C3%AB-Terez%C3%ABs-n%C3%AB-Pej%C3%AB.1.jpg\"><img loading=\"lazy\" class=\"alignleft size-full wp-image-50118\" title=\"Luigj Shkreli n\u00eb inaugurimin e shtatores s\u00eb N\u00ebn\u00eb Terez\u00ebs n\u00eb Pej\u00eb.1\" src=\"http:\/\/www.visit-ulcinj.com\/blog\/wp-content\/uploads\/2011\/08\/Luigj-Shkreli-n%C3%AB-inaugurimin-e-shtatores-s%C3%AB-N%C3%ABn%C3%AB-Terez%C3%ABs-n%C3%AB-Pej%C3%AB.1.jpg\" alt=\"\" width=\"508\" height=\"380\" \/><\/a>N\u00cb PEJ\u00cb U P\u00cbRURUAR SHTATORJA E N\u00cbN\u00cb TEREZ\u00cbS<\/strong><\/p>\n<p><strong>Nga <\/strong><strong>Mikel Gojani<\/strong> \u00a0<strong>Akademik Mark Krasniqi: N\u00ebn\u00eb Tereza me popullin e saj n\u00eb tok\u00eb dhe n\u00eb qiell<\/strong><\/p>\n<p>Ali Berisha, kryetar i Komun\u00eb s\u00eb Pej\u00ebs, i cili bashk\u00eb me Imzot Dod\u00eb Gjergjin dhe donatorin\u00a0 nga Nju Jorku Mhill Gjon Gjuraj i uruan\u00a0 qyetit t\u00eb bukur t\u00eb pej\u00ebs\u00a0 shtatoren e N\u00ebn\u00eb Terez\u00ebs, duke i hequr plerin\u00ebn, ka th\u00ebn\u00eb se \u00ebsht\u00eb rast unikat n\u00eb histrin\u00eb e bot\u00ebs q\u00eb nj\u00eb person t\u00eb quhet n\u00ebn\u00eb e t\u00eb varf\u00ebrve, t\u00eb quhet n\u00ebn\u00eb e jetim\u00ebve dhe, mbi t\u00eb gjitha, t\u00eb quhet n\u00ebn\u00eb e nj\u00ebrzimit, ashtu si \u00ebsht\u00eb N\u00ebn\u00eb Tereza e kombit shqiptar.<br \/>\n<strong><\/strong><\/p>\n<p><strong>Pej\u00eb, 13 gusht<\/strong><\/p>\n<p><strong><a href=\"http:\/\/www.visit-ulcinj.com\/blog\/wp-content\/uploads\/2011\/08\/Luigj-Shkreli-n%C3%AB-inaugurimin-e-shtatores-s%C3%AB-N%C3%ABn%C3%AB-Terez%C3%ABs-n%C3%AB-Pej%C3%AB.7.jpg\"><img loading=\"lazy\" class=\"alignleft size-full wp-image-50124\" title=\"Luigj Shkreli n\u00eb inaugurimin e shtatores s\u00eb N\u00ebn\u00eb Terez\u00ebs n\u00eb Pej\u00eb.7\" src=\"http:\/\/www.visit-ulcinj.com\/blog\/wp-content\/uploads\/2011\/08\/Luigj-Shkreli-n%C3%AB-inaugurimin-e-shtatores-s%C3%AB-N%C3%ABn%C3%AB-Terez%C3%ABs-n%C3%AB-Pej%C3%AB.7.jpg\" alt=\"\" width=\"508\" height=\"340\" \/><\/a><br \/>\n<\/strong>N\u00eb nj\u00eb atmosfer\u00eb v\u00ebrtet festive, n\u00eb Pej\u00eb, rr\u00ebz\u00eb bjeshk\u00ebve magjepse t\u00eb Rugov\u00ebs, t\u00eb p\u00ebrcjellur me daullet dhe vallet e bukura\u00a0 t\u00eb amsamblit komb\u00ebtar \u201cRugova\u201d \u00ebsht\u00eb u monumentalizua\u00a0 n\u00eb bronz e humanistes m\u00eb t\u00eb madhe shqiptare t\u00eb t\u00eb gjitha koh\u00ebrave, Gongje Bojagjiut, N\u00ebn\u00eb Tereza.<\/p>\n<p>N\u00eb k\u00ebt\u00eb eveniment t\u00eb r\u00ebnd\u00ebsish\u00ebm p\u00ebrpos kryetarit t\u00eb komun\u00ebs s\u00eb Pej\u00ebs, dr. Ali Berisha, ipeshkvit t\u00eb Ipeshkvis\u00eb s\u00eb Kosov\u00ebs, Imzot Dod\u00eb Gjergji, zv. ministrit t\u00eb Ministris\u00eb p\u00ebr Kultur\u00eb Rini e Sporte, z. Hajdin Abazi, akademik Mark Krasniqi, deputetit t\u00eb Parlamentit t\u00eb Malit t\u00eb Zi. z. Luigj Shkreli dhe t\u00eb shum\u00eb personaliteteve t\u00eb tjera t\u00eb jet\u00ebs politike, shoq\u00ebrore dhe komb\u00ebtare, mor\u00ebn pjes\u00eb edhe mij\u00ebra qytetar\u00eb nga anek\u00ebnd Kosova, klerik\u00eb t\u00eb besimeve tona, misionaret e rregullit t\u00eb N\u00ebn\u00eb Terez\u00ebs e shum\u00eb t\u00eb tjer\u00eb, t\u00eb cil\u00ebt kishin ardhur p\u00ebr ta nderuar dhe ngritur n\u00eb piedestalin e kujtes\u00ebs dhe t\u00eb nderimit.<\/p>\n<p>Pra, k\u00ebt\u00eb t\u00eb shtun\u00eb, qyteti i Pej\u00ebs, qyteti i t\u00eb madhit patriot t\u00eb\u00a0 Haxhi Zek\u00ebs ka p\u00ebrjet\u00ebsuar k\u00ebt\u00eb dit\u00eb Agnes Gonxhe Bojaxhiun, me rastin e 101-vjetorit t\u00eb lindjes s\u00eb saj, n\u00eb sheshin me emrin e heroit t\u00eb kombit, Shl\u00eblzen Haradinaj, dhurat\u00eb e biznesmenit shqipatro-amerikan nga Sverka e That\u00eb e Pej\u00ebs, Mhill Gjon Gjuraj.<\/p>\n<p>Kryetari i komun\u00ebs s\u00eb Pej\u00ebs, dr. Ali Berisha n\u00eb fjal\u00ebn e tij u shpreh\u00a0 se sot qytetit t\u00eb Pej\u00ebs po i\u00a0 ngritet dinjiteti, krenaria, po kthehet n\u00eb bronz N\u00ebn\u00eb Ter\u00ebza.\u00a0 &#8220;Kjo n\u00ebn\u00eb e popullit shqiptar, u quajt\u00a0 n\u00ebn\u00eb e jetim\u00ebve, n\u00ebn\u00eb e t\u00eb t\u00eb varf\u00ebrve\u00a0 dhe e till\u00eb ishte. N\u00ebn\u00eb terez\u00eb, pophoi kryetari berisha gjithmon\u00eb ruajti gjenin shqiptar. Shqiptar\u00ebt ishin t\u00eb nderuar me \u00e7mimin\u00a0 q\u00eb iu dhurua N\u00ebn\u00eb Terez\u00ebs.\u00a0 Nga sot qyteti yn\u00eb do ta nderoj\u00eb figur\u00ebn e N\u00ebn\u00eb Terez\u00ebs. Qyteti yn\u00eb, qyteti i Haxhi Zek\u00ebs do t\u00eb di t\u00eb nderoj\u00eb\u00a0 figurat e\u00a0 m\u00ebdha t\u00eb kombit, si\u00e7 ishte N\u00ebn\u00eb Ter\u00ebza u shpreh dr. Berisha.<\/p>\n<p>Imzot Dod\u00eb Gjergji ipshk\u00ebv i Ipeshkevis\u00eb s\u00eb Kosov\u00ebs, ka th\u00ebn\u00eb p\u00ebr k\u00ebt\u00eb shesh se k\u00ebti nga kjo dit\u00eb, bashk\u00eb me heroin, p\u00ebrjet\u00ebsohet edhe nj\u00eb shenjtore, sepse nj\u00eb komb q\u00eb ka kaluar n\u00ebp\u00ebr luft\u00ebra, ka nxjerr\u00eb heronj n\u00eb mbrotje t\u00eb vet, por edhe nj\u00eb komb q\u00eb ka kaluar n\u00ebp\u00ebr dashuri gjat\u00eb k\u00ebsaj vuajtjeje, ka nxjerr\u00eb shenjtor\u00eb t\u00eb vet. \u201cKur i kujtojm\u00eb heronjt\u00eb, i kujtojm\u00eb veprat e tyre dhe i fal\u00ebnderojm\u00eb ata q\u00eb e g\u00ebzojm\u00eb lirin\u00eb sot, por p\u00ebr t\u00eb jetuar n\u00eb liri, at\u00eb na m\u00ebson vet\u00ebm n\u00ebna e dashuris\u00eb, N\u00ebn\u00eb Tereza\u201d, \u00ebsht\u00eb shprehur kreu i Ipeshk\u00ebvis\u00eb s\u00eb Kosov\u00ebs, imzot, Dod\u00eb Gjergji dhe ka uruar q\u00eb kjo N\u00ebn\u00eb Terez\u00eb e bronzt\u00eb t\u00eb zbres\u00eb n\u00eb zemrat e t\u00eb gjith\u00eb atyre q\u00eb e takojn\u00eb k\u00ebtu, q\u00eb t\u00eb kemi m\u00eb shum\u00eb dashuri.<br \/>\n<strong><a href=\"http:\/\/www.visit-ulcinj.com\/blog\/wp-content\/uploads\/2011\/08\/Luigj-Shkreli-n%C3%AB-inaugurimin-e-shtatores-s%C3%AB-N%C3%ABn%C3%AB-Terez%C3%ABs-n%C3%AB-Pej%C3%AB.111.jpg\"><img loading=\"lazy\" class=\"alignleft size-full wp-image-50130\" title=\"Luigj Shkreli n\u00eb inaugurimin e shtatores s\u00eb N\u00ebn\u00eb Terez\u00ebs n\u00eb Pej\u00eb.11\" src=\"http:\/\/www.visit-ulcinj.com\/blog\/wp-content\/uploads\/2011\/08\/Luigj-Shkreli-n%C3%AB-inaugurimin-e-shtatores-s%C3%AB-N%C3%ABn%C3%AB-Terez%C3%ABs-n%C3%AB-Pej%C3%AB.111.jpg\" alt=\"\" width=\"490\" height=\"620\" \/><\/a>N\u00ebn\u00eb Tereza ishte p\u00ebr s\u00eb gjalli m\u00eb 22 tetor 1982 <\/strong><\/p>\n<p>Ali Berisha, kryetar i Komun\u00eb s\u00eb Pej\u00ebs, i cili bashk\u00eb me imzot Gjergjin dhe donatorinn Gjuraj ia kan\u00eb b\u00ebr\u00eb p\u00ebr hair qyetit shtatoren e N\u00ebn\u00eb Terez\u00ebs, duke i hequr plerin\u00ebn, ka th\u00ebn\u00eb se \u00ebsht\u00eb rast unikat n\u00eb histrin\u00eb e bot\u00ebs q\u00eb nj\u00eb person t\u00eb quhet n\u00ebn\u00eb e t\u00eb varf\u00ebrve, t\u00eb quhet n\u00ebn\u00eb e jetim\u00ebve dhe, mbi t\u00eb gjitha, t\u00eb quhet n\u00ebn\u00eb e nj\u00ebrzimit, ashtu si \u00ebsht\u00eb N\u00ebn\u00eb Tereza e kombit shqiptar. Ai, duk u ndjer\u00eb mir\u00eb q\u00eb qytetit q\u00eb drejton ai, po i kthehet n\u00eb bronz figura emblematike e kombit ton\u00eb Gonxhe Bojaxhiu, si u shpreh ai, ka th\u00ebn\u00eb p\u00ebr\u00a0 mysafiren e p\u00ebrjtetshme t\u00eb Pej\u00ebs se ajo u lind n\u00eb Shkup dhe punoi anek\u00ebnd bot\u00ebs, por me vete ajo gjithnj\u00eb mbajti gjenin shqiptar dhe gjith\u00eb shqiptar\u00ebt, kudo q\u00eb ishin, nderoheshin me t\u00eb. \u201cNe banor\u00ebt e k\u00ebtij qyteti fal\u00ebnderojm\u00eb shum\u00eb iniciatorin dhe ata q\u00eb investuan p\u00ebr ngritjen e shtatores n\u00eb sheshin ton\u00eb, ku me nder do t\u00eb nderojm\u00eb figur\u00ebn e N\u00ebn\u00ebs Terez\u00ebs. \u201cN\u00eb k\u00ebt\u00eb qytet per\u00ebndimor t\u00eb Kosov\u00ebs, cili nuk \u00ebsht\u00eb per\u00ebndimor vet\u00ebm nga pozita gjeografike, N\u00ebn\u00eb Tereza ishte p\u00ebr s\u00eb gjalli m\u00eb 22 tetot 1982. K\u00ebtu kjo ka misionaret e veta, t\u00eb cilat vazhdojn\u00eb misionin e saj t\u00eb humnanizmit e t\u00eb mir\u00ebsis\u00eb, bashk\u00eb me 4500 misionaret e tjera n\u00eb 135 shtete t\u00eb globit\u201d, ka kujtuar moderatori i manifestimit, poeti, shkrimtari dhe publicisti M\u00ebhill Velaj.<br \/>\n<a href=\"http:\/\/www.visit-ulcinj.com\/blog\/wp-content\/uploads\/2011\/08\/Luigj-Shkreli-n%C3%AB-inaugurimin-e-shtatores-s%C3%AB-N%C3%ABn%C3%AB-Terez%C3%ABs-n%C3%AB-Pej%C3%AB.3.jpg\"><img loading=\"lazy\" class=\"alignleft size-full wp-image-50120\" title=\"Luigj Shkreli n\u00eb inaugurimin e shtatores s\u00eb N\u00ebn\u00eb Terez\u00ebs n\u00eb Pej\u00eb.3\" src=\"http:\/\/www.visit-ulcinj.com\/blog\/wp-content\/uploads\/2011\/08\/Luigj-Shkreli-n%C3%AB-inaugurimin-e-shtatores-s%C3%AB-N%C3%ABn%C3%AB-Terez%C3%ABs-n%C3%AB-Pej%C3%AB.3.jpg\" alt=\"\" width=\"508\" height=\"340\" \/><\/a><br \/>\n<strong>N\u00ebn\u00eb Tereza i ka th\u00ebn\u00eb vet\u00eb mrekullit\u00eb e veta<\/strong><br \/>\nModeratori tha m\u00eb tutje se askush nuk e ka th\u00ebn\u00eb m\u00eb mir\u00eb jet\u00ebn dhe vepr\u00ebn p\u00ebr N\u00ebn\u00eb Terez\u00ebn, sesa ajo vet\u00eb dhe e ka cituar: \u201cKam lindur n\u00eb Shkup, jam shkolluar n\u00eb Lond\u00ebr, jetoj n\u00eb Kalkut\u00eb dhe punoj p\u00ebr t\u00eb gjith\u00eb njer\u00ebzit e varf\u00ebr n\u00eb bot\u00eb. Atdheu im \u00ebsht\u00eb nj\u00eb vend i vog\u00ebl me emrin Shqip\u00ebri\u201d, ka deklaruar ajo p\u00ebr vete n\u00eb shqipe, kur nj\u00eb klerik e pyeti se kush ishte ajo,\u00a0 kur mori \u00e7mimin Nobel p\u00ebr Paqe, n\u00eb vitin 1979.<\/p>\n<p>P\u00ebr murgesh\u00ebn e vog\u00ebl, po me zem\u00ebr t\u00eb madhe, simbolin i dashuris\u00eb p\u00ebr t\u00eb varfrit dhe t\u00eb s\u00ebmur\u00ebt e gjith\u00eb globit, aty n\u00ebn hijen e blir\u00ebve n\u00eb Pej\u00eb, Velaj ka p\u00ebrkujtuar se 5 vjet pas vdekjes fizike, Ati i Shenjt\u00eb Gjon Pali i Dyt\u00eb, pas shqyrtimit t\u00eb mbi pes\u00eb mij\u00eb faqe d\u00ebshmish mbi jet\u00ebn, vepr\u00ebn dhe mrekullit\u00eb e saj, m\u00eb 13 tetor 2002, e ka beafikuar n\u00eb Shenjt\u00ebresh\u00eb t\u00eb par\u00eb shqiptare. Por, ka theksuar se bekimi m\u00eb i madh p\u00ebr t\u00eb ka ardhur nga vet\u00eb popujt e bot\u00ebs, p\u00ebrgjith\u00ebsisht nga njer\u00ebzimi, i cili e pranon p\u00ebr n\u00ebn\u00eb t\u00eb tij, sepse ajo \u00ebsht\u00eb shembullin m\u00eb i ve\u00e7ant\u00eb n\u00eb bot\u00eb se \u00e7far\u00eb duhet t\u00eb b\u00ebj\u00eb njeriu i rac\u00ebs njer\u00ebzore p\u00ebr rac\u00ebn e vet kudo q\u00eb t\u00eb jet\u00eb dhe kushto q\u00eb t\u00eb jet\u00eb. \u201cEdhe ne sot k\u00ebtu, duke p\u00ebrjet\u00ebsuar k\u00ebt\u00eb shembull, po b\u00ebjm\u00eb pak p\u00ebr n\u00ebn\u00ebn e njer\u00ebzimit, p\u00ebr vet\u00eb njer\u00ebzimin\u201d, u shpreh poeti Velaj.<\/p>\n<p><a href=\"http:\/\/www.visit-ulcinj.com\/blog\/wp-content\/uploads\/2011\/08\/Luigj-Shkreli-n%C3%AB-inaugurimin-e-shtatores-s%C3%AB-N%C3%ABn%C3%AB-Terez%C3%ABs-n%C3%AB-Pej%C3%AB.4.jpg\"><img loading=\"lazy\" class=\"alignleft size-full wp-image-50121\" title=\"Luigj Shkreli n\u00eb inaugurimin e shtatores s\u00eb N\u00ebn\u00eb Terez\u00ebs n\u00eb Pej\u00eb.4\" src=\"http:\/\/www.visit-ulcinj.com\/blog\/wp-content\/uploads\/2011\/08\/Luigj-Shkreli-n%C3%AB-inaugurimin-e-shtatores-s%C3%AB-N%C3%ABn%C3%AB-Terez%C3%ABs-n%C3%AB-Pej%C3%AB.4.jpg\" alt=\"\" width=\"508\" height=\"340\" \/><\/a><br \/>\n<strong><strong>Tereza <\/strong>ndihmoi shqiptar\u00ebt n\u00eb tok\u00eb dhe n\u00eb qiell<\/strong><br \/>\nAkademik Mark Krasniqi ka th\u00ebn\u00eb p\u00ebr N\u00ebn\u00eb Terez\u00ebn se ajo ndihmoi shqiptar\u00ebt n\u00eb tok\u00eb dhe n\u00eb qiell, n\u00eb tok\u00eb p\u00ebr s\u00eb gjalli duke u lutur, kurse tani n\u00eb qiell me mir\u00ebsin\u00eb dhe dashurin\u00eb q\u00eb kishte p\u00ebr t\u00ebr\u00eb njer\u00ebzimin. \u201cPo t\u00eb kishin sunduesit tan\u00eb n\u00eb gadishull nj\u00eb Sk\u00ebnderbe dhe nj\u00eb N\u00ebn\u00eb Terez\u00eb, si kemi ne shqiptar\u00ebt, do t\u00eb ishin t\u00eb bindur se u takon edhe gjysma e Evrop\u00ebs\u201d, ka vler\u00ebsuar ai k\u00ebto dy figura t\u00eb kombit shqiptar.<\/p>\n<p>N\u00eb em\u00ebr t\u00eb Qeveris\u00eb se Kosov\u00ebs p\u00ebr vepr\u00ebn dhe sh\u00ebmb\u00eblltyr\u00ebn e Nobelistes shqiptare t\u00eb Paqes, ka folur z\u00ebvend\u00ebsministri i Kultur\u00ebs, Rinis\u00eb dhe Sportit, zoti Hajdin Abazi. Ai tha se N\u00ebna Tereza dhe Sk\u00ebnderbeu jan\u00eb sh\u00ebmb\u00eblltyrat m\u00eb emblematike t\u00eb historis\u00eb son\u00eb komb\u00ebtare. \u201cDashurin\u00eb q\u00eb kishte N\u00ebn\u00eb Tereza, duhet ta kultivojm\u00eb, ne m\u00ebnyr\u00eb q\u00eb t\u00eb jemi sa m\u00eb unik\u00eb p\u00ebr nd\u00ebrtimin e shtetit ton\u00eb\u201d, ka porositur ai dhe ka k\u00ebrkuar t\u2019i l\u00ebn\u00eb anash inatet dhe interesat e ngushta, sepse, si ishte i bindur ai. vet\u00ebm k\u00ebshtu mund ta ruajm\u00eb \u00e7do cep t\u00eb shtetit ton\u00eb. \u201cAktiviteti yn\u00eb p\u00ebr t\u00eb sjell\u00eb N\u00ebn\u00eb Terez\u00ebn edhe n\u00eb qytetin e Haxhi Zek\u00ebs \u00ebsht\u00eb pjes\u00eb e dashuris\u00eb njer\u00ebzore. E dashuria njer\u00ebzore ishte pjes\u00eb e shpirtit dhe e zem\u00ebrs s\u00eb Shnjet\u00ebresh\u00ebs son\u00eb\u201d, ka th\u00ebn\u00eb kryetar i K\u00ebshillit organizativ p\u00ebr t\u00eb p\u00ebrjet\u00ebsur N\u00ebn\u00eb Terez\u00ebn edhe n\u00eb qytetin e Pej\u00ebs, Marjan Cubi dhe ka vazhduar: Kjo pjes\u00eb e kombit ton\u00eb, kontributin e tyre e kan\u00eb shtrir\u00eb edhe n\u00eb shum\u00eb segmente t\u00eb tjera t\u00eb jet\u00ebs. Kontribut t\u00eb jasht\u00ebzakonsh\u00ebm kan\u00eb dh\u00ebn\u00eb\u00a0 p\u00ebr Luft\u00ebn e Kosov\u00ebs, p\u00ebr \u00e7\u00ebshtjen e p\u00ebrgjithshme komb\u00ebtare, po ashtu edhe\u00a0 n\u00eb nd\u00ebrtimin e Katedrales \u201cN\u00ebn\u00eb Tereza n\u00eb\u00a0 Prishtin\u00eb, q\u00eb \u00ebsht\u00eb aktiviteti m\u00eb i frytsh\u00ebm dhe m\u00eb i suksessh\u00ebm n\u00eb koh\u00ebt e fundit t\u00eb aktivitetit t\u00eb k\u00ebtij komuniteti n\u00eb Nju Jork me rrethe. K\u00ebta bashkatdhetar\u00eb kan\u00eb ngritur shum\u00eb shtatore n\u00eb trojet shqiptare dhe n\u00eb SHBA: n\u00eb Prishtin\u00eb, Tuz, Mitrovic\u00eb, Strug\u00eb, Klin\u00eb, Ulqin, Nju Jork dhe Detroid. I pari q\u00eb filloi ngritjen e\u00a0 Shtatoreve t\u00eb P\u00ebrjet\u00ebsis\u00eb, ishin: V\u00ebllez\u00ebrit Lek\u00eb dhe Pashko Goj\u00e7aj, Elmi Berisha, Gjon Lleshaj, Pashko Gjokaj dhe sot shohim k\u00ebt\u00eb shtatore t\u00eb bukur, e cila \u00ebsht\u00eb e dhuruar nga zoti Mhill Gjon Gjuraj, i cili \u00ebsht\u00eb nj\u00eb p\u00ebrkrah\u00ebs i madh i \u00e7\u00ebshtjes komb\u00ebtare dhe fetare, i cili ka kontribuar shum\u00eb n\u00eb Senatin dhe Kongresin Amerikan dhe p\u00ebr kandidat\u00ebt e SHBA-ve. Gjuraj, po ashtu \u00ebsht\u00eb edhe nj\u00eb afarist shum\u00eb i suksessh\u00ebm Nju Jork. Veprimtari Mhill Gjuraj sot e dha k\u00ebt\u00eb kontribut t\u00eb madh p\u00ebr k\u00ebt\u00eb Shtatore shum\u00eb t\u00eb \u00e7mueshme p\u00ebr qytetin e Pej\u00ebs, p\u00ebr popullin ton\u00eb shqiptar, p\u00ebr d\u00ebshmin\u00eb ton\u00eb historik\u00eb, autoktonin\u00eb ton\u00eb shum\u00eb t\u00eb lasht\u00eb, p\u00ebr Dardanin\u00eb shqiptare dhe kultur\u00ebn e vjet\u00ebr evropiane, aty ku ne kemi truallin dhe shpirtin. Kurse deputeti shqiptar nga Ulqini ka th\u00ebn\u00eb se erdha k\u00ebtu t\u00eb g\u00ebzoj me ju jo si nj\u00eb bashk\u00ebkomb\u00ebs, por si pjes\u00eb e atdheut, q\u00eb t\u00eb ndihemi t\u00eb gjith\u00eb t\u00eb bashkuar kudo q\u00eb jemi dhe kudo q\u00eb t\u00eb festojm\u00eb&#8221;, u shpreh veprimtari Cubi. N\u00eb fund kryetari i komun\u00ebs s\u00eb Pej\u00ebs, dr. Ali Berisha, ipeshkvi i Ipeshgkvis\u00eb s\u00eb Kosov\u00ebs, Imzot Dod\u00eb Gjergji dhe donatori Mhill Gjuraj, p\u00ebruruan shtatoren e N\u00ebn\u00eb ter\u00ebz\u00ebs, vepr\u00ebs e skulptorit akademik, mr. Gani Bajraktari.<\/p>\n<p><strong>www.gazetadielli.com<br \/>\n\n\t\t<style type=\"text\/css\">\n\t\t\t#gallery-1 {\n\t\t\t\tmargin: auto;\n\t\t\t}\n\t\t\t#gallery-1 .gallery-item {\n\t\t\t\tfloat: left;\n\t\t\t\tmargin-top: 10px;\n\t\t\t\ttext-align: center;\n\t\t\t\twidth: 33%;\n\t\t\t}\n\t\t\t#gallery-1 img {\n\t\t\t\tborder: 2px solid #cfcfcf;\n\t\t\t}\n\t\t\t#gallery-1 .gallery-caption {\n\t\t\t\tmargin-left: 0;\n\t\t\t}\n\t\t\t\/* see gallery_shortcode() in wp-includes\/media.php *\/\n\t\t<\/style>\n\t\t<div id='gallery-1' class='gallery galleryid-50113 gallery-columns-3 gallery-size-thumbnail'><dl class='gallery-item'>\n\t\t\t<dt class='gallery-icon landscape'>\n\t\t\t\t<a href='https:\/\/www.visit-ulcinj.com\/blog\/wp-content\/uploads\/2011\/08\/Luigj-Shkreli-n\u00eb-inaugurimin-e-shtatores-s\u00eb-N\u00ebn\u00eb-Terez\u00ebs-n\u00eb-Pej\u00eb.1.jpg'><img width=\"150\" height=\"150\" src=\"https:\/\/www.visit-ulcinj.com\/blog\/wp-content\/uploads\/2011\/08\/Luigj-Shkreli-n\u00eb-inaugurimin-e-shtatores-s\u00eb-N\u00ebn\u00eb-Terez\u00ebs-n\u00eb-Pej\u00eb.1-150x150.jpg\" class=\"attachment-thumbnail size-thumbnail\" alt=\"\" loading=\"lazy\" \/><\/a>\n\t\t\t<\/dt><\/dl><dl class='gallery-item'>\n\t\t\t<dt class='gallery-icon landscape'>\n\t\t\t\t<a href='https:\/\/www.visit-ulcinj.com\/blog\/wp-content\/uploads\/2011\/08\/Luigj-Shkreli-n\u00eb-inaugurimin-e-shtatores-s\u00eb-N\u00ebn\u00eb-Terez\u00ebs-n\u00eb-Pej\u00eb.3.jpg'><img width=\"150\" height=\"150\" src=\"https:\/\/www.visit-ulcinj.com\/blog\/wp-content\/uploads\/2011\/08\/Luigj-Shkreli-n\u00eb-inaugurimin-e-shtatores-s\u00eb-N\u00ebn\u00eb-Terez\u00ebs-n\u00eb-Pej\u00eb.3-150x150.jpg\" class=\"attachment-thumbnail size-thumbnail\" alt=\"\" loading=\"lazy\" \/><\/a>\n\t\t\t<\/dt><\/dl><dl class='gallery-item'>\n\t\t\t<dt class='gallery-icon landscape'>\n\t\t\t\t<a href='https:\/\/www.visit-ulcinj.com\/blog\/wp-content\/uploads\/2011\/08\/Luigj-Shkreli-n\u00eb-inaugurimin-e-shtatores-s\u00eb-N\u00ebn\u00eb-Terez\u00ebs-n\u00eb-Pej\u00eb.4.jpg'><img width=\"150\" height=\"150\" src=\"https:\/\/www.visit-ulcinj.com\/blog\/wp-content\/uploads\/2011\/08\/Luigj-Shkreli-n\u00eb-inaugurimin-e-shtatores-s\u00eb-N\u00ebn\u00eb-Terez\u00ebs-n\u00eb-Pej\u00eb.4-150x150.jpg\" class=\"attachment-thumbnail size-thumbnail\" alt=\"\" loading=\"lazy\" \/><\/a>\n\t\t\t<\/dt><\/dl><br style=\"clear: both\" \/><dl class='gallery-item'>\n\t\t\t<dt class='gallery-icon landscape'>\n\t\t\t\t<a href='https:\/\/www.visit-ulcinj.com\/blog\/wp-content\/uploads\/2011\/08\/Luigj-Shkreli-n\u00eb-inaugurimin-e-shtatores-s\u00eb-N\u00ebn\u00eb-Terez\u00ebs-n\u00eb-Pej\u00eb.5.jpg'><img width=\"150\" height=\"150\" src=\"https:\/\/www.visit-ulcinj.com\/blog\/wp-content\/uploads\/2011\/08\/Luigj-Shkreli-n\u00eb-inaugurimin-e-shtatores-s\u00eb-N\u00ebn\u00eb-Terez\u00ebs-n\u00eb-Pej\u00eb.5-150x150.jpg\" class=\"attachment-thumbnail size-thumbnail\" alt=\"\" loading=\"lazy\" \/><\/a>\n\t\t\t<\/dt><\/dl><dl class='gallery-item'>\n\t\t\t<dt class='gallery-icon landscape'>\n\t\t\t\t<a href='https:\/\/www.visit-ulcinj.com\/blog\/wp-content\/uploads\/2011\/08\/Luigj-Shkreli-n\u00eb-inaugurimin-e-shtatores-s\u00eb-N\u00ebn\u00eb-Terez\u00ebs-n\u00eb-Pej\u00eb.7.jpg'><img width=\"150\" height=\"150\" src=\"https:\/\/www.visit-ulcinj.com\/blog\/wp-content\/uploads\/2011\/08\/Luigj-Shkreli-n\u00eb-inaugurimin-e-shtatores-s\u00eb-N\u00ebn\u00eb-Terez\u00ebs-n\u00eb-Pej\u00eb.7-150x150.jpg\" class=\"attachment-thumbnail size-thumbnail\" alt=\"\" loading=\"lazy\" \/><\/a>\n\t\t\t<\/dt><\/dl><dl class='gallery-item'>\n\t\t\t<dt class='gallery-icon landscape'>\n\t\t\t\t<a href='https:\/\/www.visit-ulcinj.com\/blog\/wp-content\/uploads\/2011\/08\/Luigj-Shkreli-n\u00eb-inaugurimin-e-shtatores-s\u00eb-N\u00ebn\u00eb-Terez\u00ebs-n\u00eb-Pej\u00eb.9.jpg'><img width=\"150\" height=\"150\" src=\"https:\/\/www.visit-ulcinj.com\/blog\/wp-content\/uploads\/2011\/08\/Luigj-Shkreli-n\u00eb-inaugurimin-e-shtatores-s\u00eb-N\u00ebn\u00eb-Terez\u00ebs-n\u00eb-Pej\u00eb.9-150x150.jpg\" class=\"attachment-thumbnail size-thumbnail\" alt=\"\" loading=\"lazy\" \/><\/a>\n\t\t\t<\/dt><\/dl><br style=\"clear: both\" \/><dl class='gallery-item'>\n\t\t\t<dt class='gallery-icon landscape'>\n\t\t\t\t<a href='https:\/\/www.visit-ulcinj.com\/blog\/wp-content\/uploads\/2011\/08\/Luigj-Shkreli-n\u00eb-inaugurimin-e-shtatores-s\u00eb-N\u00ebn\u00eb-Terez\u00ebs-n\u00eb-Pej\u00eb.10.jpg'><img width=\"150\" height=\"150\" src=\"https:\/\/www.visit-ulcinj.com\/blog\/wp-content\/uploads\/2011\/08\/Luigj-Shkreli-n\u00eb-inaugurimin-e-shtatores-s\u00eb-N\u00ebn\u00eb-Terez\u00ebs-n\u00eb-Pej\u00eb.10-150x150.jpg\" class=\"attachment-thumbnail size-thumbnail\" alt=\"\" loading=\"lazy\" \/><\/a>\n\t\t\t<\/dt><\/dl><dl class='gallery-item'>\n\t\t\t<dt class='gallery-icon landscape'>\n\t\t\t\t<a href='https:\/\/www.visit-ulcinj.com\/blog\/wp-content\/uploads\/2011\/08\/Luigj-Shkreli-n\u00eb-inaugurimin-e-shtatores-s\u00eb-N\u00ebn\u00eb-Terez\u00ebs-n\u00eb-Pej\u00eb.jpg'><img width=\"150\" height=\"150\" src=\"https:\/\/www.visit-ulcinj.com\/blog\/wp-content\/uploads\/2011\/08\/Luigj-Shkreli-n\u00eb-inaugurimin-e-shtatores-s\u00eb-N\u00ebn\u00eb-Terez\u00ebs-n\u00eb-Pej\u00eb-150x150.jpg\" class=\"attachment-thumbnail size-thumbnail\" alt=\"\" loading=\"lazy\" \/><\/a>\n\t\t\t<\/dt><\/dl><dl class='gallery-item'>\n\t\t\t<dt class='gallery-icon portrait'>\n\t\t\t\t<a href='https:\/\/www.visit-ulcinj.com\/blog\/wp-content\/uploads\/2011\/08\/Luigj-Shkreli-n\u00eb-inaugurimin-e-shtatores-s\u00eb-N\u00ebn\u00eb-Terez\u00ebs-n\u00eb-Pej\u00eb.111.jpg'><img width=\"150\" height=\"150\" src=\"https:\/\/www.visit-ulcinj.com\/blog\/wp-content\/uploads\/2011\/08\/Luigj-Shkreli-n\u00eb-inaugurimin-e-shtatores-s\u00eb-N\u00ebn\u00eb-Terez\u00ebs-n\u00eb-Pej\u00eb.111-150x150.jpg\" class=\"attachment-thumbnail size-thumbnail\" alt=\"\" loading=\"lazy\" \/><\/a>\n\t\t\t<\/dt><\/dl><br style=\"clear: both\" \/>\n\t\t<\/div>\n<br \/>\n<\/strong><\/p>\n","protected":false},"excerpt":{"rendered":"<p>N\u00cb PEJ\u00cb U P\u00cbRURUAR SHTATORJA E N\u00cbN\u00cb TEREZ\u00cbS Nga Mikel Gojani \u00a0Akademik Mark Krasniqi: N\u00ebn\u00eb Tereza me popullin e saj n\u00eb tok\u00eb dhe n\u00eb qiell Ali Berisha, kryetar i Komun\u00eb s\u00eb Pej\u00ebs, i cili bashk\u00eb me Imzot Dod\u00eb Gjergjin dhe donatorin\u00a0 nga Nju Jorku Mhill Gjon Gjuraj i uruan\u00a0 qyetit t\u00eb bukur t\u00eb pej\u00ebs\u00a0 shtatoren [&hellip;]<\/p>\n","protected":false},"author":1,"featured_media":0,"comment_status":"open","ping_status":"closed","sticky":false,"template":"","format":"standard","meta":{"spay_email":"","jetpack_publicize_message":"","jetpack_is_tweetstorm":false,"jetpack_publicize_feature_enabled":true},"categories":[14],"tags":[19029,729],"jetpack_publicize_connections":[],"yoast_head":"<!-- This site is optimized with the Yoast SEO plugin v19.1 - https:\/\/yoast.com\/wordpress\/plugins\/seo\/ -->\n<title>Luigj Shkreli n\u00eb inaugurimin e shtatores s\u00eb N\u00ebn\u00eb Terez\u00ebs n\u00eb Pej\u00eb - Lajme nga Ulqini<\/title>\n<meta name=\"description\" content=\"N\u00cb PEJ\u00cb U P\u00cbRURUAR SHTATORJA E N\u00cbN\u00cb TEREZ\u00cbS Nga Mikel Gojani \u00a0Akademik Mark Krasniqi: N\u00ebn\u00eb Tereza me popullin e saj n\u00eb tok\u00eb dhe n\u00eb qiell Ali Berisha,\" \/>\n<meta name=\"robots\" content=\"index, follow, max-snippet:-1, max-image-preview:large, max-video-preview:-1\" \/>\n<link rel=\"canonical\" href=\"https:\/\/www.visit-ulcinj.com\/blog\/2011\/08\/22\/luigj-shkreli-ne-inaugurimin-e-shtatores-se-nene-terezes-ne-peje\/\" \/>\n<meta property=\"og:locale\" content=\"en_US\" \/>\n<meta property=\"og:type\" content=\"article\" \/>\n<meta property=\"og:title\" content=\"Luigj Shkreli n\u00eb inaugurimin e shtatores s\u00eb N\u00ebn\u00eb Terez\u00ebs n\u00eb Pej\u00eb - Lajme nga Ulqini\" \/>\n<meta property=\"og:description\" content=\"N\u00cb PEJ\u00cb U P\u00cbRURUAR SHTATORJA E N\u00cbN\u00cb TEREZ\u00cbS Nga Mikel Gojani \u00a0Akademik Mark Krasniqi: N\u00ebn\u00eb Tereza me popullin e saj n\u00eb tok\u00eb dhe n\u00eb qiell Ali Berisha,\" \/>\n<meta property=\"og:url\" content=\"https:\/\/www.visit-ulcinj.com\/blog\/2011\/08\/22\/luigj-shkreli-ne-inaugurimin-e-shtatores-se-nene-terezes-ne-peje\/\" \/>\n<meta property=\"og:site_name\" content=\"Lajme nga Ulqini\" \/>\n<meta property=\"article:published_time\" content=\"2011-08-22T19:25:58+00:00\" \/>\n<meta property=\"article:modified_time\" content=\"2011-08-22T19:31:28+00:00\" \/>\n<meta property=\"og:image\" content=\"https:\/\/www.visit-ulcinj.com\/blog\/wp-content\/uploads\/2011\/08\/Luigj-Shkreli-n\u00eb-inaugurimin-e-shtatores-s\u00eb-N\u00ebn\u00eb-Terez\u00ebs-n\u00eb-Pej\u00eb.1-150x150.jpg\" \/>\n<meta name=\"twitter:label1\" content=\"Written by\" \/>\n\t<meta name=\"twitter:data1\" content=\"ulqini\" \/>\n\t<meta name=\"twitter:label2\" content=\"Est. reading time\" \/>\n\t<meta name=\"twitter:data2\" content=\"9 minutes\" \/>\n<script type=\"application\/ld+json\" class=\"yoast-schema-graph\">{\"@context\":\"https:\/\/schema.org\",\"@graph\":[{\"@type\":\"WebSite\",\"@id\":\"https:\/\/www.visit-ulcinj.com\/blog\/#website\",\"url\":\"https:\/\/www.visit-ulcinj.com\/blog\/\",\"name\":\"Lajme nga Ulqini\",\"description\":\"Lajme,Vijesti,Ulqini,Ulqin,Crna Gora,Mali i Zi\",\"potentialAction\":[{\"@type\":\"SearchAction\",\"target\":{\"@type\":\"EntryPoint\",\"urlTemplate\":\"https:\/\/www.visit-ulcinj.com\/blog\/?s={search_term_string}\"},\"query-input\":\"required name=search_term_string\"}],\"inLanguage\":\"en-US\"},{\"@type\":\"ImageObject\",\"inLanguage\":\"en-US\",\"@id\":\"https:\/\/www.visit-ulcinj.com\/blog\/2011\/08\/22\/luigj-shkreli-ne-inaugurimin-e-shtatores-se-nene-terezes-ne-peje\/#primaryimage\",\"url\":\"http:\/\/www.visit-ulcinj.com\/blog\/wp-content\/uploads\/2011\/08\/Luigj-Shkreli-n%C3%AB-inaugurimin-e-shtatores-s%C3%AB-N%C3%ABn%C3%AB-Terez%C3%ABs-n%C3%AB-Pej%C3%AB.1.jpg\",\"contentUrl\":\"http:\/\/www.visit-ulcinj.com\/blog\/wp-content\/uploads\/2011\/08\/Luigj-Shkreli-n%C3%AB-inaugurimin-e-shtatores-s%C3%AB-N%C3%ABn%C3%AB-Terez%C3%ABs-n%C3%AB-Pej%C3%AB.1.jpg\"},{\"@type\":\"WebPage\",\"@id\":\"https:\/\/www.visit-ulcinj.com\/blog\/2011\/08\/22\/luigj-shkreli-ne-inaugurimin-e-shtatores-se-nene-terezes-ne-peje\/#webpage\",\"url\":\"https:\/\/www.visit-ulcinj.com\/blog\/2011\/08\/22\/luigj-shkreli-ne-inaugurimin-e-shtatores-se-nene-terezes-ne-peje\/\",\"name\":\"Luigj Shkreli n\u00eb inaugurimin e shtatores s\u00eb N\u00ebn\u00eb Terez\u00ebs n\u00eb Pej\u00eb - Lajme nga Ulqini\",\"isPartOf\":{\"@id\":\"https:\/\/www.visit-ulcinj.com\/blog\/#website\"},\"primaryImageOfPage\":{\"@id\":\"https:\/\/www.visit-ulcinj.com\/blog\/2011\/08\/22\/luigj-shkreli-ne-inaugurimin-e-shtatores-se-nene-terezes-ne-peje\/#primaryimage\"},\"datePublished\":\"2011-08-22T19:25:58+00:00\",\"dateModified\":\"2011-08-22T19:31:28+00:00\",\"author\":{\"@id\":\"https:\/\/www.visit-ulcinj.com\/blog\/#\/schema\/person\/dcab619c614d3038751c63bc2aadc06d\"},\"description\":\"N\u00cb PEJ\u00cb U P\u00cbRURUAR SHTATORJA E N\u00cbN\u00cb TEREZ\u00cbS Nga Mikel Gojani \u00a0Akademik Mark Krasniqi: N\u00ebn\u00eb Tereza me popullin e saj n\u00eb tok\u00eb dhe n\u00eb qiell Ali Berisha,\",\"breadcrumb\":{\"@id\":\"https:\/\/www.visit-ulcinj.com\/blog\/2011\/08\/22\/luigj-shkreli-ne-inaugurimin-e-shtatores-se-nene-terezes-ne-peje\/#breadcrumb\"},\"inLanguage\":\"en-US\",\"potentialAction\":[{\"@type\":\"ReadAction\",\"target\":[\"https:\/\/www.visit-ulcinj.com\/blog\/2011\/08\/22\/luigj-shkreli-ne-inaugurimin-e-shtatores-se-nene-terezes-ne-peje\/\"]}]},{\"@type\":\"BreadcrumbList\",\"@id\":\"https:\/\/www.visit-ulcinj.com\/blog\/2011\/08\/22\/luigj-shkreli-ne-inaugurimin-e-shtatores-se-nene-terezes-ne-peje\/#breadcrumb\",\"itemListElement\":[{\"@type\":\"ListItem\",\"position\":1,\"name\":\"Luigj Shkreli n\u00eb inaugurimin e shtatores s\u00eb N\u00ebn\u00eb Terez\u00ebs n\u00eb Pej\u00eb\"}]},{\"@type\":\"Person\",\"@id\":\"https:\/\/www.visit-ulcinj.com\/blog\/#\/schema\/person\/dcab619c614d3038751c63bc2aadc06d\",\"name\":\"ulqini\",\"sameAs\":[\"http:\/\/www.visit-ulcinj.com\"],\"url\":\"https:\/\/www.visit-ulcinj.com\/blog\/author\/admin\/\"}]}<\/script>\n<!-- \/ Yoast SEO plugin. -->","yoast_head_json":{"title":"Luigj Shkreli n\u00eb inaugurimin e shtatores s\u00eb N\u00ebn\u00eb Terez\u00ebs n\u00eb Pej\u00eb - Lajme nga Ulqini","description":"N\u00cb PEJ\u00cb U P\u00cbRURUAR SHTATORJA E N\u00cbN\u00cb TEREZ\u00cbS Nga Mikel Gojani \u00a0Akademik Mark Krasniqi: N\u00ebn\u00eb Tereza me popullin e saj n\u00eb tok\u00eb dhe n\u00eb qiell Ali Berisha,","robots":{"index":"index","follow":"follow","max-snippet":"max-snippet:-1","max-image-preview":"max-image-preview:large","max-video-preview":"max-video-preview:-1"},"canonical":"https:\/\/www.visit-ulcinj.com\/blog\/2011\/08\/22\/luigj-shkreli-ne-inaugurimin-e-shtatores-se-nene-terezes-ne-peje\/","og_locale":"en_US","og_type":"article","og_title":"Luigj Shkreli n\u00eb inaugurimin e shtatores s\u00eb N\u00ebn\u00eb Terez\u00ebs n\u00eb Pej\u00eb - Lajme nga Ulqini","og_description":"N\u00cb PEJ\u00cb U P\u00cbRURUAR SHTATORJA E N\u00cbN\u00cb TEREZ\u00cbS Nga Mikel Gojani \u00a0Akademik Mark Krasniqi: N\u00ebn\u00eb Tereza me popullin e saj n\u00eb tok\u00eb dhe n\u00eb qiell Ali Berisha,","og_url":"https:\/\/www.visit-ulcinj.com\/blog\/2011\/08\/22\/luigj-shkreli-ne-inaugurimin-e-shtatores-se-nene-terezes-ne-peje\/","og_site_name":"Lajme nga Ulqini","article_published_time":"2011-08-22T19:25:58+00:00","article_modified_time":"2011-08-22T19:31:28+00:00","og_image":[{"url":"https:\/\/www.visit-ulcinj.com\/blog\/wp-content\/uploads\/2011\/08\/Luigj-Shkreli-n\u00eb-inaugurimin-e-shtatores-s\u00eb-N\u00ebn\u00eb-Terez\u00ebs-n\u00eb-Pej\u00eb.1-150x150.jpg"}],"twitter_misc":{"Written by":"ulqini","Est. reading time":"9 minutes"},"schema":{"@context":"https:\/\/schema.org","@graph":[{"@type":"WebSite","@id":"https:\/\/www.visit-ulcinj.com\/blog\/#website","url":"https:\/\/www.visit-ulcinj.com\/blog\/","name":"Lajme nga Ulqini","description":"Lajme,Vijesti,Ulqini,Ulqin,Crna Gora,Mali i Zi","potentialAction":[{"@type":"SearchAction","target":{"@type":"EntryPoint","urlTemplate":"https:\/\/www.visit-ulcinj.com\/blog\/?s={search_term_string}"},"query-input":"required name=search_term_string"}],"inLanguage":"en-US"},{"@type":"ImageObject","inLanguage":"en-US","@id":"https:\/\/www.visit-ulcinj.com\/blog\/2011\/08\/22\/luigj-shkreli-ne-inaugurimin-e-shtatores-se-nene-terezes-ne-peje\/#primaryimage","url":"http:\/\/www.visit-ulcinj.com\/blog\/wp-content\/uploads\/2011\/08\/Luigj-Shkreli-n%C3%AB-inaugurimin-e-shtatores-s%C3%AB-N%C3%ABn%C3%AB-Terez%C3%ABs-n%C3%AB-Pej%C3%AB.1.jpg","contentUrl":"http:\/\/www.visit-ulcinj.com\/blog\/wp-content\/uploads\/2011\/08\/Luigj-Shkreli-n%C3%AB-inaugurimin-e-shtatores-s%C3%AB-N%C3%ABn%C3%AB-Terez%C3%ABs-n%C3%AB-Pej%C3%AB.1.jpg"},{"@type":"WebPage","@id":"https:\/\/www.visit-ulcinj.com\/blog\/2011\/08\/22\/luigj-shkreli-ne-inaugurimin-e-shtatores-se-nene-terezes-ne-peje\/#webpage","url":"https:\/\/www.visit-ulcinj.com\/blog\/2011\/08\/22\/luigj-shkreli-ne-inaugurimin-e-shtatores-se-nene-terezes-ne-peje\/","name":"Luigj Shkreli n\u00eb inaugurimin e shtatores s\u00eb N\u00ebn\u00eb Terez\u00ebs n\u00eb Pej\u00eb - Lajme nga Ulqini","isPartOf":{"@id":"https:\/\/www.visit-ulcinj.com\/blog\/#website"},"primaryImageOfPage":{"@id":"https:\/\/www.visit-ulcinj.com\/blog\/2011\/08\/22\/luigj-shkreli-ne-inaugurimin-e-shtatores-se-nene-terezes-ne-peje\/#primaryimage"},"datePublished":"2011-08-22T19:25:58+00:00","dateModified":"2011-08-22T19:31:28+00:00","author":{"@id":"https:\/\/www.visit-ulcinj.com\/blog\/#\/schema\/person\/dcab619c614d3038751c63bc2aadc06d"},"description":"N\u00cb PEJ\u00cb U P\u00cbRURUAR SHTATORJA E N\u00cbN\u00cb TEREZ\u00cbS Nga Mikel Gojani \u00a0Akademik Mark Krasniqi: N\u00ebn\u00eb Tereza me popullin e saj n\u00eb tok\u00eb dhe n\u00eb qiell Ali Berisha,","breadcrumb":{"@id":"https:\/\/www.visit-ulcinj.com\/blog\/2011\/08\/22\/luigj-shkreli-ne-inaugurimin-e-shtatores-se-nene-terezes-ne-peje\/#breadcrumb"},"inLanguage":"en-US","potentialAction":[{"@type":"ReadAction","target":["https:\/\/www.visit-ulcinj.com\/blog\/2011\/08\/22\/luigj-shkreli-ne-inaugurimin-e-shtatores-se-nene-terezes-ne-peje\/"]}]},{"@type":"BreadcrumbList","@id":"https:\/\/www.visit-ulcinj.com\/blog\/2011\/08\/22\/luigj-shkreli-ne-inaugurimin-e-shtatores-se-nene-terezes-ne-peje\/#breadcrumb","itemListElement":[{"@type":"ListItem","position":1,"name":"Luigj Shkreli n\u00eb inaugurimin e shtatores s\u00eb N\u00ebn\u00eb Terez\u00ebs n\u00eb Pej\u00eb"}]},{"@type":"Person","@id":"https:\/\/www.visit-ulcinj.com\/blog\/#\/schema\/person\/dcab619c614d3038751c63bc2aadc06d","name":"ulqini","sameAs":["http:\/\/www.visit-ulcinj.com"],"url":"https:\/\/www.visit-ulcinj.com\/blog\/author\/admin\/"}]}},"jetpack_featured_media_url":"","jetpack_sharing_enabled":true,"jetpack_shortlink":"https:\/\/wp.me\/pe6lTn-d2h","_links":{"self":[{"href":"https:\/\/www.visit-ulcinj.com\/blog\/wp-json\/wp\/v2\/posts\/50113"}],"collection":[{"href":"https:\/\/www.visit-ulcinj.com\/blog\/wp-json\/wp\/v2\/posts"}],"about":[{"href":"https:\/\/www.visit-ulcinj.com\/blog\/wp-json\/wp\/v2\/types\/post"}],"author":[{"embeddable":true,"href":"https:\/\/www.visit-ulcinj.com\/blog\/wp-json\/wp\/v2\/users\/1"}],"replies":[{"embeddable":true,"href":"https:\/\/www.visit-ulcinj.com\/blog\/wp-json\/wp\/v2\/comments?post=50113"}],"version-history":[{"count":5,"href":"https:\/\/www.visit-ulcinj.com\/blog\/wp-json\/wp\/v2\/posts\/50113\/revisions"}],"predecessor-version":[{"id":50134,"href":"https:\/\/www.visit-ulcinj.com\/blog\/wp-json\/wp\/v2\/posts\/50113\/revisions\/50134"}],"wp:attachment":[{"href":"https:\/\/www.visit-ulcinj.com\/blog\/wp-json\/wp\/v2\/media?parent=50113"}],"wp:term":[{"taxonomy":"category","embeddable":true,"href":"https:\/\/www.visit-ulcinj.com\/blog\/wp-json\/wp\/v2\/categories?post=50113"},{"taxonomy":"post_tag","embeddable":true,"href":"https:\/\/www.visit-ulcinj.com\/blog\/wp-json\/wp\/v2\/tags?post=50113"}],"curies":[{"name":"wp","href":"https:\/\/api.w.org\/{rel}","templated":true}]}}