{"id":5014,"date":"2008-10-22T11:21:36","date_gmt":"2008-10-22T16:21:36","guid":{"rendered":"http:\/\/www.visit-ulcinj.com\/blog\/?p=5014"},"modified":"2008-10-22T11:40:32","modified_gmt":"2008-10-22T16:40:32","slug":"mans-odgovorio-bivsem-nacelniku-ulcinjske-policije","status":"publish","type":"post","link":"https:\/\/www.visit-ulcinj.com\/blog\/2008\/10\/22\/mans-odgovorio-bivsem-nacelniku-ulcinjske-policije\/","title":{"rendered":"Mans odgovorio biv\u0161em na?elniku ulcinjske policije"},"content":{"rendered":"<p><!--[endif]--><a href=\"http:\/\/www.visit-ulcinj.com\/blog\/wp-content\/uploads\/2008\/10\/sabro-buzuku-dejan-milovac.jpg\"><img loading=\"lazy\" class=\"alignleft size-medium wp-image-5016\" title=\"sabro-buzuku-dejan-milovac\" src=\"http:\/\/www.visit-ulcinj.com\/blog\/wp-content\/uploads\/2008\/10\/sabro-buzuku-dejan-milovac-300x130.jpg\" alt=\"\" width=\"300\" height=\"130\" srcset=\"https:\/\/www.visit-ulcinj.com\/blog\/wp-content\/uploads\/2008\/10\/sabro-buzuku-dejan-milovac-300x130.jpg 300w, https:\/\/www.visit-ulcinj.com\/blog\/wp-content\/uploads\/2008\/10\/sabro-buzuku-dejan-milovac.jpg 538w\" sizes=\"(max-width: 300px) 100vw, 300px\" \/><\/a><span style=\"font-size: 10pt; line-height: 115%; font-weight: normal; font-family: &quot;Arial&quot;,&quot;sans-serif&quot;; color: #000000;\"><strong>Skretanje pa\u017enje sa pravih problema<\/strong><\/span><\/p>\n<p class=\"MsoNormal\" style=\"margin-bottom: 0.0001pt; line-height: normal;\"><span style=\"font-size: 10pt; font-family: &quot;Arial&quot;,&quot;sans-serif&quot;;\">Podgorica &#8211; Zabrinjavaju?a je ?injenica da Uprava policije radije tro\u0161i vrijeme i kapacitete na obja\u0161njavanje toga kako ukazivanje na kr\u0161enje zakona i na?in na koji to MANS radi nije \u201edru\u0161tveno i kulturolo\u0161ki\u201c prihvatljivo, nego na stvarno bavljenje problemima u crnogorskom dru\u0161tvu, uklju?uju?i i onaj sa nelegalnom gradnjom i uzurpacijom dr\u017eavne imovine na Adi Bojani &#8211; ka\u017ee se u reagovanju MANS-a na tvrdnje biv\u0161eg na?elnika ulcinjske policije Sabra Buzukovi?a.<br \/>\nU reagovanju koje je potpisao Dejan Milovac, koordinator MANS-a za prostorno planiranje i izgradnju objekata, ka\u017ee se da \u201canaliza svrhe postojanja, na?ina rada i uop\u0161te motiva MANS-a da se bavi problemima na Adi Bojani koju je savjetnik direktora Uprave policije Sabro Buzukovi? uprili?io, iako ni?im izazvana, koristi da MANS bolje shvati kako pojedine institucije ili makar pojedinci u okviru njih vide na\u0161 rad\u201d.<br \/>\n&#8211; \u017delimo da vjerujemo da je ovakvo reagovanje prije uzrokovano informacijom da je protiv nekoliko visokih policijskih slu\u017ebenika podnijeta krivi?na prijava, nego nekom vrstom redovnih aktivnosti pra?enja i analize rada nevladinih organizacija, a naro?ito MANS-a. Jasno nam je za\u0161to Buzukovi? na?in rada MANS-a vidi kao \u201erevolucionaran\u201c, a javno izno\u0161enje problema smatra pompeznim i tendecioznim, ali to vi\u0161e govori o trenutnom dru\u0161tvenom ambijentu u kome se Crna Gora nalazi, kao i o nemogu?nosti pojedinaca u Upravi policije da se oslobode odre?enih obrazaca pona\u0161anja koji su bili karakteristika nekog pro\u0161log vremena. Nadamo se da je Buzukovi?, i pored ?injenice da je ova mala analiza do\u0161la sa pozicije savjetnika direktora Uprave policije, ipak usamljen u svojim shvatanjima uloge civilnog sektora u crnogorskom dru\u0161tvu, te da ona ne?e biti i jedini odgovor na poziv koji je MANS uputio Veselinu Veljovi?u jo\u0161 po?etkom septembra kada je od njega zatra\u017eio da ispita postupanje policijskih slu\u017ebenika u slu?aju Ade Bojane &#8211; kazao je Milovac.<\/p>\n<p><\/span><span style=\"font-size: 8pt; font-weight: 700; font-family: Tahoma; color: #cc0000;\">KATALOG OBJEKATA NA ADI BOJANI<\/span><a href=\"http:\/\/www.urbanizam.info\/AdaBojana\/Page.htm\"><img loading=\"lazy\" class=\"alignright\" title=\"KATALOG OBJEKATA NA ADI BOJANI\" src=\"http:\/\/www.urbanizam.info\/images\/Ada-front2.jpg\" alt=\"\" width=\"678\" height=\"94\" \/><\/a><\/p>\n<p class=\"MsoNormal\"><span style=\"font-size: 10pt; font-family: &quot;Arial&quot;,&quot;sans-serif&quot;;\"> On je rekao da se MANS, tako?e, nada da ?e Uprava policije prepoznati tu NVO radije kao partnera u borbi protiv kr\u0161enja zakona \u201cpa ?ak i kada se radi o njenim slu\u017ebenicima, nego kao nekoga na koga treba vr\u0161iti pritisak da svoje aktivnosti uskladi sa ne?im \u0161to je \u201edru\u0161tveno prihvatljivo pona\u0161anje\u201c po mi\u0161ljenju par pojedinaca koji jo\u0161 imaju problem da raskrste sa policijskom taktikom nekih pro\u0161lih sistema\u201d.<br \/>\n&#8211; \u0160to se ti?e same krivi?ne prijave protiv Sabra Buzukovi?a, MANS nikada od njega nije tra\u017eio da se javno izjasni o eventualnoj krivici, niti smatramo da za to ima potrebe jer ?e za to imati prilike u toku istra\u017enog procesa. Ipak, ukoliko je sam Buzukovi? imao potrebu da javno polemi\u0161e oko krivi?ne prijave, smatramo da bi umjesto analize MANS-a, mnogo zanimljivija i svrsishodnija bila analiza njegove odgovornosti kao na?elnika OB Ulcinj za devastaciju Bojane i uzurpiranje dr\u017eavnog zemlji\u0161ta u tom periodu. Nadamo se da ovakav stav Uprave policije ipak ne?e uticati na kvalitet procesuiranja krivi?nih prijava koje MANS podnosi ovoj instituciji, jer ?e nakon krivi?nih prijava protiv Buzukovi?a i Lakovi?a, MANS nastaviti da prikuplja dodatne informacije koje mogu ukazati na odgovornost i drugih republi?kih i lokalnih funkcionera za stanje u kakvom se Ada Bojana danas nalazi &#8211; ka\u017ee se u reagovanju.<\/span><strong><span style=\"font-size: 10pt; line-height: 115%; font-family: &quot;Arial&quot;,&quot;sans-serif&quot;;\"><br \/>\nD.P.<br \/>\nIzvor \/ Vijesti<\/span><\/strong><\/p>\n<p class=\"MsoNormal\">\n","protected":false},"excerpt":{"rendered":"<p>Skretanje pa\u017enje sa pravih problema Podgorica &#8211; Zabrinjavaju?a je ?injenica da Uprava policije radije tro\u0161i vrijeme i kapacitete na obja\u0161njavanje toga kako ukazivanje na kr\u0161enje zakona i na?in na koji to MANS radi nije \u201edru\u0161tveno i kulturolo\u0161ki\u201c prihvatljivo, nego na stvarno bavljenje problemima u crnogorskom dru\u0161tvu, uklju?uju?i i onaj sa nelegalnom gradnjom i uzurpacijom dr\u017eavne [&hellip;]<\/p>\n","protected":false},"author":1,"featured_media":0,"comment_status":"open","ping_status":"closed","sticky":false,"template":"","format":"standard","meta":{"spay_email":"","jetpack_publicize_message":"","jetpack_is_tweetstorm":false,"jetpack_publicize_feature_enabled":true},"categories":[8,12],"tags":[138,20,19],"jetpack_publicize_connections":[],"yoast_head":"<!-- This site is optimized with the Yoast SEO plugin v19.1 - https:\/\/yoast.com\/wordpress\/plugins\/seo\/ -->\n<title>Mans odgovorio biv\u0161em na?elniku ulcinjske policije - Lajme nga Ulqini<\/title>\n<meta name=\"description\" content=\"Skretanje pa\u017enje sa pravih problema Podgorica - Zabrinjavaju?a je ?injenica da Uprava policije radije tro\u0161i vrijeme i kapacitete na obja\u0161njavanje toga\" \/>\n<meta name=\"robots\" content=\"index, follow, max-snippet:-1, max-image-preview:large, max-video-preview:-1\" \/>\n<link rel=\"canonical\" href=\"https:\/\/www.visit-ulcinj.com\/blog\/2008\/10\/22\/mans-odgovorio-bivsem-nacelniku-ulcinjske-policije\/\" \/>\n<meta property=\"og:locale\" content=\"en_US\" \/>\n<meta property=\"og:type\" content=\"article\" \/>\n<meta property=\"og:title\" content=\"Mans odgovorio biv\u0161em na?elniku ulcinjske policije - Lajme nga Ulqini\" \/>\n<meta property=\"og:description\" content=\"Skretanje pa\u017enje sa pravih problema Podgorica - Zabrinjavaju?a je ?injenica da Uprava policije radije tro\u0161i vrijeme i kapacitete na obja\u0161njavanje toga\" \/>\n<meta property=\"og:url\" content=\"https:\/\/www.visit-ulcinj.com\/blog\/2008\/10\/22\/mans-odgovorio-bivsem-nacelniku-ulcinjske-policije\/\" \/>\n<meta property=\"og:site_name\" content=\"Lajme nga Ulqini\" \/>\n<meta property=\"article:published_time\" content=\"2008-10-22T16:21:36+00:00\" \/>\n<meta property=\"article:modified_time\" content=\"2008-10-22T16:40:32+00:00\" \/>\n<meta property=\"og:image\" content=\"http:\/\/www.visit-ulcinj.com\/blog\/wp-content\/uploads\/2008\/10\/sabro-buzuku-dejan-milovac-300x130.jpg\" \/>\n<meta name=\"twitter:label1\" content=\"Written by\" \/>\n\t<meta name=\"twitter:data1\" content=\"ulqini\" \/>\n\t<meta name=\"twitter:label2\" content=\"Est. reading time\" \/>\n\t<meta name=\"twitter:data2\" content=\"3 minutes\" \/>\n<script type=\"application\/ld+json\" class=\"yoast-schema-graph\">{\"@context\":\"https:\/\/schema.org\",\"@graph\":[{\"@type\":\"WebSite\",\"@id\":\"https:\/\/www.visit-ulcinj.com\/blog\/#website\",\"url\":\"https:\/\/www.visit-ulcinj.com\/blog\/\",\"name\":\"Lajme nga Ulqini\",\"description\":\"Lajme,Vijesti,Ulqini,Ulqin,Crna Gora,Mali i Zi\",\"potentialAction\":[{\"@type\":\"SearchAction\",\"target\":{\"@type\":\"EntryPoint\",\"urlTemplate\":\"https:\/\/www.visit-ulcinj.com\/blog\/?s={search_term_string}\"},\"query-input\":\"required name=search_term_string\"}],\"inLanguage\":\"en-US\"},{\"@type\":\"ImageObject\",\"inLanguage\":\"en-US\",\"@id\":\"https:\/\/www.visit-ulcinj.com\/blog\/2008\/10\/22\/mans-odgovorio-bivsem-nacelniku-ulcinjske-policije\/#primaryimage\",\"url\":\"http:\/\/www.visit-ulcinj.com\/blog\/wp-content\/uploads\/2008\/10\/sabro-buzuku-dejan-milovac-300x130.jpg\",\"contentUrl\":\"http:\/\/www.visit-ulcinj.com\/blog\/wp-content\/uploads\/2008\/10\/sabro-buzuku-dejan-milovac-300x130.jpg\"},{\"@type\":\"WebPage\",\"@id\":\"https:\/\/www.visit-ulcinj.com\/blog\/2008\/10\/22\/mans-odgovorio-bivsem-nacelniku-ulcinjske-policije\/#webpage\",\"url\":\"https:\/\/www.visit-ulcinj.com\/blog\/2008\/10\/22\/mans-odgovorio-bivsem-nacelniku-ulcinjske-policije\/\",\"name\":\"Mans odgovorio biv\u0161em na?elniku ulcinjske policije - Lajme nga Ulqini\",\"isPartOf\":{\"@id\":\"https:\/\/www.visit-ulcinj.com\/blog\/#website\"},\"primaryImageOfPage\":{\"@id\":\"https:\/\/www.visit-ulcinj.com\/blog\/2008\/10\/22\/mans-odgovorio-bivsem-nacelniku-ulcinjske-policije\/#primaryimage\"},\"datePublished\":\"2008-10-22T16:21:36+00:00\",\"dateModified\":\"2008-10-22T16:40:32+00:00\",\"author\":{\"@id\":\"https:\/\/www.visit-ulcinj.com\/blog\/#\/schema\/person\/dcab619c614d3038751c63bc2aadc06d\"},\"description\":\"Skretanje pa\u017enje sa pravih problema Podgorica - Zabrinjavaju?a je ?injenica da Uprava policije radije tro\u0161i vrijeme i kapacitete na obja\u0161njavanje toga\",\"breadcrumb\":{\"@id\":\"https:\/\/www.visit-ulcinj.com\/blog\/2008\/10\/22\/mans-odgovorio-bivsem-nacelniku-ulcinjske-policije\/#breadcrumb\"},\"inLanguage\":\"en-US\",\"potentialAction\":[{\"@type\":\"ReadAction\",\"target\":[\"https:\/\/www.visit-ulcinj.com\/blog\/2008\/10\/22\/mans-odgovorio-bivsem-nacelniku-ulcinjske-policije\/\"]}]},{\"@type\":\"BreadcrumbList\",\"@id\":\"https:\/\/www.visit-ulcinj.com\/blog\/2008\/10\/22\/mans-odgovorio-bivsem-nacelniku-ulcinjske-policije\/#breadcrumb\",\"itemListElement\":[{\"@type\":\"ListItem\",\"position\":1,\"name\":\"Mans odgovorio biv\u0161em na?elniku ulcinjske policije\"}]},{\"@type\":\"Person\",\"@id\":\"https:\/\/www.visit-ulcinj.com\/blog\/#\/schema\/person\/dcab619c614d3038751c63bc2aadc06d\",\"name\":\"ulqini\",\"sameAs\":[\"http:\/\/www.visit-ulcinj.com\"],\"url\":\"https:\/\/www.visit-ulcinj.com\/blog\/author\/admin\/\"}]}<\/script>\n<!-- \/ Yoast SEO plugin. -->","yoast_head_json":{"title":"Mans odgovorio biv\u0161em na?elniku ulcinjske policije - Lajme nga Ulqini","description":"Skretanje pa\u017enje sa pravih problema Podgorica - Zabrinjavaju?a je ?injenica da Uprava policije radije tro\u0161i vrijeme i kapacitete na obja\u0161njavanje toga","robots":{"index":"index","follow":"follow","max-snippet":"max-snippet:-1","max-image-preview":"max-image-preview:large","max-video-preview":"max-video-preview:-1"},"canonical":"https:\/\/www.visit-ulcinj.com\/blog\/2008\/10\/22\/mans-odgovorio-bivsem-nacelniku-ulcinjske-policije\/","og_locale":"en_US","og_type":"article","og_title":"Mans odgovorio biv\u0161em na?elniku ulcinjske policije - Lajme nga Ulqini","og_description":"Skretanje pa\u017enje sa pravih problema Podgorica - Zabrinjavaju?a je ?injenica da Uprava policije radije tro\u0161i vrijeme i kapacitete na obja\u0161njavanje toga","og_url":"https:\/\/www.visit-ulcinj.com\/blog\/2008\/10\/22\/mans-odgovorio-bivsem-nacelniku-ulcinjske-policije\/","og_site_name":"Lajme nga Ulqini","article_published_time":"2008-10-22T16:21:36+00:00","article_modified_time":"2008-10-22T16:40:32+00:00","og_image":[{"url":"http:\/\/www.visit-ulcinj.com\/blog\/wp-content\/uploads\/2008\/10\/sabro-buzuku-dejan-milovac-300x130.jpg"}],"twitter_misc":{"Written by":"ulqini","Est. reading time":"3 minutes"},"schema":{"@context":"https:\/\/schema.org","@graph":[{"@type":"WebSite","@id":"https:\/\/www.visit-ulcinj.com\/blog\/#website","url":"https:\/\/www.visit-ulcinj.com\/blog\/","name":"Lajme nga Ulqini","description":"Lajme,Vijesti,Ulqini,Ulqin,Crna Gora,Mali i Zi","potentialAction":[{"@type":"SearchAction","target":{"@type":"EntryPoint","urlTemplate":"https:\/\/www.visit-ulcinj.com\/blog\/?s={search_term_string}"},"query-input":"required name=search_term_string"}],"inLanguage":"en-US"},{"@type":"ImageObject","inLanguage":"en-US","@id":"https:\/\/www.visit-ulcinj.com\/blog\/2008\/10\/22\/mans-odgovorio-bivsem-nacelniku-ulcinjske-policije\/#primaryimage","url":"http:\/\/www.visit-ulcinj.com\/blog\/wp-content\/uploads\/2008\/10\/sabro-buzuku-dejan-milovac-300x130.jpg","contentUrl":"http:\/\/www.visit-ulcinj.com\/blog\/wp-content\/uploads\/2008\/10\/sabro-buzuku-dejan-milovac-300x130.jpg"},{"@type":"WebPage","@id":"https:\/\/www.visit-ulcinj.com\/blog\/2008\/10\/22\/mans-odgovorio-bivsem-nacelniku-ulcinjske-policije\/#webpage","url":"https:\/\/www.visit-ulcinj.com\/blog\/2008\/10\/22\/mans-odgovorio-bivsem-nacelniku-ulcinjske-policije\/","name":"Mans odgovorio biv\u0161em na?elniku ulcinjske policije - Lajme nga Ulqini","isPartOf":{"@id":"https:\/\/www.visit-ulcinj.com\/blog\/#website"},"primaryImageOfPage":{"@id":"https:\/\/www.visit-ulcinj.com\/blog\/2008\/10\/22\/mans-odgovorio-bivsem-nacelniku-ulcinjske-policije\/#primaryimage"},"datePublished":"2008-10-22T16:21:36+00:00","dateModified":"2008-10-22T16:40:32+00:00","author":{"@id":"https:\/\/www.visit-ulcinj.com\/blog\/#\/schema\/person\/dcab619c614d3038751c63bc2aadc06d"},"description":"Skretanje pa\u017enje sa pravih problema Podgorica - Zabrinjavaju?a je ?injenica da Uprava policije radije tro\u0161i vrijeme i kapacitete na obja\u0161njavanje toga","breadcrumb":{"@id":"https:\/\/www.visit-ulcinj.com\/blog\/2008\/10\/22\/mans-odgovorio-bivsem-nacelniku-ulcinjske-policije\/#breadcrumb"},"inLanguage":"en-US","potentialAction":[{"@type":"ReadAction","target":["https:\/\/www.visit-ulcinj.com\/blog\/2008\/10\/22\/mans-odgovorio-bivsem-nacelniku-ulcinjske-policije\/"]}]},{"@type":"BreadcrumbList","@id":"https:\/\/www.visit-ulcinj.com\/blog\/2008\/10\/22\/mans-odgovorio-bivsem-nacelniku-ulcinjske-policije\/#breadcrumb","itemListElement":[{"@type":"ListItem","position":1,"name":"Mans odgovorio biv\u0161em na?elniku ulcinjske policije"}]},{"@type":"Person","@id":"https:\/\/www.visit-ulcinj.com\/blog\/#\/schema\/person\/dcab619c614d3038751c63bc2aadc06d","name":"ulqini","sameAs":["http:\/\/www.visit-ulcinj.com"],"url":"https:\/\/www.visit-ulcinj.com\/blog\/author\/admin\/"}]}},"jetpack_featured_media_url":"","jetpack_sharing_enabled":true,"jetpack_shortlink":"https:\/\/wp.me\/pe6lTn-1iS","_links":{"self":[{"href":"https:\/\/www.visit-ulcinj.com\/blog\/wp-json\/wp\/v2\/posts\/5014"}],"collection":[{"href":"https:\/\/www.visit-ulcinj.com\/blog\/wp-json\/wp\/v2\/posts"}],"about":[{"href":"https:\/\/www.visit-ulcinj.com\/blog\/wp-json\/wp\/v2\/types\/post"}],"author":[{"embeddable":true,"href":"https:\/\/www.visit-ulcinj.com\/blog\/wp-json\/wp\/v2\/users\/1"}],"replies":[{"embeddable":true,"href":"https:\/\/www.visit-ulcinj.com\/blog\/wp-json\/wp\/v2\/comments?post=5014"}],"version-history":[{"count":0,"href":"https:\/\/www.visit-ulcinj.com\/blog\/wp-json\/wp\/v2\/posts\/5014\/revisions"}],"wp:attachment":[{"href":"https:\/\/www.visit-ulcinj.com\/blog\/wp-json\/wp\/v2\/media?parent=5014"}],"wp:term":[{"taxonomy":"category","embeddable":true,"href":"https:\/\/www.visit-ulcinj.com\/blog\/wp-json\/wp\/v2\/categories?post=5014"},{"taxonomy":"post_tag","embeddable":true,"href":"https:\/\/www.visit-ulcinj.com\/blog\/wp-json\/wp\/v2\/tags?post=5014"}],"curies":[{"name":"wp","href":"https:\/\/api.w.org\/{rel}","templated":true}]}}