{"id":50151,"date":"2011-08-23T12:34:45","date_gmt":"2011-08-23T11:34:45","guid":{"rendered":"http:\/\/www.visit-ulcinj.com\/blog\/?p=50151"},"modified":"2011-08-23T12:43:24","modified_gmt":"2011-08-23T11:43:24","slug":"nazif-cungu-zevendeson-gezim-hajdinagen","status":"publish","type":"post","link":"https:\/\/www.visit-ulcinj.com\/blog\/2011\/08\/23\/nazif-cungu-zevendeson-gezim-hajdinagen\/","title":{"rendered":"Nazif Cungu z\u00ebvend\u00ebson G\u00ebzim Hajdinag\u00ebn!"},"content":{"rendered":"<p><strong><a href=\"http:\/\/www.visit-ulcinj.com\/blog\/wp-content\/uploads\/2011\/08\/Nazif-Cungu-z%C3%ABvend%C3%ABson-G%C3%ABzim-Hajdinag%C3%ABn.jpg\"><img loading=\"lazy\" class=\"alignleft size-full wp-image-50152\" title=\"Nazif Cungu z\u00ebvend\u00ebson G\u00ebzim Hajdinag\u00ebn!\" src=\"http:\/\/www.visit-ulcinj.com\/blog\/wp-content\/uploads\/2011\/08\/Nazif-Cungu-z%C3%ABvend%C3%ABson-G%C3%ABzim-Hajdinag%C3%ABn.jpg\" alt=\"\" width=\"508\" height=\"380\" \/><\/a>Ulqin, 22 gusht 2011 \u2013 Partia Forca n\u00eb Ulqin ka prezantuar shumic\u00ebn e re t\u00eb Kuvendit t\u00eb Komun\u00ebs s\u00eb Ulqinit, e cila i \u00ebsht\u00eb dor\u00ebzuar sh\u00ebrbimit t\u00eb Kuvendit me\u00a0 iniciativ\u00ebn p\u00ebr shkarkimin e kryetarit t\u00eb Kuvendit, propozimi i kryetarit t\u00eb ri t\u00eb Kuvendit dhe iniciativa p\u00ebr shkarkimin e G\u00ebzim Hajdinag\u00ebs nga posti kryetarit te Komun\u00ebs se Ulqinit.<\/strong><\/p>\n<p>Kryetari i ri i Komun\u00ebs s\u00eb Ulqinit sipas marr\u00ebveshjes s\u00eb shumic\u00ebs s\u00eb re do t\u00eb jet\u00eb Nazif Cungu. Nazif Cungu tha se ndihet i k\u00ebnaqur q\u00eb t\u00eb prezantoj shumic\u00ebn e re n\u00eb Kuvendin Komunal t\u00eb Ulqinit e formuar me q\u00ebllim t\u00eb sinqert\u00eb ne baz\u00eb t\u00eb respektit t\u00eb nd\u00ebrsjell\u00ebt dhe vendosm\u00ebris\u00eb q\u00eb Komuna e Ulqinit t\u00eb fitoj nj\u00eb qeverisje profesionale, t\u00eb p\u00ebrgjegjshme, t\u00eb ndershme dhe efikase.<\/p>\n<p>Kjo shumic\u00eb \u00ebsht\u00eb e p\u00ebrb\u00ebr\u00eb prej subjekteve dhe k\u00ebshilltar\u00ebve n\u00eb Kuvendin Komunal si\u00e7 vijon: Forca e Re Demokratike me 11 k\u00ebshilltar\u00eb, Dega e an\u00ebs s\u00eb Malit me 4 k\u00ebshilltar, Partia Social-demokrate me dy k\u00ebshilltar\u00eb dhe L\u00ebvizjes qytetare Perspektiva me nj\u00eb k\u00ebshilltar, pra gjithsejt\u00eb 18 k\u00ebshilltar\u00eb.<\/p>\n<p>\u201cJemi t\u00eb vendosur q\u00eb t\u00eb formojm\u00eb nj\u00eb shumic\u00eb e cila do t\u00eb p\u00ebrkushtohet me t\u00eb gjitha fuqit\u00eb e veta q\u00eb t\u00eb krijoj kushte p\u00ebr fillimin e nj\u00eb epoke t\u00eb re, epoke t\u00eb mbar\u00eb n\u00eb zhvillimin e Komun\u00ebs son\u00eb. Sigurisht q\u00eb konsolidimi i gjendjes s\u00eb r\u00ebnd n\u00eb komun\u00ebn ton\u00eb, ku ka munges\u00eb t\u00eb madhe n\u00eb investime, probleme n\u00eb privatizimet e d\u00ebshtuara, papun\u00ebsi t\u00eb madhe, munges\u00eb e planeve urbanistike, borxhe t\u00eb m\u00ebdha dhe nevoj\u00eb p\u00ebr konsolidimin e buxhetit, do t\u00eb jen\u00eb sfid\u00eb e madhe e cila hap nevoj\u00eb p\u00ebr pun\u00eb t\u00eb madhe, p\u00ebrkushtim profesional por k\u00ebrkon edhe p\u00ebrkrahjen e t\u00eb gjith\u00eb qytetar\u00ebve t\u00eb Komun\u00ebs son\u00eb\u201d, tha Nazif Cungu.<\/p>\n<p>Ai tha se presin p\u00ebrkushtim tek t\u00eb pun\u00ebsuarit n\u00eb administrat\u00ebn lokale dhe n\u00ebpun\u00ebsve n\u00eb nd\u00ebrmarrjet publike. Kjo shumic\u00eb do te jet\u00eb ne funksion t\u00eb t\u00eb gjith\u00eb qytetar\u00ebve pa asnj\u00eb dallim nga p\u00ebrkat\u00ebsit politike.<\/p>\n<p>\u201dNe do t\u00eb jemi t\u00eb hapur p\u00ebr bashk\u00ebpunim me subjektet tjera lokale dhe shtet\u00ebrore. Do t\u00eb kemi nj\u00eb Kuvend i cili do t\u00eb jet\u00eb i p\u00ebrgjegjsh\u00ebm, i cili do t\u00eb sjell vendime n\u00eb interes t\u00eb popullsis\u00eb son\u00eb. Nga dita e sotme do t\u00eb nisim iniciativ\u00ebn p\u00ebr Kuvend t\u00eb jasht\u00ebzakonsh\u00ebm n\u00eb t\u00eb cilin do t\u00eb zgjidhet kryetari i ri i Kuvendit komunal dhe kryetari i ri Komun\u00ebs\u201d, tha Nazif Cungu.<\/p>\n<p><strong>Besim TOSKA<br \/>\nKosova.info<\/p>\n<p><\/strong><\/p>\n","protected":false},"excerpt":{"rendered":"<p>Ulqin, 22 gusht 2011 \u2013 Partia Forca n\u00eb Ulqin ka prezantuar shumic\u00ebn e re t\u00eb Kuvendit t\u00eb Komun\u00ebs s\u00eb Ulqinit, e cila i \u00ebsht\u00eb dor\u00ebzuar sh\u00ebrbimit t\u00eb Kuvendit me\u00a0 iniciativ\u00ebn p\u00ebr shkarkimin e kryetarit t\u00eb Kuvendit, propozimi i kryetarit t\u00eb ri t\u00eb Kuvendit dhe iniciativa p\u00ebr shkarkimin e G\u00ebzim Hajdinag\u00ebs nga posti kryetarit te Komun\u00ebs [&hellip;]<\/p>\n","protected":false},"author":1,"featured_media":0,"comment_status":"open","ping_status":"closed","sticky":false,"template":"","format":"standard","meta":{"spay_email":"","jetpack_publicize_message":"","jetpack_is_tweetstorm":false,"jetpack_publicize_feature_enabled":true},"categories":[1],"tags":[115,118,200,18],"jetpack_publicize_connections":[],"yoast_head":"<!-- This site is optimized with the Yoast SEO plugin v19.1 - https:\/\/yoast.com\/wordpress\/plugins\/seo\/ -->\n<title>Nazif Cungu z\u00ebvend\u00ebson G\u00ebzim Hajdinag\u00ebn! - Lajme nga Ulqini<\/title>\n<meta name=\"description\" content=\"Ulqin, 22 gusht 2011 \u2013 Partia Forca n\u00eb Ulqin ka prezantuar shumic\u00ebn e re t\u00eb Kuvendit t\u00eb Komun\u00ebs s\u00eb Ulqinit, e cila i \u00ebsht\u00eb dor\u00ebzuar sh\u00ebrbimit t\u00eb Kuvendit\" \/>\n<meta name=\"robots\" content=\"index, follow, max-snippet:-1, max-image-preview:large, max-video-preview:-1\" \/>\n<link rel=\"canonical\" href=\"https:\/\/www.visit-ulcinj.com\/blog\/2011\/08\/23\/nazif-cungu-zevendeson-gezim-hajdinagen\/\" \/>\n<meta property=\"og:locale\" content=\"en_US\" \/>\n<meta property=\"og:type\" content=\"article\" \/>\n<meta property=\"og:title\" content=\"Nazif Cungu z\u00ebvend\u00ebson G\u00ebzim Hajdinag\u00ebn! - Lajme nga Ulqini\" \/>\n<meta property=\"og:description\" content=\"Ulqin, 22 gusht 2011 \u2013 Partia Forca n\u00eb Ulqin ka prezantuar shumic\u00ebn e re t\u00eb Kuvendit t\u00eb Komun\u00ebs s\u00eb Ulqinit, e cila i \u00ebsht\u00eb dor\u00ebzuar sh\u00ebrbimit t\u00eb Kuvendit\" \/>\n<meta property=\"og:url\" content=\"https:\/\/www.visit-ulcinj.com\/blog\/2011\/08\/23\/nazif-cungu-zevendeson-gezim-hajdinagen\/\" \/>\n<meta property=\"og:site_name\" content=\"Lajme nga Ulqini\" \/>\n<meta property=\"article:published_time\" content=\"2011-08-23T11:34:45+00:00\" \/>\n<meta property=\"article:modified_time\" content=\"2011-08-23T11:43:24+00:00\" \/>\n<meta property=\"og:image\" content=\"http:\/\/www.visit-ulcinj.com\/blog\/wp-content\/uploads\/2011\/08\/Nazif-Cungu-z%C3%ABvend%C3%ABson-G%C3%ABzim-Hajdinag%C3%ABn.jpg\" \/>\n<meta name=\"twitter:label1\" content=\"Written by\" \/>\n\t<meta name=\"twitter:data1\" content=\"ulqini\" \/>\n\t<meta name=\"twitter:label2\" content=\"Est. reading time\" \/>\n\t<meta name=\"twitter:data2\" content=\"2 minutes\" \/>\n<script type=\"application\/ld+json\" class=\"yoast-schema-graph\">{\"@context\":\"https:\/\/schema.org\",\"@graph\":[{\"@type\":\"WebSite\",\"@id\":\"https:\/\/www.visit-ulcinj.com\/blog\/#website\",\"url\":\"https:\/\/www.visit-ulcinj.com\/blog\/\",\"name\":\"Lajme nga Ulqini\",\"description\":\"Lajme,Vijesti,Ulqini,Ulqin,Crna Gora,Mali i Zi\",\"potentialAction\":[{\"@type\":\"SearchAction\",\"target\":{\"@type\":\"EntryPoint\",\"urlTemplate\":\"https:\/\/www.visit-ulcinj.com\/blog\/?s={search_term_string}\"},\"query-input\":\"required name=search_term_string\"}],\"inLanguage\":\"en-US\"},{\"@type\":\"ImageObject\",\"inLanguage\":\"en-US\",\"@id\":\"https:\/\/www.visit-ulcinj.com\/blog\/2011\/08\/23\/nazif-cungu-zevendeson-gezim-hajdinagen\/#primaryimage\",\"url\":\"http:\/\/www.visit-ulcinj.com\/blog\/wp-content\/uploads\/2011\/08\/Nazif-Cungu-z%C3%ABvend%C3%ABson-G%C3%ABzim-Hajdinag%C3%ABn.jpg\",\"contentUrl\":\"http:\/\/www.visit-ulcinj.com\/blog\/wp-content\/uploads\/2011\/08\/Nazif-Cungu-z%C3%ABvend%C3%ABson-G%C3%ABzim-Hajdinag%C3%ABn.jpg\"},{\"@type\":\"WebPage\",\"@id\":\"https:\/\/www.visit-ulcinj.com\/blog\/2011\/08\/23\/nazif-cungu-zevendeson-gezim-hajdinagen\/#webpage\",\"url\":\"https:\/\/www.visit-ulcinj.com\/blog\/2011\/08\/23\/nazif-cungu-zevendeson-gezim-hajdinagen\/\",\"name\":\"Nazif Cungu z\u00ebvend\u00ebson G\u00ebzim Hajdinag\u00ebn! - Lajme nga Ulqini\",\"isPartOf\":{\"@id\":\"https:\/\/www.visit-ulcinj.com\/blog\/#website\"},\"primaryImageOfPage\":{\"@id\":\"https:\/\/www.visit-ulcinj.com\/blog\/2011\/08\/23\/nazif-cungu-zevendeson-gezim-hajdinagen\/#primaryimage\"},\"datePublished\":\"2011-08-23T11:34:45+00:00\",\"dateModified\":\"2011-08-23T11:43:24+00:00\",\"author\":{\"@id\":\"https:\/\/www.visit-ulcinj.com\/blog\/#\/schema\/person\/dcab619c614d3038751c63bc2aadc06d\"},\"description\":\"Ulqin, 22 gusht 2011 \u2013 Partia Forca n\u00eb Ulqin ka prezantuar shumic\u00ebn e re t\u00eb Kuvendit t\u00eb Komun\u00ebs s\u00eb Ulqinit, e cila i \u00ebsht\u00eb dor\u00ebzuar sh\u00ebrbimit t\u00eb Kuvendit\",\"breadcrumb\":{\"@id\":\"https:\/\/www.visit-ulcinj.com\/blog\/2011\/08\/23\/nazif-cungu-zevendeson-gezim-hajdinagen\/#breadcrumb\"},\"inLanguage\":\"en-US\",\"potentialAction\":[{\"@type\":\"ReadAction\",\"target\":[\"https:\/\/www.visit-ulcinj.com\/blog\/2011\/08\/23\/nazif-cungu-zevendeson-gezim-hajdinagen\/\"]}]},{\"@type\":\"BreadcrumbList\",\"@id\":\"https:\/\/www.visit-ulcinj.com\/blog\/2011\/08\/23\/nazif-cungu-zevendeson-gezim-hajdinagen\/#breadcrumb\",\"itemListElement\":[{\"@type\":\"ListItem\",\"position\":1,\"name\":\"Nazif Cungu z\u00ebvend\u00ebson G\u00ebzim Hajdinag\u00ebn!\"}]},{\"@type\":\"Person\",\"@id\":\"https:\/\/www.visit-ulcinj.com\/blog\/#\/schema\/person\/dcab619c614d3038751c63bc2aadc06d\",\"name\":\"ulqini\",\"sameAs\":[\"http:\/\/www.visit-ulcinj.com\"],\"url\":\"https:\/\/www.visit-ulcinj.com\/blog\/author\/admin\/\"}]}<\/script>\n<!-- \/ Yoast SEO plugin. -->","yoast_head_json":{"title":"Nazif Cungu z\u00ebvend\u00ebson G\u00ebzim Hajdinag\u00ebn! - Lajme nga Ulqini","description":"Ulqin, 22 gusht 2011 \u2013 Partia Forca n\u00eb Ulqin ka prezantuar shumic\u00ebn e re t\u00eb Kuvendit t\u00eb Komun\u00ebs s\u00eb Ulqinit, e cila i \u00ebsht\u00eb dor\u00ebzuar sh\u00ebrbimit t\u00eb Kuvendit","robots":{"index":"index","follow":"follow","max-snippet":"max-snippet:-1","max-image-preview":"max-image-preview:large","max-video-preview":"max-video-preview:-1"},"canonical":"https:\/\/www.visit-ulcinj.com\/blog\/2011\/08\/23\/nazif-cungu-zevendeson-gezim-hajdinagen\/","og_locale":"en_US","og_type":"article","og_title":"Nazif Cungu z\u00ebvend\u00ebson G\u00ebzim Hajdinag\u00ebn! - Lajme nga Ulqini","og_description":"Ulqin, 22 gusht 2011 \u2013 Partia Forca n\u00eb Ulqin ka prezantuar shumic\u00ebn e re t\u00eb Kuvendit t\u00eb Komun\u00ebs s\u00eb Ulqinit, e cila i \u00ebsht\u00eb dor\u00ebzuar sh\u00ebrbimit t\u00eb Kuvendit","og_url":"https:\/\/www.visit-ulcinj.com\/blog\/2011\/08\/23\/nazif-cungu-zevendeson-gezim-hajdinagen\/","og_site_name":"Lajme nga Ulqini","article_published_time":"2011-08-23T11:34:45+00:00","article_modified_time":"2011-08-23T11:43:24+00:00","og_image":[{"url":"http:\/\/www.visit-ulcinj.com\/blog\/wp-content\/uploads\/2011\/08\/Nazif-Cungu-z%C3%ABvend%C3%ABson-G%C3%ABzim-Hajdinag%C3%ABn.jpg"}],"twitter_misc":{"Written by":"ulqini","Est. reading time":"2 minutes"},"schema":{"@context":"https:\/\/schema.org","@graph":[{"@type":"WebSite","@id":"https:\/\/www.visit-ulcinj.com\/blog\/#website","url":"https:\/\/www.visit-ulcinj.com\/blog\/","name":"Lajme nga Ulqini","description":"Lajme,Vijesti,Ulqini,Ulqin,Crna Gora,Mali i Zi","potentialAction":[{"@type":"SearchAction","target":{"@type":"EntryPoint","urlTemplate":"https:\/\/www.visit-ulcinj.com\/blog\/?s={search_term_string}"},"query-input":"required name=search_term_string"}],"inLanguage":"en-US"},{"@type":"ImageObject","inLanguage":"en-US","@id":"https:\/\/www.visit-ulcinj.com\/blog\/2011\/08\/23\/nazif-cungu-zevendeson-gezim-hajdinagen\/#primaryimage","url":"http:\/\/www.visit-ulcinj.com\/blog\/wp-content\/uploads\/2011\/08\/Nazif-Cungu-z%C3%ABvend%C3%ABson-G%C3%ABzim-Hajdinag%C3%ABn.jpg","contentUrl":"http:\/\/www.visit-ulcinj.com\/blog\/wp-content\/uploads\/2011\/08\/Nazif-Cungu-z%C3%ABvend%C3%ABson-G%C3%ABzim-Hajdinag%C3%ABn.jpg"},{"@type":"WebPage","@id":"https:\/\/www.visit-ulcinj.com\/blog\/2011\/08\/23\/nazif-cungu-zevendeson-gezim-hajdinagen\/#webpage","url":"https:\/\/www.visit-ulcinj.com\/blog\/2011\/08\/23\/nazif-cungu-zevendeson-gezim-hajdinagen\/","name":"Nazif Cungu z\u00ebvend\u00ebson G\u00ebzim Hajdinag\u00ebn! - Lajme nga Ulqini","isPartOf":{"@id":"https:\/\/www.visit-ulcinj.com\/blog\/#website"},"primaryImageOfPage":{"@id":"https:\/\/www.visit-ulcinj.com\/blog\/2011\/08\/23\/nazif-cungu-zevendeson-gezim-hajdinagen\/#primaryimage"},"datePublished":"2011-08-23T11:34:45+00:00","dateModified":"2011-08-23T11:43:24+00:00","author":{"@id":"https:\/\/www.visit-ulcinj.com\/blog\/#\/schema\/person\/dcab619c614d3038751c63bc2aadc06d"},"description":"Ulqin, 22 gusht 2011 \u2013 Partia Forca n\u00eb Ulqin ka prezantuar shumic\u00ebn e re t\u00eb Kuvendit t\u00eb Komun\u00ebs s\u00eb Ulqinit, e cila i \u00ebsht\u00eb dor\u00ebzuar sh\u00ebrbimit t\u00eb Kuvendit","breadcrumb":{"@id":"https:\/\/www.visit-ulcinj.com\/blog\/2011\/08\/23\/nazif-cungu-zevendeson-gezim-hajdinagen\/#breadcrumb"},"inLanguage":"en-US","potentialAction":[{"@type":"ReadAction","target":["https:\/\/www.visit-ulcinj.com\/blog\/2011\/08\/23\/nazif-cungu-zevendeson-gezim-hajdinagen\/"]}]},{"@type":"BreadcrumbList","@id":"https:\/\/www.visit-ulcinj.com\/blog\/2011\/08\/23\/nazif-cungu-zevendeson-gezim-hajdinagen\/#breadcrumb","itemListElement":[{"@type":"ListItem","position":1,"name":"Nazif Cungu z\u00ebvend\u00ebson G\u00ebzim Hajdinag\u00ebn!"}]},{"@type":"Person","@id":"https:\/\/www.visit-ulcinj.com\/blog\/#\/schema\/person\/dcab619c614d3038751c63bc2aadc06d","name":"ulqini","sameAs":["http:\/\/www.visit-ulcinj.com"],"url":"https:\/\/www.visit-ulcinj.com\/blog\/author\/admin\/"}]}},"jetpack_featured_media_url":"","jetpack_sharing_enabled":true,"jetpack_shortlink":"https:\/\/wp.me\/pe6lTn-d2T","_links":{"self":[{"href":"https:\/\/www.visit-ulcinj.com\/blog\/wp-json\/wp\/v2\/posts\/50151"}],"collection":[{"href":"https:\/\/www.visit-ulcinj.com\/blog\/wp-json\/wp\/v2\/posts"}],"about":[{"href":"https:\/\/www.visit-ulcinj.com\/blog\/wp-json\/wp\/v2\/types\/post"}],"author":[{"embeddable":true,"href":"https:\/\/www.visit-ulcinj.com\/blog\/wp-json\/wp\/v2\/users\/1"}],"replies":[{"embeddable":true,"href":"https:\/\/www.visit-ulcinj.com\/blog\/wp-json\/wp\/v2\/comments?post=50151"}],"version-history":[{"count":2,"href":"https:\/\/www.visit-ulcinj.com\/blog\/wp-json\/wp\/v2\/posts\/50151\/revisions"}],"predecessor-version":[{"id":50155,"href":"https:\/\/www.visit-ulcinj.com\/blog\/wp-json\/wp\/v2\/posts\/50151\/revisions\/50155"}],"wp:attachment":[{"href":"https:\/\/www.visit-ulcinj.com\/blog\/wp-json\/wp\/v2\/media?parent=50151"}],"wp:term":[{"taxonomy":"category","embeddable":true,"href":"https:\/\/www.visit-ulcinj.com\/blog\/wp-json\/wp\/v2\/categories?post=50151"},{"taxonomy":"post_tag","embeddable":true,"href":"https:\/\/www.visit-ulcinj.com\/blog\/wp-json\/wp\/v2\/tags?post=50151"}],"curies":[{"name":"wp","href":"https:\/\/api.w.org\/{rel}","templated":true}]}}