{"id":50202,"date":"2011-08-24T11:31:27","date_gmt":"2011-08-24T10:31:27","guid":{"rendered":"http:\/\/www.visit-ulcinj.com\/blog\/?p=50202"},"modified":"2011-08-24T12:03:25","modified_gmt":"2011-08-24T11:03:25","slug":"sabri-fejzullahu-i-jep-fund-mbremjeve-muzikore-ne-durres-dhe-ulqin","status":"publish","type":"post","link":"https:\/\/www.visit-ulcinj.com\/blog\/2011\/08\/24\/sabri-fejzullahu-i-jep-fund-mbremjeve-muzikore-ne-durres-dhe-ulqin\/","title":{"rendered":"Sabri Fejzullahu i jep fund mbr\u00ebmjeve muzikore n\u00eb Durr\u00ebs dhe Ulqin"},"content":{"rendered":"<p><a href=\"http:\/\/www.visit-ulcinj.com\/blog\/wp-content\/uploads\/2011\/08\/SABRI-FEJZULLAHU_ADELINA-ISMAIJLI-NE-ULQIN.jpg\"><img loading=\"lazy\" class=\"alignleft size-full wp-image-50203\" title=\"SABRI FEJZULLAHU_ADELINA ISMAIJLI NE ULQIN\" src=\"http:\/\/www.visit-ulcinj.com\/blog\/wp-content\/uploads\/2011\/08\/SABRI-FEJZULLAHU_ADELINA-ISMAIJLI-NE-ULQIN.jpg\" alt=\"\" width=\"508\" height=\"376\" \/><\/a>\u201cGjat\u00eb k\u00ebtij sezoni veror kam pasur nj\u00eb agjend\u00eb t\u00eb ngjeshur me shum\u00eb mbr\u00ebmje muzikore n\u00eb bregdetin e Durr\u00ebsit dhe t\u00eb Ulqinit. Sapo jam kthyer dhe me k\u00ebt\u00eb edhe p\u00ebrfundova mbr\u00ebmjet p\u00ebr sezonin veror.<\/p>\n<p>Pas nj\u00eb angazhimi t\u00eb madh, me mbi 24 mbr\u00ebmje t\u00eb mbajtura n\u00eb \u2018Parajs\u00eb\u201d t\u00eb Durr\u00ebsit, ylli i k\u00ebng\u00ebs son\u00eb Sabri Fejzullahu po i jep fund sezonit veror. Ai \u00ebsht\u00eb mjaft i k\u00ebnaqur me k\u00ebt\u00eb sezon veror, ndon\u00ebse edhe fitimet jan\u00eb t\u00eb k\u00ebnaqshme, mir\u00ebpo p\u00ebr k\u00ebt\u00eb thot\u00eb se ka \u201csakrifikuar\u201d mjaft.<\/p>\n<p>\u201cGjat\u00eb k\u00ebtij sezoni veror kam pasur nj\u00eb agjend\u00eb t\u00eb ngjeshur me shum\u00eb mbr\u00ebmje muzikore n\u00eb bregdetin e Durr\u00ebsit dhe t\u00eb Ulqinit. Sapo jam kthyer dhe me k\u00ebt\u00eb edhe p\u00ebrfundova mbr\u00ebmjet p\u00ebr sezonin veror.<\/p>\n<p>Vlen t\u00eb ceket k\u00ebnaq\u00ebsia ime me artdash\u00ebsit e mi, ku sallat \u00e7do nat\u00eb kan\u00eb qen\u00eb t\u00eb mbushura plot dhe nuk jan\u00eb ndalur duartrokitjet e publikut. Kam qen\u00eb mjaft i emocionuar n\u00eb disa raste, madje m\u00eb kan\u00eb pikuar edhe lot dhe jam shum\u00eb i k\u00ebnaqur q\u00eb kam arritur t\u2019u sjell atmosfer\u00eb t\u00eb k\u00ebndshme artdash\u00ebsve t\u00eb mi edhe pas k\u00ebsaj moshe q\u00eb kam\u201d, ka th\u00ebn\u00eb ai p\u00ebr \u201cZ\u00ebri\u201d.<\/p>\n<p>Krahas angazhimeve q\u00eb ka pasur, Sabriu nuk ka reshtur s\u00eb punuari edhe k\u00ebng\u00eb t\u00eb reja, tani sapo ka p\u00ebrfunduar videoklipin e k\u00ebng\u00ebs \u201cM\u00ebrgimtari\u201d q\u00eb do ta lansoj\u00eb gjat\u00eb k\u00ebtyre dit\u00ebve.<\/p>\n<p>\u201cKam dashur q\u00ebme p\u00ebrfundimin e sezonit veror t\u00eb sjell\u00eb n\u00eb treg edhe nj\u00eb projekt t\u00eb ri me t\u00eb cilin do t\u00eb nis\u00eb sezonin e vjesht\u00ebs n\u00eb diaspor\u00eb. K\u00ebnga q\u00eb kam p\u00ebrgatitur titullohet \u2018M\u00ebrgimtari\u2019, me tekst, kompozim dhe orkestrim t\u00eb Ilir Beranit.<\/p>\n<p>K\u00ebnga p\u00ebrmban nj\u00eb tekst mjaft prek\u00ebs, q\u00eb u dedikohet m\u00ebrgimtar\u00ebve tan\u00eb q\u00eb jetojn\u00eb kudo n\u00eb diaspor\u00eb\u201d, thot\u00eb ai dhe ka shtuar se n\u00eb fillim t\u00eb muajit shtator bashk\u00eb me bashk\u00ebshorten t\u2019i kaloj\u00eb disa dit\u00eb pushimi n\u00eb Greqi.<\/p>\n<p><strong>Z\u00cbRI<br \/>\n<!--YouTube Error: bad URL entered--><br \/>\n<\/strong><\/p>\n<p>&nbsp;<\/p>\n","protected":false},"excerpt":{"rendered":"<p>\u201cGjat\u00eb k\u00ebtij sezoni veror kam pasur nj\u00eb agjend\u00eb t\u00eb ngjeshur me shum\u00eb mbr\u00ebmje muzikore n\u00eb bregdetin e Durr\u00ebsit dhe t\u00eb Ulqinit. Sapo jam kthyer dhe me k\u00ebt\u00eb edhe p\u00ebrfundova mbr\u00ebmjet p\u00ebr sezonin veror. Pas nj\u00eb angazhimi t\u00eb madh, me mbi 24 mbr\u00ebmje t\u00eb mbajtura n\u00eb \u2018Parajs\u00eb\u201d t\u00eb Durr\u00ebsit, ylli i k\u00ebng\u00ebs son\u00eb Sabri Fejzullahu po [&hellip;]<\/p>\n","protected":false},"author":1,"featured_media":0,"comment_status":"open","ping_status":"closed","sticky":false,"template":"","format":"standard","meta":{"spay_email":"","jetpack_publicize_message":"","jetpack_is_tweetstorm":false,"jetpack_publicize_feature_enabled":true},"categories":[1],"tags":[5047],"jetpack_publicize_connections":[],"yoast_head":"<!-- This site is optimized with the Yoast SEO plugin v19.1 - https:\/\/yoast.com\/wordpress\/plugins\/seo\/ -->\n<title>Sabri Fejzullahu i jep fund mbr\u00ebmjeve muzikore n\u00eb Durr\u00ebs dhe Ulqin - Lajme nga Ulqini<\/title>\n<meta name=\"description\" content=\"\u201cGjat\u00eb k\u00ebtij sezoni veror kam pasur nj\u00eb agjend\u00eb t\u00eb ngjeshur me shum\u00eb mbr\u00ebmje muzikore n\u00eb bregdetin e Durr\u00ebsit dhe t\u00eb Ulqinit. Sapo jam kthyer dhe me k\u00ebt\u00eb\" \/>\n<meta name=\"robots\" content=\"index, follow, max-snippet:-1, max-image-preview:large, max-video-preview:-1\" \/>\n<link rel=\"canonical\" href=\"https:\/\/www.visit-ulcinj.com\/blog\/2011\/08\/24\/sabri-fejzullahu-i-jep-fund-mbremjeve-muzikore-ne-durres-dhe-ulqin\/\" \/>\n<meta property=\"og:locale\" content=\"en_US\" \/>\n<meta property=\"og:type\" content=\"article\" \/>\n<meta property=\"og:title\" content=\"Sabri Fejzullahu i jep fund mbr\u00ebmjeve muzikore n\u00eb Durr\u00ebs dhe Ulqin - Lajme nga Ulqini\" \/>\n<meta property=\"og:description\" content=\"\u201cGjat\u00eb k\u00ebtij sezoni veror kam pasur nj\u00eb agjend\u00eb t\u00eb ngjeshur me shum\u00eb mbr\u00ebmje muzikore n\u00eb bregdetin e Durr\u00ebsit dhe t\u00eb Ulqinit. Sapo jam kthyer dhe me k\u00ebt\u00eb\" \/>\n<meta property=\"og:url\" content=\"https:\/\/www.visit-ulcinj.com\/blog\/2011\/08\/24\/sabri-fejzullahu-i-jep-fund-mbremjeve-muzikore-ne-durres-dhe-ulqin\/\" \/>\n<meta property=\"og:site_name\" content=\"Lajme nga Ulqini\" \/>\n<meta property=\"article:published_time\" content=\"2011-08-24T10:31:27+00:00\" \/>\n<meta property=\"article:modified_time\" content=\"2011-08-24T11:03:25+00:00\" \/>\n<meta property=\"og:image\" content=\"http:\/\/www.visit-ulcinj.com\/blog\/wp-content\/uploads\/2011\/08\/SABRI-FEJZULLAHU_ADELINA-ISMAIJLI-NE-ULQIN.jpg\" \/>\n<meta name=\"twitter:label1\" content=\"Written by\" \/>\n\t<meta name=\"twitter:data1\" content=\"ulqini\" \/>\n\t<meta name=\"twitter:label2\" content=\"Est. reading time\" \/>\n\t<meta name=\"twitter:data2\" content=\"2 minutes\" \/>\n<script type=\"application\/ld+json\" class=\"yoast-schema-graph\">{\"@context\":\"https:\/\/schema.org\",\"@graph\":[{\"@type\":\"WebSite\",\"@id\":\"https:\/\/www.visit-ulcinj.com\/blog\/#website\",\"url\":\"https:\/\/www.visit-ulcinj.com\/blog\/\",\"name\":\"Lajme nga Ulqini\",\"description\":\"Lajme,Vijesti,Ulqini,Ulqin,Crna Gora,Mali i Zi\",\"potentialAction\":[{\"@type\":\"SearchAction\",\"target\":{\"@type\":\"EntryPoint\",\"urlTemplate\":\"https:\/\/www.visit-ulcinj.com\/blog\/?s={search_term_string}\"},\"query-input\":\"required name=search_term_string\"}],\"inLanguage\":\"en-US\"},{\"@type\":\"ImageObject\",\"inLanguage\":\"en-US\",\"@id\":\"https:\/\/www.visit-ulcinj.com\/blog\/2011\/08\/24\/sabri-fejzullahu-i-jep-fund-mbremjeve-muzikore-ne-durres-dhe-ulqin\/#primaryimage\",\"url\":\"http:\/\/www.visit-ulcinj.com\/blog\/wp-content\/uploads\/2011\/08\/SABRI-FEJZULLAHU_ADELINA-ISMAIJLI-NE-ULQIN.jpg\",\"contentUrl\":\"http:\/\/www.visit-ulcinj.com\/blog\/wp-content\/uploads\/2011\/08\/SABRI-FEJZULLAHU_ADELINA-ISMAIJLI-NE-ULQIN.jpg\"},{\"@type\":\"WebPage\",\"@id\":\"https:\/\/www.visit-ulcinj.com\/blog\/2011\/08\/24\/sabri-fejzullahu-i-jep-fund-mbremjeve-muzikore-ne-durres-dhe-ulqin\/#webpage\",\"url\":\"https:\/\/www.visit-ulcinj.com\/blog\/2011\/08\/24\/sabri-fejzullahu-i-jep-fund-mbremjeve-muzikore-ne-durres-dhe-ulqin\/\",\"name\":\"Sabri Fejzullahu i jep fund mbr\u00ebmjeve muzikore n\u00eb Durr\u00ebs dhe Ulqin - Lajme nga Ulqini\",\"isPartOf\":{\"@id\":\"https:\/\/www.visit-ulcinj.com\/blog\/#website\"},\"primaryImageOfPage\":{\"@id\":\"https:\/\/www.visit-ulcinj.com\/blog\/2011\/08\/24\/sabri-fejzullahu-i-jep-fund-mbremjeve-muzikore-ne-durres-dhe-ulqin\/#primaryimage\"},\"datePublished\":\"2011-08-24T10:31:27+00:00\",\"dateModified\":\"2011-08-24T11:03:25+00:00\",\"author\":{\"@id\":\"https:\/\/www.visit-ulcinj.com\/blog\/#\/schema\/person\/dcab619c614d3038751c63bc2aadc06d\"},\"description\":\"\u201cGjat\u00eb k\u00ebtij sezoni veror kam pasur nj\u00eb agjend\u00eb t\u00eb ngjeshur me shum\u00eb mbr\u00ebmje muzikore n\u00eb bregdetin e Durr\u00ebsit dhe t\u00eb Ulqinit. Sapo jam kthyer dhe me k\u00ebt\u00eb\",\"breadcrumb\":{\"@id\":\"https:\/\/www.visit-ulcinj.com\/blog\/2011\/08\/24\/sabri-fejzullahu-i-jep-fund-mbremjeve-muzikore-ne-durres-dhe-ulqin\/#breadcrumb\"},\"inLanguage\":\"en-US\",\"potentialAction\":[{\"@type\":\"ReadAction\",\"target\":[\"https:\/\/www.visit-ulcinj.com\/blog\/2011\/08\/24\/sabri-fejzullahu-i-jep-fund-mbremjeve-muzikore-ne-durres-dhe-ulqin\/\"]}]},{\"@type\":\"BreadcrumbList\",\"@id\":\"https:\/\/www.visit-ulcinj.com\/blog\/2011\/08\/24\/sabri-fejzullahu-i-jep-fund-mbremjeve-muzikore-ne-durres-dhe-ulqin\/#breadcrumb\",\"itemListElement\":[{\"@type\":\"ListItem\",\"position\":1,\"name\":\"Sabri Fejzullahu i jep fund mbr\u00ebmjeve muzikore n\u00eb Durr\u00ebs dhe Ulqin\"}]},{\"@type\":\"Person\",\"@id\":\"https:\/\/www.visit-ulcinj.com\/blog\/#\/schema\/person\/dcab619c614d3038751c63bc2aadc06d\",\"name\":\"ulqini\",\"sameAs\":[\"http:\/\/www.visit-ulcinj.com\"],\"url\":\"https:\/\/www.visit-ulcinj.com\/blog\/author\/admin\/\"}]}<\/script>\n<!-- \/ Yoast SEO plugin. -->","yoast_head_json":{"title":"Sabri Fejzullahu i jep fund mbr\u00ebmjeve muzikore n\u00eb Durr\u00ebs dhe Ulqin - Lajme nga Ulqini","description":"\u201cGjat\u00eb k\u00ebtij sezoni veror kam pasur nj\u00eb agjend\u00eb t\u00eb ngjeshur me shum\u00eb mbr\u00ebmje muzikore n\u00eb bregdetin e Durr\u00ebsit dhe t\u00eb Ulqinit. Sapo jam kthyer dhe me k\u00ebt\u00eb","robots":{"index":"index","follow":"follow","max-snippet":"max-snippet:-1","max-image-preview":"max-image-preview:large","max-video-preview":"max-video-preview:-1"},"canonical":"https:\/\/www.visit-ulcinj.com\/blog\/2011\/08\/24\/sabri-fejzullahu-i-jep-fund-mbremjeve-muzikore-ne-durres-dhe-ulqin\/","og_locale":"en_US","og_type":"article","og_title":"Sabri Fejzullahu i jep fund mbr\u00ebmjeve muzikore n\u00eb Durr\u00ebs dhe Ulqin - Lajme nga Ulqini","og_description":"\u201cGjat\u00eb k\u00ebtij sezoni veror kam pasur nj\u00eb agjend\u00eb t\u00eb ngjeshur me shum\u00eb mbr\u00ebmje muzikore n\u00eb bregdetin e Durr\u00ebsit dhe t\u00eb Ulqinit. Sapo jam kthyer dhe me k\u00ebt\u00eb","og_url":"https:\/\/www.visit-ulcinj.com\/blog\/2011\/08\/24\/sabri-fejzullahu-i-jep-fund-mbremjeve-muzikore-ne-durres-dhe-ulqin\/","og_site_name":"Lajme nga Ulqini","article_published_time":"2011-08-24T10:31:27+00:00","article_modified_time":"2011-08-24T11:03:25+00:00","og_image":[{"url":"http:\/\/www.visit-ulcinj.com\/blog\/wp-content\/uploads\/2011\/08\/SABRI-FEJZULLAHU_ADELINA-ISMAIJLI-NE-ULQIN.jpg"}],"twitter_misc":{"Written by":"ulqini","Est. reading time":"2 minutes"},"schema":{"@context":"https:\/\/schema.org","@graph":[{"@type":"WebSite","@id":"https:\/\/www.visit-ulcinj.com\/blog\/#website","url":"https:\/\/www.visit-ulcinj.com\/blog\/","name":"Lajme nga Ulqini","description":"Lajme,Vijesti,Ulqini,Ulqin,Crna Gora,Mali i Zi","potentialAction":[{"@type":"SearchAction","target":{"@type":"EntryPoint","urlTemplate":"https:\/\/www.visit-ulcinj.com\/blog\/?s={search_term_string}"},"query-input":"required name=search_term_string"}],"inLanguage":"en-US"},{"@type":"ImageObject","inLanguage":"en-US","@id":"https:\/\/www.visit-ulcinj.com\/blog\/2011\/08\/24\/sabri-fejzullahu-i-jep-fund-mbremjeve-muzikore-ne-durres-dhe-ulqin\/#primaryimage","url":"http:\/\/www.visit-ulcinj.com\/blog\/wp-content\/uploads\/2011\/08\/SABRI-FEJZULLAHU_ADELINA-ISMAIJLI-NE-ULQIN.jpg","contentUrl":"http:\/\/www.visit-ulcinj.com\/blog\/wp-content\/uploads\/2011\/08\/SABRI-FEJZULLAHU_ADELINA-ISMAIJLI-NE-ULQIN.jpg"},{"@type":"WebPage","@id":"https:\/\/www.visit-ulcinj.com\/blog\/2011\/08\/24\/sabri-fejzullahu-i-jep-fund-mbremjeve-muzikore-ne-durres-dhe-ulqin\/#webpage","url":"https:\/\/www.visit-ulcinj.com\/blog\/2011\/08\/24\/sabri-fejzullahu-i-jep-fund-mbremjeve-muzikore-ne-durres-dhe-ulqin\/","name":"Sabri Fejzullahu i jep fund mbr\u00ebmjeve muzikore n\u00eb Durr\u00ebs dhe Ulqin - Lajme nga Ulqini","isPartOf":{"@id":"https:\/\/www.visit-ulcinj.com\/blog\/#website"},"primaryImageOfPage":{"@id":"https:\/\/www.visit-ulcinj.com\/blog\/2011\/08\/24\/sabri-fejzullahu-i-jep-fund-mbremjeve-muzikore-ne-durres-dhe-ulqin\/#primaryimage"},"datePublished":"2011-08-24T10:31:27+00:00","dateModified":"2011-08-24T11:03:25+00:00","author":{"@id":"https:\/\/www.visit-ulcinj.com\/blog\/#\/schema\/person\/dcab619c614d3038751c63bc2aadc06d"},"description":"\u201cGjat\u00eb k\u00ebtij sezoni veror kam pasur nj\u00eb agjend\u00eb t\u00eb ngjeshur me shum\u00eb mbr\u00ebmje muzikore n\u00eb bregdetin e Durr\u00ebsit dhe t\u00eb Ulqinit. Sapo jam kthyer dhe me k\u00ebt\u00eb","breadcrumb":{"@id":"https:\/\/www.visit-ulcinj.com\/blog\/2011\/08\/24\/sabri-fejzullahu-i-jep-fund-mbremjeve-muzikore-ne-durres-dhe-ulqin\/#breadcrumb"},"inLanguage":"en-US","potentialAction":[{"@type":"ReadAction","target":["https:\/\/www.visit-ulcinj.com\/blog\/2011\/08\/24\/sabri-fejzullahu-i-jep-fund-mbremjeve-muzikore-ne-durres-dhe-ulqin\/"]}]},{"@type":"BreadcrumbList","@id":"https:\/\/www.visit-ulcinj.com\/blog\/2011\/08\/24\/sabri-fejzullahu-i-jep-fund-mbremjeve-muzikore-ne-durres-dhe-ulqin\/#breadcrumb","itemListElement":[{"@type":"ListItem","position":1,"name":"Sabri Fejzullahu i jep fund mbr\u00ebmjeve muzikore n\u00eb Durr\u00ebs dhe Ulqin"}]},{"@type":"Person","@id":"https:\/\/www.visit-ulcinj.com\/blog\/#\/schema\/person\/dcab619c614d3038751c63bc2aadc06d","name":"ulqini","sameAs":["http:\/\/www.visit-ulcinj.com"],"url":"https:\/\/www.visit-ulcinj.com\/blog\/author\/admin\/"}]}},"jetpack_featured_media_url":"","jetpack_sharing_enabled":true,"jetpack_shortlink":"https:\/\/wp.me\/pe6lTn-d3I","_links":{"self":[{"href":"https:\/\/www.visit-ulcinj.com\/blog\/wp-json\/wp\/v2\/posts\/50202"}],"collection":[{"href":"https:\/\/www.visit-ulcinj.com\/blog\/wp-json\/wp\/v2\/posts"}],"about":[{"href":"https:\/\/www.visit-ulcinj.com\/blog\/wp-json\/wp\/v2\/types\/post"}],"author":[{"embeddable":true,"href":"https:\/\/www.visit-ulcinj.com\/blog\/wp-json\/wp\/v2\/users\/1"}],"replies":[{"embeddable":true,"href":"https:\/\/www.visit-ulcinj.com\/blog\/wp-json\/wp\/v2\/comments?post=50202"}],"version-history":[{"count":3,"href":"https:\/\/www.visit-ulcinj.com\/blog\/wp-json\/wp\/v2\/posts\/50202\/revisions"}],"predecessor-version":[{"id":50210,"href":"https:\/\/www.visit-ulcinj.com\/blog\/wp-json\/wp\/v2\/posts\/50202\/revisions\/50210"}],"wp:attachment":[{"href":"https:\/\/www.visit-ulcinj.com\/blog\/wp-json\/wp\/v2\/media?parent=50202"}],"wp:term":[{"taxonomy":"category","embeddable":true,"href":"https:\/\/www.visit-ulcinj.com\/blog\/wp-json\/wp\/v2\/categories?post=50202"},{"taxonomy":"post_tag","embeddable":true,"href":"https:\/\/www.visit-ulcinj.com\/blog\/wp-json\/wp\/v2\/tags?post=50202"}],"curies":[{"name":"wp","href":"https:\/\/api.w.org\/{rel}","templated":true}]}}