{"id":50219,"date":"2011-08-24T18:14:00","date_gmt":"2011-08-24T17:14:00","guid":{"rendered":"http:\/\/www.visit-ulcinj.com\/blog\/?p=50219"},"modified":"2011-10-08T19:08:38","modified_gmt":"2011-10-08T18:08:38","slug":"americka-ambasadorka-organizovala-iftar-veceru-u-ulcinju","status":"publish","type":"post","link":"https:\/\/www.visit-ulcinj.com\/blog\/2011\/08\/24\/americka-ambasadorka-organizovala-iftar-veceru-u-ulcinju\/","title":{"rendered":"Ameri\u010dka ambasadorka organizovala iftar ve\u010deru u Ulcinju"},"content":{"rendered":"<div id=\"attachment_50220\" style=\"width: 500px\" class=\"wp-caption alignleft\"><a href=\"http:\/\/www.visit-ulcinj.com\/blog\/wp-content\/uploads\/2011\/08\/Americka-ambasadorka-organizovala-iftar-veceru-u-Ulcinju.jpg\"><img aria-describedby=\"caption-attachment-50220\" loading=\"lazy\" class=\"size-full wp-image-50220\" title=\"Americka ambasadorka organizovala iftar veceru u Ulcinju\" src=\"http:\/\/www.visit-ulcinj.com\/blog\/wp-content\/uploads\/2011\/08\/Americka-ambasadorka-organizovala-iftar-veceru-u-Ulcinju.jpg\" alt=\"\" width=\"490\" height=\"356\" \/><\/a><p id=\"caption-attachment-50220\" class=\"wp-caption-text\">Foto: Pobjeda<\/p><\/div>\n<p>ULCINJ &#8211; Ameri\u010dka ambasadorka u Crnoj Gori Sju K. Braun priredila je sino\u0107 u hotelu ,,Mediteran\u201c u Ulcinju privatnu iftar ve\u010deru povodom muslimanskog vjerskog praznika Ramazana. Iftaru su prisustvovali reis islamske zajednice Rifat Fejzi\u0107, glavni imam Ulcinja Rifat Jusufi, aktuelni predsjednik op\u0161tine Gzim Hajdinaga, lider Force Nazif Cungu, ministar za ljudska i manjinska prava Ferhat Dino\u0161a, direktor TO Ulcinj Ali Red\u017ea, poslanik u republi\u010dkom parlamentu Genci Nimanbegu, odbornici u lokalnom parlamentu i privrednici iz Ulcinja.<\/p>\n<p>Ovo je sedma iftar ve\u010dera koju organizuje ameri\u010dka misija u Crnoj Gori.<\/p>\n<p><a href=\"http:\/\/www.pobjeda.me\/citanje.php?datum=2011-08-24&amp;id=217021\" target=\"_blank\"><br \/>\n<strong>R. R.<br \/>\nPobjeda<\/strong><\/a><\/p>\n<!--YouTube Error: bad URL entered-->\n","protected":false},"excerpt":{"rendered":"<p>ULCINJ &#8211; Ameri\u010dka ambasadorka u Crnoj Gori Sju K. Braun priredila je sino\u0107 u hotelu ,,Mediteran\u201c u Ulcinju privatnu iftar ve\u010deru povodom muslimanskog vjerskog praznika Ramazana. Iftaru su prisustvovali reis islamske zajednice Rifat Fejzi\u0107, glavni imam Ulcinja Rifat Jusufi, aktuelni predsjednik op\u0161tine Gzim Hajdinaga, lider Force Nazif Cungu, ministar za ljudska i manjinska prava Ferhat [&hellip;]<\/p>\n","protected":false},"author":1,"featured_media":0,"comment_status":"open","ping_status":"closed","sticky":false,"template":"","format":"standard","meta":{"spay_email":"","jetpack_publicize_message":"","jetpack_is_tweetstorm":false,"jetpack_publicize_feature_enabled":true},"categories":[8337],"tags":[19],"jetpack_publicize_connections":[],"yoast_head":"<!-- This site is optimized with the Yoast SEO plugin v19.1 - https:\/\/yoast.com\/wordpress\/plugins\/seo\/ -->\n<title>Ameri\u010dka ambasadorka organizovala iftar ve\u010deru u Ulcinju - Lajme nga Ulqini<\/title>\n<meta name=\"description\" content=\"ULCINJ - Ameri\u010dka ambasadorka u Crnoj Gori Sju K. Braun priredila je sino\u0107 u hotelu ,,Mediteran\u201c u Ulcinju privatnu iftar ve\u010deru povodom muslimanskog\" \/>\n<meta name=\"robots\" content=\"index, follow, max-snippet:-1, max-image-preview:large, max-video-preview:-1\" \/>\n<link rel=\"canonical\" href=\"https:\/\/www.visit-ulcinj.com\/blog\/2011\/08\/24\/americka-ambasadorka-organizovala-iftar-veceru-u-ulcinju\/\" \/>\n<meta property=\"og:locale\" content=\"en_US\" \/>\n<meta property=\"og:type\" content=\"article\" \/>\n<meta property=\"og:title\" content=\"Ameri\u010dka ambasadorka organizovala iftar ve\u010deru u Ulcinju - Lajme nga Ulqini\" \/>\n<meta property=\"og:description\" content=\"ULCINJ - Ameri\u010dka ambasadorka u Crnoj Gori Sju K. Braun priredila je sino\u0107 u hotelu ,,Mediteran\u201c u Ulcinju privatnu iftar ve\u010deru povodom muslimanskog\" \/>\n<meta property=\"og:url\" content=\"https:\/\/www.visit-ulcinj.com\/blog\/2011\/08\/24\/americka-ambasadorka-organizovala-iftar-veceru-u-ulcinju\/\" \/>\n<meta property=\"og:site_name\" content=\"Lajme nga Ulqini\" \/>\n<meta property=\"article:published_time\" content=\"2011-08-24T17:14:00+00:00\" \/>\n<meta property=\"article:modified_time\" content=\"2011-10-08T18:08:38+00:00\" \/>\n<meta property=\"og:image\" content=\"http:\/\/www.visit-ulcinj.com\/blog\/wp-content\/uploads\/2011\/08\/Americka-ambasadorka-organizovala-iftar-veceru-u-Ulcinju.jpg\" \/>\n<meta name=\"twitter:label1\" content=\"Written by\" \/>\n\t<meta name=\"twitter:data1\" content=\"ulqini\" \/>\n\t<meta name=\"twitter:label2\" content=\"Est. reading time\" \/>\n\t<meta name=\"twitter:data2\" content=\"1 minute\" \/>\n<script type=\"application\/ld+json\" class=\"yoast-schema-graph\">{\"@context\":\"https:\/\/schema.org\",\"@graph\":[{\"@type\":\"WebSite\",\"@id\":\"https:\/\/www.visit-ulcinj.com\/blog\/#website\",\"url\":\"https:\/\/www.visit-ulcinj.com\/blog\/\",\"name\":\"Lajme nga Ulqini\",\"description\":\"Lajme,Vijesti,Ulqini,Ulqin,Crna Gora,Mali i Zi\",\"potentialAction\":[{\"@type\":\"SearchAction\",\"target\":{\"@type\":\"EntryPoint\",\"urlTemplate\":\"https:\/\/www.visit-ulcinj.com\/blog\/?s={search_term_string}\"},\"query-input\":\"required name=search_term_string\"}],\"inLanguage\":\"en-US\"},{\"@type\":\"ImageObject\",\"inLanguage\":\"en-US\",\"@id\":\"https:\/\/www.visit-ulcinj.com\/blog\/2011\/08\/24\/americka-ambasadorka-organizovala-iftar-veceru-u-ulcinju\/#primaryimage\",\"url\":\"https:\/\/www.visit-ulcinj.com\/blog\/wp-content\/uploads\/2011\/08\/Americka-ambasadorka-organizovala-iftar-veceru-u-Ulcinju.jpg\",\"contentUrl\":\"https:\/\/www.visit-ulcinj.com\/blog\/wp-content\/uploads\/2011\/08\/Americka-ambasadorka-organizovala-iftar-veceru-u-Ulcinju.jpg\",\"width\":\"460\",\"height\":\"356\"},{\"@type\":\"WebPage\",\"@id\":\"https:\/\/www.visit-ulcinj.com\/blog\/2011\/08\/24\/americka-ambasadorka-organizovala-iftar-veceru-u-ulcinju\/#webpage\",\"url\":\"https:\/\/www.visit-ulcinj.com\/blog\/2011\/08\/24\/americka-ambasadorka-organizovala-iftar-veceru-u-ulcinju\/\",\"name\":\"Ameri\u010dka ambasadorka organizovala iftar ve\u010deru u Ulcinju - Lajme nga Ulqini\",\"isPartOf\":{\"@id\":\"https:\/\/www.visit-ulcinj.com\/blog\/#website\"},\"primaryImageOfPage\":{\"@id\":\"https:\/\/www.visit-ulcinj.com\/blog\/2011\/08\/24\/americka-ambasadorka-organizovala-iftar-veceru-u-ulcinju\/#primaryimage\"},\"datePublished\":\"2011-08-24T17:14:00+00:00\",\"dateModified\":\"2011-10-08T18:08:38+00:00\",\"author\":{\"@id\":\"https:\/\/www.visit-ulcinj.com\/blog\/#\/schema\/person\/dcab619c614d3038751c63bc2aadc06d\"},\"description\":\"ULCINJ - Ameri\u010dka ambasadorka u Crnoj Gori Sju K. Braun priredila je sino\u0107 u hotelu ,,Mediteran\u201c u Ulcinju privatnu iftar ve\u010deru povodom muslimanskog\",\"breadcrumb\":{\"@id\":\"https:\/\/www.visit-ulcinj.com\/blog\/2011\/08\/24\/americka-ambasadorka-organizovala-iftar-veceru-u-ulcinju\/#breadcrumb\"},\"inLanguage\":\"en-US\",\"potentialAction\":[{\"@type\":\"ReadAction\",\"target\":[\"https:\/\/www.visit-ulcinj.com\/blog\/2011\/08\/24\/americka-ambasadorka-organizovala-iftar-veceru-u-ulcinju\/\"]}]},{\"@type\":\"BreadcrumbList\",\"@id\":\"https:\/\/www.visit-ulcinj.com\/blog\/2011\/08\/24\/americka-ambasadorka-organizovala-iftar-veceru-u-ulcinju\/#breadcrumb\",\"itemListElement\":[{\"@type\":\"ListItem\",\"position\":1,\"name\":\"Ameri\u010dka ambasadorka organizovala iftar ve\u010deru u Ulcinju\"}]},{\"@type\":\"Person\",\"@id\":\"https:\/\/www.visit-ulcinj.com\/blog\/#\/schema\/person\/dcab619c614d3038751c63bc2aadc06d\",\"name\":\"ulqini\",\"sameAs\":[\"http:\/\/www.visit-ulcinj.com\"],\"url\":\"https:\/\/www.visit-ulcinj.com\/blog\/author\/admin\/\"}]}<\/script>\n<!-- \/ Yoast SEO plugin. -->","yoast_head_json":{"title":"Ameri\u010dka ambasadorka organizovala iftar ve\u010deru u Ulcinju - Lajme nga Ulqini","description":"ULCINJ - Ameri\u010dka ambasadorka u Crnoj Gori Sju K. Braun priredila je sino\u0107 u hotelu ,,Mediteran\u201c u Ulcinju privatnu iftar ve\u010deru povodom muslimanskog","robots":{"index":"index","follow":"follow","max-snippet":"max-snippet:-1","max-image-preview":"max-image-preview:large","max-video-preview":"max-video-preview:-1"},"canonical":"https:\/\/www.visit-ulcinj.com\/blog\/2011\/08\/24\/americka-ambasadorka-organizovala-iftar-veceru-u-ulcinju\/","og_locale":"en_US","og_type":"article","og_title":"Ameri\u010dka ambasadorka organizovala iftar ve\u010deru u Ulcinju - Lajme nga Ulqini","og_description":"ULCINJ - Ameri\u010dka ambasadorka u Crnoj Gori Sju K. Braun priredila je sino\u0107 u hotelu ,,Mediteran\u201c u Ulcinju privatnu iftar ve\u010deru povodom muslimanskog","og_url":"https:\/\/www.visit-ulcinj.com\/blog\/2011\/08\/24\/americka-ambasadorka-organizovala-iftar-veceru-u-ulcinju\/","og_site_name":"Lajme nga Ulqini","article_published_time":"2011-08-24T17:14:00+00:00","article_modified_time":"2011-10-08T18:08:38+00:00","og_image":[{"url":"http:\/\/www.visit-ulcinj.com\/blog\/wp-content\/uploads\/2011\/08\/Americka-ambasadorka-organizovala-iftar-veceru-u-Ulcinju.jpg"}],"twitter_misc":{"Written by":"ulqini","Est. reading time":"1 minute"},"schema":{"@context":"https:\/\/schema.org","@graph":[{"@type":"WebSite","@id":"https:\/\/www.visit-ulcinj.com\/blog\/#website","url":"https:\/\/www.visit-ulcinj.com\/blog\/","name":"Lajme nga Ulqini","description":"Lajme,Vijesti,Ulqini,Ulqin,Crna Gora,Mali i Zi","potentialAction":[{"@type":"SearchAction","target":{"@type":"EntryPoint","urlTemplate":"https:\/\/www.visit-ulcinj.com\/blog\/?s={search_term_string}"},"query-input":"required name=search_term_string"}],"inLanguage":"en-US"},{"@type":"ImageObject","inLanguage":"en-US","@id":"https:\/\/www.visit-ulcinj.com\/blog\/2011\/08\/24\/americka-ambasadorka-organizovala-iftar-veceru-u-ulcinju\/#primaryimage","url":"https:\/\/www.visit-ulcinj.com\/blog\/wp-content\/uploads\/2011\/08\/Americka-ambasadorka-organizovala-iftar-veceru-u-Ulcinju.jpg","contentUrl":"https:\/\/www.visit-ulcinj.com\/blog\/wp-content\/uploads\/2011\/08\/Americka-ambasadorka-organizovala-iftar-veceru-u-Ulcinju.jpg","width":"460","height":"356"},{"@type":"WebPage","@id":"https:\/\/www.visit-ulcinj.com\/blog\/2011\/08\/24\/americka-ambasadorka-organizovala-iftar-veceru-u-ulcinju\/#webpage","url":"https:\/\/www.visit-ulcinj.com\/blog\/2011\/08\/24\/americka-ambasadorka-organizovala-iftar-veceru-u-ulcinju\/","name":"Ameri\u010dka ambasadorka organizovala iftar ve\u010deru u Ulcinju - Lajme nga Ulqini","isPartOf":{"@id":"https:\/\/www.visit-ulcinj.com\/blog\/#website"},"primaryImageOfPage":{"@id":"https:\/\/www.visit-ulcinj.com\/blog\/2011\/08\/24\/americka-ambasadorka-organizovala-iftar-veceru-u-ulcinju\/#primaryimage"},"datePublished":"2011-08-24T17:14:00+00:00","dateModified":"2011-10-08T18:08:38+00:00","author":{"@id":"https:\/\/www.visit-ulcinj.com\/blog\/#\/schema\/person\/dcab619c614d3038751c63bc2aadc06d"},"description":"ULCINJ - Ameri\u010dka ambasadorka u Crnoj Gori Sju K. Braun priredila je sino\u0107 u hotelu ,,Mediteran\u201c u Ulcinju privatnu iftar ve\u010deru povodom muslimanskog","breadcrumb":{"@id":"https:\/\/www.visit-ulcinj.com\/blog\/2011\/08\/24\/americka-ambasadorka-organizovala-iftar-veceru-u-ulcinju\/#breadcrumb"},"inLanguage":"en-US","potentialAction":[{"@type":"ReadAction","target":["https:\/\/www.visit-ulcinj.com\/blog\/2011\/08\/24\/americka-ambasadorka-organizovala-iftar-veceru-u-ulcinju\/"]}]},{"@type":"BreadcrumbList","@id":"https:\/\/www.visit-ulcinj.com\/blog\/2011\/08\/24\/americka-ambasadorka-organizovala-iftar-veceru-u-ulcinju\/#breadcrumb","itemListElement":[{"@type":"ListItem","position":1,"name":"Ameri\u010dka ambasadorka organizovala iftar ve\u010deru u Ulcinju"}]},{"@type":"Person","@id":"https:\/\/www.visit-ulcinj.com\/blog\/#\/schema\/person\/dcab619c614d3038751c63bc2aadc06d","name":"ulqini","sameAs":["http:\/\/www.visit-ulcinj.com"],"url":"https:\/\/www.visit-ulcinj.com\/blog\/author\/admin\/"}]}},"jetpack_featured_media_url":"","jetpack_sharing_enabled":true,"jetpack_shortlink":"https:\/\/wp.me\/pe6lTn-d3Z","_links":{"self":[{"href":"https:\/\/www.visit-ulcinj.com\/blog\/wp-json\/wp\/v2\/posts\/50219"}],"collection":[{"href":"https:\/\/www.visit-ulcinj.com\/blog\/wp-json\/wp\/v2\/posts"}],"about":[{"href":"https:\/\/www.visit-ulcinj.com\/blog\/wp-json\/wp\/v2\/types\/post"}],"author":[{"embeddable":true,"href":"https:\/\/www.visit-ulcinj.com\/blog\/wp-json\/wp\/v2\/users\/1"}],"replies":[{"embeddable":true,"href":"https:\/\/www.visit-ulcinj.com\/blog\/wp-json\/wp\/v2\/comments?post=50219"}],"version-history":[{"count":4,"href":"https:\/\/www.visit-ulcinj.com\/blog\/wp-json\/wp\/v2\/posts\/50219\/revisions"}],"predecessor-version":[{"id":50223,"href":"https:\/\/www.visit-ulcinj.com\/blog\/wp-json\/wp\/v2\/posts\/50219\/revisions\/50223"}],"wp:attachment":[{"href":"https:\/\/www.visit-ulcinj.com\/blog\/wp-json\/wp\/v2\/media?parent=50219"}],"wp:term":[{"taxonomy":"category","embeddable":true,"href":"https:\/\/www.visit-ulcinj.com\/blog\/wp-json\/wp\/v2\/categories?post=50219"},{"taxonomy":"post_tag","embeddable":true,"href":"https:\/\/www.visit-ulcinj.com\/blog\/wp-json\/wp\/v2\/tags?post=50219"}],"curies":[{"name":"wp","href":"https:\/\/api.w.org\/{rel}","templated":true}]}}