{"id":50254,"date":"2011-08-26T14:27:13","date_gmt":"2011-08-26T13:27:13","guid":{"rendered":"http:\/\/www.visit-ulcinj.com\/blog\/?p=50254"},"modified":"2011-08-26T14:30:28","modified_gmt":"2011-08-26T13:30:28","slug":"ish-pushtetaret-ulqinake-akuzojne-njeri-tjetrin","status":"publish","type":"post","link":"https:\/\/www.visit-ulcinj.com\/blog\/2011\/08\/26\/ish-pushtetaret-ulqinake-akuzojne-njeri-tjetrin\/","title":{"rendered":"Ish-pushtetar\u00ebt ulqinak\u00eb akuzojn\u00eb nj\u00ebri tjetrin"},"content":{"rendered":"<p><a href=\"http:\/\/www.visit-ulcinj.com\/blog\/2011\/08\/26\/ish-pushtetaret-ulqinake-akuzojne-njeri-tjetrin\/pushtetaret-ulqinake-akuzojne-njeri-tjetrin\/\" rel=\"attachment wp-att-50255\"><img loading=\"lazy\" class=\"alignleft size-full wp-image-50255\" title=\"pushtetar\u00ebt ulqinak\u00eb akuzojn\u00eb nj\u00ebri tjetrin\" src=\"http:\/\/www.visit-ulcinj.com\/blog\/wp-content\/uploads\/2011\/08\/pushtetar%C3%ABt-ulqinak%C3%AB-akuzojn%C3%AB-nj%C3%ABri-tjetrin.jpg\" alt=\"\" width=\"490\" height=\"371\" \/><\/a>Ulqin, 26 gusht &#8211; Braktisja e kat\u00ebr k\u00ebshilltar\u00ebve t\u00eb deg\u00ebs s\u00eb Unionit Demokratik t\u00eb Shqiptar\u00ebve \/UDSH\/ p\u00ebr An\u00ebn e Malit t\u00eb Ulqinit, zyrtar\u00ebt e k\u00ebsaj partie parlamentare dhe pjes\u00ebmarr\u00ebse n\u00eb Qeverin\u00eb malazeze, p\u00ebrve\u00e7 se i kan\u00eb quajtur tradhtar\u00eb e rebel\u00eb, kan\u00eb b\u00ebr\u00eb edhe akuza reciproke t\u00eb pun\u00ebsimeve mbi bazat familjare, farefisnore, krahinore dhe partiake n\u00eb nivel t\u00eb pushtetit vendor, si dhe n\u00eb strukturat qeveritare. UDSH, n\u00ebp\u00ebrmjet nj\u00eb komunikate p\u00ebr opinion, thot\u00eb se \u201cn\u00ebse i referohemi fakteve mund t\u00eb themi se n\u00eb organet administrative komunale t\u00eb Ulqinit, krahas Fatmir Gjek\u00ebs punojn\u00eb bashk\u00ebshortja e tij, kunati dhe daja, e n\u00eb organet e tjera ku themelues \u00ebsht\u00eb Kuvendi, kan\u00eb gjetur pun\u00eb 10-15 t\u00eb af\u00ebrm t\u00eb tij\u201d, raporton KosovaLive.<\/p>\n<p>Nd\u00ebrkaq, kryesocialisti i Ulqinit edhe kryetar i parlamentit lokal, Luigj Shkreli n\u00eb k\u00ebt\u00eb nd\u00ebrlidhje shton se do t&#8217;i hulumtojn\u00eb t\u00eb gjitha pun\u00ebsimet, bashk\u00ebshort e bashk\u00ebshorte, farefis e t\u00eb af\u00ebrm.<\/p>\n<p>\u201cNga grupi i kat\u00ebr k\u00ebshilltar\u00ebve q\u00eb braktisen UDSH, si do t\u00eb ngrisin gishtin p\u00ebr shkarkimin tim nga posti i kryetarit t\u00eb Parlamentit,derisa un\u00eb i kam th\u00ebn\u00eb ministrit t\u00eb arsimit q\u00eb ta marr\u00eb personin drejtor i Shkoll\u00ebs fillore n\u00eb Kat\u00ebrkoll\u00eb\u201d, shprehet Shkreli, duke th\u00ebn\u00eb se mund t\u00eb ndodh q\u00eb t\u00eb rikandidohet p\u00ebr k\u00ebt\u00eb post, por do ta respektoj\u00eb realitetin e ri politik n\u00eb Ulqin.<\/p>\n<p>Nd\u00ebrkaq, Fatmir Gjeka, i cili me kat\u00ebr k\u00ebshilltar\u00ebt e ish-UDSH iu bashkangjit Forc\u00ebs, duke b\u00ebr\u00eb shumic\u00ebn e re n\u00eb Parlamentin e Ulqinit, shprehet se \u201cata q\u00eb na akuzojn\u00eb p\u00ebr tradh\u00ebti, m\u00eb s\u00eb paku q\u00eb mund t\u00eb b\u00ebjn\u00eb \u00ebsht\u00eb t\u00eb k\u00ebrkojn\u00eb falje, sepse \u00ebsht\u00eb shum\u00eb e r\u00ebnd\u00eb t\u00eb akuzosh dik\u00eb p\u00ebr tradh\u00ebti, aq m\u00eb tep\u00ebr neve q\u00eb gjithmon\u00eb kemi qen\u00eb kooperativ\u00eb dhe asnj\u00ebher\u00eb nuk kemi devijuar as nga mbrojtja e interesave tona komb\u00ebtare, as kur ka qen\u00eb n\u00eb pyetje \u00e7\u00ebshtja shtet\u00ebrore e Malit t\u00eb Zi\u201d. Gjeka n\u00ebnvizon se \u201ct\u00eb gjitha i din\u00eb, por d\u00ebshirojn\u00eb t\u00eb mashtrojn\u00eb dhe manipulojn\u00eb opinionin\u201d.<\/p>\n<p><strong>KOHA NET<br \/>\n<\/strong><\/p>\n<p><strong>Prisni 5 minuta e 30 sekonda deri sa fillon video. Ju d\u00ebshirojm shikim t\u00eb kanshem<br \/>\n<a href=\"http:\/\/www.forca.me\/index.php?option=com_content&amp;view=article&amp;id=328%3Adebati&amp;catid=32%3Avideo&amp;Itemid=156&amp;lang=sq\" target=\"_blank\">PUSHTETAR\u00cbT NGA ULQINI\u00a0 N\u00cb DEBATIN E TV TEUTA LINKU DIREKT<\/a> <\/strong><br \/>\n[flv width=&#8221;490&#8243; height=&#8221;390&#8243; start=&#8221;1000&#8243;]http:\/\/forca.me\/images\/stories\/videos\/Debati_2010_2.flv[\/flv]<\/p>\n<p><strong><br \/>\n<\/strong><\/p>\n","protected":false},"excerpt":{"rendered":"<p>Ulqin, 26 gusht &#8211; Braktisja e kat\u00ebr k\u00ebshilltar\u00ebve t\u00eb deg\u00ebs s\u00eb Unionit Demokratik t\u00eb Shqiptar\u00ebve \/UDSH\/ p\u00ebr An\u00ebn e Malit t\u00eb Ulqinit, zyrtar\u00ebt e k\u00ebsaj partie parlamentare dhe pjes\u00ebmarr\u00ebse n\u00eb Qeverin\u00eb malazeze, p\u00ebrve\u00e7 se i kan\u00eb quajtur tradhtar\u00eb e rebel\u00eb, kan\u00eb b\u00ebr\u00eb edhe akuza reciproke t\u00eb pun\u00ebsimeve mbi bazat familjare, farefisnore, krahinore dhe partiake n\u00eb [&hellip;]<\/p>\n","protected":false},"author":1,"featured_media":0,"comment_status":"open","ping_status":"closed","sticky":false,"template":"","format":"standard","meta":{"spay_email":"","jetpack_publicize_message":"","jetpack_is_tweetstorm":false,"jetpack_publicize_feature_enabled":true},"categories":[1],"tags":[200,18],"jetpack_publicize_connections":[],"yoast_head":"<!-- This site is optimized with the Yoast SEO plugin v19.1 - https:\/\/yoast.com\/wordpress\/plugins\/seo\/ -->\n<title>Ish-pushtetar\u00ebt ulqinak\u00eb akuzojn\u00eb nj\u00ebri tjetrin - Lajme nga Ulqini<\/title>\n<meta name=\"description\" content=\"Ulqin, 26 gusht - Braktisja e kat\u00ebr k\u00ebshilltar\u00ebve t\u00eb deg\u00ebs s\u00eb Unionit Demokratik t\u00eb Shqiptar\u00ebve \/UDSH\/ p\u00ebr An\u00ebn e Malit t\u00eb Ulqinit, zyrtar\u00ebt e k\u00ebsaj\" \/>\n<meta name=\"robots\" content=\"index, follow, max-snippet:-1, max-image-preview:large, max-video-preview:-1\" \/>\n<link rel=\"canonical\" href=\"https:\/\/www.visit-ulcinj.com\/blog\/2011\/08\/26\/ish-pushtetaret-ulqinake-akuzojne-njeri-tjetrin\/\" \/>\n<meta property=\"og:locale\" content=\"en_US\" \/>\n<meta property=\"og:type\" content=\"article\" \/>\n<meta property=\"og:title\" content=\"Ish-pushtetar\u00ebt ulqinak\u00eb akuzojn\u00eb nj\u00ebri tjetrin - Lajme nga Ulqini\" \/>\n<meta property=\"og:description\" content=\"Ulqin, 26 gusht - Braktisja e kat\u00ebr k\u00ebshilltar\u00ebve t\u00eb deg\u00ebs s\u00eb Unionit Demokratik t\u00eb Shqiptar\u00ebve \/UDSH\/ p\u00ebr An\u00ebn e Malit t\u00eb Ulqinit, zyrtar\u00ebt e k\u00ebsaj\" \/>\n<meta property=\"og:url\" content=\"https:\/\/www.visit-ulcinj.com\/blog\/2011\/08\/26\/ish-pushtetaret-ulqinake-akuzojne-njeri-tjetrin\/\" \/>\n<meta property=\"og:site_name\" content=\"Lajme nga Ulqini\" \/>\n<meta property=\"article:published_time\" content=\"2011-08-26T13:27:13+00:00\" \/>\n<meta property=\"article:modified_time\" content=\"2011-08-26T13:30:28+00:00\" \/>\n<meta property=\"og:image\" content=\"http:\/\/www.visit-ulcinj.com\/blog\/wp-content\/uploads\/2011\/08\/pushtetar%C3%ABt-ulqinak%C3%AB-akuzojn%C3%AB-nj%C3%ABri-tjetrin.jpg\" \/>\n<meta name=\"twitter:label1\" content=\"Written by\" \/>\n\t<meta name=\"twitter:data1\" content=\"ulqini\" \/>\n\t<meta name=\"twitter:label2\" content=\"Est. reading time\" \/>\n\t<meta name=\"twitter:data2\" content=\"2 minutes\" \/>\n<script type=\"application\/ld+json\" class=\"yoast-schema-graph\">{\"@context\":\"https:\/\/schema.org\",\"@graph\":[{\"@type\":\"WebSite\",\"@id\":\"https:\/\/www.visit-ulcinj.com\/blog\/#website\",\"url\":\"https:\/\/www.visit-ulcinj.com\/blog\/\",\"name\":\"Lajme nga Ulqini\",\"description\":\"Lajme,Vijesti,Ulqini,Ulqin,Crna Gora,Mali i Zi\",\"potentialAction\":[{\"@type\":\"SearchAction\",\"target\":{\"@type\":\"EntryPoint\",\"urlTemplate\":\"https:\/\/www.visit-ulcinj.com\/blog\/?s={search_term_string}\"},\"query-input\":\"required name=search_term_string\"}],\"inLanguage\":\"en-US\"},{\"@type\":\"ImageObject\",\"inLanguage\":\"en-US\",\"@id\":\"https:\/\/www.visit-ulcinj.com\/blog\/2011\/08\/26\/ish-pushtetaret-ulqinake-akuzojne-njeri-tjetrin\/#primaryimage\",\"url\":\"http:\/\/www.visit-ulcinj.com\/blog\/wp-content\/uploads\/2011\/08\/pushtetar%C3%ABt-ulqinak%C3%AB-akuzojn%C3%AB-nj%C3%ABri-tjetrin.jpg\",\"contentUrl\":\"http:\/\/www.visit-ulcinj.com\/blog\/wp-content\/uploads\/2011\/08\/pushtetar%C3%ABt-ulqinak%C3%AB-akuzojn%C3%AB-nj%C3%ABri-tjetrin.jpg\"},{\"@type\":\"WebPage\",\"@id\":\"https:\/\/www.visit-ulcinj.com\/blog\/2011\/08\/26\/ish-pushtetaret-ulqinake-akuzojne-njeri-tjetrin\/#webpage\",\"url\":\"https:\/\/www.visit-ulcinj.com\/blog\/2011\/08\/26\/ish-pushtetaret-ulqinake-akuzojne-njeri-tjetrin\/\",\"name\":\"Ish-pushtetar\u00ebt ulqinak\u00eb akuzojn\u00eb nj\u00ebri tjetrin - Lajme nga Ulqini\",\"isPartOf\":{\"@id\":\"https:\/\/www.visit-ulcinj.com\/blog\/#website\"},\"primaryImageOfPage\":{\"@id\":\"https:\/\/www.visit-ulcinj.com\/blog\/2011\/08\/26\/ish-pushtetaret-ulqinake-akuzojne-njeri-tjetrin\/#primaryimage\"},\"datePublished\":\"2011-08-26T13:27:13+00:00\",\"dateModified\":\"2011-08-26T13:30:28+00:00\",\"author\":{\"@id\":\"https:\/\/www.visit-ulcinj.com\/blog\/#\/schema\/person\/dcab619c614d3038751c63bc2aadc06d\"},\"description\":\"Ulqin, 26 gusht - Braktisja e kat\u00ebr k\u00ebshilltar\u00ebve t\u00eb deg\u00ebs s\u00eb Unionit Demokratik t\u00eb Shqiptar\u00ebve \/UDSH\/ p\u00ebr An\u00ebn e Malit t\u00eb Ulqinit, zyrtar\u00ebt e k\u00ebsaj\",\"breadcrumb\":{\"@id\":\"https:\/\/www.visit-ulcinj.com\/blog\/2011\/08\/26\/ish-pushtetaret-ulqinake-akuzojne-njeri-tjetrin\/#breadcrumb\"},\"inLanguage\":\"en-US\",\"potentialAction\":[{\"@type\":\"ReadAction\",\"target\":[\"https:\/\/www.visit-ulcinj.com\/blog\/2011\/08\/26\/ish-pushtetaret-ulqinake-akuzojne-njeri-tjetrin\/\"]}]},{\"@type\":\"BreadcrumbList\",\"@id\":\"https:\/\/www.visit-ulcinj.com\/blog\/2011\/08\/26\/ish-pushtetaret-ulqinake-akuzojne-njeri-tjetrin\/#breadcrumb\",\"itemListElement\":[{\"@type\":\"ListItem\",\"position\":1,\"name\":\"Ish-pushtetar\u00ebt ulqinak\u00eb akuzojn\u00eb nj\u00ebri tjetrin\"}]},{\"@type\":\"Person\",\"@id\":\"https:\/\/www.visit-ulcinj.com\/blog\/#\/schema\/person\/dcab619c614d3038751c63bc2aadc06d\",\"name\":\"ulqini\",\"sameAs\":[\"http:\/\/www.visit-ulcinj.com\"],\"url\":\"https:\/\/www.visit-ulcinj.com\/blog\/author\/admin\/\"}]}<\/script>\n<!-- \/ Yoast SEO plugin. -->","yoast_head_json":{"title":"Ish-pushtetar\u00ebt ulqinak\u00eb akuzojn\u00eb nj\u00ebri tjetrin - Lajme nga Ulqini","description":"Ulqin, 26 gusht - Braktisja e kat\u00ebr k\u00ebshilltar\u00ebve t\u00eb deg\u00ebs s\u00eb Unionit Demokratik t\u00eb Shqiptar\u00ebve \/UDSH\/ p\u00ebr An\u00ebn e Malit t\u00eb Ulqinit, zyrtar\u00ebt e k\u00ebsaj","robots":{"index":"index","follow":"follow","max-snippet":"max-snippet:-1","max-image-preview":"max-image-preview:large","max-video-preview":"max-video-preview:-1"},"canonical":"https:\/\/www.visit-ulcinj.com\/blog\/2011\/08\/26\/ish-pushtetaret-ulqinake-akuzojne-njeri-tjetrin\/","og_locale":"en_US","og_type":"article","og_title":"Ish-pushtetar\u00ebt ulqinak\u00eb akuzojn\u00eb nj\u00ebri tjetrin - Lajme nga Ulqini","og_description":"Ulqin, 26 gusht - Braktisja e kat\u00ebr k\u00ebshilltar\u00ebve t\u00eb deg\u00ebs s\u00eb Unionit Demokratik t\u00eb Shqiptar\u00ebve \/UDSH\/ p\u00ebr An\u00ebn e Malit t\u00eb Ulqinit, zyrtar\u00ebt e k\u00ebsaj","og_url":"https:\/\/www.visit-ulcinj.com\/blog\/2011\/08\/26\/ish-pushtetaret-ulqinake-akuzojne-njeri-tjetrin\/","og_site_name":"Lajme nga Ulqini","article_published_time":"2011-08-26T13:27:13+00:00","article_modified_time":"2011-08-26T13:30:28+00:00","og_image":[{"url":"http:\/\/www.visit-ulcinj.com\/blog\/wp-content\/uploads\/2011\/08\/pushtetar%C3%ABt-ulqinak%C3%AB-akuzojn%C3%AB-nj%C3%ABri-tjetrin.jpg"}],"twitter_misc":{"Written by":"ulqini","Est. reading time":"2 minutes"},"schema":{"@context":"https:\/\/schema.org","@graph":[{"@type":"WebSite","@id":"https:\/\/www.visit-ulcinj.com\/blog\/#website","url":"https:\/\/www.visit-ulcinj.com\/blog\/","name":"Lajme nga Ulqini","description":"Lajme,Vijesti,Ulqini,Ulqin,Crna Gora,Mali i Zi","potentialAction":[{"@type":"SearchAction","target":{"@type":"EntryPoint","urlTemplate":"https:\/\/www.visit-ulcinj.com\/blog\/?s={search_term_string}"},"query-input":"required name=search_term_string"}],"inLanguage":"en-US"},{"@type":"ImageObject","inLanguage":"en-US","@id":"https:\/\/www.visit-ulcinj.com\/blog\/2011\/08\/26\/ish-pushtetaret-ulqinake-akuzojne-njeri-tjetrin\/#primaryimage","url":"http:\/\/www.visit-ulcinj.com\/blog\/wp-content\/uploads\/2011\/08\/pushtetar%C3%ABt-ulqinak%C3%AB-akuzojn%C3%AB-nj%C3%ABri-tjetrin.jpg","contentUrl":"http:\/\/www.visit-ulcinj.com\/blog\/wp-content\/uploads\/2011\/08\/pushtetar%C3%ABt-ulqinak%C3%AB-akuzojn%C3%AB-nj%C3%ABri-tjetrin.jpg"},{"@type":"WebPage","@id":"https:\/\/www.visit-ulcinj.com\/blog\/2011\/08\/26\/ish-pushtetaret-ulqinake-akuzojne-njeri-tjetrin\/#webpage","url":"https:\/\/www.visit-ulcinj.com\/blog\/2011\/08\/26\/ish-pushtetaret-ulqinake-akuzojne-njeri-tjetrin\/","name":"Ish-pushtetar\u00ebt ulqinak\u00eb akuzojn\u00eb nj\u00ebri tjetrin - Lajme nga Ulqini","isPartOf":{"@id":"https:\/\/www.visit-ulcinj.com\/blog\/#website"},"primaryImageOfPage":{"@id":"https:\/\/www.visit-ulcinj.com\/blog\/2011\/08\/26\/ish-pushtetaret-ulqinake-akuzojne-njeri-tjetrin\/#primaryimage"},"datePublished":"2011-08-26T13:27:13+00:00","dateModified":"2011-08-26T13:30:28+00:00","author":{"@id":"https:\/\/www.visit-ulcinj.com\/blog\/#\/schema\/person\/dcab619c614d3038751c63bc2aadc06d"},"description":"Ulqin, 26 gusht - Braktisja e kat\u00ebr k\u00ebshilltar\u00ebve t\u00eb deg\u00ebs s\u00eb Unionit Demokratik t\u00eb Shqiptar\u00ebve \/UDSH\/ p\u00ebr An\u00ebn e Malit t\u00eb Ulqinit, zyrtar\u00ebt e k\u00ebsaj","breadcrumb":{"@id":"https:\/\/www.visit-ulcinj.com\/blog\/2011\/08\/26\/ish-pushtetaret-ulqinake-akuzojne-njeri-tjetrin\/#breadcrumb"},"inLanguage":"en-US","potentialAction":[{"@type":"ReadAction","target":["https:\/\/www.visit-ulcinj.com\/blog\/2011\/08\/26\/ish-pushtetaret-ulqinake-akuzojne-njeri-tjetrin\/"]}]},{"@type":"BreadcrumbList","@id":"https:\/\/www.visit-ulcinj.com\/blog\/2011\/08\/26\/ish-pushtetaret-ulqinake-akuzojne-njeri-tjetrin\/#breadcrumb","itemListElement":[{"@type":"ListItem","position":1,"name":"Ish-pushtetar\u00ebt ulqinak\u00eb akuzojn\u00eb nj\u00ebri tjetrin"}]},{"@type":"Person","@id":"https:\/\/www.visit-ulcinj.com\/blog\/#\/schema\/person\/dcab619c614d3038751c63bc2aadc06d","name":"ulqini","sameAs":["http:\/\/www.visit-ulcinj.com"],"url":"https:\/\/www.visit-ulcinj.com\/blog\/author\/admin\/"}]}},"jetpack_featured_media_url":"","jetpack_sharing_enabled":true,"jetpack_shortlink":"https:\/\/wp.me\/pe6lTn-d4y","_links":{"self":[{"href":"https:\/\/www.visit-ulcinj.com\/blog\/wp-json\/wp\/v2\/posts\/50254"}],"collection":[{"href":"https:\/\/www.visit-ulcinj.com\/blog\/wp-json\/wp\/v2\/posts"}],"about":[{"href":"https:\/\/www.visit-ulcinj.com\/blog\/wp-json\/wp\/v2\/types\/post"}],"author":[{"embeddable":true,"href":"https:\/\/www.visit-ulcinj.com\/blog\/wp-json\/wp\/v2\/users\/1"}],"replies":[{"embeddable":true,"href":"https:\/\/www.visit-ulcinj.com\/blog\/wp-json\/wp\/v2\/comments?post=50254"}],"version-history":[{"count":7,"href":"https:\/\/www.visit-ulcinj.com\/blog\/wp-json\/wp\/v2\/posts\/50254\/revisions"}],"predecessor-version":[{"id":50263,"href":"https:\/\/www.visit-ulcinj.com\/blog\/wp-json\/wp\/v2\/posts\/50254\/revisions\/50263"}],"wp:attachment":[{"href":"https:\/\/www.visit-ulcinj.com\/blog\/wp-json\/wp\/v2\/media?parent=50254"}],"wp:term":[{"taxonomy":"category","embeddable":true,"href":"https:\/\/www.visit-ulcinj.com\/blog\/wp-json\/wp\/v2\/categories?post=50254"},{"taxonomy":"post_tag","embeddable":true,"href":"https:\/\/www.visit-ulcinj.com\/blog\/wp-json\/wp\/v2\/tags?post=50254"}],"curies":[{"name":"wp","href":"https:\/\/api.w.org\/{rel}","templated":true}]}}