{"id":5026,"date":"2008-10-22T12:00:54","date_gmt":"2008-10-22T17:00:54","guid":{"rendered":"http:\/\/www.visit-ulcinj.com\/blog\/?p=5026"},"modified":"2008-10-22T12:51:06","modified_gmt":"2008-10-22T17:51:06","slug":"devastacija-obala-rijeke-bojane-i-ade-boja","status":"publish","type":"post","link":"https:\/\/www.visit-ulcinj.com\/blog\/2008\/10\/22\/devastacija-obala-rijeke-bojane-i-ade-boja\/","title":{"rendered":"Devastacija obala rijeke Bojane i Ade Boja"},"content":{"rendered":"<p><a href=\"http:\/\/www.urbanizam.info\/AdaBojana\/Page.htm\"><img loading=\"lazy\" class=\"alignleft\" title=\"  Devastacija obala rijeke Bojane i Ade Bojane\" src=\"http:\/\/www.urbanizam.info\/images\/Ada-front2.jpg\" alt=\"\" width=\"511\" height=\"94\" \/><\/a>U\u0161ce rijeke Bojane u Jadransko more koje je nizom dokumenata, ukljucujuci i Prostorni plan Crne Gore za\u0161ticeno kao rezervat prirode i zona za posmatranje ptica, posljednih mjeseci polako nestaje pod naletima gradevinskih ma\u0161ina lokalnih preduzetnika. Prostornim planom Crne Gore i Generalnim konceptom za Veliku pla\u017eu, upravo ovaj dio samog kraja Velike pla\u017ee je za\u0161ticen kao stani\u0161te ptica i mocvarno podrucje gdje je bilo kakva gradnja najstro\u017eije zabranjena.<a href=\"http:\/\/www.urbanizam.info\/AdaBojana\/Ada\/mapa-velika.jpg\"><img loading=\"lazy\" class=\"alignright\" title=\"ada bojana\" src=\"http:\/\/www.urbanizam.info\/AdaBojana\/Ada\/mapa-mala.jpg\" alt=\"\" width=\"200\" height=\"164\" \/><\/a><br \/>\nSamo u toku jula i avgusta, na hiljade kvadratnih metara mocvarnog stani\u0161ta ptica uz samo korito rijeke Bojane je napadnuto gradevinskim ma\u0161inama kojima se prvo ravna teren a nakon toga tako uredene parcele prodaju zainteresovanim kupcima koji su na nekim lokacijama vec zapoceli izgradnju objekata.<br \/>\nNa slici se oznacene <strong><a title=\"ada bojana\" href=\"http:\/\/www.urbanizam.info\/AdaBojana\/Ada\/mapa-velika.jpg\" target=\"_blank\">ZONE<\/a> <\/strong>na rijeci Bojani i na samom ostrvu koje su posebno pogodjene nelegalnom gradnjom.<br \/>\nNakon pritiska MANS-a putem medija i objavljivanja informacije da postoji sumnja da su u kompletni &#8220;posao&#8221; uzurpiranja drzavne imovine na Bojani umijesani i lokalni policijski sluzbenici, nadlezne inspekcije u saradnji sa policijom su sredinom septembra otpoceli akciju uklanjanja nelegalnih objekata na rijeci Bojani.<br \/>\n<a title=\"ada bojana\" href=\"http:\/\/www.urbanizam.info\/AdaBojana\/Page.htm\" target=\"_blank\"><strong>KATALOG OBJEKATA NA ADI BOJANI<\/strong><\/a><br \/>\n<a href=\"http:\/\/www.urbanizam.info\/AdaBojana\/Page.htm\"><img loading=\"lazy\" class=\"alignleft\" title=\"ada bojana\" src=\"http:\/\/www.urbanizam.info\/AdaBojana\/Ada\/katalog.jpg\" alt=\"\" width=\"192\" height=\"140\" \/><\/a>Katalog objekata na rijeci Bojani sadr\u017ei podatke o 420 objekata koji su sagradeni tokom nekoliko prethodnih godina. Prema onome \u0161to je vec saop\u0161teno u javnosti, katalog sadr\u017ei popis objekata koji su sagradeni do prethodne godine i ne ukljucuju one objekte koji su gradeni tokom ove turisticke sezone.<br \/>\nPrema podacima koje MANS posjeduje, na Adi Bojani je do ove sezone izgradeno preko 18.500 m2 korisnog prostora, \u0161to upucuje na zakljucak da se prosjecna velicina kucice za odmor na Bojani krece oko 50m2, dok se u pojedinim slucajevima radi o objektima koji imaju i po vi\u0161e od 200m2.<br \/>\nInformacije do kojih je MANS do\u0161ao ukazuju i na cinjenicu da ukupna povr\u0161ina uzurpiranog dr\u017eavnog zemlji\u0161ta u zoni morskog dobra iznosi najmanje 30.000 m2, a ona ne ukljucuje pristupne puteve do pomenutih vikendica kao ni ogroman broj slucajeva uzurpacije koji su se desili samo ovoga ljeta a koji nisu evidentirani u katalogu Morskog Dobra.<\/p>\n<p>Ovdje mo\u017eete pogledati <strong><a title=\"ada bojana\" href=\"http:\/\/www.urbanizam.info\/AdaBojana\/Ada\/Mapa_Bojana.pdf\" target=\"_blank\">MAPU lokacija<\/a><\/strong> na kojima se nalaze objekti iz kataloga.<\/p>\n<p>Ovdje mo\u017eete pogledati <strong><a title=\"ada bojana\" href=\"http:\/\/www.urbanizam.info\/AdaBojana\/Page.htm\" target=\"_blank\">KATALOG OBJEKATA NA ADI BOJANI<\/a><\/strong>.<\/p>\n<p>Ovdje mo\u017eete preuzeti Katalog u Zip formatu. <a title=\"ada bojana\" href=\"http:\/\/www.urbanizam.info\/AdaBojana\/katalog-adabojana.zip\" target=\"_blank\"><strong>DOWNLOAD<\/strong> <\/a>(velicina dokumenta <strong><a title=\"ada bojana\" href=\"http:\/\/www.urbanizam.info\/AdaBojana\/katalog-adabojana.zip\" target=\"_blank\">37.5 MB<\/a><\/strong>)<br \/>\n<strong>Izvor \/ Mans<\/strong><\/p>\n","protected":false},"excerpt":{"rendered":"<p>U\u0161ce rijeke Bojane u Jadransko more koje je nizom dokumenata, ukljucujuci i Prostorni plan Crne Gore za\u0161ticeno kao rezervat prirode i zona za posmatranje ptica, posljednih mjeseci polako nestaje pod naletima gradevinskih ma\u0161ina lokalnih preduzetnika. Prostornim planom Crne Gore i Generalnim konceptom za Veliku pla\u017eu, upravo ovaj dio samog kraja Velike pla\u017ee je za\u0161ticen kao [&hellip;]<\/p>\n","protected":false},"author":1,"featured_media":0,"comment_status":"open","ping_status":"closed","sticky":false,"template":"","format":"standard","meta":{"spay_email":"","jetpack_publicize_message":"","jetpack_is_tweetstorm":false,"jetpack_publicize_feature_enabled":true},"categories":[8,12],"tags":[138,20,4823,4824,4825,19],"jetpack_publicize_connections":[],"yoast_head":"<!-- This site is optimized with the Yoast SEO plugin v19.1 - https:\/\/yoast.com\/wordpress\/plugins\/seo\/ -->\n<title>Devastacija obala rijeke Bojane i Ade Boja - Lajme nga Ulqini<\/title>\n<meta name=\"description\" content=\"U\u0161ce rijeke Bojane u Jadransko more koje je nizom dokumenata, ukljucujuci i Prostorni plan Crne Gore za\u0161ticeno kao rezervat prirode i zona za posmatranje\" \/>\n<meta name=\"robots\" content=\"index, follow, max-snippet:-1, max-image-preview:large, max-video-preview:-1\" \/>\n<link rel=\"canonical\" href=\"https:\/\/www.visit-ulcinj.com\/blog\/2008\/10\/22\/devastacija-obala-rijeke-bojane-i-ade-boja\/\" \/>\n<meta property=\"og:locale\" content=\"en_US\" \/>\n<meta property=\"og:type\" content=\"article\" \/>\n<meta property=\"og:title\" content=\"Devastacija obala rijeke Bojane i Ade Boja - Lajme nga Ulqini\" \/>\n<meta property=\"og:description\" content=\"U\u0161ce rijeke Bojane u Jadransko more koje je nizom dokumenata, ukljucujuci i Prostorni plan Crne Gore za\u0161ticeno kao rezervat prirode i zona za posmatranje\" \/>\n<meta property=\"og:url\" content=\"https:\/\/www.visit-ulcinj.com\/blog\/2008\/10\/22\/devastacija-obala-rijeke-bojane-i-ade-boja\/\" \/>\n<meta property=\"og:site_name\" content=\"Lajme nga Ulqini\" \/>\n<meta property=\"article:published_time\" content=\"2008-10-22T17:00:54+00:00\" \/>\n<meta property=\"article:modified_time\" content=\"2008-10-22T17:51:06+00:00\" \/>\n<meta property=\"og:image\" content=\"http:\/\/www.urbanizam.info\/images\/Ada-front2.jpg\" \/>\n<meta name=\"twitter:label1\" content=\"Written by\" \/>\n\t<meta name=\"twitter:data1\" content=\"ulqini\" \/>\n\t<meta name=\"twitter:label2\" content=\"Est. reading time\" \/>\n\t<meta name=\"twitter:data2\" content=\"2 minutes\" \/>\n<script type=\"application\/ld+json\" class=\"yoast-schema-graph\">{\"@context\":\"https:\/\/schema.org\",\"@graph\":[{\"@type\":\"WebSite\",\"@id\":\"https:\/\/www.visit-ulcinj.com\/blog\/#website\",\"url\":\"https:\/\/www.visit-ulcinj.com\/blog\/\",\"name\":\"Lajme nga Ulqini\",\"description\":\"Lajme,Vijesti,Ulqini,Ulqin,Crna Gora,Mali i Zi\",\"potentialAction\":[{\"@type\":\"SearchAction\",\"target\":{\"@type\":\"EntryPoint\",\"urlTemplate\":\"https:\/\/www.visit-ulcinj.com\/blog\/?s={search_term_string}\"},\"query-input\":\"required name=search_term_string\"}],\"inLanguage\":\"en-US\"},{\"@type\":\"ImageObject\",\"inLanguage\":\"en-US\",\"@id\":\"https:\/\/www.visit-ulcinj.com\/blog\/2008\/10\/22\/devastacija-obala-rijeke-bojane-i-ade-boja\/#primaryimage\",\"url\":\"http:\/\/www.urbanizam.info\/images\/Ada-front2.jpg\",\"contentUrl\":\"http:\/\/www.urbanizam.info\/images\/Ada-front2.jpg\"},{\"@type\":\"WebPage\",\"@id\":\"https:\/\/www.visit-ulcinj.com\/blog\/2008\/10\/22\/devastacija-obala-rijeke-bojane-i-ade-boja\/#webpage\",\"url\":\"https:\/\/www.visit-ulcinj.com\/blog\/2008\/10\/22\/devastacija-obala-rijeke-bojane-i-ade-boja\/\",\"name\":\"Devastacija obala rijeke Bojane i Ade Boja - Lajme nga Ulqini\",\"isPartOf\":{\"@id\":\"https:\/\/www.visit-ulcinj.com\/blog\/#website\"},\"primaryImageOfPage\":{\"@id\":\"https:\/\/www.visit-ulcinj.com\/blog\/2008\/10\/22\/devastacija-obala-rijeke-bojane-i-ade-boja\/#primaryimage\"},\"datePublished\":\"2008-10-22T17:00:54+00:00\",\"dateModified\":\"2008-10-22T17:51:06+00:00\",\"author\":{\"@id\":\"https:\/\/www.visit-ulcinj.com\/blog\/#\/schema\/person\/dcab619c614d3038751c63bc2aadc06d\"},\"description\":\"U\u0161ce rijeke Bojane u Jadransko more koje je nizom dokumenata, ukljucujuci i Prostorni plan Crne Gore za\u0161ticeno kao rezervat prirode i zona za posmatranje\",\"breadcrumb\":{\"@id\":\"https:\/\/www.visit-ulcinj.com\/blog\/2008\/10\/22\/devastacija-obala-rijeke-bojane-i-ade-boja\/#breadcrumb\"},\"inLanguage\":\"en-US\",\"potentialAction\":[{\"@type\":\"ReadAction\",\"target\":[\"https:\/\/www.visit-ulcinj.com\/blog\/2008\/10\/22\/devastacija-obala-rijeke-bojane-i-ade-boja\/\"]}]},{\"@type\":\"BreadcrumbList\",\"@id\":\"https:\/\/www.visit-ulcinj.com\/blog\/2008\/10\/22\/devastacija-obala-rijeke-bojane-i-ade-boja\/#breadcrumb\",\"itemListElement\":[{\"@type\":\"ListItem\",\"position\":1,\"name\":\"Devastacija obala rijeke Bojane i Ade Boja\"}]},{\"@type\":\"Person\",\"@id\":\"https:\/\/www.visit-ulcinj.com\/blog\/#\/schema\/person\/dcab619c614d3038751c63bc2aadc06d\",\"name\":\"ulqini\",\"sameAs\":[\"http:\/\/www.visit-ulcinj.com\"],\"url\":\"https:\/\/www.visit-ulcinj.com\/blog\/author\/admin\/\"}]}<\/script>\n<!-- \/ Yoast SEO plugin. -->","yoast_head_json":{"title":"Devastacija obala rijeke Bojane i Ade Boja - Lajme nga Ulqini","description":"U\u0161ce rijeke Bojane u Jadransko more koje je nizom dokumenata, ukljucujuci i Prostorni plan Crne Gore za\u0161ticeno kao rezervat prirode i zona za posmatranje","robots":{"index":"index","follow":"follow","max-snippet":"max-snippet:-1","max-image-preview":"max-image-preview:large","max-video-preview":"max-video-preview:-1"},"canonical":"https:\/\/www.visit-ulcinj.com\/blog\/2008\/10\/22\/devastacija-obala-rijeke-bojane-i-ade-boja\/","og_locale":"en_US","og_type":"article","og_title":"Devastacija obala rijeke Bojane i Ade Boja - Lajme nga Ulqini","og_description":"U\u0161ce rijeke Bojane u Jadransko more koje je nizom dokumenata, ukljucujuci i Prostorni plan Crne Gore za\u0161ticeno kao rezervat prirode i zona za posmatranje","og_url":"https:\/\/www.visit-ulcinj.com\/blog\/2008\/10\/22\/devastacija-obala-rijeke-bojane-i-ade-boja\/","og_site_name":"Lajme nga Ulqini","article_published_time":"2008-10-22T17:00:54+00:00","article_modified_time":"2008-10-22T17:51:06+00:00","og_image":[{"url":"http:\/\/www.urbanizam.info\/images\/Ada-front2.jpg"}],"twitter_misc":{"Written by":"ulqini","Est. reading time":"2 minutes"},"schema":{"@context":"https:\/\/schema.org","@graph":[{"@type":"WebSite","@id":"https:\/\/www.visit-ulcinj.com\/blog\/#website","url":"https:\/\/www.visit-ulcinj.com\/blog\/","name":"Lajme nga Ulqini","description":"Lajme,Vijesti,Ulqini,Ulqin,Crna Gora,Mali i Zi","potentialAction":[{"@type":"SearchAction","target":{"@type":"EntryPoint","urlTemplate":"https:\/\/www.visit-ulcinj.com\/blog\/?s={search_term_string}"},"query-input":"required name=search_term_string"}],"inLanguage":"en-US"},{"@type":"ImageObject","inLanguage":"en-US","@id":"https:\/\/www.visit-ulcinj.com\/blog\/2008\/10\/22\/devastacija-obala-rijeke-bojane-i-ade-boja\/#primaryimage","url":"http:\/\/www.urbanizam.info\/images\/Ada-front2.jpg","contentUrl":"http:\/\/www.urbanizam.info\/images\/Ada-front2.jpg"},{"@type":"WebPage","@id":"https:\/\/www.visit-ulcinj.com\/blog\/2008\/10\/22\/devastacija-obala-rijeke-bojane-i-ade-boja\/#webpage","url":"https:\/\/www.visit-ulcinj.com\/blog\/2008\/10\/22\/devastacija-obala-rijeke-bojane-i-ade-boja\/","name":"Devastacija obala rijeke Bojane i Ade Boja - Lajme nga Ulqini","isPartOf":{"@id":"https:\/\/www.visit-ulcinj.com\/blog\/#website"},"primaryImageOfPage":{"@id":"https:\/\/www.visit-ulcinj.com\/blog\/2008\/10\/22\/devastacija-obala-rijeke-bojane-i-ade-boja\/#primaryimage"},"datePublished":"2008-10-22T17:00:54+00:00","dateModified":"2008-10-22T17:51:06+00:00","author":{"@id":"https:\/\/www.visit-ulcinj.com\/blog\/#\/schema\/person\/dcab619c614d3038751c63bc2aadc06d"},"description":"U\u0161ce rijeke Bojane u Jadransko more koje je nizom dokumenata, ukljucujuci i Prostorni plan Crne Gore za\u0161ticeno kao rezervat prirode i zona za posmatranje","breadcrumb":{"@id":"https:\/\/www.visit-ulcinj.com\/blog\/2008\/10\/22\/devastacija-obala-rijeke-bojane-i-ade-boja\/#breadcrumb"},"inLanguage":"en-US","potentialAction":[{"@type":"ReadAction","target":["https:\/\/www.visit-ulcinj.com\/blog\/2008\/10\/22\/devastacija-obala-rijeke-bojane-i-ade-boja\/"]}]},{"@type":"BreadcrumbList","@id":"https:\/\/www.visit-ulcinj.com\/blog\/2008\/10\/22\/devastacija-obala-rijeke-bojane-i-ade-boja\/#breadcrumb","itemListElement":[{"@type":"ListItem","position":1,"name":"Devastacija obala rijeke Bojane i Ade Boja"}]},{"@type":"Person","@id":"https:\/\/www.visit-ulcinj.com\/blog\/#\/schema\/person\/dcab619c614d3038751c63bc2aadc06d","name":"ulqini","sameAs":["http:\/\/www.visit-ulcinj.com"],"url":"https:\/\/www.visit-ulcinj.com\/blog\/author\/admin\/"}]}},"jetpack_featured_media_url":"","jetpack_sharing_enabled":true,"jetpack_shortlink":"https:\/\/wp.me\/pe6lTn-1j4","_links":{"self":[{"href":"https:\/\/www.visit-ulcinj.com\/blog\/wp-json\/wp\/v2\/posts\/5026"}],"collection":[{"href":"https:\/\/www.visit-ulcinj.com\/blog\/wp-json\/wp\/v2\/posts"}],"about":[{"href":"https:\/\/www.visit-ulcinj.com\/blog\/wp-json\/wp\/v2\/types\/post"}],"author":[{"embeddable":true,"href":"https:\/\/www.visit-ulcinj.com\/blog\/wp-json\/wp\/v2\/users\/1"}],"replies":[{"embeddable":true,"href":"https:\/\/www.visit-ulcinj.com\/blog\/wp-json\/wp\/v2\/comments?post=5026"}],"version-history":[{"count":0,"href":"https:\/\/www.visit-ulcinj.com\/blog\/wp-json\/wp\/v2\/posts\/5026\/revisions"}],"wp:attachment":[{"href":"https:\/\/www.visit-ulcinj.com\/blog\/wp-json\/wp\/v2\/media?parent=5026"}],"wp:term":[{"taxonomy":"category","embeddable":true,"href":"https:\/\/www.visit-ulcinj.com\/blog\/wp-json\/wp\/v2\/categories?post=5026"},{"taxonomy":"post_tag","embeddable":true,"href":"https:\/\/www.visit-ulcinj.com\/blog\/wp-json\/wp\/v2\/tags?post=5026"}],"curies":[{"name":"wp","href":"https:\/\/api.w.org\/{rel}","templated":true}]}}