{"id":50290,"date":"2011-08-28T18:15:12","date_gmt":"2011-08-28T17:15:12","guid":{"rendered":"http:\/\/www.visit-ulcinj.com\/blog\/?p=50290"},"modified":"2011-08-29T18:49:37","modified_gmt":"2011-08-29T17:49:37","slug":"aktivitet-i-gjithanshem-ne-terren-te-imameve-te-ulqinit","status":"publish","type":"post","link":"https:\/\/www.visit-ulcinj.com\/blog\/2011\/08\/28\/aktivitet-i-gjithanshem-ne-terren-te-imameve-te-ulqinit\/","title":{"rendered":"Aktivitet i gjithansh\u00ebm n\u00eb terren t\u00eb imam\u00ebve t\u00eb Ulqinit"},"content":{"rendered":"<p><a href=\"http:\/\/www.visit-ulcinj.com\/blog\/wp-content\/uploads\/2011\/08\/Aktivitetet-e-imameve-te-ulqinit-me-xhemat.1.jpg\"><img loading=\"lazy\" class=\"alignleft size-full wp-image-50291\" title=\"Aktivitetet e imameve te ulqinit me xhemat.1\" src=\"http:\/\/www.visit-ulcinj.com\/blog\/wp-content\/uploads\/2011\/08\/Aktivitetet-e-imameve-te-ulqinit-me-xhemat.1.jpg\" alt=\"\" width=\"508\" height=\"380\" srcset=\"https:\/\/www.visit-ulcinj.com\/blog\/wp-content\/uploads\/2011\/08\/Aktivitetet-e-imameve-te-ulqinit-me-xhemat.1.jpg 720w, https:\/\/www.visit-ulcinj.com\/blog\/wp-content\/uploads\/2011\/08\/Aktivitetet-e-imameve-te-ulqinit-me-xhemat.1-300x225.jpg 300w\" sizes=\"(max-width: 508px) 100vw, 508px\" \/><\/a>Ka vazhduar aktiviteti i ekipit t\u00eb ramazanit n\u00eb K\u00ebshillat e Bashk\u00ebsis\u00eb Islame t\u00eb Ulqinit,An\u00ebs s\u00eb Malit,respektivisht n\u00ebp\u00ebr xhamit\u00eb an\u00eb e k\u00ebnd Malit t\u00eb Zi, ku s\u00eb bashku me strukturat e k\u00ebshillave vendore dhe imam\u00ebt n\u00ebp\u00ebr xhami, p\u00ebrfaq\u00ebsuesit e ekipit t\u00eb ramazanit kan\u00eb qen\u00eb pran besimtar\u00ebve n\u00eb k\u00ebto dit\u00eb t\u00eb agj\u00ebrimit t\u00eb muajit t\u00eb madh\u00ebruar t\u00eb ramazanit sherif.<br \/>\n<a href=\"http:\/\/www.visit-ulcinj.com\/blog\/wp-content\/uploads\/2011\/08\/Aktivitetet-e-imameve-te-ulqinit-me-xhemat.4.jpg\"><img loading=\"lazy\" class=\"alignleft size-full wp-image-50294\" title=\"Aktivitetet e imameve te ulqinit me xhemat.4\" src=\"http:\/\/www.visit-ulcinj.com\/blog\/wp-content\/uploads\/2011\/08\/Aktivitetet-e-imameve-te-ulqinit-me-xhemat.4.jpg\" alt=\"\" width=\"508\" height=\"340\" \/><\/a><\/p>\n<p>\u00c7dokund q\u00eb jan\u00eb paraqitur p\u00ebrfaq\u00ebsuesit e Kryesis\u00eb s\u00eb Bashk\u00ebsis\u00eb Islame t\u00eb Ulqinit dhe institucioneve t\u00eb saja, kan\u00eb mbajtur ligj\u00ebrata tematike kushtuar Muajit t\u00eb Ramazanit para namazit t\u00eb teravive, nd\u00ebrsa n\u00eb namazin e xhumas\u00eb, p\u00ebrpos derseve, kan\u00eb mbajtur hytbe. Aktiviteti i ekipit t\u00eb Ramazanit \u00ebsht\u00eb i koordinuar me k\u00ebshillat vendor, nd\u00ebrsa temat e shtjelluar nga teolog\u00ebt i p\u00ebrgjigjen muajit t\u00eb Ramazanit, si agj\u00ebrimi, kushtet e agj\u00ebrimit, dimensionet e agj\u00ebrimit, dobit\u00eb e agj\u00ebrimit, Ramazani muaji i Kuranit, Ramazani muaj i fitoreve, agj\u00ebrimi fisnik\u00ebrim i besimtarit, dimensioni social i agj\u00ebrimit, pastaj tema p\u00ebr r\u00ebnd\u00ebsin\u00eb q\u00eb ka sadakatul-fitit, zeqati, solidariteti, kujdesi ndaj skamnor\u00ebve etj.<\/p>\n<p><a href=\"http:\/\/www.facebook.com\/media\/set\/?set=a.2291674735551.2136744.1359492972&amp;type=1\" target=\"_blank\"><strong>Fotografijat nga Ismet Karamanaga Facebook<\/strong><\/a><br \/>\n\n\t\t<style type=\"text\/css\">\n\t\t\t#gallery-1 {\n\t\t\t\tmargin: auto;\n\t\t\t}\n\t\t\t#gallery-1 .gallery-item {\n\t\t\t\tfloat: left;\n\t\t\t\tmargin-top: 10px;\n\t\t\t\ttext-align: center;\n\t\t\t\twidth: 33%;\n\t\t\t}\n\t\t\t#gallery-1 img {\n\t\t\t\tborder: 2px solid #cfcfcf;\n\t\t\t}\n\t\t\t#gallery-1 .gallery-caption {\n\t\t\t\tmargin-left: 0;\n\t\t\t}\n\t\t\t\/* see gallery_shortcode() in wp-includes\/media.php *\/\n\t\t<\/style>\n\t\t<div id='gallery-1' class='gallery galleryid-50290 gallery-columns-3 gallery-size-thumbnail'><dl class='gallery-item'>\n\t\t\t<dt class='gallery-icon landscape'>\n\t\t\t\t<a href='https:\/\/www.visit-ulcinj.com\/blog\/wp-content\/uploads\/2011\/08\/Aktivitetet-e-imameve-te-ulqinit-me-xhemat.1.jpg'><img width=\"150\" height=\"150\" src=\"https:\/\/www.visit-ulcinj.com\/blog\/wp-content\/uploads\/2011\/08\/Aktivitetet-e-imameve-te-ulqinit-me-xhemat.1-150x150.jpg\" class=\"attachment-thumbnail size-thumbnail\" alt=\"\" loading=\"lazy\" \/><\/a>\n\t\t\t<\/dt><\/dl><dl class='gallery-item'>\n\t\t\t<dt class='gallery-icon landscape'>\n\t\t\t\t<a href='https:\/\/www.visit-ulcinj.com\/blog\/wp-content\/uploads\/2011\/08\/Aktivitetet-e-imameve-te-ulqinit-me-xhemat.2.jpg'><img width=\"150\" height=\"150\" src=\"https:\/\/www.visit-ulcinj.com\/blog\/wp-content\/uploads\/2011\/08\/Aktivitetet-e-imameve-te-ulqinit-me-xhemat.2-150x150.jpg\" class=\"attachment-thumbnail size-thumbnail\" alt=\"\" loading=\"lazy\" \/><\/a>\n\t\t\t<\/dt><\/dl><dl class='gallery-item'>\n\t\t\t<dt class='gallery-icon landscape'>\n\t\t\t\t<a href='https:\/\/www.visit-ulcinj.com\/blog\/wp-content\/uploads\/2011\/08\/Aktivitetet-e-imameve-te-ulqinit-me-xhemat.3.jpg'><img width=\"150\" height=\"150\" src=\"https:\/\/www.visit-ulcinj.com\/blog\/wp-content\/uploads\/2011\/08\/Aktivitetet-e-imameve-te-ulqinit-me-xhemat.3-150x150.jpg\" class=\"attachment-thumbnail size-thumbnail\" alt=\"\" loading=\"lazy\" \/><\/a>\n\t\t\t<\/dt><\/dl><br style=\"clear: both\" \/><dl class='gallery-item'>\n\t\t\t<dt class='gallery-icon landscape'>\n\t\t\t\t<a href='https:\/\/www.visit-ulcinj.com\/blog\/wp-content\/uploads\/2011\/08\/Aktivitetet-e-imameve-te-ulqinit-me-xhemat.4.jpg'><img width=\"150\" height=\"150\" src=\"https:\/\/www.visit-ulcinj.com\/blog\/wp-content\/uploads\/2011\/08\/Aktivitetet-e-imameve-te-ulqinit-me-xhemat.4-150x150.jpg\" class=\"attachment-thumbnail size-thumbnail\" alt=\"\" loading=\"lazy\" \/><\/a>\n\t\t\t<\/dt><\/dl><dl class='gallery-item'>\n\t\t\t<dt class='gallery-icon landscape'>\n\t\t\t\t<a href='https:\/\/www.visit-ulcinj.com\/blog\/wp-content\/uploads\/2011\/08\/Aktivitetet-e-imameve-te-ulqinit-me-xhemat.5.jpg'><img width=\"150\" height=\"150\" src=\"https:\/\/www.visit-ulcinj.com\/blog\/wp-content\/uploads\/2011\/08\/Aktivitetet-e-imameve-te-ulqinit-me-xhemat.5-150x150.jpg\" class=\"attachment-thumbnail size-thumbnail\" alt=\"\" loading=\"lazy\" \/><\/a>\n\t\t\t<\/dt><\/dl><dl class='gallery-item'>\n\t\t\t<dt class='gallery-icon landscape'>\n\t\t\t\t<a href='https:\/\/www.visit-ulcinj.com\/blog\/wp-content\/uploads\/2011\/08\/Aktivitetet-e-imameve-te-ulqinit-me-xhemat.6.jpg'><img width=\"150\" height=\"150\" src=\"https:\/\/www.visit-ulcinj.com\/blog\/wp-content\/uploads\/2011\/08\/Aktivitetet-e-imameve-te-ulqinit-me-xhemat.6-150x150.jpg\" class=\"attachment-thumbnail size-thumbnail\" alt=\"\" loading=\"lazy\" \/><\/a>\n\t\t\t<\/dt><\/dl><br style=\"clear: both\" \/><dl class='gallery-item'>\n\t\t\t<dt class='gallery-icon landscape'>\n\t\t\t\t<a href='https:\/\/www.visit-ulcinj.com\/blog\/wp-content\/uploads\/2011\/08\/Aktivitetet-e-imameve-te-ulqinit-me-xhemat.7.jpg'><img width=\"150\" height=\"150\" src=\"https:\/\/www.visit-ulcinj.com\/blog\/wp-content\/uploads\/2011\/08\/Aktivitetet-e-imameve-te-ulqinit-me-xhemat.7-150x150.jpg\" class=\"attachment-thumbnail size-thumbnail\" alt=\"\" loading=\"lazy\" \/><\/a>\n\t\t\t<\/dt><\/dl><dl class='gallery-item'>\n\t\t\t<dt class='gallery-icon portrait'>\n\t\t\t\t<a href='https:\/\/www.visit-ulcinj.com\/blog\/wp-content\/uploads\/2011\/08\/Aktivitetet-e-imameve-te-ulqinit-me-xhemat.8.jpg'><img width=\"150\" height=\"150\" src=\"https:\/\/www.visit-ulcinj.com\/blog\/wp-content\/uploads\/2011\/08\/Aktivitetet-e-imameve-te-ulqinit-me-xhemat.8-150x150.jpg\" class=\"attachment-thumbnail size-thumbnail\" alt=\"\" loading=\"lazy\" \/><\/a>\n\t\t\t<\/dt><\/dl><dl class='gallery-item'>\n\t\t\t<dt class='gallery-icon landscape'>\n\t\t\t\t<a href='https:\/\/www.visit-ulcinj.com\/blog\/wp-content\/uploads\/2011\/08\/Aktivitetet-e-imameve-te-ulqinit-me-xhemat.jpg'><img width=\"150\" height=\"150\" src=\"https:\/\/www.visit-ulcinj.com\/blog\/wp-content\/uploads\/2011\/08\/Aktivitetet-e-imameve-te-ulqinit-me-xhemat-150x150.jpg\" class=\"attachment-thumbnail size-thumbnail\" alt=\"\" loading=\"lazy\" \/><\/a>\n\t\t\t<\/dt><\/dl><br style=\"clear: both\" \/>\n\t\t<\/div>\n<\/p>\n","protected":false},"excerpt":{"rendered":"<p>Ka vazhduar aktiviteti i ekipit t\u00eb ramazanit n\u00eb K\u00ebshillat e Bashk\u00ebsis\u00eb Islame t\u00eb Ulqinit,An\u00ebs s\u00eb Malit,respektivisht n\u00ebp\u00ebr xhamit\u00eb an\u00eb e k\u00ebnd Malit t\u00eb Zi, ku s\u00eb bashku me strukturat e k\u00ebshillave vendore dhe imam\u00ebt n\u00ebp\u00ebr xhami, p\u00ebrfaq\u00ebsuesit e ekipit t\u00eb ramazanit kan\u00eb qen\u00eb pran besimtar\u00ebve n\u00eb k\u00ebto dit\u00eb t\u00eb agj\u00ebrimit t\u00eb muajit t\u00eb madh\u00ebruar t\u00eb [&hellip;]<\/p>\n","protected":false},"author":1,"featured_media":0,"comment_status":"open","ping_status":"closed","sticky":false,"template":"","format":"standard","meta":{"spay_email":"","jetpack_publicize_message":"","jetpack_is_tweetstorm":false,"jetpack_publicize_feature_enabled":true},"categories":[1,13],"tags":[19045,19044],"jetpack_publicize_connections":[],"yoast_head":"<!-- This site is optimized with the Yoast SEO plugin v19.1 - https:\/\/yoast.com\/wordpress\/plugins\/seo\/ -->\n<title>Aktivitet i gjithansh\u00ebm n\u00eb terren t\u00eb imam\u00ebve t\u00eb Ulqinit - Lajme nga Ulqini<\/title>\n<meta name=\"description\" content=\"Ka vazhduar aktiviteti i ekipit t\u00eb ramazanit n\u00eb K\u00ebshillat e Bashk\u00ebsis\u00eb Islame t\u00eb Ulqinit,An\u00ebs s\u00eb Malit,respektivisht n\u00ebp\u00ebr xhamit\u00eb an\u00eb e k\u00ebnd Malit t\u00eb Zi,\" \/>\n<meta name=\"robots\" content=\"index, follow, max-snippet:-1, max-image-preview:large, max-video-preview:-1\" \/>\n<link rel=\"canonical\" href=\"https:\/\/www.visit-ulcinj.com\/blog\/2011\/08\/28\/aktivitet-i-gjithanshem-ne-terren-te-imameve-te-ulqinit\/\" \/>\n<meta property=\"og:locale\" content=\"en_US\" \/>\n<meta property=\"og:type\" content=\"article\" \/>\n<meta property=\"og:title\" content=\"Aktivitet i gjithansh\u00ebm n\u00eb terren t\u00eb imam\u00ebve t\u00eb Ulqinit - Lajme nga Ulqini\" \/>\n<meta property=\"og:description\" content=\"Ka vazhduar aktiviteti i ekipit t\u00eb ramazanit n\u00eb K\u00ebshillat e Bashk\u00ebsis\u00eb Islame t\u00eb Ulqinit,An\u00ebs s\u00eb Malit,respektivisht n\u00ebp\u00ebr xhamit\u00eb an\u00eb e k\u00ebnd Malit t\u00eb Zi,\" \/>\n<meta property=\"og:url\" content=\"https:\/\/www.visit-ulcinj.com\/blog\/2011\/08\/28\/aktivitet-i-gjithanshem-ne-terren-te-imameve-te-ulqinit\/\" \/>\n<meta property=\"og:site_name\" content=\"Lajme nga Ulqini\" \/>\n<meta property=\"article:published_time\" content=\"2011-08-28T17:15:12+00:00\" \/>\n<meta property=\"article:modified_time\" content=\"2011-08-29T17:49:37+00:00\" \/>\n<meta property=\"og:image\" content=\"https:\/\/www.visit-ulcinj.com\/blog\/wp-content\/uploads\/2011\/08\/Aktivitetet-e-imameve-te-ulqinit-me-xhemat.1-150x150.jpg\" \/>\n<meta name=\"twitter:label1\" content=\"Written by\" \/>\n\t<meta name=\"twitter:data1\" content=\"ulqini\" \/>\n\t<meta name=\"twitter:label2\" content=\"Est. reading time\" \/>\n\t<meta name=\"twitter:data2\" content=\"1 minute\" \/>\n<script type=\"application\/ld+json\" class=\"yoast-schema-graph\">{\"@context\":\"https:\/\/schema.org\",\"@graph\":[{\"@type\":\"WebSite\",\"@id\":\"https:\/\/www.visit-ulcinj.com\/blog\/#website\",\"url\":\"https:\/\/www.visit-ulcinj.com\/blog\/\",\"name\":\"Lajme nga Ulqini\",\"description\":\"Lajme,Vijesti,Ulqini,Ulqin,Crna Gora,Mali i Zi\",\"potentialAction\":[{\"@type\":\"SearchAction\",\"target\":{\"@type\":\"EntryPoint\",\"urlTemplate\":\"https:\/\/www.visit-ulcinj.com\/blog\/?s={search_term_string}\"},\"query-input\":\"required name=search_term_string\"}],\"inLanguage\":\"en-US\"},{\"@type\":\"ImageObject\",\"inLanguage\":\"en-US\",\"@id\":\"https:\/\/www.visit-ulcinj.com\/blog\/2011\/08\/28\/aktivitet-i-gjithanshem-ne-terren-te-imameve-te-ulqinit\/#primaryimage\",\"url\":\"https:\/\/www.visit-ulcinj.com\/blog\/wp-content\/uploads\/2011\/08\/Aktivitetet-e-imameve-te-ulqinit-me-xhemat.1.jpg\",\"contentUrl\":\"https:\/\/www.visit-ulcinj.com\/blog\/wp-content\/uploads\/2011\/08\/Aktivitetet-e-imameve-te-ulqinit-me-xhemat.1.jpg\",\"width\":\"720\",\"height\":\"540\"},{\"@type\":\"WebPage\",\"@id\":\"https:\/\/www.visit-ulcinj.com\/blog\/2011\/08\/28\/aktivitet-i-gjithanshem-ne-terren-te-imameve-te-ulqinit\/#webpage\",\"url\":\"https:\/\/www.visit-ulcinj.com\/blog\/2011\/08\/28\/aktivitet-i-gjithanshem-ne-terren-te-imameve-te-ulqinit\/\",\"name\":\"Aktivitet i gjithansh\u00ebm n\u00eb terren t\u00eb imam\u00ebve t\u00eb Ulqinit - Lajme nga Ulqini\",\"isPartOf\":{\"@id\":\"https:\/\/www.visit-ulcinj.com\/blog\/#website\"},\"primaryImageOfPage\":{\"@id\":\"https:\/\/www.visit-ulcinj.com\/blog\/2011\/08\/28\/aktivitet-i-gjithanshem-ne-terren-te-imameve-te-ulqinit\/#primaryimage\"},\"datePublished\":\"2011-08-28T17:15:12+00:00\",\"dateModified\":\"2011-08-29T17:49:37+00:00\",\"author\":{\"@id\":\"https:\/\/www.visit-ulcinj.com\/blog\/#\/schema\/person\/dcab619c614d3038751c63bc2aadc06d\"},\"description\":\"Ka vazhduar aktiviteti i ekipit t\u00eb ramazanit n\u00eb K\u00ebshillat e Bashk\u00ebsis\u00eb Islame t\u00eb Ulqinit,An\u00ebs s\u00eb Malit,respektivisht n\u00ebp\u00ebr xhamit\u00eb an\u00eb e k\u00ebnd Malit t\u00eb Zi,\",\"breadcrumb\":{\"@id\":\"https:\/\/www.visit-ulcinj.com\/blog\/2011\/08\/28\/aktivitet-i-gjithanshem-ne-terren-te-imameve-te-ulqinit\/#breadcrumb\"},\"inLanguage\":\"en-US\",\"potentialAction\":[{\"@type\":\"ReadAction\",\"target\":[\"https:\/\/www.visit-ulcinj.com\/blog\/2011\/08\/28\/aktivitet-i-gjithanshem-ne-terren-te-imameve-te-ulqinit\/\"]}]},{\"@type\":\"BreadcrumbList\",\"@id\":\"https:\/\/www.visit-ulcinj.com\/blog\/2011\/08\/28\/aktivitet-i-gjithanshem-ne-terren-te-imameve-te-ulqinit\/#breadcrumb\",\"itemListElement\":[{\"@type\":\"ListItem\",\"position\":1,\"name\":\"Aktivitet i gjithansh\u00ebm n\u00eb terren t\u00eb imam\u00ebve t\u00eb Ulqinit\"}]},{\"@type\":\"Person\",\"@id\":\"https:\/\/www.visit-ulcinj.com\/blog\/#\/schema\/person\/dcab619c614d3038751c63bc2aadc06d\",\"name\":\"ulqini\",\"sameAs\":[\"http:\/\/www.visit-ulcinj.com\"],\"url\":\"https:\/\/www.visit-ulcinj.com\/blog\/author\/admin\/\"}]}<\/script>\n<!-- \/ Yoast SEO plugin. -->","yoast_head_json":{"title":"Aktivitet i gjithansh\u00ebm n\u00eb terren t\u00eb imam\u00ebve t\u00eb Ulqinit - Lajme nga Ulqini","description":"Ka vazhduar aktiviteti i ekipit t\u00eb ramazanit n\u00eb K\u00ebshillat e Bashk\u00ebsis\u00eb Islame t\u00eb Ulqinit,An\u00ebs s\u00eb Malit,respektivisht n\u00ebp\u00ebr xhamit\u00eb an\u00eb e k\u00ebnd Malit t\u00eb Zi,","robots":{"index":"index","follow":"follow","max-snippet":"max-snippet:-1","max-image-preview":"max-image-preview:large","max-video-preview":"max-video-preview:-1"},"canonical":"https:\/\/www.visit-ulcinj.com\/blog\/2011\/08\/28\/aktivitet-i-gjithanshem-ne-terren-te-imameve-te-ulqinit\/","og_locale":"en_US","og_type":"article","og_title":"Aktivitet i gjithansh\u00ebm n\u00eb terren t\u00eb imam\u00ebve t\u00eb Ulqinit - Lajme nga Ulqini","og_description":"Ka vazhduar aktiviteti i ekipit t\u00eb ramazanit n\u00eb K\u00ebshillat e Bashk\u00ebsis\u00eb Islame t\u00eb Ulqinit,An\u00ebs s\u00eb Malit,respektivisht n\u00ebp\u00ebr xhamit\u00eb an\u00eb e k\u00ebnd Malit t\u00eb Zi,","og_url":"https:\/\/www.visit-ulcinj.com\/blog\/2011\/08\/28\/aktivitet-i-gjithanshem-ne-terren-te-imameve-te-ulqinit\/","og_site_name":"Lajme nga Ulqini","article_published_time":"2011-08-28T17:15:12+00:00","article_modified_time":"2011-08-29T17:49:37+00:00","og_image":[{"url":"https:\/\/www.visit-ulcinj.com\/blog\/wp-content\/uploads\/2011\/08\/Aktivitetet-e-imameve-te-ulqinit-me-xhemat.1-150x150.jpg"}],"twitter_misc":{"Written by":"ulqini","Est. reading time":"1 minute"},"schema":{"@context":"https:\/\/schema.org","@graph":[{"@type":"WebSite","@id":"https:\/\/www.visit-ulcinj.com\/blog\/#website","url":"https:\/\/www.visit-ulcinj.com\/blog\/","name":"Lajme nga Ulqini","description":"Lajme,Vijesti,Ulqini,Ulqin,Crna Gora,Mali i Zi","potentialAction":[{"@type":"SearchAction","target":{"@type":"EntryPoint","urlTemplate":"https:\/\/www.visit-ulcinj.com\/blog\/?s={search_term_string}"},"query-input":"required name=search_term_string"}],"inLanguage":"en-US"},{"@type":"ImageObject","inLanguage":"en-US","@id":"https:\/\/www.visit-ulcinj.com\/blog\/2011\/08\/28\/aktivitet-i-gjithanshem-ne-terren-te-imameve-te-ulqinit\/#primaryimage","url":"https:\/\/www.visit-ulcinj.com\/blog\/wp-content\/uploads\/2011\/08\/Aktivitetet-e-imameve-te-ulqinit-me-xhemat.1.jpg","contentUrl":"https:\/\/www.visit-ulcinj.com\/blog\/wp-content\/uploads\/2011\/08\/Aktivitetet-e-imameve-te-ulqinit-me-xhemat.1.jpg","width":"720","height":"540"},{"@type":"WebPage","@id":"https:\/\/www.visit-ulcinj.com\/blog\/2011\/08\/28\/aktivitet-i-gjithanshem-ne-terren-te-imameve-te-ulqinit\/#webpage","url":"https:\/\/www.visit-ulcinj.com\/blog\/2011\/08\/28\/aktivitet-i-gjithanshem-ne-terren-te-imameve-te-ulqinit\/","name":"Aktivitet i gjithansh\u00ebm n\u00eb terren t\u00eb imam\u00ebve t\u00eb Ulqinit - Lajme nga Ulqini","isPartOf":{"@id":"https:\/\/www.visit-ulcinj.com\/blog\/#website"},"primaryImageOfPage":{"@id":"https:\/\/www.visit-ulcinj.com\/blog\/2011\/08\/28\/aktivitet-i-gjithanshem-ne-terren-te-imameve-te-ulqinit\/#primaryimage"},"datePublished":"2011-08-28T17:15:12+00:00","dateModified":"2011-08-29T17:49:37+00:00","author":{"@id":"https:\/\/www.visit-ulcinj.com\/blog\/#\/schema\/person\/dcab619c614d3038751c63bc2aadc06d"},"description":"Ka vazhduar aktiviteti i ekipit t\u00eb ramazanit n\u00eb K\u00ebshillat e Bashk\u00ebsis\u00eb Islame t\u00eb Ulqinit,An\u00ebs s\u00eb Malit,respektivisht n\u00ebp\u00ebr xhamit\u00eb an\u00eb e k\u00ebnd Malit t\u00eb Zi,","breadcrumb":{"@id":"https:\/\/www.visit-ulcinj.com\/blog\/2011\/08\/28\/aktivitet-i-gjithanshem-ne-terren-te-imameve-te-ulqinit\/#breadcrumb"},"inLanguage":"en-US","potentialAction":[{"@type":"ReadAction","target":["https:\/\/www.visit-ulcinj.com\/blog\/2011\/08\/28\/aktivitet-i-gjithanshem-ne-terren-te-imameve-te-ulqinit\/"]}]},{"@type":"BreadcrumbList","@id":"https:\/\/www.visit-ulcinj.com\/blog\/2011\/08\/28\/aktivitet-i-gjithanshem-ne-terren-te-imameve-te-ulqinit\/#breadcrumb","itemListElement":[{"@type":"ListItem","position":1,"name":"Aktivitet i gjithansh\u00ebm n\u00eb terren t\u00eb imam\u00ebve t\u00eb Ulqinit"}]},{"@type":"Person","@id":"https:\/\/www.visit-ulcinj.com\/blog\/#\/schema\/person\/dcab619c614d3038751c63bc2aadc06d","name":"ulqini","sameAs":["http:\/\/www.visit-ulcinj.com"],"url":"https:\/\/www.visit-ulcinj.com\/blog\/author\/admin\/"}]}},"jetpack_featured_media_url":"","jetpack_sharing_enabled":true,"jetpack_shortlink":"https:\/\/wp.me\/pe6lTn-d58","_links":{"self":[{"href":"https:\/\/www.visit-ulcinj.com\/blog\/wp-json\/wp\/v2\/posts\/50290"}],"collection":[{"href":"https:\/\/www.visit-ulcinj.com\/blog\/wp-json\/wp\/v2\/posts"}],"about":[{"href":"https:\/\/www.visit-ulcinj.com\/blog\/wp-json\/wp\/v2\/types\/post"}],"author":[{"embeddable":true,"href":"https:\/\/www.visit-ulcinj.com\/blog\/wp-json\/wp\/v2\/users\/1"}],"replies":[{"embeddable":true,"href":"https:\/\/www.visit-ulcinj.com\/blog\/wp-json\/wp\/v2\/comments?post=50290"}],"version-history":[{"count":6,"href":"https:\/\/www.visit-ulcinj.com\/blog\/wp-json\/wp\/v2\/posts\/50290\/revisions"}],"predecessor-version":[{"id":50396,"href":"https:\/\/www.visit-ulcinj.com\/blog\/wp-json\/wp\/v2\/posts\/50290\/revisions\/50396"}],"wp:attachment":[{"href":"https:\/\/www.visit-ulcinj.com\/blog\/wp-json\/wp\/v2\/media?parent=50290"}],"wp:term":[{"taxonomy":"category","embeddable":true,"href":"https:\/\/www.visit-ulcinj.com\/blog\/wp-json\/wp\/v2\/categories?post=50290"},{"taxonomy":"post_tag","embeddable":true,"href":"https:\/\/www.visit-ulcinj.com\/blog\/wp-json\/wp\/v2\/tags?post=50290"}],"curies":[{"name":"wp","href":"https:\/\/api.w.org\/{rel}","templated":true}]}}