{"id":50302,"date":"2011-08-28T19:34:20","date_gmt":"2011-08-28T18:34:20","guid":{"rendered":"http:\/\/www.visit-ulcinj.com\/blog\/?p=50302"},"modified":"2011-08-29T08:51:54","modified_gmt":"2011-08-29T07:51:54","slug":"ulqinmbytet-ne-det-bashkim-rama-nga-podujeva","status":"publish","type":"post","link":"https:\/\/www.visit-ulcinj.com\/blog\/2011\/08\/28\/ulqinmbytet-ne-det-bashkim-rama-nga-podujeva\/","title":{"rendered":"Ulqin,mbytet n\u00eb det Bashkim Rama nga Podujeva"},"content":{"rendered":"<p><a href=\"http:\/\/www.visit-ulcinj.com\/blog\/wp-content\/uploads\/2011\/08\/Ada-Bojana-Ulqin.jpg\"><img loading=\"lazy\" class=\"alignleft size-full wp-image-50303\" title=\"Ada-Bojana Ulqin\" src=\"http:\/\/www.visit-ulcinj.com\/blog\/wp-content\/uploads\/2011\/08\/Ada-Bojana-Ulqin.jpg\" alt=\"\" width=\"508\" height=\"380\" \/><\/a>B\u00ebn t\u00eb ditur gazeta e p\u00ebrdit\u00ebshme Vijesti,p\u00ebr mbytjen n\u00eb det t\u00eb n\u00ebnshtetasit Kosovar Bashkim Rama 22 vje\u00e7ari nga Podujeva.Ai gjeti vdekjen n\u00eb zon\u00ebn e Gjirit t\u00eb Bun\u00ebs ku gjat\u00eb koh\u00ebs po lahej n\u00eb ujrat e k\u00ebtij plazhi me shok\u00ebt e vet b\u00ebn t\u00eb ditur gazeta Vijesti..<br \/>\nNgjarja m\u00ebsohet t\u00eb ket\u00eb ndodhur rreth or\u00ebs 13:00 nd\u00ebrsa moti ka q\u00ebn\u00eb i keq me er\u00eb, duke shkaktuar k\u00ebshtu dallg\u00eb n\u00eb det.<\/p>\n<p>Trupi i pajet\u00eb i t\u00eb riut u gjet\u00eb disa metra larg bregut t\u00eb plazhit Buna, n\u00eb nj\u00eb zon\u00eb ku dallga e detit ishte shkaku i vdekjes s\u00eb Bashkim Ram\u00ebs q\u00eb nuk dinte mir t\u00eb notoj\u00eb. Qe e kot\u00eb edhe nd\u00ebrhyrja e personelit mjek\u00ebsor t\u00eb Dr.Basri Muj\u00ebs\u00a0 q\u00eb nd\u00ebrhyri menj\u00ebher\u00eb n\u00eb vendin e ngjarjes,ku u n\u00ebnshtru ekspertiz\u00ebs mjekoligjore, e cila p\u00ebrcaktoj\u00eb edhe shkakun e vdekjes s\u00eb Bashkim Ram\u00ebs.<br \/>\nRama ishte i pun\u00ebsuar p\u00ebrkoh\u00ebsisht n\u00eb restorantin &#8220;San Marino&#8221;, si ndihm\u00ebs pun\u00ebtor n\u00eb kuzhin\u00eb.<\/p>\n","protected":false},"excerpt":{"rendered":"<p>B\u00ebn t\u00eb ditur gazeta e p\u00ebrdit\u00ebshme Vijesti,p\u00ebr mbytjen n\u00eb det t\u00eb n\u00ebnshtetasit Kosovar Bashkim Rama 22 vje\u00e7ari nga Podujeva.Ai gjeti vdekjen n\u00eb zon\u00ebn e Gjirit t\u00eb Bun\u00ebs ku gjat\u00eb koh\u00ebs po lahej n\u00eb ujrat e k\u00ebtij plazhi me shok\u00ebt e vet b\u00ebn t\u00eb ditur gazeta Vijesti.. Ngjarja m\u00ebsohet t\u00eb ket\u00eb ndodhur rreth or\u00ebs 13:00 nd\u00ebrsa [&hellip;]<\/p>\n","protected":false},"author":1,"featured_media":0,"comment_status":"open","ping_status":"closed","sticky":false,"template":"","format":"standard","meta":{"spay_email":"","jetpack_publicize_message":"","jetpack_is_tweetstorm":false,"jetpack_publicize_feature_enabled":true},"categories":[1,12],"tags":[19046,200,18],"jetpack_publicize_connections":[],"yoast_head":"<!-- This site is optimized with the Yoast SEO plugin v19.1 - https:\/\/yoast.com\/wordpress\/plugins\/seo\/ -->\n<title>Ulqin,mbytet n\u00eb det Bashkim Rama nga Podujeva - Lajme nga Ulqini<\/title>\n<meta name=\"description\" content=\"B\u00ebn t\u00eb ditur gazeta e p\u00ebrdit\u00ebshme Vijesti,p\u00ebr mbytjen n\u00eb det t\u00eb n\u00ebnshtetasit Kosovar Bashkim Rama 22 vje\u00e7ari nga Podujeva.Ai gjeti vdekjen n\u00eb zon\u00ebn e\" \/>\n<meta name=\"robots\" content=\"index, follow, max-snippet:-1, max-image-preview:large, max-video-preview:-1\" \/>\n<link rel=\"canonical\" href=\"https:\/\/www.visit-ulcinj.com\/blog\/2011\/08\/28\/ulqinmbytet-ne-det-bashkim-rama-nga-podujeva\/\" \/>\n<meta property=\"og:locale\" content=\"en_US\" \/>\n<meta property=\"og:type\" content=\"article\" \/>\n<meta property=\"og:title\" content=\"Ulqin,mbytet n\u00eb det Bashkim Rama nga Podujeva - Lajme nga Ulqini\" \/>\n<meta property=\"og:description\" content=\"B\u00ebn t\u00eb ditur gazeta e p\u00ebrdit\u00ebshme Vijesti,p\u00ebr mbytjen n\u00eb det t\u00eb n\u00ebnshtetasit Kosovar Bashkim Rama 22 vje\u00e7ari nga Podujeva.Ai gjeti vdekjen n\u00eb zon\u00ebn e\" \/>\n<meta property=\"og:url\" content=\"https:\/\/www.visit-ulcinj.com\/blog\/2011\/08\/28\/ulqinmbytet-ne-det-bashkim-rama-nga-podujeva\/\" \/>\n<meta property=\"og:site_name\" content=\"Lajme nga Ulqini\" \/>\n<meta property=\"article:published_time\" content=\"2011-08-28T18:34:20+00:00\" \/>\n<meta property=\"article:modified_time\" content=\"2011-08-29T07:51:54+00:00\" \/>\n<meta property=\"og:image\" content=\"http:\/\/www.visit-ulcinj.com\/blog\/wp-content\/uploads\/2011\/08\/Ada-Bojana-Ulqin.jpg\" \/>\n<meta name=\"twitter:label1\" content=\"Written by\" \/>\n\t<meta name=\"twitter:data1\" content=\"ulqini\" \/>\n\t<meta name=\"twitter:label2\" content=\"Est. reading time\" \/>\n\t<meta name=\"twitter:data2\" content=\"1 minute\" \/>\n<script type=\"application\/ld+json\" class=\"yoast-schema-graph\">{\"@context\":\"https:\/\/schema.org\",\"@graph\":[{\"@type\":\"WebSite\",\"@id\":\"https:\/\/www.visit-ulcinj.com\/blog\/#website\",\"url\":\"https:\/\/www.visit-ulcinj.com\/blog\/\",\"name\":\"Lajme nga Ulqini\",\"description\":\"Lajme,Vijesti,Ulqini,Ulqin,Crna Gora,Mali i Zi\",\"potentialAction\":[{\"@type\":\"SearchAction\",\"target\":{\"@type\":\"EntryPoint\",\"urlTemplate\":\"https:\/\/www.visit-ulcinj.com\/blog\/?s={search_term_string}\"},\"query-input\":\"required name=search_term_string\"}],\"inLanguage\":\"en-US\"},{\"@type\":\"ImageObject\",\"inLanguage\":\"en-US\",\"@id\":\"https:\/\/www.visit-ulcinj.com\/blog\/2011\/08\/28\/ulqinmbytet-ne-det-bashkim-rama-nga-podujeva\/#primaryimage\",\"url\":\"https:\/\/www.visit-ulcinj.com\/blog\/wp-content\/uploads\/2011\/08\/Ada-Bojana-Ulqin.jpg\",\"contentUrl\":\"https:\/\/www.visit-ulcinj.com\/blog\/wp-content\/uploads\/2011\/08\/Ada-Bojana-Ulqin.jpg\",\"width\":\"640\",\"height\":\"470\"},{\"@type\":\"WebPage\",\"@id\":\"https:\/\/www.visit-ulcinj.com\/blog\/2011\/08\/28\/ulqinmbytet-ne-det-bashkim-rama-nga-podujeva\/#webpage\",\"url\":\"https:\/\/www.visit-ulcinj.com\/blog\/2011\/08\/28\/ulqinmbytet-ne-det-bashkim-rama-nga-podujeva\/\",\"name\":\"Ulqin,mbytet n\u00eb det Bashkim Rama nga Podujeva - Lajme nga Ulqini\",\"isPartOf\":{\"@id\":\"https:\/\/www.visit-ulcinj.com\/blog\/#website\"},\"primaryImageOfPage\":{\"@id\":\"https:\/\/www.visit-ulcinj.com\/blog\/2011\/08\/28\/ulqinmbytet-ne-det-bashkim-rama-nga-podujeva\/#primaryimage\"},\"datePublished\":\"2011-08-28T18:34:20+00:00\",\"dateModified\":\"2011-08-29T07:51:54+00:00\",\"author\":{\"@id\":\"https:\/\/www.visit-ulcinj.com\/blog\/#\/schema\/person\/dcab619c614d3038751c63bc2aadc06d\"},\"description\":\"B\u00ebn t\u00eb ditur gazeta e p\u00ebrdit\u00ebshme Vijesti,p\u00ebr mbytjen n\u00eb det t\u00eb n\u00ebnshtetasit Kosovar Bashkim Rama 22 vje\u00e7ari nga Podujeva.Ai gjeti vdekjen n\u00eb zon\u00ebn e\",\"breadcrumb\":{\"@id\":\"https:\/\/www.visit-ulcinj.com\/blog\/2011\/08\/28\/ulqinmbytet-ne-det-bashkim-rama-nga-podujeva\/#breadcrumb\"},\"inLanguage\":\"en-US\",\"potentialAction\":[{\"@type\":\"ReadAction\",\"target\":[\"https:\/\/www.visit-ulcinj.com\/blog\/2011\/08\/28\/ulqinmbytet-ne-det-bashkim-rama-nga-podujeva\/\"]}]},{\"@type\":\"BreadcrumbList\",\"@id\":\"https:\/\/www.visit-ulcinj.com\/blog\/2011\/08\/28\/ulqinmbytet-ne-det-bashkim-rama-nga-podujeva\/#breadcrumb\",\"itemListElement\":[{\"@type\":\"ListItem\",\"position\":1,\"name\":\"Ulqin,mbytet n\u00eb det Bashkim Rama nga Podujeva\"}]},{\"@type\":\"Person\",\"@id\":\"https:\/\/www.visit-ulcinj.com\/blog\/#\/schema\/person\/dcab619c614d3038751c63bc2aadc06d\",\"name\":\"ulqini\",\"sameAs\":[\"http:\/\/www.visit-ulcinj.com\"],\"url\":\"https:\/\/www.visit-ulcinj.com\/blog\/author\/admin\/\"}]}<\/script>\n<!-- \/ Yoast SEO plugin. -->","yoast_head_json":{"title":"Ulqin,mbytet n\u00eb det Bashkim Rama nga Podujeva - Lajme nga Ulqini","description":"B\u00ebn t\u00eb ditur gazeta e p\u00ebrdit\u00ebshme Vijesti,p\u00ebr mbytjen n\u00eb det t\u00eb n\u00ebnshtetasit Kosovar Bashkim Rama 22 vje\u00e7ari nga Podujeva.Ai gjeti vdekjen n\u00eb zon\u00ebn e","robots":{"index":"index","follow":"follow","max-snippet":"max-snippet:-1","max-image-preview":"max-image-preview:large","max-video-preview":"max-video-preview:-1"},"canonical":"https:\/\/www.visit-ulcinj.com\/blog\/2011\/08\/28\/ulqinmbytet-ne-det-bashkim-rama-nga-podujeva\/","og_locale":"en_US","og_type":"article","og_title":"Ulqin,mbytet n\u00eb det Bashkim Rama nga Podujeva - Lajme nga Ulqini","og_description":"B\u00ebn t\u00eb ditur gazeta e p\u00ebrdit\u00ebshme Vijesti,p\u00ebr mbytjen n\u00eb det t\u00eb n\u00ebnshtetasit Kosovar Bashkim Rama 22 vje\u00e7ari nga Podujeva.Ai gjeti vdekjen n\u00eb zon\u00ebn e","og_url":"https:\/\/www.visit-ulcinj.com\/blog\/2011\/08\/28\/ulqinmbytet-ne-det-bashkim-rama-nga-podujeva\/","og_site_name":"Lajme nga Ulqini","article_published_time":"2011-08-28T18:34:20+00:00","article_modified_time":"2011-08-29T07:51:54+00:00","og_image":[{"url":"http:\/\/www.visit-ulcinj.com\/blog\/wp-content\/uploads\/2011\/08\/Ada-Bojana-Ulqin.jpg"}],"twitter_misc":{"Written by":"ulqini","Est. reading time":"1 minute"},"schema":{"@context":"https:\/\/schema.org","@graph":[{"@type":"WebSite","@id":"https:\/\/www.visit-ulcinj.com\/blog\/#website","url":"https:\/\/www.visit-ulcinj.com\/blog\/","name":"Lajme nga Ulqini","description":"Lajme,Vijesti,Ulqini,Ulqin,Crna Gora,Mali i Zi","potentialAction":[{"@type":"SearchAction","target":{"@type":"EntryPoint","urlTemplate":"https:\/\/www.visit-ulcinj.com\/blog\/?s={search_term_string}"},"query-input":"required name=search_term_string"}],"inLanguage":"en-US"},{"@type":"ImageObject","inLanguage":"en-US","@id":"https:\/\/www.visit-ulcinj.com\/blog\/2011\/08\/28\/ulqinmbytet-ne-det-bashkim-rama-nga-podujeva\/#primaryimage","url":"https:\/\/www.visit-ulcinj.com\/blog\/wp-content\/uploads\/2011\/08\/Ada-Bojana-Ulqin.jpg","contentUrl":"https:\/\/www.visit-ulcinj.com\/blog\/wp-content\/uploads\/2011\/08\/Ada-Bojana-Ulqin.jpg","width":"640","height":"470"},{"@type":"WebPage","@id":"https:\/\/www.visit-ulcinj.com\/blog\/2011\/08\/28\/ulqinmbytet-ne-det-bashkim-rama-nga-podujeva\/#webpage","url":"https:\/\/www.visit-ulcinj.com\/blog\/2011\/08\/28\/ulqinmbytet-ne-det-bashkim-rama-nga-podujeva\/","name":"Ulqin,mbytet n\u00eb det Bashkim Rama nga Podujeva - Lajme nga Ulqini","isPartOf":{"@id":"https:\/\/www.visit-ulcinj.com\/blog\/#website"},"primaryImageOfPage":{"@id":"https:\/\/www.visit-ulcinj.com\/blog\/2011\/08\/28\/ulqinmbytet-ne-det-bashkim-rama-nga-podujeva\/#primaryimage"},"datePublished":"2011-08-28T18:34:20+00:00","dateModified":"2011-08-29T07:51:54+00:00","author":{"@id":"https:\/\/www.visit-ulcinj.com\/blog\/#\/schema\/person\/dcab619c614d3038751c63bc2aadc06d"},"description":"B\u00ebn t\u00eb ditur gazeta e p\u00ebrdit\u00ebshme Vijesti,p\u00ebr mbytjen n\u00eb det t\u00eb n\u00ebnshtetasit Kosovar Bashkim Rama 22 vje\u00e7ari nga Podujeva.Ai gjeti vdekjen n\u00eb zon\u00ebn e","breadcrumb":{"@id":"https:\/\/www.visit-ulcinj.com\/blog\/2011\/08\/28\/ulqinmbytet-ne-det-bashkim-rama-nga-podujeva\/#breadcrumb"},"inLanguage":"en-US","potentialAction":[{"@type":"ReadAction","target":["https:\/\/www.visit-ulcinj.com\/blog\/2011\/08\/28\/ulqinmbytet-ne-det-bashkim-rama-nga-podujeva\/"]}]},{"@type":"BreadcrumbList","@id":"https:\/\/www.visit-ulcinj.com\/blog\/2011\/08\/28\/ulqinmbytet-ne-det-bashkim-rama-nga-podujeva\/#breadcrumb","itemListElement":[{"@type":"ListItem","position":1,"name":"Ulqin,mbytet n\u00eb det Bashkim Rama nga Podujeva"}]},{"@type":"Person","@id":"https:\/\/www.visit-ulcinj.com\/blog\/#\/schema\/person\/dcab619c614d3038751c63bc2aadc06d","name":"ulqini","sameAs":["http:\/\/www.visit-ulcinj.com"],"url":"https:\/\/www.visit-ulcinj.com\/blog\/author\/admin\/"}]}},"jetpack_featured_media_url":"","jetpack_sharing_enabled":true,"jetpack_shortlink":"https:\/\/wp.me\/pe6lTn-d5k","_links":{"self":[{"href":"https:\/\/www.visit-ulcinj.com\/blog\/wp-json\/wp\/v2\/posts\/50302"}],"collection":[{"href":"https:\/\/www.visit-ulcinj.com\/blog\/wp-json\/wp\/v2\/posts"}],"about":[{"href":"https:\/\/www.visit-ulcinj.com\/blog\/wp-json\/wp\/v2\/types\/post"}],"author":[{"embeddable":true,"href":"https:\/\/www.visit-ulcinj.com\/blog\/wp-json\/wp\/v2\/users\/1"}],"replies":[{"embeddable":true,"href":"https:\/\/www.visit-ulcinj.com\/blog\/wp-json\/wp\/v2\/comments?post=50302"}],"version-history":[{"count":5,"href":"https:\/\/www.visit-ulcinj.com\/blog\/wp-json\/wp\/v2\/posts\/50302\/revisions"}],"predecessor-version":[{"id":74054,"href":"https:\/\/www.visit-ulcinj.com\/blog\/wp-json\/wp\/v2\/posts\/50302\/revisions\/74054"}],"wp:attachment":[{"href":"https:\/\/www.visit-ulcinj.com\/blog\/wp-json\/wp\/v2\/media?parent=50302"}],"wp:term":[{"taxonomy":"category","embeddable":true,"href":"https:\/\/www.visit-ulcinj.com\/blog\/wp-json\/wp\/v2\/categories?post=50302"},{"taxonomy":"post_tag","embeddable":true,"href":"https:\/\/www.visit-ulcinj.com\/blog\/wp-json\/wp\/v2\/tags?post=50302"}],"curies":[{"name":"wp","href":"https:\/\/api.w.org\/{rel}","templated":true}]}}