{"id":50313,"date":"2011-08-29T06:31:38","date_gmt":"2011-08-29T05:31:38","guid":{"rendered":"http:\/\/www.visit-ulcinj.com\/blog\/?p=50313"},"modified":"2011-08-29T06:31:38","modified_gmt":"2011-08-29T05:31:38","slug":"tuna-tradhton-noren-i-ofron-duet-gentes","status":"publish","type":"post","link":"https:\/\/www.visit-ulcinj.com\/blog\/2011\/08\/29\/tuna-tradhton-noren-i-ofron-duet-gentes\/","title":{"rendered":"Tuna tradhton Nor\u00ebn, i ofron duet Gent\u00ebs"},"content":{"rendered":"<p><a href=\"http:\/\/www.visit-ulcinj.com\/blog\/wp-content\/uploads\/2011\/08\/Tuna-Sejdi_Genta.jpg\"><img loading=\"lazy\" class=\"alignleft size-full wp-image-50314\" title=\"Tuna Sejdi_Genta\" src=\"http:\/\/www.visit-ulcinj.com\/blog\/wp-content\/uploads\/2011\/08\/Tuna-Sejdi_Genta.jpg\" alt=\"\" width=\"508\" height=\"620\" \/><\/a>Me siguri ju kujtohet nj\u00eb koh\u00eb kur n\u00ebp\u00ebr rrjete sociale qarkullonin foto t\u00eb ndryshme, n\u00eb t\u00eb cilat protagoniste ishin Nora Istrefi dhe Tuna Sejdiu, mikesha t\u00eb cilat gati \u00e7do rast e shfryt\u00ebzonin p\u00ebr t\u00eb qen\u00eb bashk\u00eb. M\u00eb par\u00eb ishte p\u00ebrfolur se mes tyre do t\u00eb ket\u00eb dhe nj\u00eb duet, k\u00ebng\u00eb ku tekstin dhe muzik\u00ebn do e punonte k\u00ebng\u00ebtarja Linda Halimi. I gjith\u00eb projekti ishte gati vet\u00ebm se pritej q\u00eb k\u00ebng\u00ebtaret t\u00eb futeshin n\u00eb studio p\u00ebr regjistrimin, por asgj\u00eb nuk u b\u00eb. E nj\u00ebjta gj\u00eb po ndodh edhe me Genta Ismajlin, me t\u00eb cil\u00ebn Tuna shoq\u00ebrohet dhe fotografohet sapo i jepet rasti. Ishin bashk\u00eb p\u00ebr pun\u00eb dhe pushime n\u00eb Turqi, n\u00eb koh\u00ebn kur martesa e saj sapo kishte p\u00ebrfunduar. Thashethemet pa fund nuk kishin t\u00eb ndalur mbi intimitetin e saj, kur ajo postoi n\u00eb Facebook nj\u00eb foto, n\u00eb t\u00eb cil\u00ebn shihej bashk\u00eb me Gent\u00ebn n\u00eb shtrat, p\u00ebr t\u2019u dh\u00ebn\u00eb edhe m\u00eb shum\u00eb material mediave. Por, \u00e7far\u00eb ndodh m\u00eb sakt\u00ebsisht mes Gent\u00ebs dhe Tun\u00ebs, pasi p\u00ebr momentin t\u00eb dyja jan\u00eb \u201csingle\u201d\u2026 Burimet tona tregojn\u00eb se Tuna koh\u00ebve t\u00eb fundit ka filluar t\u00eb shoq\u00ebrohet me Gent\u00ebn, me t\u00eb cil\u00ebn m\u00eb her\u00ebt nuk ka pasur dhe shum\u00eb marr\u00ebdh\u00ebnie t\u00eb mira dhe i ka ofruar bashk\u00ebpunim, q\u00eb ndoshta do t\u00eb realizohet n\u00eb nj\u00eb t\u00eb ardhme t\u00eb af\u00ebrt. Dihet shum\u00eb mir\u00eb se \u00e7far\u00eb rivaliteti po zhvillohet mes Gent\u00ebs dhe Dafin\u00ebs, me t\u00eb cil\u00ebn Tuna realizoi edhe nj\u00eb bashk\u00ebpunim, por ama nuk shihet t\u00eb dal\u00eb n\u00eb ndonj\u00eb mbr\u00ebmje, si\u00e7 dilte m\u00eb par\u00eb. Tuna, p\u00ebr shkak se d\u00ebshiron t\u00eb b\u00ebhet akoma m\u00eb e popullarizuar, ka filluar t\u00eb afrohet m\u00eb shum\u00eb me k\u00ebng\u00ebtaret m\u00eb t\u00eb njohura dhe m\u00eb t\u00eb suksesshme, t\u00eb cilat mbledhin publik n\u00eb t\u00eb gjitha vendet ku k\u00ebndojn\u00eb.<\/p>\n<p><strong>Panorama<\/strong><\/p>\n<!--YouTube Error: bad URL entered-->\n","protected":false},"excerpt":{"rendered":"<p>Me siguri ju kujtohet nj\u00eb koh\u00eb kur n\u00ebp\u00ebr rrjete sociale qarkullonin foto t\u00eb ndryshme, n\u00eb t\u00eb cilat protagoniste ishin Nora Istrefi dhe Tuna Sejdiu, mikesha t\u00eb cilat gati \u00e7do rast e shfryt\u00ebzonin p\u00ebr t\u00eb qen\u00eb bashk\u00eb. M\u00eb par\u00eb ishte p\u00ebrfolur se mes tyre do t\u00eb ket\u00eb dhe nj\u00eb duet, k\u00ebng\u00eb ku tekstin dhe muzik\u00ebn do [&hellip;]<\/p>\n","protected":false},"author":1,"featured_media":0,"comment_status":"open","ping_status":"closed","sticky":false,"template":"","format":"standard","meta":{"spay_email":"","jetpack_publicize_message":"","jetpack_is_tweetstorm":false,"jetpack_publicize_feature_enabled":true},"categories":[1],"tags":[16069],"jetpack_publicize_connections":[],"yoast_head":"<!-- This site is optimized with the Yoast SEO plugin v19.1 - https:\/\/yoast.com\/wordpress\/plugins\/seo\/ -->\n<title>Tuna tradhton Nor\u00ebn, i ofron duet Gent\u00ebs - Lajme nga Ulqini<\/title>\n<meta name=\"description\" content=\"Me siguri ju kujtohet nj\u00eb koh\u00eb kur n\u00ebp\u00ebr rrjete sociale qarkullonin foto t\u00eb ndryshme, n\u00eb t\u00eb cilat protagoniste ishin Nora Istrefi dhe Tuna Sejdiu, mikesha\" \/>\n<meta name=\"robots\" content=\"index, follow, max-snippet:-1, max-image-preview:large, max-video-preview:-1\" \/>\n<link rel=\"canonical\" href=\"https:\/\/www.visit-ulcinj.com\/blog\/2011\/08\/29\/tuna-tradhton-noren-i-ofron-duet-gentes\/\" \/>\n<meta property=\"og:locale\" content=\"en_US\" \/>\n<meta property=\"og:type\" content=\"article\" \/>\n<meta property=\"og:title\" content=\"Tuna tradhton Nor\u00ebn, i ofron duet Gent\u00ebs - Lajme nga Ulqini\" \/>\n<meta property=\"og:description\" content=\"Me siguri ju kujtohet nj\u00eb koh\u00eb kur n\u00ebp\u00ebr rrjete sociale qarkullonin foto t\u00eb ndryshme, n\u00eb t\u00eb cilat protagoniste ishin Nora Istrefi dhe Tuna Sejdiu, mikesha\" \/>\n<meta property=\"og:url\" content=\"https:\/\/www.visit-ulcinj.com\/blog\/2011\/08\/29\/tuna-tradhton-noren-i-ofron-duet-gentes\/\" \/>\n<meta property=\"og:site_name\" content=\"Lajme nga Ulqini\" \/>\n<meta property=\"article:published_time\" content=\"2011-08-29T05:31:38+00:00\" \/>\n<meta property=\"og:image\" content=\"http:\/\/www.visit-ulcinj.com\/blog\/wp-content\/uploads\/2011\/08\/Tuna-Sejdi_Genta.jpg\" \/>\n<meta name=\"twitter:label1\" content=\"Written by\" \/>\n\t<meta name=\"twitter:data1\" content=\"ulqini\" \/>\n\t<meta name=\"twitter:label2\" content=\"Est. reading time\" \/>\n\t<meta name=\"twitter:data2\" content=\"2 minutes\" \/>\n<script type=\"application\/ld+json\" class=\"yoast-schema-graph\">{\"@context\":\"https:\/\/schema.org\",\"@graph\":[{\"@type\":\"WebSite\",\"@id\":\"https:\/\/www.visit-ulcinj.com\/blog\/#website\",\"url\":\"https:\/\/www.visit-ulcinj.com\/blog\/\",\"name\":\"Lajme nga Ulqini\",\"description\":\"Lajme,Vijesti,Ulqini,Ulqin,Crna Gora,Mali i Zi\",\"potentialAction\":[{\"@type\":\"SearchAction\",\"target\":{\"@type\":\"EntryPoint\",\"urlTemplate\":\"https:\/\/www.visit-ulcinj.com\/blog\/?s={search_term_string}\"},\"query-input\":\"required name=search_term_string\"}],\"inLanguage\":\"en-US\"},{\"@type\":\"ImageObject\",\"inLanguage\":\"en-US\",\"@id\":\"https:\/\/www.visit-ulcinj.com\/blog\/2011\/08\/29\/tuna-tradhton-noren-i-ofron-duet-gentes\/#primaryimage\",\"url\":\"http:\/\/www.visit-ulcinj.com\/blog\/wp-content\/uploads\/2011\/08\/Tuna-Sejdi_Genta.jpg\",\"contentUrl\":\"http:\/\/www.visit-ulcinj.com\/blog\/wp-content\/uploads\/2011\/08\/Tuna-Sejdi_Genta.jpg\"},{\"@type\":\"WebPage\",\"@id\":\"https:\/\/www.visit-ulcinj.com\/blog\/2011\/08\/29\/tuna-tradhton-noren-i-ofron-duet-gentes\/#webpage\",\"url\":\"https:\/\/www.visit-ulcinj.com\/blog\/2011\/08\/29\/tuna-tradhton-noren-i-ofron-duet-gentes\/\",\"name\":\"Tuna tradhton Nor\u00ebn, i ofron duet Gent\u00ebs - Lajme nga Ulqini\",\"isPartOf\":{\"@id\":\"https:\/\/www.visit-ulcinj.com\/blog\/#website\"},\"primaryImageOfPage\":{\"@id\":\"https:\/\/www.visit-ulcinj.com\/blog\/2011\/08\/29\/tuna-tradhton-noren-i-ofron-duet-gentes\/#primaryimage\"},\"datePublished\":\"2011-08-29T05:31:38+00:00\",\"dateModified\":\"2011-08-29T05:31:38+00:00\",\"author\":{\"@id\":\"https:\/\/www.visit-ulcinj.com\/blog\/#\/schema\/person\/dcab619c614d3038751c63bc2aadc06d\"},\"description\":\"Me siguri ju kujtohet nj\u00eb koh\u00eb kur n\u00ebp\u00ebr rrjete sociale qarkullonin foto t\u00eb ndryshme, n\u00eb t\u00eb cilat protagoniste ishin Nora Istrefi dhe Tuna Sejdiu, mikesha\",\"breadcrumb\":{\"@id\":\"https:\/\/www.visit-ulcinj.com\/blog\/2011\/08\/29\/tuna-tradhton-noren-i-ofron-duet-gentes\/#breadcrumb\"},\"inLanguage\":\"en-US\",\"potentialAction\":[{\"@type\":\"ReadAction\",\"target\":[\"https:\/\/www.visit-ulcinj.com\/blog\/2011\/08\/29\/tuna-tradhton-noren-i-ofron-duet-gentes\/\"]}]},{\"@type\":\"BreadcrumbList\",\"@id\":\"https:\/\/www.visit-ulcinj.com\/blog\/2011\/08\/29\/tuna-tradhton-noren-i-ofron-duet-gentes\/#breadcrumb\",\"itemListElement\":[{\"@type\":\"ListItem\",\"position\":1,\"name\":\"Tuna tradhton Nor\u00ebn, i ofron duet Gent\u00ebs\"}]},{\"@type\":\"Person\",\"@id\":\"https:\/\/www.visit-ulcinj.com\/blog\/#\/schema\/person\/dcab619c614d3038751c63bc2aadc06d\",\"name\":\"ulqini\",\"sameAs\":[\"http:\/\/www.visit-ulcinj.com\"],\"url\":\"https:\/\/www.visit-ulcinj.com\/blog\/author\/admin\/\"}]}<\/script>\n<!-- \/ Yoast SEO plugin. -->","yoast_head_json":{"title":"Tuna tradhton Nor\u00ebn, i ofron duet Gent\u00ebs - Lajme nga Ulqini","description":"Me siguri ju kujtohet nj\u00eb koh\u00eb kur n\u00ebp\u00ebr rrjete sociale qarkullonin foto t\u00eb ndryshme, n\u00eb t\u00eb cilat protagoniste ishin Nora Istrefi dhe Tuna Sejdiu, mikesha","robots":{"index":"index","follow":"follow","max-snippet":"max-snippet:-1","max-image-preview":"max-image-preview:large","max-video-preview":"max-video-preview:-1"},"canonical":"https:\/\/www.visit-ulcinj.com\/blog\/2011\/08\/29\/tuna-tradhton-noren-i-ofron-duet-gentes\/","og_locale":"en_US","og_type":"article","og_title":"Tuna tradhton Nor\u00ebn, i ofron duet Gent\u00ebs - Lajme nga Ulqini","og_description":"Me siguri ju kujtohet nj\u00eb koh\u00eb kur n\u00ebp\u00ebr rrjete sociale qarkullonin foto t\u00eb ndryshme, n\u00eb t\u00eb cilat protagoniste ishin Nora Istrefi dhe Tuna Sejdiu, mikesha","og_url":"https:\/\/www.visit-ulcinj.com\/blog\/2011\/08\/29\/tuna-tradhton-noren-i-ofron-duet-gentes\/","og_site_name":"Lajme nga Ulqini","article_published_time":"2011-08-29T05:31:38+00:00","og_image":[{"url":"http:\/\/www.visit-ulcinj.com\/blog\/wp-content\/uploads\/2011\/08\/Tuna-Sejdi_Genta.jpg"}],"twitter_misc":{"Written by":"ulqini","Est. reading time":"2 minutes"},"schema":{"@context":"https:\/\/schema.org","@graph":[{"@type":"WebSite","@id":"https:\/\/www.visit-ulcinj.com\/blog\/#website","url":"https:\/\/www.visit-ulcinj.com\/blog\/","name":"Lajme nga Ulqini","description":"Lajme,Vijesti,Ulqini,Ulqin,Crna Gora,Mali i Zi","potentialAction":[{"@type":"SearchAction","target":{"@type":"EntryPoint","urlTemplate":"https:\/\/www.visit-ulcinj.com\/blog\/?s={search_term_string}"},"query-input":"required name=search_term_string"}],"inLanguage":"en-US"},{"@type":"ImageObject","inLanguage":"en-US","@id":"https:\/\/www.visit-ulcinj.com\/blog\/2011\/08\/29\/tuna-tradhton-noren-i-ofron-duet-gentes\/#primaryimage","url":"http:\/\/www.visit-ulcinj.com\/blog\/wp-content\/uploads\/2011\/08\/Tuna-Sejdi_Genta.jpg","contentUrl":"http:\/\/www.visit-ulcinj.com\/blog\/wp-content\/uploads\/2011\/08\/Tuna-Sejdi_Genta.jpg"},{"@type":"WebPage","@id":"https:\/\/www.visit-ulcinj.com\/blog\/2011\/08\/29\/tuna-tradhton-noren-i-ofron-duet-gentes\/#webpage","url":"https:\/\/www.visit-ulcinj.com\/blog\/2011\/08\/29\/tuna-tradhton-noren-i-ofron-duet-gentes\/","name":"Tuna tradhton Nor\u00ebn, i ofron duet Gent\u00ebs - Lajme nga Ulqini","isPartOf":{"@id":"https:\/\/www.visit-ulcinj.com\/blog\/#website"},"primaryImageOfPage":{"@id":"https:\/\/www.visit-ulcinj.com\/blog\/2011\/08\/29\/tuna-tradhton-noren-i-ofron-duet-gentes\/#primaryimage"},"datePublished":"2011-08-29T05:31:38+00:00","dateModified":"2011-08-29T05:31:38+00:00","author":{"@id":"https:\/\/www.visit-ulcinj.com\/blog\/#\/schema\/person\/dcab619c614d3038751c63bc2aadc06d"},"description":"Me siguri ju kujtohet nj\u00eb koh\u00eb kur n\u00ebp\u00ebr rrjete sociale qarkullonin foto t\u00eb ndryshme, n\u00eb t\u00eb cilat protagoniste ishin Nora Istrefi dhe Tuna Sejdiu, mikesha","breadcrumb":{"@id":"https:\/\/www.visit-ulcinj.com\/blog\/2011\/08\/29\/tuna-tradhton-noren-i-ofron-duet-gentes\/#breadcrumb"},"inLanguage":"en-US","potentialAction":[{"@type":"ReadAction","target":["https:\/\/www.visit-ulcinj.com\/blog\/2011\/08\/29\/tuna-tradhton-noren-i-ofron-duet-gentes\/"]}]},{"@type":"BreadcrumbList","@id":"https:\/\/www.visit-ulcinj.com\/blog\/2011\/08\/29\/tuna-tradhton-noren-i-ofron-duet-gentes\/#breadcrumb","itemListElement":[{"@type":"ListItem","position":1,"name":"Tuna tradhton Nor\u00ebn, i ofron duet Gent\u00ebs"}]},{"@type":"Person","@id":"https:\/\/www.visit-ulcinj.com\/blog\/#\/schema\/person\/dcab619c614d3038751c63bc2aadc06d","name":"ulqini","sameAs":["http:\/\/www.visit-ulcinj.com"],"url":"https:\/\/www.visit-ulcinj.com\/blog\/author\/admin\/"}]}},"jetpack_featured_media_url":"","jetpack_sharing_enabled":true,"jetpack_shortlink":"https:\/\/wp.me\/pe6lTn-d5v","_links":{"self":[{"href":"https:\/\/www.visit-ulcinj.com\/blog\/wp-json\/wp\/v2\/posts\/50313"}],"collection":[{"href":"https:\/\/www.visit-ulcinj.com\/blog\/wp-json\/wp\/v2\/posts"}],"about":[{"href":"https:\/\/www.visit-ulcinj.com\/blog\/wp-json\/wp\/v2\/types\/post"}],"author":[{"embeddable":true,"href":"https:\/\/www.visit-ulcinj.com\/blog\/wp-json\/wp\/v2\/users\/1"}],"replies":[{"embeddable":true,"href":"https:\/\/www.visit-ulcinj.com\/blog\/wp-json\/wp\/v2\/comments?post=50313"}],"version-history":[{"count":1,"href":"https:\/\/www.visit-ulcinj.com\/blog\/wp-json\/wp\/v2\/posts\/50313\/revisions"}],"predecessor-version":[{"id":50315,"href":"https:\/\/www.visit-ulcinj.com\/blog\/wp-json\/wp\/v2\/posts\/50313\/revisions\/50315"}],"wp:attachment":[{"href":"https:\/\/www.visit-ulcinj.com\/blog\/wp-json\/wp\/v2\/media?parent=50313"}],"wp:term":[{"taxonomy":"category","embeddable":true,"href":"https:\/\/www.visit-ulcinj.com\/blog\/wp-json\/wp\/v2\/categories?post=50313"},{"taxonomy":"post_tag","embeddable":true,"href":"https:\/\/www.visit-ulcinj.com\/blog\/wp-json\/wp\/v2\/tags?post=50313"}],"curies":[{"name":"wp","href":"https:\/\/api.w.org\/{rel}","templated":true}]}}