{"id":50323,"date":"2011-08-29T07:04:46","date_gmt":"2011-08-29T06:04:46","guid":{"rendered":"http:\/\/www.visit-ulcinj.com\/blog\/?p=50323"},"modified":"2011-08-29T07:08:19","modified_gmt":"2011-08-29T06:08:19","slug":"drenusha-latifi-i-rikthehet-%e2%80%9ckenges-magjike%e2%80%9d","status":"publish","type":"post","link":"https:\/\/www.visit-ulcinj.com\/blog\/2011\/08\/29\/drenusha-latifi-i-rikthehet-%e2%80%9ckenges-magjike%e2%80%9d\/","title":{"rendered":"Drenusha Latifi i rikthehet \u201cK\u00ebng\u00ebs Magjike\u201d"},"content":{"rendered":"<p><a href=\"http:\/\/www.visit-ulcinj.com\/blog\/wp-content\/uploads\/2011\/08\/Drenusha-Latifi-ne-Ulqin.jpg\"><img loading=\"lazy\" class=\"alignleft size-full wp-image-50325\" title=\"Drenusha Latifi ne Ulqin\" src=\"http:\/\/www.visit-ulcinj.com\/blog\/wp-content\/uploads\/2011\/08\/Drenusha-Latifi-ne-Ulqin.jpg\" alt=\"\" width=\"508\" height=\"620\" \/><\/a>Ka koh\u00eb t\u00eb gjat\u00eb q\u00eb k\u00ebng\u00ebtarja Drenusha Latifi nuk \u00ebsht\u00eb dukur n\u00eb ndonj\u00eb festival, kjo p\u00ebr faktin se pjesa d\u00ebrmuese e tyre sipas saj nuk jan\u00eb meritor\u00eb, pasi n\u00eb to nuk vler\u00ebsohen k\u00ebng\u00ebtar\u00ebt e mir\u00eb.<\/p>\n<p>Ajo tani ka vendosur t\u00eb jet\u00eb pjes\u00eb e festivalit \u201cK\u00ebnga Magjike\u201d e q\u00eb sipas saj \u00ebsht\u00eb festivali m\u00eb cil\u00ebsor deri m\u00eb tani. \u201c\u00cbsht\u00eb hera e dyt\u00eb q\u00eb marr\u00eb pjes\u00eb n\u00eb k\u00ebt\u00eb festival, por ka kaluar koh\u00eb e gjat\u00eb q\u00eb kur kam vendosur t\u00eb mos jem pjes\u00eb e tyre.<\/p>\n<p>Tani pas nj\u00eb kohe t\u00eb gjat\u00eb u riktheva p\u00ebrs\u00ebri po me t\u00eb nj\u00ebjtin festival, p\u00ebr shkak se vet\u00ebm ky m\u00eb duket m\u00eb i mir\u00eb dhe m\u00eb i vler\u00ebsueshmi se sa t\u00eb tjer\u00ebt. N\u00eb pjes\u00ebn d\u00ebrmuese t\u00eb festivaleve mbret\u00ebron njohja dhe blerja e \u00e7mimeve dhe k\u00ebshtu q\u00eb nuk ia vlen t\u00eb marr\u00ebsh pjes\u00eb.<\/p>\n<p>Nd\u00ebrsa p\u00ebr mua \u2018K\u00ebnga Magjike\u2019 vazhdon t\u00eb mbetet festivali m\u00eb prestigjioz\u201d, ka th\u00ebn\u00eb ajo p\u00ebr \u201cZ\u00ebri\u201d. N\u00eb k\u00ebt\u00eb festival Drenusha do t\u00eb paraqitet me nj\u00eb k\u00ebng\u00eb t\u00eb re, t\u00eb cil\u00ebn nuk e ka em\u00ebruar ende.<\/p>\n<p>Tekstin e k\u00ebng\u00ebs \u00ebsht\u00eb duke punuar Big Basta, nd\u00ebrsa kompozimin dhe orkestrimin e realizon Florent Boshnjaku. Sipas Drenush\u00ebs pjes\u00ebmarrja n\u00eb k\u00ebt\u00eb festival \u00ebsht\u00eb mjaft\u00eb dometh\u00ebn\u00ebs, sepse p\u00ebrve\u00e7 performanc\u00ebs arrin ta promovoj\u00eb edhe nj\u00eb projekt t\u00eb ri muzikor.<\/p>\n<p>\u201cT\u00eb them t\u00eb drejt\u00ebn nuk po hyj n\u00eb festival p\u00ebr t\u00eb rr\u00ebmbyer ndonj\u00eb \u00e7mim, por vet\u00ebm p\u00ebr t\u2019i p\u00ebrmbushur k\u00ebrkesat e adhuruesve t\u00eb mi dhe p\u00ebr ta promovuar edhe nj\u00eb projekt t\u00eb ri. Uroj q\u00eb \u00e7do gj\u00eb t\u00eb shkoj\u00eb n<\/p>\n<p><strong>Z\u00cbRI<\/strong><\/p>\n\n<!--YouTube Error: bad URL entered-->\n","protected":false},"excerpt":{"rendered":"<p>Ka koh\u00eb t\u00eb gjat\u00eb q\u00eb k\u00ebng\u00ebtarja Drenusha Latifi nuk \u00ebsht\u00eb dukur n\u00eb ndonj\u00eb festival, kjo p\u00ebr faktin se pjesa d\u00ebrmuese e tyre sipas saj nuk jan\u00eb meritor\u00eb, pasi n\u00eb to nuk vler\u00ebsohen k\u00ebng\u00ebtar\u00ebt e mir\u00eb. Ajo tani ka vendosur t\u00eb jet\u00eb pjes\u00eb e festivalit \u201cK\u00ebnga Magjike\u201d e q\u00eb sipas saj \u00ebsht\u00eb festivali m\u00eb cil\u00ebsor deri [&hellip;]<\/p>\n","protected":false},"author":1,"featured_media":0,"comment_status":"open","ping_status":"closed","sticky":false,"template":"","format":"standard","meta":{"spay_email":"","jetpack_publicize_message":"","jetpack_is_tweetstorm":false,"jetpack_publicize_feature_enabled":true},"categories":[1],"tags":[18647],"jetpack_publicize_connections":[],"yoast_head":"<!-- This site is optimized with the Yoast SEO plugin v19.1 - https:\/\/yoast.com\/wordpress\/plugins\/seo\/ -->\n<title>Drenusha Latifi i rikthehet \u201cK\u00ebng\u00ebs Magjike\u201d - Lajme nga Ulqini<\/title>\n<meta name=\"description\" content=\"Ka koh\u00eb t\u00eb gjat\u00eb q\u00eb k\u00ebng\u00ebtarja Drenusha Latifi nuk \u00ebsht\u00eb dukur n\u00eb ndonj\u00eb festival, kjo p\u00ebr faktin se pjesa d\u00ebrmuese e tyre sipas saj nuk jan\u00eb meritor\u00eb,\" \/>\n<meta name=\"robots\" content=\"index, follow, max-snippet:-1, max-image-preview:large, max-video-preview:-1\" \/>\n<link rel=\"canonical\" href=\"https:\/\/www.visit-ulcinj.com\/blog\/2011\/08\/29\/drenusha-latifi-i-rikthehet-\u201ckenges-magjike\u201d\/\" \/>\n<meta property=\"og:locale\" content=\"en_US\" \/>\n<meta property=\"og:type\" content=\"article\" \/>\n<meta property=\"og:title\" content=\"Drenusha Latifi i rikthehet \u201cK\u00ebng\u00ebs Magjike\u201d - Lajme nga Ulqini\" \/>\n<meta property=\"og:description\" content=\"Ka koh\u00eb t\u00eb gjat\u00eb q\u00eb k\u00ebng\u00ebtarja Drenusha Latifi nuk \u00ebsht\u00eb dukur n\u00eb ndonj\u00eb festival, kjo p\u00ebr faktin se pjesa d\u00ebrmuese e tyre sipas saj nuk jan\u00eb meritor\u00eb,\" \/>\n<meta property=\"og:url\" content=\"https:\/\/www.visit-ulcinj.com\/blog\/2011\/08\/29\/drenusha-latifi-i-rikthehet-\u201ckenges-magjike\u201d\/\" \/>\n<meta property=\"og:site_name\" content=\"Lajme nga Ulqini\" \/>\n<meta property=\"article:published_time\" content=\"2011-08-29T06:04:46+00:00\" \/>\n<meta property=\"article:modified_time\" content=\"2011-08-29T06:08:19+00:00\" \/>\n<meta property=\"og:image\" content=\"https:\/\/www.visit-ulcinj.com\/blog\/wp-content\/uploads\/2011\/08\/Drenusha-Latifi-ne-Ulqin.1-150x150.jpg\" \/>\n<meta name=\"twitter:label1\" content=\"Written by\" \/>\n\t<meta name=\"twitter:data1\" content=\"ulqini\" \/>\n\t<meta name=\"twitter:label2\" content=\"Est. reading time\" \/>\n\t<meta name=\"twitter:data2\" content=\"2 minutes\" \/>\n<script type=\"application\/ld+json\" class=\"yoast-schema-graph\">{\"@context\":\"https:\/\/schema.org\",\"@graph\":[{\"@type\":\"WebSite\",\"@id\":\"https:\/\/www.visit-ulcinj.com\/blog\/#website\",\"url\":\"https:\/\/www.visit-ulcinj.com\/blog\/\",\"name\":\"Lajme nga Ulqini\",\"description\":\"Lajme,Vijesti,Ulqini,Ulqin,Crna Gora,Mali i Zi\",\"potentialAction\":[{\"@type\":\"SearchAction\",\"target\":{\"@type\":\"EntryPoint\",\"urlTemplate\":\"https:\/\/www.visit-ulcinj.com\/blog\/?s={search_term_string}\"},\"query-input\":\"required name=search_term_string\"}],\"inLanguage\":\"en-US\"},{\"@type\":\"ImageObject\",\"inLanguage\":\"en-US\",\"@id\":\"https:\/\/www.visit-ulcinj.com\/blog\/2011\/08\/29\/drenusha-latifi-i-rikthehet-%e2%80%9ckenges-magjike%e2%80%9d\/#primaryimage\",\"url\":\"http:\/\/www.visit-ulcinj.com\/blog\/wp-content\/uploads\/2011\/08\/Drenusha-Latifi-ne-Ulqin.jpg\",\"contentUrl\":\"http:\/\/www.visit-ulcinj.com\/blog\/wp-content\/uploads\/2011\/08\/Drenusha-Latifi-ne-Ulqin.jpg\"},{\"@type\":\"WebPage\",\"@id\":\"https:\/\/www.visit-ulcinj.com\/blog\/2011\/08\/29\/drenusha-latifi-i-rikthehet-%e2%80%9ckenges-magjike%e2%80%9d\/#webpage\",\"url\":\"https:\/\/www.visit-ulcinj.com\/blog\/2011\/08\/29\/drenusha-latifi-i-rikthehet-%e2%80%9ckenges-magjike%e2%80%9d\/\",\"name\":\"Drenusha Latifi i rikthehet \u201cK\u00ebng\u00ebs Magjike\u201d - Lajme nga Ulqini\",\"isPartOf\":{\"@id\":\"https:\/\/www.visit-ulcinj.com\/blog\/#website\"},\"primaryImageOfPage\":{\"@id\":\"https:\/\/www.visit-ulcinj.com\/blog\/2011\/08\/29\/drenusha-latifi-i-rikthehet-%e2%80%9ckenges-magjike%e2%80%9d\/#primaryimage\"},\"datePublished\":\"2011-08-29T06:04:46+00:00\",\"dateModified\":\"2011-08-29T06:08:19+00:00\",\"author\":{\"@id\":\"https:\/\/www.visit-ulcinj.com\/blog\/#\/schema\/person\/dcab619c614d3038751c63bc2aadc06d\"},\"description\":\"Ka koh\u00eb t\u00eb gjat\u00eb q\u00eb k\u00ebng\u00ebtarja Drenusha Latifi nuk \u00ebsht\u00eb dukur n\u00eb ndonj\u00eb festival, kjo p\u00ebr faktin se pjesa d\u00ebrmuese e tyre sipas saj nuk jan\u00eb meritor\u00eb,\",\"breadcrumb\":{\"@id\":\"https:\/\/www.visit-ulcinj.com\/blog\/2011\/08\/29\/drenusha-latifi-i-rikthehet-%e2%80%9ckenges-magjike%e2%80%9d\/#breadcrumb\"},\"inLanguage\":\"en-US\",\"potentialAction\":[{\"@type\":\"ReadAction\",\"target\":[\"https:\/\/www.visit-ulcinj.com\/blog\/2011\/08\/29\/drenusha-latifi-i-rikthehet-%e2%80%9ckenges-magjike%e2%80%9d\/\"]}]},{\"@type\":\"BreadcrumbList\",\"@id\":\"https:\/\/www.visit-ulcinj.com\/blog\/2011\/08\/29\/drenusha-latifi-i-rikthehet-%e2%80%9ckenges-magjike%e2%80%9d\/#breadcrumb\",\"itemListElement\":[{\"@type\":\"ListItem\",\"position\":1,\"name\":\"Drenusha Latifi i rikthehet \u201cK\u00ebng\u00ebs Magjike\u201d\"}]},{\"@type\":\"Person\",\"@id\":\"https:\/\/www.visit-ulcinj.com\/blog\/#\/schema\/person\/dcab619c614d3038751c63bc2aadc06d\",\"name\":\"ulqini\",\"sameAs\":[\"http:\/\/www.visit-ulcinj.com\"],\"url\":\"https:\/\/www.visit-ulcinj.com\/blog\/author\/admin\/\"}]}<\/script>\n<!-- \/ Yoast SEO plugin. -->","yoast_head_json":{"title":"Drenusha Latifi i rikthehet \u201cK\u00ebng\u00ebs Magjike\u201d - Lajme nga Ulqini","description":"Ka koh\u00eb t\u00eb gjat\u00eb q\u00eb k\u00ebng\u00ebtarja Drenusha Latifi nuk \u00ebsht\u00eb dukur n\u00eb ndonj\u00eb festival, kjo p\u00ebr faktin se pjesa d\u00ebrmuese e tyre sipas saj nuk jan\u00eb meritor\u00eb,","robots":{"index":"index","follow":"follow","max-snippet":"max-snippet:-1","max-image-preview":"max-image-preview:large","max-video-preview":"max-video-preview:-1"},"canonical":"https:\/\/www.visit-ulcinj.com\/blog\/2011\/08\/29\/drenusha-latifi-i-rikthehet-\u201ckenges-magjike\u201d\/","og_locale":"en_US","og_type":"article","og_title":"Drenusha Latifi i rikthehet \u201cK\u00ebng\u00ebs Magjike\u201d - Lajme nga Ulqini","og_description":"Ka koh\u00eb t\u00eb gjat\u00eb q\u00eb k\u00ebng\u00ebtarja Drenusha Latifi nuk \u00ebsht\u00eb dukur n\u00eb ndonj\u00eb festival, kjo p\u00ebr faktin se pjesa d\u00ebrmuese e tyre sipas saj nuk jan\u00eb meritor\u00eb,","og_url":"https:\/\/www.visit-ulcinj.com\/blog\/2011\/08\/29\/drenusha-latifi-i-rikthehet-\u201ckenges-magjike\u201d\/","og_site_name":"Lajme nga Ulqini","article_published_time":"2011-08-29T06:04:46+00:00","article_modified_time":"2011-08-29T06:08:19+00:00","og_image":[{"url":"https:\/\/www.visit-ulcinj.com\/blog\/wp-content\/uploads\/2011\/08\/Drenusha-Latifi-ne-Ulqin.1-150x150.jpg"}],"twitter_misc":{"Written by":"ulqini","Est. reading time":"2 minutes"},"schema":{"@context":"https:\/\/schema.org","@graph":[{"@type":"WebSite","@id":"https:\/\/www.visit-ulcinj.com\/blog\/#website","url":"https:\/\/www.visit-ulcinj.com\/blog\/","name":"Lajme nga Ulqini","description":"Lajme,Vijesti,Ulqini,Ulqin,Crna Gora,Mali i Zi","potentialAction":[{"@type":"SearchAction","target":{"@type":"EntryPoint","urlTemplate":"https:\/\/www.visit-ulcinj.com\/blog\/?s={search_term_string}"},"query-input":"required name=search_term_string"}],"inLanguage":"en-US"},{"@type":"ImageObject","inLanguage":"en-US","@id":"https:\/\/www.visit-ulcinj.com\/blog\/2011\/08\/29\/drenusha-latifi-i-rikthehet-%e2%80%9ckenges-magjike%e2%80%9d\/#primaryimage","url":"http:\/\/www.visit-ulcinj.com\/blog\/wp-content\/uploads\/2011\/08\/Drenusha-Latifi-ne-Ulqin.jpg","contentUrl":"http:\/\/www.visit-ulcinj.com\/blog\/wp-content\/uploads\/2011\/08\/Drenusha-Latifi-ne-Ulqin.jpg"},{"@type":"WebPage","@id":"https:\/\/www.visit-ulcinj.com\/blog\/2011\/08\/29\/drenusha-latifi-i-rikthehet-%e2%80%9ckenges-magjike%e2%80%9d\/#webpage","url":"https:\/\/www.visit-ulcinj.com\/blog\/2011\/08\/29\/drenusha-latifi-i-rikthehet-%e2%80%9ckenges-magjike%e2%80%9d\/","name":"Drenusha Latifi i rikthehet \u201cK\u00ebng\u00ebs Magjike\u201d - Lajme nga Ulqini","isPartOf":{"@id":"https:\/\/www.visit-ulcinj.com\/blog\/#website"},"primaryImageOfPage":{"@id":"https:\/\/www.visit-ulcinj.com\/blog\/2011\/08\/29\/drenusha-latifi-i-rikthehet-%e2%80%9ckenges-magjike%e2%80%9d\/#primaryimage"},"datePublished":"2011-08-29T06:04:46+00:00","dateModified":"2011-08-29T06:08:19+00:00","author":{"@id":"https:\/\/www.visit-ulcinj.com\/blog\/#\/schema\/person\/dcab619c614d3038751c63bc2aadc06d"},"description":"Ka koh\u00eb t\u00eb gjat\u00eb q\u00eb k\u00ebng\u00ebtarja Drenusha Latifi nuk \u00ebsht\u00eb dukur n\u00eb ndonj\u00eb festival, kjo p\u00ebr faktin se pjesa d\u00ebrmuese e tyre sipas saj nuk jan\u00eb meritor\u00eb,","breadcrumb":{"@id":"https:\/\/www.visit-ulcinj.com\/blog\/2011\/08\/29\/drenusha-latifi-i-rikthehet-%e2%80%9ckenges-magjike%e2%80%9d\/#breadcrumb"},"inLanguage":"en-US","potentialAction":[{"@type":"ReadAction","target":["https:\/\/www.visit-ulcinj.com\/blog\/2011\/08\/29\/drenusha-latifi-i-rikthehet-%e2%80%9ckenges-magjike%e2%80%9d\/"]}]},{"@type":"BreadcrumbList","@id":"https:\/\/www.visit-ulcinj.com\/blog\/2011\/08\/29\/drenusha-latifi-i-rikthehet-%e2%80%9ckenges-magjike%e2%80%9d\/#breadcrumb","itemListElement":[{"@type":"ListItem","position":1,"name":"Drenusha Latifi i rikthehet \u201cK\u00ebng\u00ebs Magjike\u201d"}]},{"@type":"Person","@id":"https:\/\/www.visit-ulcinj.com\/blog\/#\/schema\/person\/dcab619c614d3038751c63bc2aadc06d","name":"ulqini","sameAs":["http:\/\/www.visit-ulcinj.com"],"url":"https:\/\/www.visit-ulcinj.com\/blog\/author\/admin\/"}]}},"jetpack_featured_media_url":"","jetpack_sharing_enabled":true,"jetpack_shortlink":"https:\/\/wp.me\/pe6lTn-d5F","_links":{"self":[{"href":"https:\/\/www.visit-ulcinj.com\/blog\/wp-json\/wp\/v2\/posts\/50323"}],"collection":[{"href":"https:\/\/www.visit-ulcinj.com\/blog\/wp-json\/wp\/v2\/posts"}],"about":[{"href":"https:\/\/www.visit-ulcinj.com\/blog\/wp-json\/wp\/v2\/types\/post"}],"author":[{"embeddable":true,"href":"https:\/\/www.visit-ulcinj.com\/blog\/wp-json\/wp\/v2\/users\/1"}],"replies":[{"embeddable":true,"href":"https:\/\/www.visit-ulcinj.com\/blog\/wp-json\/wp\/v2\/comments?post=50323"}],"version-history":[{"count":3,"href":"https:\/\/www.visit-ulcinj.com\/blog\/wp-json\/wp\/v2\/posts\/50323\/revisions"}],"predecessor-version":[{"id":50328,"href":"https:\/\/www.visit-ulcinj.com\/blog\/wp-json\/wp\/v2\/posts\/50323\/revisions\/50328"}],"wp:attachment":[{"href":"https:\/\/www.visit-ulcinj.com\/blog\/wp-json\/wp\/v2\/media?parent=50323"}],"wp:term":[{"taxonomy":"category","embeddable":true,"href":"https:\/\/www.visit-ulcinj.com\/blog\/wp-json\/wp\/v2\/categories?post=50323"},{"taxonomy":"post_tag","embeddable":true,"href":"https:\/\/www.visit-ulcinj.com\/blog\/wp-json\/wp\/v2\/tags?post=50323"}],"curies":[{"name":"wp","href":"https:\/\/api.w.org\/{rel}","templated":true}]}}