{"id":50330,"date":"2011-08-29T07:24:11","date_gmt":"2011-08-29T06:24:11","guid":{"rendered":"http:\/\/www.visit-ulcinj.com\/blog\/?p=50330"},"modified":"2011-08-29T07:24:11","modified_gmt":"2011-08-29T06:24:11","slug":"dueti-i-getit-me-stresin-kunder-noizy-t","status":"publish","type":"post","link":"https:\/\/www.visit-ulcinj.com\/blog\/2011\/08\/29\/dueti-i-getit-me-stresin-kunder-noizy-t\/","title":{"rendered":"Dueti i Getit me Stresin kund\u00ebr Noizy-t?"},"content":{"rendered":"<p><a href=\"http:\/\/www.visit-ulcinj.com\/blog\/wp-content\/uploads\/2011\/08\/Stresi_geti.jpg\"><img loading=\"lazy\" class=\"alignleft size-full wp-image-50331\" title=\"Stresi_geti\" src=\"http:\/\/www.visit-ulcinj.com\/blog\/wp-content\/uploads\/2011\/08\/Stresi_geti.jpg\" alt=\"\" width=\"490\" height=\"337\" \/><\/a>Konkurrenca t\u00eb shtyn n\u00eb shum\u00eb m\u00ebnyra t\u00eb mundohesh t\u00eb mposht\u00ebsh dik\u00eb. E nj\u00ebjta gj\u00eb po ndodh edhe me rep k\u00ebng\u00ebtarin Getoar Selimi, i cili ka udh\u00ebtuar drejt Shqip\u00ebris\u00eb p\u00ebr disa koncerte, por edhe p\u00ebr nj\u00eb takim shum\u00eb t\u00eb r\u00ebnd\u00ebsish\u00ebm t\u00eb cilin do ta realizoj\u00eb me Stresin. Arsyeja e takimit \u00ebsht\u00eb nj\u00eb bashk\u00ebpunim i ri, p\u00ebr t\u00eb cilin dy artist\u00ebt jan\u00eb duke punuar. Geti m\u00eb her\u00ebt ka punuar me shum\u00eb reper nga Kosova, pastaj me shum\u00eb femra t\u00eb njohura t\u00eb muzik\u00ebs, por ky do t\u00eb jet\u00eb nj\u00eb bashk\u00ebpunim i ri dhe shum\u00eb i frytsh\u00ebm, pasi \u00ebsht\u00eb hera e par\u00eb q\u00eb Geti bashk\u00ebpunon me nj\u00eb reper nga Shqip\u00ebria. Arsyeja pse Geti dhe Stresi kan\u00eb filluar shoq\u00ebrimin \u00ebsht\u00eb pik\u00ebrisht rivaliteti q\u00eb kan\u00eb t\u00eb dy me Noizy-n, rival i p\u00ebrbetuar i Stresit dhe i Getit gjithashtu, pasi shum\u00eb her\u00eb n\u00ebp\u00ebr intervista jan\u00eb shar\u00eb e madje i kan\u00eb krijuar edhe k\u00ebng\u00eb nj\u00ebri-tjetrit. Noizy n\u00eb an\u00ebn tjet\u00ebr bashk\u00ebpunon me Dj Blunt dhe Real 1, dy shok\u00eb dhe bashk\u00ebpun\u00ebtor\u00eb t\u00eb dikursh\u00ebm t\u00eb Getit, t\u00eb cil\u00ebt ishin edhe pjes\u00eb e \u201cBaba Records\u201d, nd\u00ebrsa bashk\u00ebpunon edhe me Dud\u00ebn, i cili po ashtu ka probleme me Getin. Reper\u00ebt deri m\u00eb tani nuk kan\u00eb pasur p\u00ebrplasje fizike.<\/p>\n<p><strong>Panorama Plus<br \/>\n<!--YouTube Error: bad URL entered--><br \/>\n<\/strong><\/p>\n","protected":false},"excerpt":{"rendered":"<p>Konkurrenca t\u00eb shtyn n\u00eb shum\u00eb m\u00ebnyra t\u00eb mundohesh t\u00eb mposht\u00ebsh dik\u00eb. E nj\u00ebjta gj\u00eb po ndodh edhe me rep k\u00ebng\u00ebtarin Getoar Selimi, i cili ka udh\u00ebtuar drejt Shqip\u00ebris\u00eb p\u00ebr disa koncerte, por edhe p\u00ebr nj\u00eb takim shum\u00eb t\u00eb r\u00ebnd\u00ebsish\u00ebm t\u00eb cilin do ta realizoj\u00eb me Stresin. Arsyeja e takimit \u00ebsht\u00eb nj\u00eb bashk\u00ebpunim i ri, p\u00ebr [&hellip;]<\/p>\n","protected":false},"author":1,"featured_media":0,"comment_status":"open","ping_status":"closed","sticky":false,"template":"","format":"standard","meta":{"spay_email":"","jetpack_publicize_message":"","jetpack_is_tweetstorm":false,"jetpack_publicize_feature_enabled":true},"categories":[1],"tags":[13347,15935],"jetpack_publicize_connections":[],"yoast_head":"<!-- This site is optimized with the Yoast SEO plugin v19.1 - https:\/\/yoast.com\/wordpress\/plugins\/seo\/ -->\n<title>Dueti i Getit me Stresin kund\u00ebr Noizy-t? - Lajme nga Ulqini<\/title>\n<meta name=\"description\" content=\"Konkurrenca t\u00eb shtyn n\u00eb shum\u00eb m\u00ebnyra t\u00eb mundohesh t\u00eb mposht\u00ebsh dik\u00eb. E nj\u00ebjta gj\u00eb po ndodh edhe me rep k\u00ebng\u00ebtarin Getoar Selimi, i cili ka udh\u00ebtuar drejt\" \/>\n<meta name=\"robots\" content=\"index, follow, max-snippet:-1, max-image-preview:large, max-video-preview:-1\" \/>\n<link rel=\"canonical\" href=\"https:\/\/www.visit-ulcinj.com\/blog\/2011\/08\/29\/dueti-i-getit-me-stresin-kunder-noizy-t\/\" \/>\n<meta property=\"og:locale\" content=\"en_US\" \/>\n<meta property=\"og:type\" content=\"article\" \/>\n<meta property=\"og:title\" content=\"Dueti i Getit me Stresin kund\u00ebr Noizy-t? - Lajme nga Ulqini\" \/>\n<meta property=\"og:description\" content=\"Konkurrenca t\u00eb shtyn n\u00eb shum\u00eb m\u00ebnyra t\u00eb mundohesh t\u00eb mposht\u00ebsh dik\u00eb. E nj\u00ebjta gj\u00eb po ndodh edhe me rep k\u00ebng\u00ebtarin Getoar Selimi, i cili ka udh\u00ebtuar drejt\" \/>\n<meta property=\"og:url\" content=\"https:\/\/www.visit-ulcinj.com\/blog\/2011\/08\/29\/dueti-i-getit-me-stresin-kunder-noizy-t\/\" \/>\n<meta property=\"og:site_name\" content=\"Lajme nga Ulqini\" \/>\n<meta property=\"article:published_time\" content=\"2011-08-29T06:24:11+00:00\" \/>\n<meta property=\"og:image\" content=\"http:\/\/www.visit-ulcinj.com\/blog\/wp-content\/uploads\/2011\/08\/Stresi_geti.jpg\" \/>\n<meta name=\"twitter:label1\" content=\"Written by\" \/>\n\t<meta name=\"twitter:data1\" content=\"ulqini\" \/>\n\t<meta name=\"twitter:label2\" content=\"Est. reading time\" \/>\n\t<meta name=\"twitter:data2\" content=\"1 minute\" \/>\n<script type=\"application\/ld+json\" class=\"yoast-schema-graph\">{\"@context\":\"https:\/\/schema.org\",\"@graph\":[{\"@type\":\"WebSite\",\"@id\":\"https:\/\/www.visit-ulcinj.com\/blog\/#website\",\"url\":\"https:\/\/www.visit-ulcinj.com\/blog\/\",\"name\":\"Lajme nga Ulqini\",\"description\":\"Lajme,Vijesti,Ulqini,Ulqin,Crna Gora,Mali i Zi\",\"potentialAction\":[{\"@type\":\"SearchAction\",\"target\":{\"@type\":\"EntryPoint\",\"urlTemplate\":\"https:\/\/www.visit-ulcinj.com\/blog\/?s={search_term_string}\"},\"query-input\":\"required name=search_term_string\"}],\"inLanguage\":\"en-US\"},{\"@type\":\"ImageObject\",\"inLanguage\":\"en-US\",\"@id\":\"https:\/\/www.visit-ulcinj.com\/blog\/2011\/08\/29\/dueti-i-getit-me-stresin-kunder-noizy-t\/#primaryimage\",\"url\":\"http:\/\/www.visit-ulcinj.com\/blog\/wp-content\/uploads\/2011\/08\/Stresi_geti.jpg\",\"contentUrl\":\"http:\/\/www.visit-ulcinj.com\/blog\/wp-content\/uploads\/2011\/08\/Stresi_geti.jpg\"},{\"@type\":\"WebPage\",\"@id\":\"https:\/\/www.visit-ulcinj.com\/blog\/2011\/08\/29\/dueti-i-getit-me-stresin-kunder-noizy-t\/#webpage\",\"url\":\"https:\/\/www.visit-ulcinj.com\/blog\/2011\/08\/29\/dueti-i-getit-me-stresin-kunder-noizy-t\/\",\"name\":\"Dueti i Getit me Stresin kund\u00ebr Noizy-t? - Lajme nga Ulqini\",\"isPartOf\":{\"@id\":\"https:\/\/www.visit-ulcinj.com\/blog\/#website\"},\"primaryImageOfPage\":{\"@id\":\"https:\/\/www.visit-ulcinj.com\/blog\/2011\/08\/29\/dueti-i-getit-me-stresin-kunder-noizy-t\/#primaryimage\"},\"datePublished\":\"2011-08-29T06:24:11+00:00\",\"dateModified\":\"2011-08-29T06:24:11+00:00\",\"author\":{\"@id\":\"https:\/\/www.visit-ulcinj.com\/blog\/#\/schema\/person\/dcab619c614d3038751c63bc2aadc06d\"},\"description\":\"Konkurrenca t\u00eb shtyn n\u00eb shum\u00eb m\u00ebnyra t\u00eb mundohesh t\u00eb mposht\u00ebsh dik\u00eb. E nj\u00ebjta gj\u00eb po ndodh edhe me rep k\u00ebng\u00ebtarin Getoar Selimi, i cili ka udh\u00ebtuar drejt\",\"breadcrumb\":{\"@id\":\"https:\/\/www.visit-ulcinj.com\/blog\/2011\/08\/29\/dueti-i-getit-me-stresin-kunder-noizy-t\/#breadcrumb\"},\"inLanguage\":\"en-US\",\"potentialAction\":[{\"@type\":\"ReadAction\",\"target\":[\"https:\/\/www.visit-ulcinj.com\/blog\/2011\/08\/29\/dueti-i-getit-me-stresin-kunder-noizy-t\/\"]}]},{\"@type\":\"BreadcrumbList\",\"@id\":\"https:\/\/www.visit-ulcinj.com\/blog\/2011\/08\/29\/dueti-i-getit-me-stresin-kunder-noizy-t\/#breadcrumb\",\"itemListElement\":[{\"@type\":\"ListItem\",\"position\":1,\"name\":\"Dueti i Getit me Stresin kund\u00ebr Noizy-t?\"}]},{\"@type\":\"Person\",\"@id\":\"https:\/\/www.visit-ulcinj.com\/blog\/#\/schema\/person\/dcab619c614d3038751c63bc2aadc06d\",\"name\":\"ulqini\",\"sameAs\":[\"http:\/\/www.visit-ulcinj.com\"],\"url\":\"https:\/\/www.visit-ulcinj.com\/blog\/author\/admin\/\"}]}<\/script>\n<!-- \/ Yoast SEO plugin. -->","yoast_head_json":{"title":"Dueti i Getit me Stresin kund\u00ebr Noizy-t? - Lajme nga Ulqini","description":"Konkurrenca t\u00eb shtyn n\u00eb shum\u00eb m\u00ebnyra t\u00eb mundohesh t\u00eb mposht\u00ebsh dik\u00eb. E nj\u00ebjta gj\u00eb po ndodh edhe me rep k\u00ebng\u00ebtarin Getoar Selimi, i cili ka udh\u00ebtuar drejt","robots":{"index":"index","follow":"follow","max-snippet":"max-snippet:-1","max-image-preview":"max-image-preview:large","max-video-preview":"max-video-preview:-1"},"canonical":"https:\/\/www.visit-ulcinj.com\/blog\/2011\/08\/29\/dueti-i-getit-me-stresin-kunder-noizy-t\/","og_locale":"en_US","og_type":"article","og_title":"Dueti i Getit me Stresin kund\u00ebr Noizy-t? - Lajme nga Ulqini","og_description":"Konkurrenca t\u00eb shtyn n\u00eb shum\u00eb m\u00ebnyra t\u00eb mundohesh t\u00eb mposht\u00ebsh dik\u00eb. E nj\u00ebjta gj\u00eb po ndodh edhe me rep k\u00ebng\u00ebtarin Getoar Selimi, i cili ka udh\u00ebtuar drejt","og_url":"https:\/\/www.visit-ulcinj.com\/blog\/2011\/08\/29\/dueti-i-getit-me-stresin-kunder-noizy-t\/","og_site_name":"Lajme nga Ulqini","article_published_time":"2011-08-29T06:24:11+00:00","og_image":[{"url":"http:\/\/www.visit-ulcinj.com\/blog\/wp-content\/uploads\/2011\/08\/Stresi_geti.jpg"}],"twitter_misc":{"Written by":"ulqini","Est. reading time":"1 minute"},"schema":{"@context":"https:\/\/schema.org","@graph":[{"@type":"WebSite","@id":"https:\/\/www.visit-ulcinj.com\/blog\/#website","url":"https:\/\/www.visit-ulcinj.com\/blog\/","name":"Lajme nga Ulqini","description":"Lajme,Vijesti,Ulqini,Ulqin,Crna Gora,Mali i Zi","potentialAction":[{"@type":"SearchAction","target":{"@type":"EntryPoint","urlTemplate":"https:\/\/www.visit-ulcinj.com\/blog\/?s={search_term_string}"},"query-input":"required name=search_term_string"}],"inLanguage":"en-US"},{"@type":"ImageObject","inLanguage":"en-US","@id":"https:\/\/www.visit-ulcinj.com\/blog\/2011\/08\/29\/dueti-i-getit-me-stresin-kunder-noizy-t\/#primaryimage","url":"http:\/\/www.visit-ulcinj.com\/blog\/wp-content\/uploads\/2011\/08\/Stresi_geti.jpg","contentUrl":"http:\/\/www.visit-ulcinj.com\/blog\/wp-content\/uploads\/2011\/08\/Stresi_geti.jpg"},{"@type":"WebPage","@id":"https:\/\/www.visit-ulcinj.com\/blog\/2011\/08\/29\/dueti-i-getit-me-stresin-kunder-noizy-t\/#webpage","url":"https:\/\/www.visit-ulcinj.com\/blog\/2011\/08\/29\/dueti-i-getit-me-stresin-kunder-noizy-t\/","name":"Dueti i Getit me Stresin kund\u00ebr Noizy-t? - Lajme nga Ulqini","isPartOf":{"@id":"https:\/\/www.visit-ulcinj.com\/blog\/#website"},"primaryImageOfPage":{"@id":"https:\/\/www.visit-ulcinj.com\/blog\/2011\/08\/29\/dueti-i-getit-me-stresin-kunder-noizy-t\/#primaryimage"},"datePublished":"2011-08-29T06:24:11+00:00","dateModified":"2011-08-29T06:24:11+00:00","author":{"@id":"https:\/\/www.visit-ulcinj.com\/blog\/#\/schema\/person\/dcab619c614d3038751c63bc2aadc06d"},"description":"Konkurrenca t\u00eb shtyn n\u00eb shum\u00eb m\u00ebnyra t\u00eb mundohesh t\u00eb mposht\u00ebsh dik\u00eb. E nj\u00ebjta gj\u00eb po ndodh edhe me rep k\u00ebng\u00ebtarin Getoar Selimi, i cili ka udh\u00ebtuar drejt","breadcrumb":{"@id":"https:\/\/www.visit-ulcinj.com\/blog\/2011\/08\/29\/dueti-i-getit-me-stresin-kunder-noizy-t\/#breadcrumb"},"inLanguage":"en-US","potentialAction":[{"@type":"ReadAction","target":["https:\/\/www.visit-ulcinj.com\/blog\/2011\/08\/29\/dueti-i-getit-me-stresin-kunder-noizy-t\/"]}]},{"@type":"BreadcrumbList","@id":"https:\/\/www.visit-ulcinj.com\/blog\/2011\/08\/29\/dueti-i-getit-me-stresin-kunder-noizy-t\/#breadcrumb","itemListElement":[{"@type":"ListItem","position":1,"name":"Dueti i Getit me Stresin kund\u00ebr Noizy-t?"}]},{"@type":"Person","@id":"https:\/\/www.visit-ulcinj.com\/blog\/#\/schema\/person\/dcab619c614d3038751c63bc2aadc06d","name":"ulqini","sameAs":["http:\/\/www.visit-ulcinj.com"],"url":"https:\/\/www.visit-ulcinj.com\/blog\/author\/admin\/"}]}},"jetpack_featured_media_url":"","jetpack_sharing_enabled":true,"jetpack_shortlink":"https:\/\/wp.me\/pe6lTn-d5M","_links":{"self":[{"href":"https:\/\/www.visit-ulcinj.com\/blog\/wp-json\/wp\/v2\/posts\/50330"}],"collection":[{"href":"https:\/\/www.visit-ulcinj.com\/blog\/wp-json\/wp\/v2\/posts"}],"about":[{"href":"https:\/\/www.visit-ulcinj.com\/blog\/wp-json\/wp\/v2\/types\/post"}],"author":[{"embeddable":true,"href":"https:\/\/www.visit-ulcinj.com\/blog\/wp-json\/wp\/v2\/users\/1"}],"replies":[{"embeddable":true,"href":"https:\/\/www.visit-ulcinj.com\/blog\/wp-json\/wp\/v2\/comments?post=50330"}],"version-history":[{"count":2,"href":"https:\/\/www.visit-ulcinj.com\/blog\/wp-json\/wp\/v2\/posts\/50330\/revisions"}],"predecessor-version":[{"id":50333,"href":"https:\/\/www.visit-ulcinj.com\/blog\/wp-json\/wp\/v2\/posts\/50330\/revisions\/50333"}],"wp:attachment":[{"href":"https:\/\/www.visit-ulcinj.com\/blog\/wp-json\/wp\/v2\/media?parent=50330"}],"wp:term":[{"taxonomy":"category","embeddable":true,"href":"https:\/\/www.visit-ulcinj.com\/blog\/wp-json\/wp\/v2\/categories?post=50330"},{"taxonomy":"post_tag","embeddable":true,"href":"https:\/\/www.visit-ulcinj.com\/blog\/wp-json\/wp\/v2\/tags?post=50330"}],"curies":[{"name":"wp","href":"https:\/\/api.w.org\/{rel}","templated":true}]}}