{"id":50349,"date":"2011-08-29T10:11:03","date_gmt":"2011-08-29T09:11:03","guid":{"rendered":"http:\/\/www.visit-ulcinj.com\/blog\/?p=50349"},"modified":"2011-08-29T16:31:32","modified_gmt":"2011-08-29T15:31:32","slug":"muaji-i-ramazanit-nuk-ndikoi-ne-zvoglimin-e-numrit-te-turisteve-ne-rivieren-e-ulqinit","status":"publish","type":"post","link":"https:\/\/www.visit-ulcinj.com\/blog\/2011\/08\/29\/muaji-i-ramazanit-nuk-ndikoi-ne-zvoglimin-e-numrit-te-turisteve-ne-rivieren-e-ulqinit\/","title":{"rendered":"Muaji i Ramazanit nuk  ndikoi n\u00eb zvoglimin e numrit t\u00eb turist\u00ebve n\u00eb Rivier\u00ebn e Ulqinit"},"content":{"rendered":"<p><strong><a href=\"http:\/\/www.visit-ulcinj.com\/blog\/wp-content\/uploads\/2011\/08\/Zbritje-cmimi-ne-rivieren-e-ulqinit.jpg\"><img loading=\"lazy\" class=\"alignleft size-full wp-image-50350\" title=\"Zbritje-cmimi-ne-rivieren e ulqinit\" src=\"http:\/\/www.visit-ulcinj.com\/blog\/wp-content\/uploads\/2011\/08\/Zbritje-cmimi-ne-rivieren-e-ulqinit.jpg\" alt=\"\" width=\"508\" height=\"380\" \/><\/a>Muaji i Ramazanit nuk\u00a0 ndikoi n\u00eb zvoglimin e numrit t\u00eb turist\u00ebve n\u00eb Rivier\u00ebn e Ulqinit<\/strong><br \/>\nEdhe pse kemi shkelur n\u00eb dit\u00ebt e fundit t\u00eb muajit gusht Ulqini ende vlon nga turist\u00ebt q\u00eb k\u00ebto dit\u00eb jan\u00eb duke pushuar n\u00eb Rivier\u00ebn ton\u00eb. N\u00ebse b\u00ebm\u00eb nj\u00eb xhiro n\u00ebp\u00ebr plazhe, shum\u00eb pak mund t\u00eb v\u00ebrejm\u00eb se kemi t\u00eb b\u00ebjm\u00eb me dit\u00ebt e num\u00ebruara t\u00eb turizmit. Me t\u00eb drejt\u00eb njoh\u00ebsit e mir\u00eb t\u00eb fush\u00ebs s\u00eb turizmit thon\u00eb se kjo sezon\u00eb do t\u00eb mbahet mend p\u00ebr ulqinak\u00ebt si nj\u00eb nd\u00ebr sezonat m\u00eb t\u00eb sukseshme n\u00eb disa vitet e fundit, dhe sigurisht q\u00eb ka qen\u00eb nj\u00eb\u201d infuzion\u201d i mir\u00eb p\u00ebr buxhetin e tyre.<\/p>\n<p>K\u00ebto dit\u00eb edhe pse flitet p\u00ebr nj\u00eb num\u00ebr shum\u00eb m\u00eb t\u00eb madh t\u00eb mysafir\u00ebve \u00a0se \u00e7\u00ebsht\u00eb ai zyrtar, n\u00eb plazhe, rruga dhe restorante nuk \u00a0mund t\u00eb v\u00ebrejm\u00eb nj\u00eb r\u00ebnie t\u00eb numrit t\u00eb mysafir\u00ebve n\u00eb krahasim me jav\u00ebn e kaluar, si duket muaji i ramazanit nuk ka ndikuar q\u00eb mysafir\u00ebt q\u00eb e mbajn\u00eb ramazanin t\u00eb kthehen n\u00eb sht\u00ebpiat e tyre.<br \/>\n<a href=\"http:\/\/www.visit-ulcinj.com\/blog\/2011\/08\/29\/muaji-i-ramazanit-nuk-ndikoi-ne-zvoglimin-e-numrit-te-turisteve-ne-rivieren-e-ulqinit\/hote-mediteran-zbrit-cmimet-ne-ulqin\/\" rel=\"attachment wp-att-50351\"><img loading=\"lazy\" class=\"alignleft size-full wp-image-50351\" title=\"Hote Mediteran Zbrit cmimet ne Ulqin\" src=\"http:\/\/www.visit-ulcinj.com\/blog\/wp-content\/uploads\/2011\/08\/Hote-Mediteran-Zbrit-cmimet-ne-Ulqin.jpg\" alt=\"\" width=\"508\" height=\"340\" \/><\/a><\/p>\n<p><strong>Sa kushton t\u00eb shijosh Ulqinin n\u00eb Muajin gusht dhe shtator<\/strong><\/p>\n<p>P\u00ebr t\u00eb pas efekt disuazif turizmi normal duhet t\u00eb ulen edhe\u00a0 \u00e7mimet.Prandaj prej momentit q\u00eb po e vendosim k\u00ebt shkres fillon edhe zbritja e \u00e7mimeve n\u00eb hotelet e Rivier\u00ebs se Ulqinit,fillon edhe zbritja e \u00e7mimeve n\u00eb hotelin Mediteran Resort,gjithashtu ka zbritje\u00a0 edhe n\u00eb Hotelin Albatros.Zbritje t\u00eb \u00e7mimeve mund t\u00eb pahet edhe n\u00eb hotelet private t\u00eb Ulqinit,por gjithashtu\u00a0 zbritjen e \u00e7mimeve e ndjek\u00ebn edhe sektori privat.<br \/>\nUlqini asht i vendosur n\u00eb nj\u00eb pozit\u00eb gjeografike fantastike, n\u00eb qytetin bregdetar t\u00eb Ulqinit mund t\u00eb zgjedh\u00ebsh mes plazheve ranore dhe atyre shk\u00ebmbore. I vendosur p\u00ebrgjat\u00eb gjirit nga qyteti shpaloset Buna, ndar\u00ebsi i detit Jon me at\u00eb Adriatik. Nj\u00eb pushues ka shum\u00eb mund\u00ebsi zgjedhjeje n\u00eb Ulqin.<br \/>\nMund t\u00eb zgjedh\u00eb plazhet apo t\u00eb shkoj\u00eb n\u00eb mal, n\u00eb freskun e mrekulluesh\u00ebm t\u00eb Ulqinit. \u00c7mimet n\u00eb hotelet e Ulqinit, nuk jan\u00eb shum\u00eb t\u00eb larta.Gjysm\u00eb pansioni sillet prej 24 euro deri n\u00eb 33 euro n\u00eb dit\u00eb per person.<br \/>\nHotelet plot\u00ebsojn\u00eb thuajse t\u00eb gjitha k\u00ebrkesat e pushuesve. Dhomat jan\u00eb komode, me kondicioner, televizor, si dhe minibar. Nd\u00ebrkoh\u00eb t\u00eb gjitha hotelet kan\u00eb dhe restorantet e tyre, ku serviren llojet e ndryshme t\u00eb prodhimeve t\u00eb detit Ulqinak.<br \/>\n<a href=\"http:\/\/www.visit-ulcinj.com\/blog\/2011\/08\/29\/muaji-i-ramazanit-nuk-ndikoi-ne-zvoglimin-e-numrit-te-turisteve-ne-rivieren-e-ulqinit\/ulqini-destinacion-turistik\/\" rel=\"attachment wp-att-50352\"><img loading=\"lazy\" class=\"alignleft size-full wp-image-50352\" title=\"Ulqini destinacion turistik\" src=\"http:\/\/www.visit-ulcinj.com\/blog\/wp-content\/uploads\/2011\/08\/Ulqini-destinacion-turistik.jpg\" alt=\"\" width=\"508\" height=\"330\" \/><\/a><\/p>\n<p>Plazhet e Ulqinit plot\u00ebsojn\u00eb standardet dhe cil\u00ebsin\u00eb e k\u00ebrkuar. Disa prej tyre mbajn\u00eb shtat\u00eb flamuj- d\u00ebshmi e p\u00ebrmbushjes s\u00eb standardeve nd\u00ebrkomb\u00ebtare.<br \/>\nDisa kilomtera n\u00eb jug t\u00eb Ulqinit gjendet Plazhi i Madh, i tipit ranor. Shtrihet n\u00eb nj\u00eb gjat\u00ebsi prej 13 kilometrash, p\u00ebrgjat\u00eb lumit Buna. Kjo hap\u00ebsir\u00eb vazhdon deri tek plazhi i Ad\u00ebs. Plazhin e vog\u00ebl, shum\u00eb popullor p\u00ebr vendasit, e gjejm\u00eb brenda n\u00eb qytet. Ai ka nisur t\u00eb frekuentohet n\u00eb k\u00ebto dit\u00eb gushti dhe shtatori.<\/p>\n<p>Gjat\u00eb gjith\u00eb sezonit turistik qyteti i Ulqinit vizitohet nga shum\u00eb turist\u00eb t\u00eb huaj t\u00eb ardhur si nga Kosova, Bosnja Hercegovina, bashkatdhetar\u00ebt tan\u00eb q\u00eb punojn\u00eb n\u00eb shtetet prendimore, turist\u00eb nga Rusia, Ukraina, Anglia, Italia dhe vende t\u00eb tjera t\u00eb Evrop\u00ebs, duke sh\u00ebnuar n\u00eb k\u00ebt\u00eb m\u00ebnyr\u00eb nj\u00eb rekord t\u00eb turist\u00ebve t\u00eb huaj, t\u00eb cil\u00ebt kan\u00eb mbetur t\u00eb mahnitur nga bukurit\u00eb e rralla bregdetare q\u00eb i ofron qyteti yn\u00eb. Vet\u00ebm dit\u00ebn e djeshme, \u00ebsht\u00eb sh\u00ebnuar nj\u00eb tjet\u00ebr rekord turist\u00ebsh n\u00eb pik\u00ebn kufitare Muriqan &#8211; Sukubin\u00eb ku gjat\u00eb 24 or\u00ebve k\u00ebtu kan\u00eb frekuentuar mbi 12000 autovetura , pra nj\u00eb fluks shum\u00eb i madh i turist\u00ebve.<\/p>\n<p>Klima e favorshme, dhjet\u00ebra kilometra plazh me r\u00ebr\u00ebn sh\u00ebruese t\u00eb g\u00ebrshetuara me mund\u00ebsit\u00eb e shumta p\u00ebr arg\u00ebtim, e b\u00ebjn\u00eb Ulqinin vend t\u00ebrheq\u00ebs.<\/p>\n<p>Edhe pse sezona ka qen\u00eb e sukseshme dhe i ka tejkaluar t\u00eb gjitha rekordet, shumica shprehen t\u00eb knaqur me koh\u00ebzgjatjen e sezonit. N\u00eb fakt thon\u00eb se n\u00eb Ulqin kemi 40 dit\u00eb sezon\u00eb,dhe k\u00ebtu p\u00ebrfundon \u00e7do gj\u00eb n\u00eb lidhje me turiz\u00ebm ,kyt\u00eb vit\u00eb sezoni zgjati m\u00eb shum\u00eb.<\/p>\n<p><strong>Lajme nga Ulqini<\/strong><br \/>\n<!--YouTube Error: bad URL entered--><\/p>\n","protected":false},"excerpt":{"rendered":"<p>Muaji i Ramazanit nuk\u00a0 ndikoi n\u00eb zvoglimin e numrit t\u00eb turist\u00ebve n\u00eb Rivier\u00ebn e Ulqinit Edhe pse kemi shkelur n\u00eb dit\u00ebt e fundit t\u00eb muajit gusht Ulqini ende vlon nga turist\u00ebt q\u00eb k\u00ebto dit\u00eb jan\u00eb duke pushuar n\u00eb Rivier\u00ebn ton\u00eb. N\u00ebse b\u00ebm\u00eb nj\u00eb xhiro n\u00ebp\u00ebr plazhe, shum\u00eb pak mund t\u00eb v\u00ebrejm\u00eb se kemi t\u00eb b\u00ebjm\u00eb [&hellip;]<\/p>\n","protected":false},"author":1,"featured_media":0,"comment_status":"open","ping_status":"closed","sticky":false,"template":"","format":"standard","meta":{"spay_email":"","jetpack_publicize_message":"","jetpack_is_tweetstorm":false,"jetpack_publicize_feature_enabled":true},"categories":[1,15],"tags":[95,11734,14887,18219,19049],"jetpack_publicize_connections":[],"yoast_head":"<!-- This site is optimized with the Yoast SEO plugin v19.1 - https:\/\/yoast.com\/wordpress\/plugins\/seo\/ -->\n<title>Muaji i Ramazanit nuk ndikoi n\u00eb zvoglimin e numrit t\u00eb turist\u00ebve n\u00eb Rivier\u00ebn e Ulqinit - Lajme nga Ulqini<\/title>\n<meta name=\"description\" content=\"Muaji i Ramazanit nuk\u00a0 ndikoi n\u00eb zvoglimin e numrit t\u00eb turist\u00ebve n\u00eb Rivier\u00ebn e Ulqinit Edhe pse kemi shkelur n\u00eb dit\u00ebt e fundit t\u00eb muajit gusht Ulqini ende\" \/>\n<meta name=\"robots\" content=\"index, follow, max-snippet:-1, max-image-preview:large, max-video-preview:-1\" \/>\n<link rel=\"canonical\" href=\"https:\/\/www.visit-ulcinj.com\/blog\/2011\/08\/29\/muaji-i-ramazanit-nuk-ndikoi-ne-zvoglimin-e-numrit-te-turisteve-ne-rivieren-e-ulqinit\/\" \/>\n<meta property=\"og:locale\" content=\"en_US\" \/>\n<meta property=\"og:type\" content=\"article\" \/>\n<meta property=\"og:title\" content=\"Muaji i Ramazanit nuk ndikoi n\u00eb zvoglimin e numrit t\u00eb turist\u00ebve n\u00eb Rivier\u00ebn e Ulqinit - Lajme nga Ulqini\" \/>\n<meta property=\"og:description\" content=\"Muaji i Ramazanit nuk\u00a0 ndikoi n\u00eb zvoglimin e numrit t\u00eb turist\u00ebve n\u00eb Rivier\u00ebn e Ulqinit Edhe pse kemi shkelur n\u00eb dit\u00ebt e fundit t\u00eb muajit gusht Ulqini ende\" \/>\n<meta property=\"og:url\" content=\"https:\/\/www.visit-ulcinj.com\/blog\/2011\/08\/29\/muaji-i-ramazanit-nuk-ndikoi-ne-zvoglimin-e-numrit-te-turisteve-ne-rivieren-e-ulqinit\/\" \/>\n<meta property=\"og:site_name\" content=\"Lajme nga Ulqini\" \/>\n<meta property=\"article:published_time\" content=\"2011-08-29T09:11:03+00:00\" \/>\n<meta property=\"article:modified_time\" content=\"2011-08-29T15:31:32+00:00\" \/>\n<meta property=\"og:image\" content=\"http:\/\/www.visit-ulcinj.com\/blog\/wp-content\/uploads\/2011\/08\/Zbritje-cmimi-ne-rivieren-e-ulqinit.jpg\" \/>\n<meta name=\"twitter:label1\" content=\"Written by\" \/>\n\t<meta name=\"twitter:data1\" content=\"ulqini\" \/>\n\t<meta name=\"twitter:label2\" content=\"Est. reading time\" \/>\n\t<meta name=\"twitter:data2\" content=\"4 minutes\" \/>\n<script type=\"application\/ld+json\" class=\"yoast-schema-graph\">{\"@context\":\"https:\/\/schema.org\",\"@graph\":[{\"@type\":\"WebSite\",\"@id\":\"https:\/\/www.visit-ulcinj.com\/blog\/#website\",\"url\":\"https:\/\/www.visit-ulcinj.com\/blog\/\",\"name\":\"Lajme nga Ulqini\",\"description\":\"Lajme,Vijesti,Ulqini,Ulqin,Crna Gora,Mali i Zi\",\"potentialAction\":[{\"@type\":\"SearchAction\",\"target\":{\"@type\":\"EntryPoint\",\"urlTemplate\":\"https:\/\/www.visit-ulcinj.com\/blog\/?s={search_term_string}\"},\"query-input\":\"required name=search_term_string\"}],\"inLanguage\":\"en-US\"},{\"@type\":\"ImageObject\",\"inLanguage\":\"en-US\",\"@id\":\"https:\/\/www.visit-ulcinj.com\/blog\/2011\/08\/29\/muaji-i-ramazanit-nuk-ndikoi-ne-zvoglimin-e-numrit-te-turisteve-ne-rivieren-e-ulqinit\/#primaryimage\",\"url\":\"https:\/\/www.visit-ulcinj.com\/blog\/wp-content\/uploads\/2011\/08\/Zbritje-cmimi-ne-rivieren-e-ulqinit.jpg\",\"contentUrl\":\"https:\/\/www.visit-ulcinj.com\/blog\/wp-content\/uploads\/2011\/08\/Zbritje-cmimi-ne-rivieren-e-ulqinit.jpg\",\"width\":\"636\",\"height\":\"400\"},{\"@type\":\"WebPage\",\"@id\":\"https:\/\/www.visit-ulcinj.com\/blog\/2011\/08\/29\/muaji-i-ramazanit-nuk-ndikoi-ne-zvoglimin-e-numrit-te-turisteve-ne-rivieren-e-ulqinit\/#webpage\",\"url\":\"https:\/\/www.visit-ulcinj.com\/blog\/2011\/08\/29\/muaji-i-ramazanit-nuk-ndikoi-ne-zvoglimin-e-numrit-te-turisteve-ne-rivieren-e-ulqinit\/\",\"name\":\"Muaji i Ramazanit nuk ndikoi n\u00eb zvoglimin e numrit t\u00eb turist\u00ebve n\u00eb Rivier\u00ebn e Ulqinit - Lajme nga Ulqini\",\"isPartOf\":{\"@id\":\"https:\/\/www.visit-ulcinj.com\/blog\/#website\"},\"primaryImageOfPage\":{\"@id\":\"https:\/\/www.visit-ulcinj.com\/blog\/2011\/08\/29\/muaji-i-ramazanit-nuk-ndikoi-ne-zvoglimin-e-numrit-te-turisteve-ne-rivieren-e-ulqinit\/#primaryimage\"},\"datePublished\":\"2011-08-29T09:11:03+00:00\",\"dateModified\":\"2011-08-29T15:31:32+00:00\",\"author\":{\"@id\":\"https:\/\/www.visit-ulcinj.com\/blog\/#\/schema\/person\/dcab619c614d3038751c63bc2aadc06d\"},\"description\":\"Muaji i Ramazanit nuk\u00a0 ndikoi n\u00eb zvoglimin e numrit t\u00eb turist\u00ebve n\u00eb Rivier\u00ebn e Ulqinit Edhe pse kemi shkelur n\u00eb dit\u00ebt e fundit t\u00eb muajit gusht Ulqini ende\",\"breadcrumb\":{\"@id\":\"https:\/\/www.visit-ulcinj.com\/blog\/2011\/08\/29\/muaji-i-ramazanit-nuk-ndikoi-ne-zvoglimin-e-numrit-te-turisteve-ne-rivieren-e-ulqinit\/#breadcrumb\"},\"inLanguage\":\"en-US\",\"potentialAction\":[{\"@type\":\"ReadAction\",\"target\":[\"https:\/\/www.visit-ulcinj.com\/blog\/2011\/08\/29\/muaji-i-ramazanit-nuk-ndikoi-ne-zvoglimin-e-numrit-te-turisteve-ne-rivieren-e-ulqinit\/\"]}]},{\"@type\":\"BreadcrumbList\",\"@id\":\"https:\/\/www.visit-ulcinj.com\/blog\/2011\/08\/29\/muaji-i-ramazanit-nuk-ndikoi-ne-zvoglimin-e-numrit-te-turisteve-ne-rivieren-e-ulqinit\/#breadcrumb\",\"itemListElement\":[{\"@type\":\"ListItem\",\"position\":1,\"name\":\"Muaji i Ramazanit nuk ndikoi n\u00eb zvoglimin e numrit t\u00eb turist\u00ebve n\u00eb Rivier\u00ebn e Ulqinit\"}]},{\"@type\":\"Person\",\"@id\":\"https:\/\/www.visit-ulcinj.com\/blog\/#\/schema\/person\/dcab619c614d3038751c63bc2aadc06d\",\"name\":\"ulqini\",\"sameAs\":[\"http:\/\/www.visit-ulcinj.com\"],\"url\":\"https:\/\/www.visit-ulcinj.com\/blog\/author\/admin\/\"}]}<\/script>\n<!-- \/ Yoast SEO plugin. -->","yoast_head_json":{"title":"Muaji i Ramazanit nuk ndikoi n\u00eb zvoglimin e numrit t\u00eb turist\u00ebve n\u00eb Rivier\u00ebn e Ulqinit - Lajme nga Ulqini","description":"Muaji i Ramazanit nuk\u00a0 ndikoi n\u00eb zvoglimin e numrit t\u00eb turist\u00ebve n\u00eb Rivier\u00ebn e Ulqinit Edhe pse kemi shkelur n\u00eb dit\u00ebt e fundit t\u00eb muajit gusht Ulqini ende","robots":{"index":"index","follow":"follow","max-snippet":"max-snippet:-1","max-image-preview":"max-image-preview:large","max-video-preview":"max-video-preview:-1"},"canonical":"https:\/\/www.visit-ulcinj.com\/blog\/2011\/08\/29\/muaji-i-ramazanit-nuk-ndikoi-ne-zvoglimin-e-numrit-te-turisteve-ne-rivieren-e-ulqinit\/","og_locale":"en_US","og_type":"article","og_title":"Muaji i Ramazanit nuk ndikoi n\u00eb zvoglimin e numrit t\u00eb turist\u00ebve n\u00eb Rivier\u00ebn e Ulqinit - Lajme nga Ulqini","og_description":"Muaji i Ramazanit nuk\u00a0 ndikoi n\u00eb zvoglimin e numrit t\u00eb turist\u00ebve n\u00eb Rivier\u00ebn e Ulqinit Edhe pse kemi shkelur n\u00eb dit\u00ebt e fundit t\u00eb muajit gusht Ulqini ende","og_url":"https:\/\/www.visit-ulcinj.com\/blog\/2011\/08\/29\/muaji-i-ramazanit-nuk-ndikoi-ne-zvoglimin-e-numrit-te-turisteve-ne-rivieren-e-ulqinit\/","og_site_name":"Lajme nga Ulqini","article_published_time":"2011-08-29T09:11:03+00:00","article_modified_time":"2011-08-29T15:31:32+00:00","og_image":[{"url":"http:\/\/www.visit-ulcinj.com\/blog\/wp-content\/uploads\/2011\/08\/Zbritje-cmimi-ne-rivieren-e-ulqinit.jpg"}],"twitter_misc":{"Written by":"ulqini","Est. reading time":"4 minutes"},"schema":{"@context":"https:\/\/schema.org","@graph":[{"@type":"WebSite","@id":"https:\/\/www.visit-ulcinj.com\/blog\/#website","url":"https:\/\/www.visit-ulcinj.com\/blog\/","name":"Lajme nga Ulqini","description":"Lajme,Vijesti,Ulqini,Ulqin,Crna Gora,Mali i Zi","potentialAction":[{"@type":"SearchAction","target":{"@type":"EntryPoint","urlTemplate":"https:\/\/www.visit-ulcinj.com\/blog\/?s={search_term_string}"},"query-input":"required name=search_term_string"}],"inLanguage":"en-US"},{"@type":"ImageObject","inLanguage":"en-US","@id":"https:\/\/www.visit-ulcinj.com\/blog\/2011\/08\/29\/muaji-i-ramazanit-nuk-ndikoi-ne-zvoglimin-e-numrit-te-turisteve-ne-rivieren-e-ulqinit\/#primaryimage","url":"https:\/\/www.visit-ulcinj.com\/blog\/wp-content\/uploads\/2011\/08\/Zbritje-cmimi-ne-rivieren-e-ulqinit.jpg","contentUrl":"https:\/\/www.visit-ulcinj.com\/blog\/wp-content\/uploads\/2011\/08\/Zbritje-cmimi-ne-rivieren-e-ulqinit.jpg","width":"636","height":"400"},{"@type":"WebPage","@id":"https:\/\/www.visit-ulcinj.com\/blog\/2011\/08\/29\/muaji-i-ramazanit-nuk-ndikoi-ne-zvoglimin-e-numrit-te-turisteve-ne-rivieren-e-ulqinit\/#webpage","url":"https:\/\/www.visit-ulcinj.com\/blog\/2011\/08\/29\/muaji-i-ramazanit-nuk-ndikoi-ne-zvoglimin-e-numrit-te-turisteve-ne-rivieren-e-ulqinit\/","name":"Muaji i Ramazanit nuk ndikoi n\u00eb zvoglimin e numrit t\u00eb turist\u00ebve n\u00eb Rivier\u00ebn e Ulqinit - Lajme nga Ulqini","isPartOf":{"@id":"https:\/\/www.visit-ulcinj.com\/blog\/#website"},"primaryImageOfPage":{"@id":"https:\/\/www.visit-ulcinj.com\/blog\/2011\/08\/29\/muaji-i-ramazanit-nuk-ndikoi-ne-zvoglimin-e-numrit-te-turisteve-ne-rivieren-e-ulqinit\/#primaryimage"},"datePublished":"2011-08-29T09:11:03+00:00","dateModified":"2011-08-29T15:31:32+00:00","author":{"@id":"https:\/\/www.visit-ulcinj.com\/blog\/#\/schema\/person\/dcab619c614d3038751c63bc2aadc06d"},"description":"Muaji i Ramazanit nuk\u00a0 ndikoi n\u00eb zvoglimin e numrit t\u00eb turist\u00ebve n\u00eb Rivier\u00ebn e Ulqinit Edhe pse kemi shkelur n\u00eb dit\u00ebt e fundit t\u00eb muajit gusht Ulqini ende","breadcrumb":{"@id":"https:\/\/www.visit-ulcinj.com\/blog\/2011\/08\/29\/muaji-i-ramazanit-nuk-ndikoi-ne-zvoglimin-e-numrit-te-turisteve-ne-rivieren-e-ulqinit\/#breadcrumb"},"inLanguage":"en-US","potentialAction":[{"@type":"ReadAction","target":["https:\/\/www.visit-ulcinj.com\/blog\/2011\/08\/29\/muaji-i-ramazanit-nuk-ndikoi-ne-zvoglimin-e-numrit-te-turisteve-ne-rivieren-e-ulqinit\/"]}]},{"@type":"BreadcrumbList","@id":"https:\/\/www.visit-ulcinj.com\/blog\/2011\/08\/29\/muaji-i-ramazanit-nuk-ndikoi-ne-zvoglimin-e-numrit-te-turisteve-ne-rivieren-e-ulqinit\/#breadcrumb","itemListElement":[{"@type":"ListItem","position":1,"name":"Muaji i Ramazanit nuk ndikoi n\u00eb zvoglimin e numrit t\u00eb turist\u00ebve n\u00eb Rivier\u00ebn e Ulqinit"}]},{"@type":"Person","@id":"https:\/\/www.visit-ulcinj.com\/blog\/#\/schema\/person\/dcab619c614d3038751c63bc2aadc06d","name":"ulqini","sameAs":["http:\/\/www.visit-ulcinj.com"],"url":"https:\/\/www.visit-ulcinj.com\/blog\/author\/admin\/"}]}},"jetpack_featured_media_url":"","jetpack_sharing_enabled":true,"jetpack_shortlink":"https:\/\/wp.me\/pe6lTn-d65","_links":{"self":[{"href":"https:\/\/www.visit-ulcinj.com\/blog\/wp-json\/wp\/v2\/posts\/50349"}],"collection":[{"href":"https:\/\/www.visit-ulcinj.com\/blog\/wp-json\/wp\/v2\/posts"}],"about":[{"href":"https:\/\/www.visit-ulcinj.com\/blog\/wp-json\/wp\/v2\/types\/post"}],"author":[{"embeddable":true,"href":"https:\/\/www.visit-ulcinj.com\/blog\/wp-json\/wp\/v2\/users\/1"}],"replies":[{"embeddable":true,"href":"https:\/\/www.visit-ulcinj.com\/blog\/wp-json\/wp\/v2\/comments?post=50349"}],"version-history":[{"count":4,"href":"https:\/\/www.visit-ulcinj.com\/blog\/wp-json\/wp\/v2\/posts\/50349\/revisions"}],"predecessor-version":[{"id":50386,"href":"https:\/\/www.visit-ulcinj.com\/blog\/wp-json\/wp\/v2\/posts\/50349\/revisions\/50386"}],"wp:attachment":[{"href":"https:\/\/www.visit-ulcinj.com\/blog\/wp-json\/wp\/v2\/media?parent=50349"}],"wp:term":[{"taxonomy":"category","embeddable":true,"href":"https:\/\/www.visit-ulcinj.com\/blog\/wp-json\/wp\/v2\/categories?post=50349"},{"taxonomy":"post_tag","embeddable":true,"href":"https:\/\/www.visit-ulcinj.com\/blog\/wp-json\/wp\/v2\/tags?post=50349"}],"curies":[{"name":"wp","href":"https:\/\/api.w.org\/{rel}","templated":true}]}}